{"id":5373,"date":"2017-02-20T20:22:26","date_gmt":"2017-02-20T19:22:26","guid":{"rendered":"https:\/\/marekkuchcinski.pl\/?p=5373"},"modified":"2017-02-23T10:24:21","modified_gmt":"2017-02-23T09:24:21","slug":"spotkanie-marszalka-sejmu-przewodniczacym-czeskiego-senatu","status":"publish","type":"post","link":"https:\/\/marekkuchcinski.pl\/cs\/wydarzenia\/spotkanie-marszalka-sejmu-przewodniczacym-czeskiego-senatu\/","title":{"rendered":"Setk\u00e1n\u00ed p\u0159edsedy Sejmu s p\u0159edsedou Sen\u00e1tu Parlamentu \u010cR"},"content":{"rendered":"<p dir=\"ltr\">Prohlouben\u00ed bilater\u00e1ln\u00edch vztah\u016f, spolupr\u00e1ce v r\u00e1mci Visegr\u00e1dsk\u00e9 skupiny (V4), pos\u00edlen\u00ed spole\u010dn\u00fdch aktivit v oblasti infrastrukturn\u00edch projekt\u016f a budoucnost Evropsk\u00e9 unie - to jsou n\u011bkter\u00e1 z t\u00e9mat pond\u011bln\u00edho setk\u00e1n\u00ed p\u0159edsedy Sejmu Marka Kuchci\u0144sk\u00e9ho s p\u0159edsedou \u010desk\u00e9ho Sen\u00e1tu Milanem \u0160t\u011bchem. P\u0159edseda horn\u00ed komory \u010desk\u00e9ho parlamentu je v sou\u010dasn\u00e9 dob\u011b na dvoudenn\u00ed ofici\u00e1ln\u00ed n\u00e1v\u0161t\u011bv\u011b Polska.<\/p>\n<p dir=\"ltr\">Politici diskutovali o perspektiv\u00e1ch rozvoje velmi dobr\u00fdch polsko-\u010desk\u00fdch vztah\u016f a o ot\u00e1zk\u00e1ch, kter\u00e9 by ob\u011b zem\u011b mohly podniknout v r\u00e1mci meziparlamentn\u00ed spolupr\u00e1ce, jako je nap\u0159\u00edklad probl\u00e9m stavu ovzdu\u0161\u00ed. P\u0159edseda Sejmu a p\u0159edseda \u010desk\u00e9ho Sen\u00e1tu hovo\u0159ili tak\u00e9 o pos\u00edlen\u00ed visegr\u00e1dsk\u00e9 spolupr\u00e1ce, v\u010detn\u011b agendy summitu \u0161\u00e9f\u016f parlament\u016f zem\u00ed V4, kter\u00fd se uskute\u010dn\u00ed 6.-7. b\u0159ezna ve Var\u0161av\u011b. Jak uvedl mluv\u010d\u00ed Marek Kuchci\u0144ski, mezi navrhovan\u00fdmi t\u00e9maty nadch\u00e1zej\u00edc\u00ed diskuse ve form\u00e1tu V4 jsou mimo jin\u00e9 spole\u010dn\u00e9 podniky v oblasti kultury, kter\u00e9 podporuj\u00ed n\u011bkolikasetletou tradici visegr\u00e1dsk\u00e9 spolupr\u00e1ce.<\/p>\n<p dir=\"ltr\">Setk\u00e1n\u00ed bylo tak\u00e9 p\u0159\u00edle\u017eitost\u00ed k diskusi o mo\u017enostech roz\u0161\u00ed\u0159en\u00ed dopravn\u00edch vazeb a spolupr\u00e1ce mezi Polskem a \u010ceskou republikou v oblasti infrastruktury, v\u010detn\u011b v\u00fdstavby kan\u00e1lu Odra-Dunaj. P\u0159edseda Sejmu zd\u016fraznil z\u00e1sadn\u00ed v\u00fdznam spole\u010dn\u00e9ho postupu p\u0159i posilov\u00e1n\u00ed koridoru spojuj\u00edc\u00edho severn\u00ed a ji\u017en\u00ed \u010d\u00e1st Evropy. \u0160\u00e9f \u010desk\u00e9ho Sen\u00e1tu tak\u00e9 vyj\u00e1d\u0159il n\u00e1zor, \u017ee je nutn\u00e9 propojit sever a jih, v\u00fdchod a z\u00e1pad evropsk\u00e9ho kontinentu prost\u0159ednictv\u00edm infrastruktury.<\/p>\n<p dir=\"ltr\">Zm\u00edn\u011bna byla tak\u00e9 prob\u00edhaj\u00edc\u00ed diskuse o budouc\u00ed podob\u011b EU po brexitu. Politici se shodli na pot\u0159eb\u011b vymezit pravomoci vl\u00e1d a n\u00e1rodn\u00edch parlament\u016f a na druh\u00e9 stran\u011b Evropsk\u00e9ho parlamentu a Evropsk\u00e9 komise tak, aby rozhodnut\u00ed EU byla srozumiteln\u00e1 ob\u010dan\u016fm \u010dlensk\u00fdch st\u00e1t\u016f. P\u0159edseda Marek Kuchci\u0144ski pouk\u00e1zal na pot\u0159ebu pos\u00edlit n\u00e1rodn\u00ed parlamenty ve vztahu k instituc\u00edm EU.<\/p>\n<p dir=\"ltr\"><em>Foto: Rafa\u0142 Zambrzycki, KS<\/em><\/p>\n<p dir=\"ltr\"><a href=\"https:\/\/marekkuchcinski.pl\/wp-content\/uploads\/2017\/02\/RZ__5569.view_.jpg\"><img fetchpriority=\"high\" decoding=\"async\" class=\"alignnone  wp-image-5374\" src=\"https:\/\/marekkuchcinski.pl\/wp-content\/uploads\/2017\/02\/RZ__5569.view_.jpg\" alt=\"RZ__5569.view\" width=\"1016\" height=\"677\" srcset=\"https:\/\/marekkuchcinski.pl\/wp-content\/uploads\/2017\/02\/RZ__5569.view_.jpg 800w, https:\/\/marekkuchcinski.pl\/wp-content\/uploads\/2017\/02\/RZ__5569.view_-300x200.jpg 300w, https:\/\/marekkuchcinski.pl\/wp-content\/uploads\/2017\/02\/RZ__5569.view_-768x512.jpg 768w\" sizes=\"(max-width: 1016px) 100vw, 1016px\" \/><\/a><\/p>","protected":false},"excerpt":{"rendered":"<p>Pog\u0142\u0119bienie stosunk\u00f3w dwustronnych, wsp\u00f3\u0142pracy w ramach Grupy Wyszehradzkiej (V4), wzmocnienie wsp\u00f3lnych dzia\u0142a\u0144 w zakresie projekt\u00f3w infrastrukturalnych i przysz\u0142o\u015b\u0107 Unii Europejskiej &#8211; to niekt\u00f3re tematy poniedzia\u0142kowego spotkania marsza\u0142ka Sejmu Marka Kuchci\u0144skiego z szefem czeskiego Senatu Milanem \u0160t\u011bchem. Przewodnicz\u0105cy Izby wy\u017cszej parlamentu Czech przebywa aktualnie z dwudniow\u0105 oficjaln\u0105 wizyt\u0105 w Polsce. Politycy rozmawiali o perspektywach rozwoju bardzo [&hellip;]<\/p>\n","protected":false},"author":6,"featured_media":5374,"comment_status":"open","ping_status":"open","sticky":false,"template":"","format":"standard","meta":{"ngg_post_thumbnail":0,"footnotes":""},"categories":[81,50,3],"tags":[],"class_list":["post-5373","post","type-post","status-publish","format-standard","has-post-thumbnail","hentry","category-wiesci-z-sejmu","category-wspolpraca-miedzynarodowa","category-wydarzenia"],"_links":{"self":[{"href":"https:\/\/marekkuchcinski.pl\/cs\/wp-json\/wp\/v2\/posts\/5373","targetHints":{"allow":["GET"]}}],"collection":[{"href":"https:\/\/marekkuchcinski.pl\/cs\/wp-json\/wp\/v2\/posts"}],"about":[{"href":"https:\/\/marekkuchcinski.pl\/cs\/wp-json\/wp\/v2\/types\/post"}],"author":[{"embeddable":true,"href":"https:\/\/marekkuchcinski.pl\/cs\/wp-json\/wp\/v2\/users\/6"}],"replies":[{"embeddable":true,"href":"https:\/\/marekkuchcinski.pl\/cs\/wp-json\/wp\/v2\/comments?post=5373"}],"version-history":[{"count":1,"href":"https:\/\/marekkuchcinski.pl\/cs\/wp-json\/wp\/v2\/posts\/5373\/revisions"}],"predecessor-version":[{"id":5375,"href":"https:\/\/marekkuchcinski.pl\/cs\/wp-json\/wp\/v2\/posts\/5373\/revisions\/5375"}],"wp:featuredmedia":[{"embeddable":true,"href":"https:\/\/marekkuchcinski.pl\/cs\/wp-json\/wp\/v2\/media\/5374"}],"wp:attachment":[{"href":"https:\/\/marekkuchcinski.pl\/cs\/wp-json\/wp\/v2\/media?parent=5373"}],"wp:term":[{"taxonomy":"category","embeddable":true,"href":"https:\/\/marekkuchcinski.pl\/cs\/wp-json\/wp\/v2\/categories?post=5373"},{"taxonomy":"post_tag","embeddable":true,"href":"https:\/\/marekkuchcinski.pl\/cs\/wp-json\/wp\/v2\/tags?post=5373"}],"curies":[{"name":"wp","href":"https:\/\/api.w.org\/{rel}","templated":true}]}}