{"id":5319,"date":"2017-02-14T22:35:10","date_gmt":"2017-02-14T21:35:10","guid":{"rendered":"https:\/\/marekkuchcinski.pl\/?p=5319"},"modified":"2017-02-15T08:52:47","modified_gmt":"2017-02-15T07:52:47","slug":"25-temu-lech-kaczynski-zostal-prezesem-nik","status":"publish","type":"post","link":"https:\/\/marekkuchcinski.pl\/cs\/wazne-daty\/25-temu-lech-kaczynski-zostal-prezesem-nik\/","title":{"rendered":"P\u0159ed 25 lety se Lech Kaczy\u0144ski stal prezidentem NIK."},"content":{"rendered":"<p>Lech Kaczy\u0144ski byl p\u0159edsedou NIK v letech 1992-1995. B\u011bhem jeho funk\u010dn\u00edho obdob\u00ed vzrostla d\u016fv\u011bra ve\u0159ejnosti v NIK z 30 % na 60 %. V t\u00e9to dob\u011b byla pod z\u00e1\u0161titou NIK po\u0159\u00e1d\u00e1na tzv. falzmannova sympozia (n\u00e1zev je odvozen od Michala Falzmanna, auditora Komory, kter\u00fd odhalil skand\u00e1l FOZZ). Byl autorem z\u00e1kona o NIK z roku 1994, d\u00edky n\u011bmu\u017e tato instituce z\u00edskala nez\u00e1vislost a politickou autonomii. Tento z\u00e1kon stanovil pro auditory NIK vysok\u00e9 pracovn\u00ed standardy.<\/p>\n<p>Lech Kaczy\u0144ski p\u0159i sv\u00e9m n\u00e1stupu do funkce uvedl, \u017ee struktura NIK je zastaral\u00e1 a informace selh\u00e1vaj\u00ed. Nov\u00ed lid\u00e9 by m\u011bli b\u00fdt kompetentn\u00ed a nem\u011bli by b\u00fdt spojeni s politick\u00fdmi uskupen\u00edmi.<\/p>\n<p>V roce 1994 vstoupil z iniciativy Lecha Kaczy\u0144sk\u00e9ho v platnost nov\u00fd z\u00e1kon o Nejvy\u0161\u0161\u00ed kontroln\u00ed komo\u0159e, d\u00edky n\u011bmu\u017e tato instituce z\u00edskala nez\u00e1vislost a politickou autonomii. Tento z\u00e1kon stanovil pro auditory NIK vysok\u00e9 pracovn\u00ed standardy.<\/p>\n<p>\u00dasp\u011bchem NIK v dob\u011b prezidentstv\u00ed Lecha Kaczy\u0144sk\u00e9ho bylo roz\u0161\u00ed\u0159en\u00ed vy\u0161et\u0159ov\u00e1n\u00ed na oblasti, kter\u00e9 d\u0159\u00edve prakticky nebyly kontrolov\u00e1ny, jako je arm\u00e1da, policie a pohrani\u010dn\u00ed str\u00e1\u017e. V letech 1992 a\u017e 1994 byly v d\u016fsledku audit\u016f NIK\u00a0<strong>7200 miliard PLN vymo\u017een\u00fdch z r\u016fzn\u00fdch titul\u016f<\/strong>PLN a ve stejn\u00e9m obdob\u00ed \u010dinily rozpo\u010dtov\u00e9 v\u00fddaje na NIK 1,2 miliardy PLN (jedn\u00e1 se o \u010d\u00e1stky p\u0159ed denominac\u00ed). NIK v dob\u011b prezidentstv\u00ed Lecha Kaczy\u0144sk\u00e9ho kontrolovala mimo jin\u00e9 tak\u00e9 privatiza\u010dn\u00ed skand\u00e1l banky \u015al\u0105ski.<\/p>","protected":false},"excerpt":{"rendered":"<p>Prezesem NIK Lech Kaczy\u0144ski by\u0142\u00a0od 1992 do 1995 roku. W trakcie sprawowanej przez niego kadencji zaufanie spo\u0142eczne do NIK wzros\u0142o z 30 do 60 proc. W tym czasie, pod patronatem NIK organizowano tzw. sympozja falzmannowskie (nazwa pochodzi od nazwiska Micha\u0142a Falzmanna, kontrolera Izby, kt\u00f3ry wykry\u0142 afer\u0119 FOZZ). By\u0142 autorem ustawy o NIK z 1994 r., [&hellip;]<\/p>","protected":false},"author":6,"featured_media":5320,"comment_status":"open","ping_status":"open","sticky":false,"template":"","format":"standard","meta":{"ngg_post_thumbnail":0,"footnotes":""},"categories":[77],"tags":[],"class_list":["post-5319","post","type-post","status-publish","format-standard","has-post-thumbnail","hentry","category-wazne-daty"],"yoast_head":"<!-- This site is optimized with the Yoast SEO plugin v24.7 - https:\/\/yoast.com\/wordpress\/plugins\/seo\/ -->\n<title>25 lat temu Lech Kaczy\u0144ski zosta\u0142 prezesem NIK &#8211; Marek Kuchci\u0144ski<\/title>\n<meta name=\"robots\" content=\"index, follow, max-snippet:-1, max-image-preview:large, max-video-preview:-1\" \/>\n<link rel=\"canonical\" href=\"https:\/\/marekkuchcinski.pl\/cs\/wazne-daty\/25-temu-lech-kaczynski-zostal-prezesem-nik\/\" \/>\n<meta property=\"og:locale\" content=\"cs_CZ\" \/>\n<meta property=\"og:type\" content=\"article\" \/>\n<meta property=\"og:title\" content=\"25 lat temu Lech Kaczy\u0144ski zosta\u0142 prezesem NIK &#8211; Marek Kuchci\u0144ski\" \/>\n<meta property=\"og:description\" content=\"Prezesem NIK Lech Kaczy\u0144ski by\u0142\u00a0od 1992 do 1995 roku. W trakcie sprawowanej przez niego kadencji zaufanie spo\u0142eczne do NIK wzros\u0142o z 30 do 60 proc. W tym czasie, pod patronatem NIK organizowano tzw. sympozja falzmannowskie (nazwa pochodzi od nazwiska Micha\u0142a Falzmanna, kontrolera Izby, kt\u00f3ry wykry\u0142 afer\u0119 FOZZ). By\u0142 autorem ustawy o NIK z 1994 r., [&hellip;]\" \/>\n<meta property=\"og:url\" content=\"https:\/\/marekkuchcinski.pl\/cs\/wazne-daty\/25-temu-lech-kaczynski-zostal-prezesem-nik\/\" \/>\n<meta property=\"og:site_name\" content=\"Marek Kuchci\u0144ski\" \/>\n<meta property=\"article:published_time\" content=\"2017-02-14T21:35:10+00:00\" \/>\n<meta property=\"article:modified_time\" content=\"2017-02-15T07:52:47+00:00\" \/>\n<meta property=\"og:image\" content=\"https:\/\/marekkuchcinski.pl\/wp-content\/uploads\/2017\/02\/Lech_Kaczynski_2008_03.jpg\" \/>\n\t<meta property=\"og:image:width\" content=\"515\" \/>\n\t<meta property=\"og:image:height\" content=\"430\" \/>\n\t<meta property=\"og:image:type\" content=\"image\/jpeg\" \/>\n<meta name=\"author\" content=\"admin\" \/>\n<meta name=\"twitter:card\" content=\"summary_large_image\" \/>\n<meta name=\"twitter:label1\" content=\"Napsal(a)\" \/>\n\t<meta name=\"twitter:data1\" content=\"admin\" \/>\n\t<meta name=\"twitter:label2\" content=\"Odhadovan\u00e1 doba \u010dten\u00ed\" \/>\n\t<meta name=\"twitter:data2\" content=\"1 minuta\" \/>\n<script type=\"application\/ld+json\" class=\"yoast-schema-graph\">{\"@context\":\"https:\/\/schema.org\",\"@graph\":[{\"@type\":\"Article\",\"@id\":\"https:\/\/marekkuchcinski.pl\/en\/wazne-daty\/25-temu-lech-kaczynski-zostal-prezesem-nik\/#article\",\"isPartOf\":{\"@id\":\"https:\/\/marekkuchcinski.pl\/en\/wazne-daty\/25-temu-lech-kaczynski-zostal-prezesem-nik\/\"},\"author\":{\"name\":\"admin\",\"@id\":\"https:\/\/marekkuchcinski.pl\/#\/schema\/person\/6f62700996b4d950b6ea2d1183b6c6be\"},\"headline\":\"25 lat temu Lech Kaczy\u0144ski zosta\u0142 prezesem NIK\",\"datePublished\":\"2017-02-14T21:35:10+00:00\",\"dateModified\":\"2017-02-15T07:52:47+00:00\",\"mainEntityOfPage\":{\"@id\":\"https:\/\/marekkuchcinski.pl\/en\/wazne-daty\/25-temu-lech-kaczynski-zostal-prezesem-nik\/\"},\"wordCount\":233,\"commentCount\":0,\"publisher\":{\"@id\":\"https:\/\/marekkuchcinski.pl\/#organization\"},\"image\":{\"@id\":\"https:\/\/marekkuchcinski.pl\/en\/wazne-daty\/25-temu-lech-kaczynski-zostal-prezesem-nik\/#primaryimage\"},\"thumbnailUrl\":\"https:\/\/marekkuchcinski.pl\/wp-content\/uploads\/2017\/02\/Lech_Kaczynski_2008_03.jpg\",\"articleSection\":[\"Wa\u017cne daty\"],\"inLanguage\":\"cs\",\"potentialAction\":[{\"@type\":\"CommentAction\",\"name\":\"Comment\",\"target\":[\"https:\/\/marekkuchcinski.pl\/en\/wazne-daty\/25-temu-lech-kaczynski-zostal-prezesem-nik\/#respond\"]}]},{\"@type\":\"WebPage\",\"@id\":\"https:\/\/marekkuchcinski.pl\/en\/wazne-daty\/25-temu-lech-kaczynski-zostal-prezesem-nik\/\",\"url\":\"https:\/\/marekkuchcinski.pl\/en\/wazne-daty\/25-temu-lech-kaczynski-zostal-prezesem-nik\/\",\"name\":\"25 lat temu Lech Kaczy\u0144ski zosta\u0142 prezesem NIK &#8211; Marek Kuchci\u0144ski\",\"isPartOf\":{\"@id\":\"https:\/\/marekkuchcinski.pl\/#website\"},\"primaryImageOfPage\":{\"@id\":\"https:\/\/marekkuchcinski.pl\/en\/wazne-daty\/25-temu-lech-kaczynski-zostal-prezesem-nik\/#primaryimage\"},\"image\":{\"@id\":\"https:\/\/marekkuchcinski.pl\/en\/wazne-daty\/25-temu-lech-kaczynski-zostal-prezesem-nik\/#primaryimage\"},\"thumbnailUrl\":\"https:\/\/marekkuchcinski.pl\/wp-content\/uploads\/2017\/02\/Lech_Kaczynski_2008_03.jpg\",\"datePublished\":\"2017-02-14T21:35:10+00:00\",\"dateModified\":\"2017-02-15T07:52:47+00:00\",\"breadcrumb\":{\"@id\":\"https:\/\/marekkuchcinski.pl\/en\/wazne-daty\/25-temu-lech-kaczynski-zostal-prezesem-nik\/#breadcrumb\"},\"inLanguage\":\"cs\",\"potentialAction\":[{\"@type\":\"ReadAction\",\"target\":[\"https:\/\/marekkuchcinski.pl\/en\/wazne-daty\/25-temu-lech-kaczynski-zostal-prezesem-nik\/\"]}]},{\"@type\":\"ImageObject\",\"inLanguage\":\"cs\",\"@id\":\"https:\/\/marekkuchcinski.pl\/en\/wazne-daty\/25-temu-lech-kaczynski-zostal-prezesem-nik\/#primaryimage\",\"url\":\"https:\/\/marekkuchcinski.pl\/wp-content\/uploads\/2017\/02\/Lech_Kaczynski_2008_03.jpg\",\"contentUrl\":\"https:\/\/marekkuchcinski.pl\/wp-content\/uploads\/2017\/02\/Lech_Kaczynski_2008_03.jpg\",\"width\":515,\"height\":430},{\"@type\":\"BreadcrumbList\",\"@id\":\"https:\/\/marekkuchcinski.pl\/en\/wazne-daty\/25-temu-lech-kaczynski-zostal-prezesem-nik\/#breadcrumb\",\"itemListElement\":[{\"@type\":\"ListItem\",\"position\":1,\"name\":\"Strona g\u0142\u00f3wna\",\"item\":\"https:\/\/marekkuchcinski.pl\/\"},{\"@type\":\"ListItem\",\"position\":2,\"name\":\"25 lat temu Lech Kaczy\u0144ski zosta\u0142 prezesem NIK\"}]},{\"@type\":\"WebSite\",\"@id\":\"https:\/\/marekkuchcinski.pl\/#website\",\"url\":\"https:\/\/marekkuchcinski.pl\/\",\"name\":\"Marek Kuchci\u0144ski\",\"description\":\"Pose\u0142 na sejm RP &ndash; okr\u0119g nr 22\",\"publisher\":{\"@id\":\"https:\/\/marekkuchcinski.pl\/#organization\"},\"potentialAction\":[{\"@type\":\"SearchAction\",\"target\":{\"@type\":\"EntryPoint\",\"urlTemplate\":\"https:\/\/marekkuchcinski.pl\/?s={search_term_string}\"},\"query-input\":{\"@type\":\"PropertyValueSpecification\",\"valueRequired\":true,\"valueName\":\"search_term_string\"}}],\"inLanguage\":\"cs\"},{\"@type\":\"Organization\",\"@id\":\"https:\/\/marekkuchcinski.pl\/#organization\",\"name\":\"Marek Kuchci\u0144ski\",\"url\":\"https:\/\/marekkuchcinski.pl\/\",\"logo\":{\"@type\":\"ImageObject\",\"inLanguage\":\"cs\",\"@id\":\"https:\/\/marekkuchcinski.pl\/#\/schema\/logo\/image\/\",\"url\":\"https:\/\/marekkuchcinski.pl\/wp-content\/uploads\/2022\/09\/Marek.jpg\",\"contentUrl\":\"https:\/\/marekkuchcinski.pl\/wp-content\/uploads\/2022\/09\/Marek.jpg\",\"width\":1600,\"height\":971,\"caption\":\"Marek Kuchci\u0144ski\"},\"image\":{\"@id\":\"https:\/\/marekkuchcinski.pl\/#\/schema\/logo\/image\/\"}},{\"@type\":\"Person\",\"@id\":\"https:\/\/marekkuchcinski.pl\/#\/schema\/person\/6f62700996b4d950b6ea2d1183b6c6be\",\"name\":\"admin\",\"image\":{\"@type\":\"ImageObject\",\"inLanguage\":\"cs\",\"@id\":\"https:\/\/marekkuchcinski.pl\/#\/schema\/person\/image\/\",\"url\":\"https:\/\/secure.gravatar.com\/avatar\/4bab693b9d55c3d6b52c0296a8765085?s=96&d=mm&r=g\",\"contentUrl\":\"https:\/\/secure.gravatar.com\/avatar\/4bab693b9d55c3d6b52c0296a8765085?s=96&d=mm&r=g\",\"caption\":\"admin\"},\"url\":\"https:\/\/marekkuchcinski.pl\/cs\/author\/marta-olejnik\/\"}]}<\/script>\n<!-- \/ Yoast SEO plugin. -->","yoast_head_json":{"title":"25 lat temu Lech Kaczy\u0144ski zosta\u0142 prezesem NIK &#8211; Marek Kuchci\u0144ski","robots":{"index":"index","follow":"follow","max-snippet":"max-snippet:-1","max-image-preview":"max-image-preview:large","max-video-preview":"max-video-preview:-1"},"canonical":"https:\/\/marekkuchcinski.pl\/cs\/wazne-daty\/25-temu-lech-kaczynski-zostal-prezesem-nik\/","og_locale":"cs_CZ","og_type":"article","og_title":"25 lat temu Lech Kaczy\u0144ski zosta\u0142 prezesem NIK &#8211; Marek Kuchci\u0144ski","og_description":"Prezesem NIK Lech Kaczy\u0144ski by\u0142\u00a0od 1992 do 1995 roku. W trakcie sprawowanej przez niego kadencji zaufanie spo\u0142eczne do NIK wzros\u0142o z 30 do 60 proc. W tym czasie, pod patronatem NIK organizowano tzw. sympozja falzmannowskie (nazwa pochodzi od nazwiska Micha\u0142a Falzmanna, kontrolera Izby, kt\u00f3ry wykry\u0142 afer\u0119 FOZZ). By\u0142 autorem ustawy o NIK z 1994 r., [&hellip;]","og_url":"https:\/\/marekkuchcinski.pl\/cs\/wazne-daty\/25-temu-lech-kaczynski-zostal-prezesem-nik\/","og_site_name":"Marek Kuchci\u0144ski","article_published_time":"2017-02-14T21:35:10+00:00","article_modified_time":"2017-02-15T07:52:47+00:00","og_image":[{"width":515,"height":430,"url":"https:\/\/marekkuchcinski.pl\/wp-content\/uploads\/2017\/02\/Lech_Kaczynski_2008_03.jpg","type":"image\/jpeg"}],"author":"admin","twitter_card":"summary_large_image","twitter_misc":{"Napsal(a)":"admin","Odhadovan\u00e1 doba \u010dten\u00ed":"1 minuta"},"schema":{"@context":"https:\/\/schema.org","@graph":[{"@type":"Article","@id":"https:\/\/marekkuchcinski.pl\/en\/wazne-daty\/25-temu-lech-kaczynski-zostal-prezesem-nik\/#article","isPartOf":{"@id":"https:\/\/marekkuchcinski.pl\/en\/wazne-daty\/25-temu-lech-kaczynski-zostal-prezesem-nik\/"},"author":{"name":"admin","@id":"https:\/\/marekkuchcinski.pl\/#\/schema\/person\/6f62700996b4d950b6ea2d1183b6c6be"},"headline":"25 lat temu Lech Kaczy\u0144ski zosta\u0142 prezesem NIK","datePublished":"2017-02-14T21:35:10+00:00","dateModified":"2017-02-15T07:52:47+00:00","mainEntityOfPage":{"@id":"https:\/\/marekkuchcinski.pl\/en\/wazne-daty\/25-temu-lech-kaczynski-zostal-prezesem-nik\/"},"wordCount":233,"commentCount":0,"publisher":{"@id":"https:\/\/marekkuchcinski.pl\/#organization"},"image":{"@id":"https:\/\/marekkuchcinski.pl\/en\/wazne-daty\/25-temu-lech-kaczynski-zostal-prezesem-nik\/#primaryimage"},"thumbnailUrl":"https:\/\/marekkuchcinski.pl\/wp-content\/uploads\/2017\/02\/Lech_Kaczynski_2008_03.jpg","articleSection":["Wa\u017cne daty"],"inLanguage":"cs","potentialAction":[{"@type":"CommentAction","name":"Comment","target":["https:\/\/marekkuchcinski.pl\/en\/wazne-daty\/25-temu-lech-kaczynski-zostal-prezesem-nik\/#respond"]}]},{"@type":"WebPage","@id":"https:\/\/marekkuchcinski.pl\/en\/wazne-daty\/25-temu-lech-kaczynski-zostal-prezesem-nik\/","url":"https:\/\/marekkuchcinski.pl\/en\/wazne-daty\/25-temu-lech-kaczynski-zostal-prezesem-nik\/","name":"25 lat temu Lech Kaczy\u0144ski zosta\u0142 prezesem NIK &#8211; Marek Kuchci\u0144ski","isPartOf":{"@id":"https:\/\/marekkuchcinski.pl\/#website"},"primaryImageOfPage":{"@id":"https:\/\/marekkuchcinski.pl\/en\/wazne-daty\/25-temu-lech-kaczynski-zostal-prezesem-nik\/#primaryimage"},"image":{"@id":"https:\/\/marekkuchcinski.pl\/en\/wazne-daty\/25-temu-lech-kaczynski-zostal-prezesem-nik\/#primaryimage"},"thumbnailUrl":"https:\/\/marekkuchcinski.pl\/wp-content\/uploads\/2017\/02\/Lech_Kaczynski_2008_03.jpg","datePublished":"2017-02-14T21:35:10+00:00","dateModified":"2017-02-15T07:52:47+00:00","breadcrumb":{"@id":"https:\/\/marekkuchcinski.pl\/en\/wazne-daty\/25-temu-lech-kaczynski-zostal-prezesem-nik\/#breadcrumb"},"inLanguage":"cs","potentialAction":[{"@type":"ReadAction","target":["https:\/\/marekkuchcinski.pl\/en\/wazne-daty\/25-temu-lech-kaczynski-zostal-prezesem-nik\/"]}]},{"@type":"ImageObject","inLanguage":"cs","@id":"https:\/\/marekkuchcinski.pl\/en\/wazne-daty\/25-temu-lech-kaczynski-zostal-prezesem-nik\/#primaryimage","url":"https:\/\/marekkuchcinski.pl\/wp-content\/uploads\/2017\/02\/Lech_Kaczynski_2008_03.jpg","contentUrl":"https:\/\/marekkuchcinski.pl\/wp-content\/uploads\/2017\/02\/Lech_Kaczynski_2008_03.jpg","width":515,"height":430},{"@type":"BreadcrumbList","@id":"https:\/\/marekkuchcinski.pl\/en\/wazne-daty\/25-temu-lech-kaczynski-zostal-prezesem-nik\/#breadcrumb","itemListElement":[{"@type":"ListItem","position":1,"name":"Strona g\u0142\u00f3wna","item":"https:\/\/marekkuchcinski.pl\/"},{"@type":"ListItem","position":2,"name":"25 lat temu Lech Kaczy\u0144ski zosta\u0142 prezesem NIK"}]},{"@type":"WebSite","@id":"https:\/\/marekkuchcinski.pl\/#website","url":"https:\/\/marekkuchcinski.pl\/","name":"Marek Kuchci\u0144ski","description":"Pose\u0142 na sejm RP &ndash; okr\u0119g nr 22","publisher":{"@id":"https:\/\/marekkuchcinski.pl\/#organization"},"potentialAction":[{"@type":"SearchAction","target":{"@type":"EntryPoint","urlTemplate":"https:\/\/marekkuchcinski.pl\/?s={search_term_string}"},"query-input":{"@type":"PropertyValueSpecification","valueRequired":true,"valueName":"search_term_string"}}],"inLanguage":"cs"},{"@type":"Organization","@id":"https:\/\/marekkuchcinski.pl\/#organization","name":"Marek Kuchci\u0144ski","url":"https:\/\/marekkuchcinski.pl\/","logo":{"@type":"ImageObject","inLanguage":"cs","@id":"https:\/\/marekkuchcinski.pl\/#\/schema\/logo\/image\/","url":"https:\/\/marekkuchcinski.pl\/wp-content\/uploads\/2022\/09\/Marek.jpg","contentUrl":"https:\/\/marekkuchcinski.pl\/wp-content\/uploads\/2022\/09\/Marek.jpg","width":1600,"height":971,"caption":"Marek Kuchci\u0144ski"},"image":{"@id":"https:\/\/marekkuchcinski.pl\/#\/schema\/logo\/image\/"}},{"@type":"Person","@id":"https:\/\/marekkuchcinski.pl\/#\/schema\/person\/6f62700996b4d950b6ea2d1183b6c6be","name":"admin","image":{"@type":"ImageObject","inLanguage":"cs","@id":"https:\/\/marekkuchcinski.pl\/#\/schema\/person\/image\/","url":"https:\/\/secure.gravatar.com\/avatar\/4bab693b9d55c3d6b52c0296a8765085?s=96&d=mm&r=g","contentUrl":"https:\/\/secure.gravatar.com\/avatar\/4bab693b9d55c3d6b52c0296a8765085?s=96&d=mm&r=g","caption":"admin"},"url":"https:\/\/marekkuchcinski.pl\/cs\/author\/marta-olejnik\/"}]}},"_links":{"self":[{"href":"https:\/\/marekkuchcinski.pl\/cs\/wp-json\/wp\/v2\/posts\/5319","targetHints":{"allow":["GET"]}}],"collection":[{"href":"https:\/\/marekkuchcinski.pl\/cs\/wp-json\/wp\/v2\/posts"}],"about":[{"href":"https:\/\/marekkuchcinski.pl\/cs\/wp-json\/wp\/v2\/types\/post"}],"author":[{"embeddable":true,"href":"https:\/\/marekkuchcinski.pl\/cs\/wp-json\/wp\/v2\/users\/6"}],"replies":[{"embeddable":true,"href":"https:\/\/marekkuchcinski.pl\/cs\/wp-json\/wp\/v2\/comments?post=5319"}],"version-history":[{"count":3,"href":"https:\/\/marekkuchcinski.pl\/cs\/wp-json\/wp\/v2\/posts\/5319\/revisions"}],"predecessor-version":[{"id":5323,"href":"https:\/\/marekkuchcinski.pl\/cs\/wp-json\/wp\/v2\/posts\/5319\/revisions\/5323"}],"wp:featuredmedia":[{"embeddable":true,"href":"https:\/\/marekkuchcinski.pl\/cs\/wp-json\/wp\/v2\/media\/5320"}],"wp:attachment":[{"href":"https:\/\/marekkuchcinski.pl\/cs\/wp-json\/wp\/v2\/media?parent=5319"}],"wp:term":[{"taxonomy":"category","embeddable":true,"href":"https:\/\/marekkuchcinski.pl\/cs\/wp-json\/wp\/v2\/categories?post=5319"},{"taxonomy":"post_tag","embeddable":true,"href":"https:\/\/marekkuchcinski.pl\/cs\/wp-json\/wp\/v2\/tags?post=5319"}],"curies":[{"name":"wp","href":"https:\/\/api.w.org\/{rel}","templated":true}]}}