{"id":5258,"date":"2017-02-02T15:55:15","date_gmt":"2017-02-02T14:55:15","guid":{"rendered":"https:\/\/marekkuchcinski.pl\/?p=5258"},"modified":"2017-02-06T13:14:26","modified_gmt":"2017-02-06T12:14:26","slug":"podkarpacki-urzad-celno-skarbowy-przemyslu","status":"publish","type":"post","link":"https:\/\/marekkuchcinski.pl\/cs\/wydarzenia\/podkarpacki-urzad-celno-skarbowy-przemyslu\/","title":{"rendered":"Podkarpacki Urz\u0105d Celno-Skarbowy bude m\u00edt s\u00eddlo v Przemy\u015blu"},"content":{"rendered":"<p>Byl zve\u0159ejn\u011bn n\u00e1vrh na\u0159\u00edzen\u00ed ministra rozvoje a financ\u00ed, podle n\u011bho\u017e bude s\u00eddlem Podkarpatsk\u00e9ho celn\u00edho a finan\u010dn\u00edho \u00fa\u0159adu a s\u00eddlem pobo\u010dky N\u00e1rodn\u00ed da\u0148ov\u00e9 \u0161koly Przemy\u015bl, kde ji\u017e 90 let s\u00eddl\u00ed hlavn\u00ed s\u00eddlo celn\u00ed slu\u017eby v regionu, tj. celn\u00ed komora.<\/p>\n<p>Z\u00e1kon ze dne 16. listopadu 2016 o N\u00e1rodn\u00ed da\u0148ov\u00e9 spr\u00e1v\u011b stanov\u00ed z\u0159\u00edzen\u00ed (od 1. b\u0159ezna 2017) N\u00e1rodn\u00ed da\u0148ov\u00e9 spr\u00e1vy, d\u00e1le jen \"KAS\", nam\u00edsto v sou\u010dasnosti funguj\u00edc\u00edch: da\u0148ov\u00e9 spr\u00e1vy, da\u0148ov\u00e9 kontroly a celn\u00ed spr\u00e1vy, tj. z\u0159\u00edzen\u00ed konsolidovan\u00e9 spr\u00e1vy. KAS bude pod\u0159\u00edzena ministrovi odpov\u011bdn\u00e9mu za ve\u0159ejn\u00e9 finance.<\/p>\n<p>V od\u016fvodn\u011bn\u00ed n\u00e1vrhu se mimo jin\u00e9 uv\u00e1d\u00ed, \u017ee za sou\u010dasn\u00e9ho pr\u00e1vn\u00edho stavu maj\u00ed da\u0148ov\u00e1, celn\u00ed a finan\u010dn\u00ed spr\u00e1va, kter\u00e9 jsou v r\u00e1mci st\u00e1tn\u00ed spr\u00e1vy odpov\u011bdn\u00e9 za v\u00fdb\u011br rozpo\u010dtov\u00fdch p\u0159\u00edjm\u016f, rozpt\u00fdlenou oborovou strukturu, soust\u0159ed\u011bnou do t\u0159\u00ed samostatn\u011b funguj\u00edc\u00edch \u00fatvar\u016f: da\u0148ov\u00e1 spr\u00e1va (16 da\u0148ov\u00fdch komor a 400 finan\u010dn\u00edch \u00fa\u0159ad\u016f), celn\u00ed spr\u00e1va (16 celn\u00edch komor, 45 celn\u00edch \u00fa\u0159ad\u016f spolu se 141 celn\u00edmi odd\u011blen\u00edmi), da\u0148ov\u00e1 kontrola (16 \u00fa\u0159ad\u016f da\u0148ov\u00e9 kontroly).<\/p>\n<div class=\"page\" title=\"Strana 1\">\n<div class=\"layoutArea\">\n<div class=\"column\">\n<p>Rozpt\u00fdlenost a duplicita n\u011bkter\u00fdch \u00fakol\u016f souvisej\u00edc\u00edch s procesem v\u00fdb\u011bru dan\u00ed a celn\u00edch poplatk\u016f v r\u00e1mci jednotliv\u00fdch \u00fatvar\u016f (nap\u0159. kontrola spr\u00e1vnosti pln\u011bn\u00ed da\u0148ov\u00fdch a celn\u00edch povinnost\u00ed, exeku\u010dn\u00ed \u0159\u00edzen\u00ed) znemo\u017e\u0148uje jejich prov\u00e1d\u011bn\u00ed ucelen\u00fdm a jednotn\u00fdm zp\u016fsobem a sou\u010dasn\u011b s optim\u00e1ln\u00edm vyu\u017eit\u00edm dostupn\u00fdch lidsk\u00fdch, organiza\u010dn\u00edch a finan\u010dn\u00edch zdroj\u016f.<\/p>\n<p>Pokra\u010dov\u00e1n\u00ed sou\u010dasn\u00e9ho stavu, kdy da\u0148ov\u00e1, celn\u00ed a finan\u010dn\u00ed spr\u00e1va nepracuj\u00ed podle jednotn\u00fdch postup\u016f, m\u00e1 nepochybn\u011b negativn\u00ed dopad na m\u00edru v\u00fdb\u011bru splatn\u00fdch da\u0148ov\u00fdch povinnost\u00ed a tvorbu st\u00e1tn\u00edho rozpo\u010dtu, a t\u00edm i na schopnost jednotek st\u00e1tn\u00ed spr\u00e1vy plnit funkce st\u00e1tu, jako\u017e i na m\u00edru dobrovolnosti p\u0159i pln\u011bn\u00ed povinnost\u00ed obecn\u00e9 povahy.<\/p>\n<\/div>\n<\/div>\n<\/div>","protected":false},"excerpt":{"rendered":"<p>Ukaza\u0142 si\u0119 projekt zarz\u0105dzenia ministra rozwoju i finans\u00f3w, wed\u0142ug kt\u00f3rego siedzib\u0105 Podkarpackiego Urz\u0119du Celno-Skarbowego oraz siedzib\u0105 Filii Krajowej Szko\u0142y Skarbowo\u015bci b\u0119dzie Przemy\u015bl, gdzie od 90 lat mie\u015bci si\u0119 g\u0142\u00f3wna w regionie siedziba s\u0142u\u017cb celnych, czyli Izba Celna. Ustawa z dnia 16 listopada 2016 r. o Krajowej Administracji Skarbowej zak\u0142ada powo\u0142anie (od 1 marca 2017 r.) [&hellip;]<\/p>\n","protected":false},"author":6,"featured_media":5269,"comment_status":"open","ping_status":"open","sticky":false,"template":"","format":"standard","meta":{"ngg_post_thumbnail":0,"footnotes":""},"categories":[49,3],"tags":[],"class_list":["post-5258","post","type-post","status-publish","format-standard","has-post-thumbnail","hentry","category-podkarpacie","category-wydarzenia"],"_links":{"self":[{"href":"https:\/\/marekkuchcinski.pl\/cs\/wp-json\/wp\/v2\/posts\/5258","targetHints":{"allow":["GET"]}}],"collection":[{"href":"https:\/\/marekkuchcinski.pl\/cs\/wp-json\/wp\/v2\/posts"}],"about":[{"href":"https:\/\/marekkuchcinski.pl\/cs\/wp-json\/wp\/v2\/types\/post"}],"author":[{"embeddable":true,"href":"https:\/\/marekkuchcinski.pl\/cs\/wp-json\/wp\/v2\/users\/6"}],"replies":[{"embeddable":true,"href":"https:\/\/marekkuchcinski.pl\/cs\/wp-json\/wp\/v2\/comments?post=5258"}],"version-history":[{"count":11,"href":"https:\/\/marekkuchcinski.pl\/cs\/wp-json\/wp\/v2\/posts\/5258\/revisions"}],"predecessor-version":[{"id":5288,"href":"https:\/\/marekkuchcinski.pl\/cs\/wp-json\/wp\/v2\/posts\/5258\/revisions\/5288"}],"wp:featuredmedia":[{"embeddable":true,"href":"https:\/\/marekkuchcinski.pl\/cs\/wp-json\/wp\/v2\/media\/5269"}],"wp:attachment":[{"href":"https:\/\/marekkuchcinski.pl\/cs\/wp-json\/wp\/v2\/media?parent=5258"}],"wp:term":[{"taxonomy":"category","embeddable":true,"href":"https:\/\/marekkuchcinski.pl\/cs\/wp-json\/wp\/v2\/categories?post=5258"},{"taxonomy":"post_tag","embeddable":true,"href":"https:\/\/marekkuchcinski.pl\/cs\/wp-json\/wp\/v2\/tags?post=5258"}],"curies":[{"name":"wp","href":"https:\/\/api.w.org\/{rel}","templated":true}]}}