{"id":5188,"date":"2017-01-30T16:39:30","date_gmt":"2017-01-30T15:39:30","guid":{"rendered":"https:\/\/marekkuchcinski.pl\/?p=5188"},"modified":"2017-02-01T10:06:53","modified_gmt":"2017-02-01T09:06:53","slug":"marszalek-sejmu-otworzyl-wystawe-poswiecona-historii-tradycji-narciarstwa-polsce","status":"publish","type":"post","link":"https:\/\/marekkuchcinski.pl\/cs\/wydarzenia\/marszalek-sejmu-otworzyl-wystawe-poswiecona-historii-tradycji-narciarstwa-polsce\/","title":{"rendered":"P\u0159edseda Sejmu zah\u00e1jil v\u00fdstavu o historii a tradici ly\u017eov\u00e1n\u00ed v Polsku"},"content":{"rendered":"<p>P\u0159edseda Sejmu Marek Kuchci\u0144ski zah\u00e1jil v\u00fdstavu o historii a tradic\u00edch ly\u017eov\u00e1n\u00ed v Polsku. Vznikla ve spolupr\u00e1ci Zemsk\u00e9ho muzea v Przemyslu a Tatransk\u00e9ho muzea v Zakopan\u00e9m. Fotografie a expon\u00e1ty ukazuj\u00ed v\u00fdvoj ly\u017eov\u00e1n\u00ed v Tatr\u00e1ch, Karpatech a na v\u00fdchodn\u00edm pohrani\u010d\u00ed. P\u0159edm\u011bty jako horolezeck\u00e9 vybaven\u00ed nebo s\u00e1\u0148ky poch\u00e1zej\u00ed z meziv\u00e1le\u010dn\u00e9ho obdob\u00ed. - Je to dar, kter\u00fd jsme pro v\u00fdstavu dostali od P\u00e1t\u00e9ho horsk\u00e9ho st\u0159eleck\u00e9ho praporu,\" \u0159\u00edk\u00e1 Jan Jarosz, \u0159editel muzea v Przemy\u015blu.<\/p>\n<p>- Pokud se pod\u00edv\u00e1me na zem\u011bpisnou mapu, Przemy\u015bl se nach\u00e1z\u00ed uprost\u0159ed - mezi \u010cernou Horou a Tatrami. Dne\u0161n\u00ed datum jsme si nevybrali n\u00e1hodou. Je to 110. v\u00fdro\u010d\u00ed zalo\u017een\u00ed Karpatsk\u00e9ho ly\u017ea\u0159sk\u00e9ho svazu ve Lvov\u011b,\" \u0159ekl p\u0159edseda Sejmu. Zm\u00ednil tak\u00e9, \u017ee spolek je zn\u00e1m\u00fd po\u0159\u00e1d\u00e1n\u00edm sout\u011b\u017e\u00ed a expedic v Bieszczadech a \u010cern\u00e9 Ho\u0159e. Spolupracoval s Tatransk\u00fdm spolkem a dal vzniknout dal\u0161\u00edm turistick\u00fdm organizac\u00edm, jako je Polsk\u00fd ly\u017ea\u0159sk\u00fd svaz, kter\u00fd existuje dodnes.<\/p>\n<p>Mar\u0161\u00e1l p\u0159ipomn\u011bl, \u017ee 31. ledna uplynulo 150 let od narozen\u00ed v\u00fdjime\u010dn\u00e9ho \u010dlov\u011bka - gener\u00e1la Mariusze Zarusk\u00e9ho - v\u00fdznamn\u00e9ho tatransk\u00e9ho Pi\u0142sudsk\u00e9ho, bojovn\u00edka za nez\u00e1vislost, n\u00e1mo\u0159n\u00edka, prezidentova pobo\u010dn\u00edka a v\u00fdznamn\u00e9ho horolezce, jeho\u017e pam\u00e1tku p\u0159ipomn\u011bl polsk\u00fd Sejm rezoluc\u00ed:\u00a0<a href=\"https:\/\/marekkuchcinski.pl\/wp-content\/uploads\/2017\/01\/Uchwa\u0142a-Sejmu-RP.pdf\">Usnesen\u00ed polsk\u00e9ho parlamentu<\/a><\/p>\n<p>Zah\u00e1jen\u00ed v\u00fdstavy p\u0159edch\u00e1zela mezin\u00e1rodn\u00ed konference pod z\u00e1\u0161titou prezident\u016f zem\u00ed Visegr\u00e1dsk\u00e9 skupiny v r\u00e1mci cyklu Karpatsk\u00e1 Evropa.  - Evropu Karpat organizujeme s ambici\u00f3zn\u00edm pl\u00e1nem st\u00e1t se f\u00f3rem pro pos\u00edlen\u00ed a rozvoj spolupr\u00e1ce ve v\u0161ech form\u00e1ch horsk\u00fdch aktivit, v\u010detn\u011b cestovn\u00edho ruchu.  Dne\u0161n\u00ed mezin\u00e1rodn\u00ed turnaj v alpsk\u00e9m ly\u017eov\u00e1n\u00ed za \u00fa\u010dasti p\u0159edsedy vl\u00e1dy, mar\u0161\u00e1lka Sen\u00e1tu a mnoha ob\u010dan\u016f Polska, Ukrajiny a Slovenska je toho nejlep\u0161\u00edm d\u016fkazem,\" \u0159ekl mar\u0161\u00e1lek.  Tvrdil tak\u00e9, \u017ee v dob\u011b soupe\u0159en\u00ed a v\u00fdzev mus\u00edme o sv\u00fdch zem\u00edch mluvit dob\u0159e, jednat v jejich prosp\u011bch a sporty, jako je ly\u017eov\u00e1n\u00ed, by n\u00e1s m\u011bly spojovat.<\/p>\n<p><em>Foto: P. Kula, M. Olejnik<\/em><\/p>\n<p><a href=\"https:\/\/marekkuchcinski.pl\/wp-content\/uploads\/2017\/01\/1-KU097288.jpg\"><img fetchpriority=\"high\" decoding=\"async\" class=\"alignnone size-full wp-image-5197\" src=\"https:\/\/marekkuchcinski.pl\/wp-content\/uploads\/2017\/01\/1-KU097288.jpg\" alt=\"1-KU097288\" width=\"2620\" height=\"2002\" srcset=\"https:\/\/marekkuchcinski.pl\/wp-content\/uploads\/2017\/01\/1-KU097288.jpg 2048w, https:\/\/marekkuchcinski.pl\/wp-content\/uploads\/2017\/01\/1-KU097288-300x229.jpg 300w, https:\/\/marekkuchcinski.pl\/wp-content\/uploads\/2017\/01\/1-KU097288-768x587.jpg 768w, https:\/\/marekkuchcinski.pl\/wp-content\/uploads\/2017\/01\/1-KU097288-1024x782.jpg 1024w\" sizes=\"(max-width: 2620px) 100vw, 2620px\" \/><\/a><a href=\"https:\/\/marekkuchcinski.pl\/wp-content\/uploads\/2017\/01\/1-DSCF0904.jpg\"><img decoding=\"async\" class=\"alignnone size-full wp-image-5192\" src=\"https:\/\/marekkuchcinski.pl\/wp-content\/uploads\/2017\/01\/1-DSCF0904.jpg\" alt=\"1-DSCF0904\" width=\"3718\" height=\"2479\" srcset=\"https:\/\/marekkuchcinski.pl\/wp-content\/uploads\/2017\/01\/1-DSCF0904.jpg 2048w, https:\/\/marekkuchcinski.pl\/wp-content\/uploads\/2017\/01\/1-DSCF0904-300x200.jpg 300w, https:\/\/marekkuchcinski.pl\/wp-content\/uploads\/2017\/01\/1-DSCF0904-768x512.jpg 768w, https:\/\/marekkuchcinski.pl\/wp-content\/uploads\/2017\/01\/1-DSCF0904-1024x683.jpg 1024w\" sizes=\"(max-width: 3718px) 100vw, 3718px\" \/><\/a><\/p>\n<p>\u0158editel Muzea P\u0159emy\u0161lska Jan Jarosz a \u0159editel Tatransk\u00e9ho n\u00e1rodn\u00edho parku Szymon Ziobrowski<\/p>\n<p><a href=\"https:\/\/marekkuchcinski.pl\/wp-content\/uploads\/2017\/01\/1-DSCF0953.jpg\"><img decoding=\"async\" class=\"alignnone size-full wp-image-5194\" src=\"https:\/\/marekkuchcinski.pl\/wp-content\/uploads\/2017\/01\/1-DSCF0953.jpg\" alt=\"1-DSCF0953\" width=\"2997\" height=\"2001\" srcset=\"https:\/\/marekkuchcinski.pl\/wp-content\/uploads\/2017\/01\/1-DSCF0953.jpg 2048w, https:\/\/marekkuchcinski.pl\/wp-content\/uploads\/2017\/01\/1-DSCF0953-300x200.jpg 300w, https:\/\/marekkuchcinski.pl\/wp-content\/uploads\/2017\/01\/1-DSCF0953-768x513.jpg 768w, https:\/\/marekkuchcinski.pl\/wp-content\/uploads\/2017\/01\/1-DSCF0953-1024x684.jpg 1024w\" sizes=\"(max-width: 2997px) 100vw, 2997px\" \/><\/a><\/p>\n<p>Marek Kuchci\u0144ski, p\u0159edseda Sejmu<\/p>\n<p><a href=\"https:\/\/marekkuchcinski.pl\/wp-content\/uploads\/2017\/01\/1-KU096725.jpg\"><img loading=\"lazy\" decoding=\"async\" class=\"alignnone size-full wp-image-5195\" src=\"https:\/\/marekkuchcinski.pl\/wp-content\/uploads\/2017\/01\/1-KU096725.jpg\" alt=\"1-KU096725\" width=\"3648\" height=\"2432\" srcset=\"https:\/\/marekkuchcinski.pl\/wp-content\/uploads\/2017\/01\/1-KU096725.jpg 2048w, https:\/\/marekkuchcinski.pl\/wp-content\/uploads\/2017\/01\/1-KU096725-300x200.jpg 300w, https:\/\/marekkuchcinski.pl\/wp-content\/uploads\/2017\/01\/1-KU096725-768x512.jpg 768w, https:\/\/marekkuchcinski.pl\/wp-content\/uploads\/2017\/01\/1-KU096725-1024x683.jpg 1024w\" sizes=\"(max-width: 3648px) 100vw, 3648px\" \/><\/a><\/p>\n<p>Premi\u00e9rka Beata Szyd\u0142o a p\u0159edseda Sen\u00e1tu Stanis\u0142aw Karczewski<\/p>\n<p><a href=\"https:\/\/marekkuchcinski.pl\/wp-content\/uploads\/2017\/01\/1-KU096793.jpg\"><img loading=\"lazy\" decoding=\"async\" class=\"alignnone size-full wp-image-5196\" src=\"https:\/\/marekkuchcinski.pl\/wp-content\/uploads\/2017\/01\/1-KU096793.jpg\" alt=\"1-KU096793\" width=\"3648\" height=\"2432\" srcset=\"https:\/\/marekkuchcinski.pl\/wp-content\/uploads\/2017\/01\/1-KU096793.jpg 2048w, https:\/\/marekkuchcinski.pl\/wp-content\/uploads\/2017\/01\/1-KU096793-300x200.jpg 300w, https:\/\/marekkuchcinski.pl\/wp-content\/uploads\/2017\/01\/1-KU096793-768x512.jpg 768w, https:\/\/marekkuchcinski.pl\/wp-content\/uploads\/2017\/01\/1-KU096793-1024x683.jpg 1024w\" sizes=\"(max-width: 3648px) 100vw, 3648px\" \/><\/a><\/p>","protected":false},"excerpt":{"rendered":"<p>Marsza\u0142ek Sejmu Marek Kuchci\u0144ski otworzy\u0142 wystaw\u0119 o historii i tradycjach narciarstwa w Polsce. Powsta\u0142a ona we wsp\u00f3\u0142pracy Muzeum Ziemi Przemyskiej i Muzeum Tatrza\u0144skiego w Zakopanem. Fotografie i eksponaty pokazuj\u0105 rozw\u00f3j narciarstwa w Tatrach, Karpatach, \u00a0na Kresach Wschodnich. Przedmioty, takie jak wyposa\u017cenie alpinistyczne czy \u00a0sanki pochodz\u0105 z okresu mi\u0119dzywojennego. \u2013 Jest to dar, kt\u00f3ry otrzymali\u015bmy na [&hellip;]<\/p>\n","protected":false},"author":6,"featured_media":5197,"comment_status":"open","ping_status":"open","sticky":false,"template":"","format":"standard","meta":{"ngg_post_thumbnail":0,"footnotes":""},"categories":[78,49,77,3],"tags":[],"class_list":["post-5188","post","type-post","status-publish","format-standard","has-post-thumbnail","hentry","category-europa-karpat","category-podkarpacie","category-wazne-daty","category-wydarzenia"],"_links":{"self":[{"href":"https:\/\/marekkuchcinski.pl\/cs\/wp-json\/wp\/v2\/posts\/5188","targetHints":{"allow":["GET"]}}],"collection":[{"href":"https:\/\/marekkuchcinski.pl\/cs\/wp-json\/wp\/v2\/posts"}],"about":[{"href":"https:\/\/marekkuchcinski.pl\/cs\/wp-json\/wp\/v2\/types\/post"}],"author":[{"embeddable":true,"href":"https:\/\/marekkuchcinski.pl\/cs\/wp-json\/wp\/v2\/users\/6"}],"replies":[{"embeddable":true,"href":"https:\/\/marekkuchcinski.pl\/cs\/wp-json\/wp\/v2\/comments?post=5188"}],"version-history":[{"count":6,"href":"https:\/\/marekkuchcinski.pl\/cs\/wp-json\/wp\/v2\/posts\/5188\/revisions"}],"predecessor-version":[{"id":5205,"href":"https:\/\/marekkuchcinski.pl\/cs\/wp-json\/wp\/v2\/posts\/5188\/revisions\/5205"}],"wp:featuredmedia":[{"embeddable":true,"href":"https:\/\/marekkuchcinski.pl\/cs\/wp-json\/wp\/v2\/media\/5197"}],"wp:attachment":[{"href":"https:\/\/marekkuchcinski.pl\/cs\/wp-json\/wp\/v2\/media?parent=5188"}],"wp:term":[{"taxonomy":"category","embeddable":true,"href":"https:\/\/marekkuchcinski.pl\/cs\/wp-json\/wp\/v2\/categories?post=5188"},{"taxonomy":"post_tag","embeddable":true,"href":"https:\/\/marekkuchcinski.pl\/cs\/wp-json\/wp\/v2\/tags?post=5188"}],"curies":[{"name":"wp","href":"https:\/\/api.w.org\/{rel}","templated":true}]}}