{"id":5153,"date":"2017-01-28T23:25:53","date_gmt":"2017-01-28T22:25:53","guid":{"rendered":"https:\/\/marekkuchcinski.pl\/?p=5153"},"modified":"2017-01-29T13:41:58","modified_gmt":"2017-01-29T12:41:58","slug":"przedstawiciele-lokalnych-struktur-pis-rozmawiali-o-koniecznych-reformach-poziomie-ogolnopolskim-samorzadowym","status":"publish","type":"post","link":"https:\/\/marekkuchcinski.pl\/cs\/wydarzenia\/przedstawiciele-lokalnych-struktur-pis-rozmawiali-o-koniecznych-reformach-poziomie-ogolnopolskim-samorzadowym\/","title":{"rendered":"Z\u00e1stupci m\u00edstn\u00edch pr\u00e1vn\u00edch a justi\u010dn\u00edch struktur diskutovali o nezbytn\u00fdch reform\u00e1ch na vnitrost\u00e1tn\u00ed a m\u00edstn\u00ed \u00farovni."},"content":{"rendered":"<p><strong>- Zaveden\u00ed zm\u011bn nebude snadn\u00e9, ale mus\u00edme je prov\u00e9st, aby Polsko bylo lep\u0161\u00ed,\" tvrd\u00ed Jaros\u0142aw Kaczy\u0144ski, p\u0159edseda strany Pr\u00e1vo a spravedlnost.<\/strong><\/p>\n<p>Dnes se v Rzesz\u00f3w\u011b konalo zased\u00e1n\u00ed m\u00edstn\u00edch struktur Pr\u00e1va a spravedlnosti. Diskutovalo se o volb\u00e1ch do m\u00edstn\u00edch samospr\u00e1v, zm\u011bn\u00e1ch volebn\u00edho z\u00e1kona, m\u00edstn\u00edch a celost\u00e1tn\u00edch probl\u00e9mech. P\u0159edseda strany Pr\u00e1vo a spravedlnost hovo\u0159il o nutn\u00fdch zm\u011bn\u00e1ch a reform\u00e1ch, kter\u00e9 by m\u011bly prob\u011bhnout. - Budou na n\u00e1s \u00fato\u010dit, ale pokud se zmobilizujeme a budeme tvrd\u011b pracovat, m\u00e1me velkou \u0161anci vyhr\u00e1t. Polsko m\u016f\u017eeme zlep\u0161it a posunout ho sm\u011brem k rozvoji,\" prohl\u00e1sil. B\u00fdval\u00fd premi\u00e9r tak\u00e9 \u0159ekl, \u017ee historickou povinnost\u00ed strany v\u016f\u010di Polsku je zm\u011bnit postkomunistick\u00fd syst\u00e9m.<\/p>\n<p>Podle Jaros\u0142awa Kaczy\u0144sk\u00e9ho n\u011bkter\u00e9 reformy, nap\u0159\u00edklad zdravotnictv\u00ed, zas\u00e1hnou z\u00e1jmy r\u016fzn\u00fdch skupin, co\u017e se setk\u00e1 s odporem a \u00fatoky. Z\u00e1rove\u0148 ujistil, \u017ee ji\u017e zaveden\u00e9 reformy, nap\u0159. ve \u0161kolstv\u00ed, jsou dob\u0159e p\u0159ipraveny.<\/p>\n<p>Zased\u00e1n\u00ed p\u0159edsedal p\u0159edseda Sejmu Marek Kuchci\u0144ski. Mezi p\u0159\u00edtomn\u00fdmi byli mar\u0161\u00e1lek Sen\u00e1tu Stanis\u0142aw Karczewski, z\u00e1stupce mar\u0161\u00e1lka Sejmu Joachim Brudzi\u0144ski a mluv\u010d\u00ed strany Pr\u00e1vo a spravedlnost Beata Mazurek. N\u00e1v\u0161t\u011bva p\u0159edsedy PiS na Podkarpatsku je sou\u010d\u00e1st\u00ed s\u00e9rie setk\u00e1n\u00ed se z\u00e1stupci region\u00e1ln\u00edch struktur strany.<\/p>\n<p><a href=\"https:\/\/marekkuchcinski.pl\/wp-content\/uploads\/2017\/01\/DSCF0770-001.jpg\"><img fetchpriority=\"high\" decoding=\"async\" class=\"alignnone size-full wp-image-5155\" src=\"https:\/\/marekkuchcinski.pl\/wp-content\/uploads\/2017\/01\/DSCF0770-001.jpg\" alt=\"DSCF0770-001\" width=\"3815\" height=\"2541\" srcset=\"https:\/\/marekkuchcinski.pl\/wp-content\/uploads\/2017\/01\/DSCF0770-001.jpg 2048w, https:\/\/marekkuchcinski.pl\/wp-content\/uploads\/2017\/01\/DSCF0770-001-300x200.jpg 300w, https:\/\/marekkuchcinski.pl\/wp-content\/uploads\/2017\/01\/DSCF0770-001-768x512.jpg 768w, https:\/\/marekkuchcinski.pl\/wp-content\/uploads\/2017\/01\/DSCF0770-001-1024x682.jpg 1024w\" sizes=\"(max-width: 3815px) 100vw, 3815px\" \/><\/a> <a href=\"https:\/\/marekkuchcinski.pl\/wp-content\/uploads\/2017\/01\/DSCF0808.jpg\"><img decoding=\"async\" class=\"alignnone size-full wp-image-5156\" src=\"https:\/\/marekkuchcinski.pl\/wp-content\/uploads\/2017\/01\/DSCF0808.jpg\" alt=\"DSCF0808\" width=\"2216\" height=\"1484\" srcset=\"https:\/\/marekkuchcinski.pl\/wp-content\/uploads\/2017\/01\/DSCF0808.jpg 2048w, https:\/\/marekkuchcinski.pl\/wp-content\/uploads\/2017\/01\/DSCF0808-300x201.jpg 300w, https:\/\/marekkuchcinski.pl\/wp-content\/uploads\/2017\/01\/DSCF0808-768x514.jpg 768w, https:\/\/marekkuchcinski.pl\/wp-content\/uploads\/2017\/01\/DSCF0808-1024x686.jpg 1024w\" sizes=\"(max-width: 2216px) 100vw, 2216px\" \/><\/a> <a href=\"https:\/\/marekkuchcinski.pl\/wp-content\/uploads\/2017\/01\/DSCF0826.jpg\"><img decoding=\"async\" class=\"alignnone size-full wp-image-5157\" src=\"https:\/\/marekkuchcinski.pl\/wp-content\/uploads\/2017\/01\/DSCF0826.jpg\" alt=\"DSCF0826\" width=\"2053\" height=\"1368\" srcset=\"https:\/\/marekkuchcinski.pl\/wp-content\/uploads\/2017\/01\/DSCF0826.jpg 2048w, https:\/\/marekkuchcinski.pl\/wp-content\/uploads\/2017\/01\/DSCF0826-300x200.jpg 300w, https:\/\/marekkuchcinski.pl\/wp-content\/uploads\/2017\/01\/DSCF0826-768x512.jpg 768w, https:\/\/marekkuchcinski.pl\/wp-content\/uploads\/2017\/01\/DSCF0826-1024x682.jpg 1024w\" sizes=\"(max-width: 2053px) 100vw, 2053px\" \/><\/a> <a href=\"https:\/\/marekkuchcinski.pl\/wp-content\/uploads\/2017\/01\/DSCF0785.jpg\"><img loading=\"lazy\" decoding=\"async\" class=\"alignnone size-full wp-image-5158\" src=\"https:\/\/marekkuchcinski.pl\/wp-content\/uploads\/2017\/01\/DSCF0785.jpg\" alt=\"DSCF0785\" width=\"4896\" height=\"2760\" srcset=\"https:\/\/marekkuchcinski.pl\/wp-content\/uploads\/2017\/01\/DSCF0785.jpg 2048w, https:\/\/marekkuchcinski.pl\/wp-content\/uploads\/2017\/01\/DSCF0785-300x169.jpg 300w, https:\/\/marekkuchcinski.pl\/wp-content\/uploads\/2017\/01\/DSCF0785-768x433.jpg 768w, https:\/\/marekkuchcinski.pl\/wp-content\/uploads\/2017\/01\/DSCF0785-1024x577.jpg 1024w\" sizes=\"(max-width: 4896px) 100vw, 4896px\" \/><\/a><a href=\"https:\/\/marekkuchcinski.pl\/wp-content\/uploads\/2017\/01\/DSCF0859.jpg\"><img loading=\"lazy\" decoding=\"async\" class=\"alignnone size-full wp-image-5159\" src=\"https:\/\/marekkuchcinski.pl\/wp-content\/uploads\/2017\/01\/DSCF0859.jpg\" alt=\"DSCF0859\" width=\"2647\" height=\"1768\" srcset=\"https:\/\/marekkuchcinski.pl\/wp-content\/uploads\/2017\/01\/DSCF0859.jpg 2048w, https:\/\/marekkuchcinski.pl\/wp-content\/uploads\/2017\/01\/DSCF0859-300x200.jpg 300w, https:\/\/marekkuchcinski.pl\/wp-content\/uploads\/2017\/01\/DSCF0859-768x513.jpg 768w, https:\/\/marekkuchcinski.pl\/wp-content\/uploads\/2017\/01\/DSCF0859-1024x684.jpg 1024w\" sizes=\"(max-width: 2647px) 100vw, 2647px\" \/><\/a><\/p>\n<p>&nbsp;<\/p>","protected":false},"excerpt":{"rendered":"<p>\u2013 Wprowadzenie zmian nie b\u0119dzie \u0142atwe, ale musimy si\u0119 ich podj\u0105\u0107, aby\u00a0Polska by\u0142a lepsza \u2013 przekonywa\u0142 \u00a0prezes PiS Jaros\u0142aw Kaczy\u0144ski. Dzi\u015b w Rzeszowie odby\u0142o si\u0119 spotkanie lokalnych struktur Prawa i Sprawiedliwo\u015bci. Poruszano na nim temat wybor\u00f3w samorz\u0105dowych, zmiany ordynacji wyborczej, problemy lokalne i og\u00f3lnopolskie. Prezes PiS m\u00f3wi\u0142 o koniecznych zmianach oraz reformach, kt\u00f3re powinny nast\u0105pi\u0107. [&hellip;]<\/p>\n","protected":false},"author":6,"featured_media":5162,"comment_status":"open","ping_status":"open","sticky":false,"template":"","format":"standard","meta":{"ngg_post_thumbnail":0,"footnotes":""},"categories":[49,82,3],"tags":[],"class_list":["post-5153","post","type-post","status-publish","format-standard","has-post-thumbnail","hentry","category-podkarpacie","category-prawo-i-sprawiedliwosc","category-wydarzenia"],"_links":{"self":[{"href":"https:\/\/marekkuchcinski.pl\/cs\/wp-json\/wp\/v2\/posts\/5153","targetHints":{"allow":["GET"]}}],"collection":[{"href":"https:\/\/marekkuchcinski.pl\/cs\/wp-json\/wp\/v2\/posts"}],"about":[{"href":"https:\/\/marekkuchcinski.pl\/cs\/wp-json\/wp\/v2\/types\/post"}],"author":[{"embeddable":true,"href":"https:\/\/marekkuchcinski.pl\/cs\/wp-json\/wp\/v2\/users\/6"}],"replies":[{"embeddable":true,"href":"https:\/\/marekkuchcinski.pl\/cs\/wp-json\/wp\/v2\/comments?post=5153"}],"version-history":[{"count":3,"href":"https:\/\/marekkuchcinski.pl\/cs\/wp-json\/wp\/v2\/posts\/5153\/revisions"}],"predecessor-version":[{"id":5164,"href":"https:\/\/marekkuchcinski.pl\/cs\/wp-json\/wp\/v2\/posts\/5153\/revisions\/5164"}],"wp:featuredmedia":[{"embeddable":true,"href":"https:\/\/marekkuchcinski.pl\/cs\/wp-json\/wp\/v2\/media\/5162"}],"wp:attachment":[{"href":"https:\/\/marekkuchcinski.pl\/cs\/wp-json\/wp\/v2\/media?parent=5153"}],"wp:term":[{"taxonomy":"category","embeddable":true,"href":"https:\/\/marekkuchcinski.pl\/cs\/wp-json\/wp\/v2\/categories?post=5153"},{"taxonomy":"post_tag","embeddable":true,"href":"https:\/\/marekkuchcinski.pl\/cs\/wp-json\/wp\/v2\/tags?post=5153"}],"curies":[{"name":"wp","href":"https:\/\/api.w.org\/{rel}","templated":true}]}}