{"id":5132,"date":"2017-01-29T00:34:41","date_gmt":"2017-01-28T23:34:41","guid":{"rendered":"https:\/\/marekkuchcinski.pl\/?p=5132"},"modified":"2017-01-29T13:43:10","modified_gmt":"2017-01-29T12:43:10","slug":"ingres-metropolity-krakowskiego-abp-marka-jedraszewskiego","status":"publish","type":"post","link":"https:\/\/marekkuchcinski.pl\/cs\/wydarzenia\/ingres-metropolity-krakowskiego-abp-marka-jedraszewskiego\/","title":{"rendered":"Arcibiskup Marek J\u0119draszewski vyst\u0159\u00eddal kardin\u00e1la Stanis\u0142awa Dziwisze a stal se nov\u00fdm krakovsk\u00fdm arcibiskupem metropolitou."},"content":{"rendered":"<p>- P\u0159ipojte se ke mn\u011b v \u00fasil\u00ed o hl\u00e1s\u00e1n\u00ed Krista,\" po\u017e\u00e1dal nov\u00fd krakovsk\u00fd arcibiskup Marek J\u0119draszewski v\u011b\u0159\u00edc\u00ed shrom\u00e1\u017ed\u011bn\u00e9 ve wawelsk\u00e9 katedr\u00e1le.<\/p>\n<p>Arcibiskup J\u0119draszewski, kter\u00e9ho jmenoval pape\u017e Franti\u0161ek, nahradil kardin\u00e1la Stanislawa Dziwisze, kter\u00fd po 11 letech slu\u017eby v arcidiec\u00e9zi odch\u00e1z\u00ed do d\u016fchodu. - \"Za\u010d\u00edn\u00e1te ps\u00e1t novou str\u00e1nku a my ji budeme ps\u00e1t s v\u00e1mi,\" \u0159ekl kardin\u00e1l Dziwisz sv\u00e9mu n\u00e1stupci.<\/p>\n<p>Arcibiskup Marek J\u0119draszewski b\u011bhem sv\u00e9 homilie mimo jin\u00e9 \u0159ekl, \u017ee bd\u011bn\u00ed Panny Marie nad Polskem je d\u016fle\u017eitou sou\u010d\u00e1st\u00ed 1050let\u00e9 historie zem\u011b. - Uka\u017ete pravdu Krista Kr\u00e1le, kterou dojemn\u011b vyj\u00e1d\u0159il svat\u00fd bratr Albert na obraze Ecce Homo, kde koruna na\u0161eho P\u00e1na vypov\u00edd\u00e1 o jeho nezm\u011brn\u00e9m utrpen\u00ed a jeho bolestn\u00e1 tv\u00e1\u0159 n\u00e1m p\u0159ikazuje, abychom sv\u00e9 srdce zam\u011b\u0159ili na ka\u017ed\u00e9ho chud\u00e9ho, trp\u00edc\u00edho a uk\u0159ivd\u011bn\u00e9ho \u010dlov\u011bka; jd\u011bte s nad\u011bj\u00ed vst\u0159\u00edc mlad\u00fdm lidem, kte\u0159\u00ed n\u00e1s tak ned\u00e1vno b\u011bhem Sv\u011btov\u00fdch dn\u016f ml\u00e1de\u017ee okouzlili \u010distotou sv\u00e9ho pohledu a nad\u0161en\u00edm z v\u00edry - po\u017e\u00e1dal metropolita.<\/p>\n<p>V roce 1997 pape\u017e Jan Pavel II. jmenoval J\u0119drzejowsk\u00e9ho pomocn\u00fdm biskupem pozna\u0148sk\u00e9 arcidiec\u00e9ze. Metropolitou lod\u017esk\u00fdm se stal v \u010dervenci 2012 z rozhodnut\u00ed pape\u017ee Benedikta XVI. Metropolitn\u00ed pallium obdr\u017eel od pape\u017ee Franti\u0161ka 29. \u010dervna 2013 v bazilice svat\u00e9ho Petra v \u0158\u00edm\u011b. Dne 8. prosince 2016 ho Franti\u0161ek jmenoval krakovsk\u00fdm metropolitou (b\u011bhem ob\u0159adu byla u hlavn\u00edho olt\u00e1\u0159e p\u0159e\u010dtena pape\u017esk\u00e1 bula).<\/p>\n<p>Slavnostn\u00edho n\u00e1stupu arcibiskupa Marka J\u0119draszewsk\u00e9ho se z\u00fa\u010dastnili mimo jin\u00e9 prezident Polsk\u00e9 republiky Andrzej Duda s man\u017eelkou, p\u0159edsedov\u00e9 Sejmu a Sen\u00e1tu, premi\u00e9rka Beata Szyd\u0142o, z\u00e1stupci st\u00e1tn\u00edch org\u00e1n\u016f, duchovn\u00ed a v\u011b\u0159\u00edc\u00ed.<\/p>\n<p>Odstupuj\u00edc\u00ed krakovsk\u00fd metropolita, kardin\u00e1l Stanis\u0142aw Dziwisz, byl vyznamen\u00e1n \u0158\u00e1dem b\u00edl\u00e9ho orla. - Cel\u00fd dosavadn\u00ed \u017eivot kardin\u00e1la Dziwisze byl vynikaj\u00edc\u00ed slu\u017ebou Polsk\u00e9 republice,\" \u0159ekl prezident p\u0159i p\u0159ed\u00e1v\u00e1n\u00ed vyznamen\u00e1n\u00ed. - Jeho cesta byla cestou \u017eivota pro Boha, pro bli\u017en\u00ed, pro c\u00edrkev, ale tak\u00e9 pro Polsko.<\/p>\n<p>\u0158\u00e1d se ud\u011bluje za civiln\u00ed i vojensk\u00e9 z\u00e1sluhy, prok\u00e1zan\u00e9 v dob\u011b m\u00edru nebo v\u00e1lky, pro sl\u00e1vu a prosp\u011bch Polsk\u00e9 republiky. Byl zalo\u017een v roce 1705 a obnoven z\u00e1konem Sejmu Polsk\u00e9 republiky ze dne 4. \u00fanora 1921.<\/p>\n<p><a href=\"https:\/\/marekkuchcinski.pl\/wp-content\/uploads\/2017\/01\/KU092442.jpg\"><img fetchpriority=\"high\" decoding=\"async\" class=\"alignnone size-full wp-image-5138\" src=\"https:\/\/marekkuchcinski.pl\/wp-content\/uploads\/2017\/01\/KU092442.jpg\" alt=\"KU092442\" width=\"1800\" height=\"1377\" srcset=\"https:\/\/marekkuchcinski.pl\/wp-content\/uploads\/2017\/01\/KU092442.jpg 1800w, https:\/\/marekkuchcinski.pl\/wp-content\/uploads\/2017\/01\/KU092442-300x230.jpg 300w, https:\/\/marekkuchcinski.pl\/wp-content\/uploads\/2017\/01\/KU092442-768x588.jpg 768w, https:\/\/marekkuchcinski.pl\/wp-content\/uploads\/2017\/01\/KU092442-1024x783.jpg 1024w\" sizes=\"(max-width: 1800px) 100vw, 1800px\" \/><\/a><a href=\"https:\/\/marekkuchcinski.pl\/wp-content\/uploads\/2017\/01\/KU092712.jpg\"><img decoding=\"async\" class=\"alignnone size-full wp-image-5137\" src=\"https:\/\/marekkuchcinski.pl\/wp-content\/uploads\/2017\/01\/KU092712.jpg\" alt=\"KU092712\" width=\"1800\" height=\"1197\" srcset=\"https:\/\/marekkuchcinski.pl\/wp-content\/uploads\/2017\/01\/KU092712.jpg 1800w, https:\/\/marekkuchcinski.pl\/wp-content\/uploads\/2017\/01\/KU092712-300x200.jpg 300w, https:\/\/marekkuchcinski.pl\/wp-content\/uploads\/2017\/01\/KU092712-768x511.jpg 768w, https:\/\/marekkuchcinski.pl\/wp-content\/uploads\/2017\/01\/KU092712-1024x681.jpg 1024w\" sizes=\"(max-width: 1800px) 100vw, 1800px\" \/><\/a><a href=\"https:\/\/marekkuchcinski.pl\/wp-content\/uploads\/2017\/01\/KU094183.jpg\"><img decoding=\"async\" class=\"alignnone size-full wp-image-5133\" src=\"https:\/\/marekkuchcinski.pl\/wp-content\/uploads\/2017\/01\/KU094183.jpg\" alt=\"KU094183\" width=\"1800\" height=\"1200\" srcset=\"https:\/\/marekkuchcinski.pl\/wp-content\/uploads\/2017\/01\/KU094183.jpg 1800w, https:\/\/marekkuchcinski.pl\/wp-content\/uploads\/2017\/01\/KU094183-300x200.jpg 300w, https:\/\/marekkuchcinski.pl\/wp-content\/uploads\/2017\/01\/KU094183-768x512.jpg 768w, https:\/\/marekkuchcinski.pl\/wp-content\/uploads\/2017\/01\/KU094183-1024x683.jpg 1024w\" sizes=\"(max-width: 1800px) 100vw, 1800px\" \/><\/a> <a href=\"https:\/\/marekkuchcinski.pl\/wp-content\/uploads\/2017\/01\/KU094126.jpg\"><img loading=\"lazy\" decoding=\"async\" class=\"alignnone size-full wp-image-5134\" src=\"https:\/\/marekkuchcinski.pl\/wp-content\/uploads\/2017\/01\/KU094126.jpg\" alt=\"KU094126\" width=\"1800\" height=\"1200\" srcset=\"https:\/\/marekkuchcinski.pl\/wp-content\/uploads\/2017\/01\/KU094126.jpg 1800w, https:\/\/marekkuchcinski.pl\/wp-content\/uploads\/2017\/01\/KU094126-300x200.jpg 300w, https:\/\/marekkuchcinski.pl\/wp-content\/uploads\/2017\/01\/KU094126-768x512.jpg 768w, https:\/\/marekkuchcinski.pl\/wp-content\/uploads\/2017\/01\/KU094126-1024x683.jpg 1024w\" sizes=\"(max-width: 1800px) 100vw, 1800px\" \/><\/a> <a href=\"https:\/\/marekkuchcinski.pl\/wp-content\/uploads\/2017\/01\/KA202714.jpg\"><img loading=\"lazy\" decoding=\"async\" class=\"alignnone size-full wp-image-5139\" src=\"https:\/\/marekkuchcinski.pl\/wp-content\/uploads\/2017\/01\/KA202714.jpg\" alt=\"KA202714\" width=\"1800\" height=\"1200\" srcset=\"https:\/\/marekkuchcinski.pl\/wp-content\/uploads\/2017\/01\/KA202714.jpg 1800w, https:\/\/marekkuchcinski.pl\/wp-content\/uploads\/2017\/01\/KA202714-300x200.jpg 300w, https:\/\/marekkuchcinski.pl\/wp-content\/uploads\/2017\/01\/KA202714-768x512.jpg 768w, https:\/\/marekkuchcinski.pl\/wp-content\/uploads\/2017\/01\/KA202714-1024x683.jpg 1024w\" sizes=\"(max-width: 1800px) 100vw, 1800px\" \/><\/a> <a href=\"https:\/\/marekkuchcinski.pl\/wp-content\/uploads\/2017\/01\/KU094205.jpg\"><img loading=\"lazy\" decoding=\"async\" class=\"alignnone size-full wp-image-5140\" src=\"https:\/\/marekkuchcinski.pl\/wp-content\/uploads\/2017\/01\/KU094205.jpg\" alt=\"KU094205\" width=\"1800\" height=\"1200\" srcset=\"https:\/\/marekkuchcinski.pl\/wp-content\/uploads\/2017\/01\/KU094205.jpg 1800w, https:\/\/marekkuchcinski.pl\/wp-content\/uploads\/2017\/01\/KU094205-300x200.jpg 300w, https:\/\/marekkuchcinski.pl\/wp-content\/uploads\/2017\/01\/KU094205-768x512.jpg 768w, https:\/\/marekkuchcinski.pl\/wp-content\/uploads\/2017\/01\/KU094205-1024x683.jpg 1024w\" sizes=\"(max-width: 1800px) 100vw, 1800px\" \/><\/a> <a href=\"https:\/\/marekkuchcinski.pl\/wp-content\/uploads\/2017\/01\/KU094286-2.jpg\"><img loading=\"lazy\" decoding=\"async\" class=\"alignnone size-full wp-image-5141\" src=\"https:\/\/marekkuchcinski.pl\/wp-content\/uploads\/2017\/01\/KU094286-2.jpg\" alt=\"KU094286-2\" width=\"1800\" height=\"1042\" srcset=\"https:\/\/marekkuchcinski.pl\/wp-content\/uploads\/2017\/01\/KU094286-2.jpg 1800w, https:\/\/marekkuchcinski.pl\/wp-content\/uploads\/2017\/01\/KU094286-2-300x174.jpg 300w, https:\/\/marekkuchcinski.pl\/wp-content\/uploads\/2017\/01\/KU094286-2-768x445.jpg 768w, https:\/\/marekkuchcinski.pl\/wp-content\/uploads\/2017\/01\/KU094286-2-1024x593.jpg 1024w\" sizes=\"(max-width: 1800px) 100vw, 1800px\" \/><\/a> <a href=\"https:\/\/marekkuchcinski.pl\/wp-content\/uploads\/2017\/01\/KU094359.jpg\"><img loading=\"lazy\" decoding=\"async\" class=\"alignnone size-full wp-image-5142\" src=\"https:\/\/marekkuchcinski.pl\/wp-content\/uploads\/2017\/01\/KU094359.jpg\" alt=\"KU094359\" width=\"1800\" height=\"1200\" srcset=\"https:\/\/marekkuchcinski.pl\/wp-content\/uploads\/2017\/01\/KU094359.jpg 1800w, https:\/\/marekkuchcinski.pl\/wp-content\/uploads\/2017\/01\/KU094359-300x200.jpg 300w, https:\/\/marekkuchcinski.pl\/wp-content\/uploads\/2017\/01\/KU094359-768x512.jpg 768w, https:\/\/marekkuchcinski.pl\/wp-content\/uploads\/2017\/01\/KU094359-1024x683.jpg 1024w\" sizes=\"(max-width: 1800px) 100vw, 1800px\" \/><\/a> <a href=\"https:\/\/marekkuchcinski.pl\/wp-content\/uploads\/2017\/01\/KU094629.jpg\"><img loading=\"lazy\" decoding=\"async\" class=\"alignnone size-full wp-image-5143\" src=\"https:\/\/marekkuchcinski.pl\/wp-content\/uploads\/2017\/01\/KU094629.jpg\" alt=\"KU094629\" width=\"1800\" height=\"1200\" srcset=\"https:\/\/marekkuchcinski.pl\/wp-content\/uploads\/2017\/01\/KU094629.jpg 1800w, https:\/\/marekkuchcinski.pl\/wp-content\/uploads\/2017\/01\/KU094629-300x200.jpg 300w, https:\/\/marekkuchcinski.pl\/wp-content\/uploads\/2017\/01\/KU094629-768x512.jpg 768w, https:\/\/marekkuchcinski.pl\/wp-content\/uploads\/2017\/01\/KU094629-1024x683.jpg 1024w\" sizes=\"(max-width: 1800px) 100vw, 1800px\" \/><\/a><\/p>\n<p>Z\u00e1pis p\u0159edsedy Sejmu do Pam\u011btn\u00ed knihy u p\u0159\u00edle\u017eitosti inaugurace arcibiskupa Marka J\u0119draszewsk\u00e9ho:<\/p>\n<p><em>V tento slavnostn\u00ed den, kdy Va\u0161e Excelence zahajuje svou kanonickou a liturgickou slu\u017ebu v krakovsk\u00e9 arcidiec\u00e9zi, V\u00e1m ze srdce p\u0159eji mnoho Bo\u017e\u00ed milosti, zdrav\u00ed a sil p\u0159i pln\u011bn\u00ed Va\u0161ich nov\u00fdch povinnost\u00ed. Z\u016fst\u00e1v\u00e1m v modlitb\u011b.<\/em><\/p>\n<p><a href=\"https:\/\/marekkuchcinski.pl\/wp-content\/uploads\/2017\/01\/KU094640.jpg\"><img loading=\"lazy\" decoding=\"async\" class=\"alignnone size-full wp-image-5151\" src=\"https:\/\/marekkuchcinski.pl\/wp-content\/uploads\/2017\/01\/KU094640.jpg\" alt=\"KU094640\" width=\"1800\" height=\"1200\" srcset=\"https:\/\/marekkuchcinski.pl\/wp-content\/uploads\/2017\/01\/KU094640.jpg 1800w, https:\/\/marekkuchcinski.pl\/wp-content\/uploads\/2017\/01\/KU094640-300x200.jpg 300w, https:\/\/marekkuchcinski.pl\/wp-content\/uploads\/2017\/01\/KU094640-768x512.jpg 768w, https:\/\/marekkuchcinski.pl\/wp-content\/uploads\/2017\/01\/KU094640-1024x683.jpg 1024w\" sizes=\"(max-width: 1800px) 100vw, 1800px\" \/><\/a><\/p>","protected":false},"excerpt":{"rendered":"<p>\u2013 Podejmijcie wraz ze mn\u0105 trud g\u0142oszenia Chrystusa \u2013 prosi\u0142 wiernych zgromadzonych w Katedrze Wawelskiej nowy metropolita krakowski abp Marek J\u0119draszewski. Mianowany przez papie\u017ca Franciszka abp J\u0119draszewski zast\u0105pi\u0142 odchodz\u0105cego na emerytur\u0119 po 11 latach pos\u0142ugi w archidiecezji kardyna\u0142a Stanis\u0142awa Dziwisza. \u2013 Zaczynasz zapisywa\u0107 now\u0105 kart\u0119, a my j\u0105 b\u0119dziemy zapisywa\u0107 razem z Tob\u0105 \u2013 powiedzia\u0142 [&hellip;]<\/p>\n","protected":false},"author":6,"featured_media":5150,"comment_status":"open","ping_status":"open","sticky":false,"template":"","format":"standard","meta":{"ngg_post_thumbnail":0,"footnotes":""},"categories":[3],"tags":[],"class_list":["post-5132","post","type-post","status-publish","format-standard","has-post-thumbnail","hentry","category-wydarzenia"],"_links":{"self":[{"href":"https:\/\/marekkuchcinski.pl\/cs\/wp-json\/wp\/v2\/posts\/5132","targetHints":{"allow":["GET"]}}],"collection":[{"href":"https:\/\/marekkuchcinski.pl\/cs\/wp-json\/wp\/v2\/posts"}],"about":[{"href":"https:\/\/marekkuchcinski.pl\/cs\/wp-json\/wp\/v2\/types\/post"}],"author":[{"embeddable":true,"href":"https:\/\/marekkuchcinski.pl\/cs\/wp-json\/wp\/v2\/users\/6"}],"replies":[{"embeddable":true,"href":"https:\/\/marekkuchcinski.pl\/cs\/wp-json\/wp\/v2\/comments?post=5132"}],"version-history":[{"count":7,"href":"https:\/\/marekkuchcinski.pl\/cs\/wp-json\/wp\/v2\/posts\/5132\/revisions"}],"predecessor-version":[{"id":5165,"href":"https:\/\/marekkuchcinski.pl\/cs\/wp-json\/wp\/v2\/posts\/5132\/revisions\/5165"}],"wp:featuredmedia":[{"embeddable":true,"href":"https:\/\/marekkuchcinski.pl\/cs\/wp-json\/wp\/v2\/media\/5150"}],"wp:attachment":[{"href":"https:\/\/marekkuchcinski.pl\/cs\/wp-json\/wp\/v2\/media?parent=5132"}],"wp:term":[{"taxonomy":"category","embeddable":true,"href":"https:\/\/marekkuchcinski.pl\/cs\/wp-json\/wp\/v2\/categories?post=5132"},{"taxonomy":"post_tag","embeddable":true,"href":"https:\/\/marekkuchcinski.pl\/cs\/wp-json\/wp\/v2\/tags?post=5132"}],"curies":[{"name":"wp","href":"https:\/\/api.w.org\/{rel}","templated":true}]}}