{"id":5102,"date":"2017-01-24T10:19:01","date_gmt":"2017-01-24T09:19:01","guid":{"rendered":"https:\/\/marekkuchcinski.pl\/?p=5102"},"modified":"2017-01-24T10:21:26","modified_gmt":"2017-01-24T09:21:26","slug":"marszalek-sejmu-procedura-dotyczaca-kar-dla-poslow-okupujacych-mownice-musi-nastapic","status":"publish","type":"post","link":"https:\/\/marekkuchcinski.pl\/cs\/wydarzenia\/marszalek-sejmu-procedura-dotyczaca-kar-dla-poslow-okupujacych-mownice-musi-nastapic\/","title":{"rendered":"P\u0159edseda Sejmu: Mus\u00ed prob\u011bhnout \u0159\u00edzen\u00ed o potrest\u00e1n\u00ed poslanc\u016f zab\u00edraj\u00edc\u00edch \u0159e\u010dnick\u00fd pult\u00edk"},"content":{"rendered":"<p><strong>- Obvin\u011bn\u00ed \u010di n\u00e1roky opozice jsou neopodstatn\u011bn\u00e9,\" uvedl p\u0159edseda Sejmu Marek Kuchci\u0144ski pro polsk\u00fd rozhlas 24 v souvislosti s n\u00e1vrhem PO na jeho odvol\u00e1n\u00ed. Prohl\u00e1sil tak\u00e9, \u017ee poslanci, kte\u0159\u00ed obsadili \u0159e\u010dnick\u00fd pult\u00edk, poru\u0161ili jednac\u00ed \u0159\u00e1d Sejmu, a proto mus\u00ed existovat postup, jak je potrestat.<\/strong><\/p>\n<p>Na ot\u00e1zku, zda m\u00e1 podporu strany Pr\u00e1vo a spravedlnost p\u0159i hlasov\u00e1n\u00ed o n\u00e1vrhu PO na jeho odvol\u00e1n\u00ed z funkce p\u0159edsedy parlamentu, Kuchcinski odpov\u011bd\u011bl, \u017ee nesly\u0161el, \u017ee by se n\u011bco zm\u011bnilo.<\/p>\n<p>- Prob\u011bhne rozprava o odvol\u00e1n\u00ed p\u0159edsedy Sejmu. O d\u016fvodech n\u00e1vrhu lze diskutovat. Z m\u00e9ho pohledu je to velmi sporn\u00e9,\" \u0159ekl p\u0159edseda parlamentu. - Dodal, \u017ee obvin\u011bn\u00ed nebo n\u00e1roky opozice jsou neopodstatn\u011bn\u00e9.<\/p>\n<p>Marek Kuchci\u0144ski se tak\u00e9 vyj\u00e1d\u0159il, \u017ee 16. prosince lo\u0148sk\u00e9ho roku b\u011bhem zased\u00e1n\u00ed Sejmu selhal zdrav\u00fd rozum skupiny poslanc\u016f, kte\u0159\u00ed byli do roku 2015 ve vl\u00e1dn\u00edm t\u00e1bo\u0159e.<\/p>\n<p>Jak zhodnotil, nedok\u00e1zali se sm\u00ed\u0159it s t\u00edm, \u017ee po volb\u00e1ch, p\u0159i hlasov\u00e1n\u00ed v Sejmu, demokraticky prohr\u00e1vaj\u00ed. - Zd\u00e1 se mi, \u017ee byly tak\u00e9 vyu\u017eity r\u016fzn\u00fdmi mezin\u00e1rodn\u00edmi silami k destabilizaci Polska, \u0159ekl.<\/p>\n<p>- Podle m\u00e9ho n\u00e1zoru a podle v\u0161ech t\u011bchto p\u0159edpis\u016f, stenoz\u00e1znam\u016f, z\u00e1znam\u016f opozice, kter\u00e1 obsadila \u0159e\u010dnick\u00fd pult\u00edk, obsadila p\u0159edsednick\u00e9 k\u0159eslo, \u010d\u00edm\u017e znemo\u017enila veden\u00ed zased\u00e1n\u00ed, poru\u0161ila jednac\u00ed \u0159\u00e1d Sejmu. Nejen v tomto p\u0159\u00edpad\u011b,\" zd\u016fraznil Kuchci\u0144ski.<\/p>\n<p>Na ot\u00e1zku, zda budou opozi\u010dn\u00ed poslanci potrest\u00e1ni, odpov\u011bd\u011bl, \u017ee opozice t\u00edm, \u017ee obsadila \u0159e\u010dnick\u00fd pult\u00edk Sejmu, poru\u0161ila jeho jednac\u00ed \u0159\u00e1d. - Podle m\u00e9ho n\u00e1zoru takov\u00fd proces, takov\u00fd postup mus\u00ed prob\u011bhnout, proto\u017ee m\u011b k tomu zavazuje jednac\u00ed \u0159\u00e1d Sejmu. Je na p\u0159edsednictvu Sejmu, aby rozhodlo, zda budou poslanci potrest\u00e1ni pokutami nebo jin\u00fdmi tresty podle jednac\u00edho \u0159\u00e1du Sejmu,\" \u0159ekl. - Jsem povinen poskytnout p\u0159edsednictvu Sejmu \u00fapln\u00e9 a vy\u010derp\u00e1vaj\u00edc\u00ed informace o postoji a chov\u00e1n\u00ed t\u011bchto poslanc\u016f,\" dodal p\u0159edseda Kuchci\u0144ski.<\/p>\n<p>P\u0159edseda Sejmu po\u017e\u00e1dal 45 poslanc\u016f, kte\u0159\u00ed 16. prosince protestovali v s\u00e1le Sejmu, o vysv\u011btlen\u00ed; na odpov\u011b\u010f \u010dek\u00e1 do za\u010d\u00e1tku zased\u00e1n\u00ed, kter\u00e9 je napl\u00e1nov\u00e1no na 8. \u00fanora. Na ot\u00e1zku ohledn\u011b prohl\u00e1\u0161en\u00ed pana Szczerby, \u017ee se proti rozhodnut\u00ed o vylou\u010den\u00ed ze Sejmu odvol\u00e1 k Evropsk\u00e9mu soudu pro lidsk\u00e1 pr\u00e1va ve \u0160trasburku, odpov\u011bd\u011bl, \u017ee ka\u017ed\u00fd poslanec, stejn\u011b jako ka\u017ed\u00fd ob\u010dan svobodn\u00e9ho st\u00e1tu, jak\u00fdm je Polsk\u00e1 republika, m\u00e1 pr\u00e1vo se odvolat proti rozhodnut\u00ed st\u00e1tn\u00edch org\u00e1n\u016f, a takov\u00e9 rozhodnut\u00ed p\u0159ij\u00edm\u00e1 Sejm.<\/p>\n<p>- M\u00e1 pln\u00e9 pr\u00e1vo (se proti t\u011bmto rozhodnut\u00edm) odvolat, zejm\u00e9na pokud se dot\u00fdkaj\u00ed doty\u010dn\u00e9ho poslance, a pokud si mysl\u00ed, \u017ee jsou nespravedliv\u00e1, nikdo mu to nem\u016f\u017ee zak\u00e1zat,\" \u0159ekl p\u0159edseda Sejmu.<\/p>\n<p>Jak v\u0161ak dodal, takov\u00e1 rozhodnut\u00ed m\u016f\u017ee poslanec p\u0159ijmout a\u017e po vy\u010derp\u00e1n\u00ed vnit\u0159n\u00ed cesty. - Z hlediska jednac\u00edho \u0159\u00e1du Sejmu o schv\u00e1len\u00ed vylou\u010den\u00ed pana Szczerby rozhodlo p\u0159edsednictvo Sejmu, v d\u016fsledku \u010deho\u017e mu hroz\u00ed pom\u011brn\u011b vysok\u00e9 finan\u010dn\u00ed sankce, nebo\u0165 mu bude na \u0161est m\u011bs\u00edc\u016f odebr\u00e1no 50 procent platu, poznamenal p\u0159edseda Sejmu.<\/p>\n<p>Na ot\u00e1zku ohledn\u011b zpr\u00e1v port\u00e1lu DoRzeczy, kter\u00fd uvedl, \u017ee 16. prosince, kdy protest v Sejmu za\u010dal, poslanci PO a Nowoczesn\u00e9 p\u0159ipravili \"spole\u010dnou opozi\u010dn\u00ed v\u00fdzvu\", v n\u00ed\u017e vyzvali Radu Evropy a Evropsk\u00fd parlament, aby v souvislosti se situac\u00ed v Polsku urychlen\u011b zas\u00e1hly, p\u0159edseda parlamentu uvedl, \u017ee se nab\u00edz\u00ed ot\u00e1zka, zda skupina poslanc\u016f skute\u010dn\u011b nejednala proti vlastn\u00edmu st\u00e1tu podle vzoru novodob\u00e9 dohody.<\/p>\n<p><a href=\"https:\/\/marekkuchcinski.pl\/wp-content\/uploads\/2017\/01\/KU091489.jpg\"><img fetchpriority=\"high\" decoding=\"async\" class=\"alignnone size-full wp-image-5103\" src=\"https:\/\/marekkuchcinski.pl\/wp-content\/uploads\/2017\/01\/KU091489.jpg\" alt=\"KU091489\" width=\"1800\" height=\"1200\" srcset=\"https:\/\/marekkuchcinski.pl\/wp-content\/uploads\/2017\/01\/KU091489.jpg 1800w, https:\/\/marekkuchcinski.pl\/wp-content\/uploads\/2017\/01\/KU091489-300x200.jpg 300w, https:\/\/marekkuchcinski.pl\/wp-content\/uploads\/2017\/01\/KU091489-768x512.jpg 768w, https:\/\/marekkuchcinski.pl\/wp-content\/uploads\/2017\/01\/KU091489-1024x683.jpg 1024w\" sizes=\"(max-width: 1800px) 100vw, 1800px\" \/><\/a><a href=\"https:\/\/marekkuchcinski.pl\/wp-content\/uploads\/2017\/01\/KU091720.jpg\"><img decoding=\"async\" class=\"alignnone size-full wp-image-5104\" src=\"https:\/\/marekkuchcinski.pl\/wp-content\/uploads\/2017\/01\/KU091720.jpg\" alt=\"KU091720\" width=\"1800\" height=\"1200\" srcset=\"https:\/\/marekkuchcinski.pl\/wp-content\/uploads\/2017\/01\/KU091720.jpg 1800w, https:\/\/marekkuchcinski.pl\/wp-content\/uploads\/2017\/01\/KU091720-300x200.jpg 300w, https:\/\/marekkuchcinski.pl\/wp-content\/uploads\/2017\/01\/KU091720-768x512.jpg 768w, https:\/\/marekkuchcinski.pl\/wp-content\/uploads\/2017\/01\/KU091720-1024x683.jpg 1024w\" sizes=\"(max-width: 1800px) 100vw, 1800px\" \/><\/a> <a href=\"https:\/\/marekkuchcinski.pl\/wp-content\/uploads\/2017\/01\/KU091592.jpg\"><img decoding=\"async\" class=\"alignnone size-full wp-image-5105\" src=\"https:\/\/marekkuchcinski.pl\/wp-content\/uploads\/2017\/01\/KU091592.jpg\" alt=\"KU091592\" width=\"1800\" height=\"1200\" srcset=\"https:\/\/marekkuchcinski.pl\/wp-content\/uploads\/2017\/01\/KU091592.jpg 1800w, https:\/\/marekkuchcinski.pl\/wp-content\/uploads\/2017\/01\/KU091592-300x200.jpg 300w, https:\/\/marekkuchcinski.pl\/wp-content\/uploads\/2017\/01\/KU091592-768x512.jpg 768w, https:\/\/marekkuchcinski.pl\/wp-content\/uploads\/2017\/01\/KU091592-1024x683.jpg 1024w\" sizes=\"(max-width: 1800px) 100vw, 1800px\" \/><\/a> <a href=\"https:\/\/marekkuchcinski.pl\/wp-content\/uploads\/2017\/01\/KU091517.jpg\"><img loading=\"lazy\" decoding=\"async\" class=\"alignnone size-full wp-image-5106\" src=\"https:\/\/marekkuchcinski.pl\/wp-content\/uploads\/2017\/01\/KU091517.jpg\" alt=\"KU091517\" width=\"1800\" height=\"1200\" srcset=\"https:\/\/marekkuchcinski.pl\/wp-content\/uploads\/2017\/01\/KU091517.jpg 1800w, https:\/\/marekkuchcinski.pl\/wp-content\/uploads\/2017\/01\/KU091517-300x200.jpg 300w, https:\/\/marekkuchcinski.pl\/wp-content\/uploads\/2017\/01\/KU091517-768x512.jpg 768w, https:\/\/marekkuchcinski.pl\/wp-content\/uploads\/2017\/01\/KU091517-1024x683.jpg 1024w\" sizes=\"(max-width: 1800px) 100vw, 1800px\" \/><\/a><\/p>\n<p><em>Foto: Pawe\u0142 Kula<\/em><\/p>\n<p>&nbsp;<\/p>\n<p>&nbsp;<\/p>\n<p>&nbsp;<\/p>\n<p>&nbsp;<\/p>\n<p>&nbsp;<\/p>\n<p>&nbsp;<\/p>","protected":false},"excerpt":{"rendered":"<p>\u2013 Zarzuty czy pretensje ze strony opozycji s\u0105 bezpodstawne \u2013 powiedzia\u0142 marsza\u0142ek Sejmu Marek Kuchci\u0144ski w Polskim Radiu 24, odnosz\u0105c si\u0119 do wniosku PO o jego odwo\u0142anie. Stwierdzi\u0142 te\u017c, \u017ce pos\u0142owie okupuj\u0105cy m\u00f3wnic\u0119 z\u0142amali Regulamin Sejmu, musi wi\u0119c nast\u0105pi\u0107 procedura ich ukarania. Pytany, czy ma poparcie PiS w g\u0142osowaniu nad wnioskiem PO o odwo\u0142anie go [&hellip;]<\/p>\n","protected":false},"author":6,"featured_media":5103,"comment_status":"open","ping_status":"open","sticky":false,"template":"","format":"standard","meta":{"ngg_post_thumbnail":0,"footnotes":""},"categories":[81,3],"tags":[],"class_list":["post-5102","post","type-post","status-publish","format-standard","has-post-thumbnail","hentry","category-wiesci-z-sejmu","category-wydarzenia"],"_links":{"self":[{"href":"https:\/\/marekkuchcinski.pl\/cs\/wp-json\/wp\/v2\/posts\/5102","targetHints":{"allow":["GET"]}}],"collection":[{"href":"https:\/\/marekkuchcinski.pl\/cs\/wp-json\/wp\/v2\/posts"}],"about":[{"href":"https:\/\/marekkuchcinski.pl\/cs\/wp-json\/wp\/v2\/types\/post"}],"author":[{"embeddable":true,"href":"https:\/\/marekkuchcinski.pl\/cs\/wp-json\/wp\/v2\/users\/6"}],"replies":[{"embeddable":true,"href":"https:\/\/marekkuchcinski.pl\/cs\/wp-json\/wp\/v2\/comments?post=5102"}],"version-history":[{"count":2,"href":"https:\/\/marekkuchcinski.pl\/cs\/wp-json\/wp\/v2\/posts\/5102\/revisions"}],"predecessor-version":[{"id":5108,"href":"https:\/\/marekkuchcinski.pl\/cs\/wp-json\/wp\/v2\/posts\/5102\/revisions\/5108"}],"wp:featuredmedia":[{"embeddable":true,"href":"https:\/\/marekkuchcinski.pl\/cs\/wp-json\/wp\/v2\/media\/5103"}],"wp:attachment":[{"href":"https:\/\/marekkuchcinski.pl\/cs\/wp-json\/wp\/v2\/media?parent=5102"}],"wp:term":[{"taxonomy":"category","embeddable":true,"href":"https:\/\/marekkuchcinski.pl\/cs\/wp-json\/wp\/v2\/categories?post=5102"},{"taxonomy":"post_tag","embeddable":true,"href":"https:\/\/marekkuchcinski.pl\/cs\/wp-json\/wp\/v2\/tags?post=5102"}],"curies":[{"name":"wp","href":"https:\/\/api.w.org\/{rel}","templated":true}]}}