{"id":5095,"date":"2018-01-22T09:55:01","date_gmt":"2018-01-22T08:55:01","guid":{"rendered":"https:\/\/marekkuchcinski.pl\/?p=5095"},"modified":"2018-01-22T10:45:43","modified_gmt":"2018-01-22T09:45:43","slug":"rocznica-powstania-styczniowego","status":"publish","type":"post","link":"https:\/\/marekkuchcinski.pl\/cs\/wydarzenia\/rocznica-powstania-styczniowego\/","title":{"rendered":"P\u0159edseda Sejmu vzd\u00e1v\u00e1 hold lednov\u00fdm povstalc\u016fm"},"content":{"rendered":"<p>Dnes si p\u0159ipom\u00edn\u00e1me 155. v\u00fdro\u010d\u00ed lednov\u00e9ho povst\u00e1n\u00ed. \u0160lo o ozbrojen\u00fd odpor proti carsk\u00e9mu re\u017eimu, v n\u011bm\u017e rusk\u00e1 elita pova\u017eovala Polsko za sv\u016fj pr\u00e1voplatn\u00fd majetek a rozd\u011blen\u00ed Polska za akt historick\u00e9 spravedlnosti.<\/p>\n<p>Navzdory dramatick\u00e9mu pr\u016fb\u011bhu a n\u00e1sledk\u016fm (Polsk\u00e9 kr\u00e1lovstv\u00ed zcela ztratilo autonomii, bylo posl\u00e1no do v\u011bzen\u00ed a na Sibi\u0159) se zapsalo jako velk\u00fd odkaz polsk\u00e9ho vlastenectv\u00ed, boje za d\u016fstojnost a svobodu.<\/p>\n<p>P\u0159edseda Sejmu Marek Kuchci\u0144ski uctil pam\u00e1tku hrdin\u016f polo\u017een\u00edm kv\u011btin u pomn\u00edku lednov\u00fdch povstalc\u016f v Rzeszow\u011b.<\/p>\n<p><em>Foto: J\u00f3zef Ambrozowicz<\/em><\/p>\n<p><a href=\"https:\/\/marekkuchcinski.pl\/wp-content\/uploads\/2018\/01\/ps.jpg\"><img fetchpriority=\"high\" decoding=\"async\" class=\"alignnone size-full wp-image-8356\" src=\"https:\/\/marekkuchcinski.pl\/wp-content\/uploads\/2018\/01\/ps.jpg\" alt=\"ps\" width=\"2912\" height=\"4368\" srcset=\"https:\/\/marekkuchcinski.pl\/wp-content\/uploads\/2018\/01\/ps.jpg 1365w, https:\/\/marekkuchcinski.pl\/wp-content\/uploads\/2018\/01\/ps-200x300.jpg 200w, https:\/\/marekkuchcinski.pl\/wp-content\/uploads\/2018\/01\/ps-768x1152.jpg 768w, https:\/\/marekkuchcinski.pl\/wp-content\/uploads\/2018\/01\/ps-683x1024.jpg 683w\" sizes=\"(max-width: 2912px) 100vw, 2912px\" \/><\/a><a href=\"https:\/\/marekkuchcinski.pl\/wp-content\/uploads\/2018\/01\/ps2.jpg\"><img decoding=\"async\" class=\"alignnone size-full wp-image-8357\" src=\"https:\/\/marekkuchcinski.pl\/wp-content\/uploads\/2018\/01\/ps2.jpg\" alt=\"ps2\" width=\"4368\" height=\"2912\" srcset=\"https:\/\/marekkuchcinski.pl\/wp-content\/uploads\/2018\/01\/ps2.jpg 2048w, https:\/\/marekkuchcinski.pl\/wp-content\/uploads\/2018\/01\/ps2-300x200.jpg 300w, https:\/\/marekkuchcinski.pl\/wp-content\/uploads\/2018\/01\/ps2-768x512.jpg 768w, https:\/\/marekkuchcinski.pl\/wp-content\/uploads\/2018\/01\/ps2-1024x683.jpg 1024w\" sizes=\"(max-width: 4368px) 100vw, 4368px\" \/><\/a> <a href=\"https:\/\/marekkuchcinski.pl\/wp-content\/uploads\/2018\/01\/ps-okl.jpg\"><img decoding=\"async\" class=\"alignnone size-full wp-image-8358\" src=\"https:\/\/marekkuchcinski.pl\/wp-content\/uploads\/2018\/01\/ps-okl.jpg\" alt=\"ps okl\" width=\"4368\" height=\"2912\" srcset=\"https:\/\/marekkuchcinski.pl\/wp-content\/uploads\/2018\/01\/ps-okl.jpg 2048w, https:\/\/marekkuchcinski.pl\/wp-content\/uploads\/2018\/01\/ps-okl-300x200.jpg 300w, https:\/\/marekkuchcinski.pl\/wp-content\/uploads\/2018\/01\/ps-okl-768x512.jpg 768w, https:\/\/marekkuchcinski.pl\/wp-content\/uploads\/2018\/01\/ps-okl-1024x683.jpg 1024w\" sizes=\"(max-width: 4368px) 100vw, 4368px\" \/><\/a><\/p>","protected":false},"excerpt":{"rendered":"<p>Dzi\u015b przypada 155. rocznica Powstania Styczniowego. By\u0142o ono zbrojnym sprzeciwem\u00a0wobec carskiemu re\u017cimowi, w kt\u00f3rym elity rosyjskie uznawa\u0142y Polsk\u0119 za prawowit\u0105 w\u0142asno\u015b\u0107, a rozbi\u00f3r Polski za\u00a0akt historycznej \u00a0sprawiedliwo\u015bci. Mimo dramatycznego przebiegu i\u00a0konsekwencji (Kr\u00f3lestwo Polskie ca\u0142kowicie utraci\u0142o autonomi\u0119, zsy\u0142ki do wi\u0119zie\u0144 i na Sybir) zapisa\u0142o si\u0119 jako wielkie dziedzictwo polskiego patriotyzmu, walki o godno\u015b\u0107 i wolno\u015b\u0107. Marsza\u0142ek [&hellip;]<\/p>\n","protected":false},"author":6,"featured_media":8361,"comment_status":"open","ping_status":"open","sticky":false,"template":"","format":"standard","meta":{"ngg_post_thumbnail":0,"footnotes":""},"categories":[77,3],"tags":[],"class_list":["post-5095","post","type-post","status-publish","format-standard","has-post-thumbnail","hentry","category-wazne-daty","category-wydarzenia"],"_links":{"self":[{"href":"https:\/\/marekkuchcinski.pl\/cs\/wp-json\/wp\/v2\/posts\/5095","targetHints":{"allow":["GET"]}}],"collection":[{"href":"https:\/\/marekkuchcinski.pl\/cs\/wp-json\/wp\/v2\/posts"}],"about":[{"href":"https:\/\/marekkuchcinski.pl\/cs\/wp-json\/wp\/v2\/types\/post"}],"author":[{"embeddable":true,"href":"https:\/\/marekkuchcinski.pl\/cs\/wp-json\/wp\/v2\/users\/6"}],"replies":[{"embeddable":true,"href":"https:\/\/marekkuchcinski.pl\/cs\/wp-json\/wp\/v2\/comments?post=5095"}],"version-history":[{"count":5,"href":"https:\/\/marekkuchcinski.pl\/cs\/wp-json\/wp\/v2\/posts\/5095\/revisions"}],"predecessor-version":[{"id":8355,"href":"https:\/\/marekkuchcinski.pl\/cs\/wp-json\/wp\/v2\/posts\/5095\/revisions\/8355"}],"wp:featuredmedia":[{"embeddable":true,"href":"https:\/\/marekkuchcinski.pl\/cs\/wp-json\/wp\/v2\/media\/8361"}],"wp:attachment":[{"href":"https:\/\/marekkuchcinski.pl\/cs\/wp-json\/wp\/v2\/media?parent=5095"}],"wp:term":[{"taxonomy":"category","embeddable":true,"href":"https:\/\/marekkuchcinski.pl\/cs\/wp-json\/wp\/v2\/categories?post=5095"},{"taxonomy":"post_tag","embeddable":true,"href":"https:\/\/marekkuchcinski.pl\/cs\/wp-json\/wp\/v2\/tags?post=5095"}],"curies":[{"name":"wp","href":"https:\/\/api.w.org\/{rel}","templated":true}]}}