{"id":506,"date":"2014-08-14T09:14:45","date_gmt":"2014-08-14T07:14:45","guid":{"rendered":"https:\/\/marekkuchcinski.pl\/?p=506"},"modified":"2016-08-25T16:58:24","modified_gmt":"2016-08-25T14:58:24","slug":"wicemarszalek-sejmu-rp-marek-kuchcinski-uczestniczyl-w-uroczystosciach-odsloniecia-pomnika-marszalka-jozefa-pilsudskiego-w-kielcach","status":"publish","type":"post","link":"https:\/\/marekkuchcinski.pl\/cs\/wydarzenia\/wicemarszalek-sejmu-rp-marek-kuchcinski-uczestniczyl-w-uroczystosciach-odsloniecia-pomnika-marszalka-jozefa-pilsudskiego-w-kielcach\/","title":{"rendered":"M\u00edstop\u0159edseda Sejmu Marek Kuchci\u0144ski se z\u00fa\u010dastnil slavnostn\u00edho odhalen\u00ed pomn\u00edku mar\u0161\u00e1la J\u00f3zefa Pi\u0142sudsk\u00e9ho v Kielc\u00edch."},"content":{"rendered":"<p><img decoding=\"async\" class=\"alignleft size-full wp-image-505\" style=\"float: left;\" alt=\"um.kielce.pl\" src=\"https:\/\/marekkuchcinski.pl\/wp-content\/uploads\/2014\/08\/um.kielce.pl.jpg\" height=\"107\" width=\"160\" srcset=\"https:\/\/marekkuchcinski.pl\/wp-content\/uploads\/2014\/08\/um.kielce.pl.jpg 640w, https:\/\/marekkuchcinski.pl\/wp-content\/uploads\/2014\/08\/um.kielce.pl-300x200.jpg 300w\" sizes=\"(max-width: 160px) 100vw, 160px\" \/>Odhalen\u00ed pomn\u00edku mar\u0161\u00e1la J\u00f3zefa Pi\u0142sudsk\u00e9ho bylo hlavn\u00edm bodem \u00fatern\u00edho fin\u00e1le 49. pochodu po stop\u00e1ch prvn\u00ed k\u00e1drov\u00e9 roty v Kielc\u00edch. Stalo se tak u p\u0159\u00edle\u017eitosti st\u00e9ho v\u00fdro\u010d\u00ed vstupu st\u0159elc\u016f do m\u011bsta.<\/p>\n<p>T\u00e9m\u011b\u0159 700 p\u011b\u0161\u00e1k\u016f v zelen\u00fdch uniform\u00e1ch p\u0159ekonalo b\u011bhem t\u00fddne 160 kilometr\u016f dlouhou trasu z krakovsk\u00e9ho Oleandrowa - m\u00edsta historick\u00e9ho shrom\u00e1\u017ed\u011bn\u00ed st\u0159elc\u016f - do Kielc\u016f, aby si p\u0159ipomn\u011bli pod\u0159\u00edzen\u00e9 J\u00f3zefa Pilsudsk\u00e9ho, kte\u0159\u00ed v roce 1914 u\u010dinili z Kielc\u016f prvn\u00ed hlavn\u00ed m\u011bsto obnoven\u00e9 polsk\u00e9 st\u00e1tnosti.<\/p>\n<p>  <!--more-->  <\/p>\n<p>\u00da\u010dastn\u00edky pochodu p\u0159iv\u00edtala na n\u00e1m\u011bst\u00ed Svobody v Kielc\u00edch man\u017eelka posledn\u00edho exilov\u00e9ho prezidenta Karolina Kaczorowsk\u00e1, kter\u00e1 nad pochodem p\u0159evzala \u010destnou z\u00e1\u0161titu. P\u0159ekon\u00e1n\u00edm \u00fatrap pochodu podle n\u00ed pochodn\u00edci dok\u00e1zali, \u017ee jejich vlastenectv\u00ed nejsou jen slova, ale i \u010diny. - Bu\u010fte i nad\u00e1le ve sv\u00e9m ka\u017edodenn\u00edm \u017eivot\u011b vyslanci slavn\u00fdch \u010din\u016f na\u0161ich otc\u016f a d\u011bd\u016f. A\u0165 je va\u0161e ka\u017edodenn\u00ed chov\u00e1n\u00ed pro v\u0161echny, kter\u00e9 v \u017eivot\u011b potk\u00e1v\u00e1te, vzorem zt\u011blesn\u011bn\u00ed odv\u011bk\u00e9ho polsk\u00e9ho hesla: l\u00e1ska k Bohu, cti a vlasti,\" zd\u016fraznila.<\/p>\n<p>Jan J\u00f3zef Kasprzyk, velitel pochodu, vzpom\u00ednal na Pilsudsk\u00e9ho vzpom\u00ednky z l\u00e9ta 1914. \"P\u0159esto\u017ee jsme byli sami, byla n\u00e1s jen hrstka, cht\u011bli jsme dok\u00e1zat, \u017ee jsme hodni velk\u00e9 polsk\u00e9 minulosti. Ti, kte\u0159\u00ed letos pochodovali, cht\u011bli dok\u00e1zat, \u017ee i oni cht\u011bj\u00ed b\u00fdt hodni velk\u00e9 polsk\u00e9 minulosti, \u017ee cht\u011bj\u00ed b\u00fdt d\u016fstojn\u00fdmi d\u011bdici tradice nez\u00e1vislosti,\" \u0159ekl velitel.<\/p>\n<p>Leto\u0161n\u00edho pochodu po trase 1. k\u00e1drov\u00e9 roty se z\u00fa\u010dastnili mimo jin\u00e9 mlad\u00ed lid\u00e9 ze St\u0159eleck\u00e9ho spolku \"Strzelec\", skauti, studenti \u0161kol nesouc\u00edch jm\u00e9no J\u00f3zefa Pi\u0142sudsk\u00e9ho, voj\u00e1ci z jednotek polsk\u00e9 arm\u00e1dy d\u011bd\u00edc\u00ed legion\u00e1\u0159sk\u00e9 tradice a kavalerist\u00e9 ze spolk\u016f p\u011bstuj\u00edc\u00edch kaval\u00edrsk\u00e9 tradice druh\u00e9 republiky. Nejstar\u0161\u00edmu \u00fa\u010dastn\u00edkovi pochodu bylo 94 let, nejmlad\u0161\u00edmu dva roky.<\/p>\n<p>Pam\u011btn\u00ed ryngrafy ke st\u00e9mu v\u00fdro\u010d\u00ed Listiny nez\u00e1vislosti p\u0159edal Kasprzyk prezidentce Kaczorowsk\u00e9 a jasnohorsk\u00e9mu kaplanovi Voj\u00e1k\u016f nez\u00e1vislosti otci Eustachu Rakoczimu. Starosta m\u011bsta Kielce Wojciech Lubawski obdr\u017eel repliku \u0161avle polsk\u00fdch legi\u00ed. Lubawski ve sv\u00e9m projevu p\u0159ipomn\u011bl, \u017ee legion\u00e1\u0159i byli 12. srpna 1914 v Kielc\u00edch p\u0159iv\u00edt\u00e1ni \"nad\u0161en\u00edm, zp\u011bvem a kv\u011btinami\". - Mar\u0161\u00e1l J\u00f3zef Pi\u0142sudski byl za tento den obyvatel\u016fm Kielc\u016f vd\u011b\u010dn\u00fd. Nejednou mluvil o sv\u00e9 l\u00e1sce ke Kielc\u016fm. V roce 1921 hrd\u011b p\u0159ijal \u010destn\u00e9 ob\u010danstv\u00ed na\u0161eho m\u011bsta,\" dodal prezident.<\/p>\n<p>Na pam\u00e1tku 100. v\u00fdro\u010d\u00ed vstupu k\u00e1dru byl v Kielc\u00edch postaven mar\u0161\u00e1l\u016fv pomn\u00edk. Pomn\u00edk odhalili prezidentka Kaczorowsk\u00e1, m\u00edstop\u0159edseda Sejmu Marek Kuchci\u0144ski, \u0159editel Muzea Jozefa Pilsudsk\u00e9ho v Sulej\u00f3wku, mar\u0161\u00e1l\u016fv vnuk Krzysztof Jaraczewski a starosta m\u011bsta Kielce. Socha zobrazuje Pi\u0142sudsk\u00e9ho na koni, v uniform\u011b st\u0159elce a s \u010depic\u00ed maciej\u00f3wka na hlav\u011b. Socha je vyrobena z bronzu a podstavec pomn\u00edku je z \u010derven\u00e9 voly\u0148sk\u00e9 \u017euly. Kamenn\u00e9 prvky podstavce financoval Svaz Pol\u00e1k\u016f Podol\u00ed z ukrajinsk\u00e9 Vinnice - partnersk\u00e9ho m\u011bsta Kielc\u016f. Autorem n\u00e1vrhu pomn\u00edku je socha\u0159 Pawe\u0142 Pietrusi\u0144ski. Pomn\u00edk st\u00e1l na schodech na n\u00e1m\u011bst\u00ed Svobody. Po Pi\u0142sudsk\u00e9ho smrti v roce 1935 se na n\u00e1m\u011bst\u00ed se\u0161li obyvatel\u00e9 m\u011bsta, aby vzdali mar\u0161\u00e1lovi hold - na schodech tehdy st\u00e1la symbolick\u00e1 rakev.<\/p>\n<p>U paty podstavce pomn\u00edku byla ulo\u017eena urna s hl\u00ednou z m\u00edst v\u00fdznamn\u00fdch pro polsk\u00e9 d\u011bjiny, v\u010detn\u011b m\u00edst boj\u016f b\u011bhem Ko\u015bciuszkova, listopadov\u00e9ho a lednov\u00e9ho povst\u00e1n\u00ed, m\u00edst spojen\u00fdch s \u017eivotem a d\u00edlem Pi\u0142sudsk\u00e9ho (v\u010detn\u011b litevsk\u00e9ho \u017dulova, kde se narodil), Westerplatte, Katyn\u011b, Charkova, Miednoje, Monte Cassina, \u010dtvrt\u00ed var\u0161avsk\u00fdch povstalc\u016f a m\u00edsta hav\u00e1rie u Smolenska.<\/p>\n<p>Pomn\u00edk vznikl z iniciativy Ob\u010dansk\u00e9ho v\u00fdboru pro v\u00fdstavbu pomn\u00edku mar\u0161\u00e1la J\u00f3zefa Pi\u0142sudsk\u00e9ho v Kielc\u00edch, kter\u00fd byl zalo\u017een v roce 2008. Ob\u010dansk\u00fd v\u00fdbor pro v\u00fdstavbu pomn\u00edku mar\u0161\u00e1la J\u00f3zefa Pi\u0142sudsk\u00e9ho v Kielc\u00edch. Sdru\u017een\u00ed na tento \u00fa\u010del z\u00edskalo prost\u0159ednictv\u00edm ve\u0159ejn\u00e9 sb\u00edrky a prodeje cihel p\u0159ibli\u017en\u011b 450 000 PLN. Iniciativu podpo\u0159ili obyvatel\u00e9 Kielc\u016f, m\u00edstn\u00ed podnikatel\u00e9 a ve\u0159ejn\u00e9 instituce. P\u0159edseda v\u00fdboru Janusz Koza \u0159ekl, \u017ee mar\u0161\u00e1l Pilsudski se dnes vr\u00e1til do \"sv\u00e9ho m\u011bsta\", kde - jak s\u00e1m \u010dasto \u0159\u00edkal ve sv\u00fdch pam\u011btech - \"v\u0161echno za\u010dalo\". - Chceme zajistit, abychom dnes naslouchali hlasu mar\u0161\u00e1la stejn\u011b jako na\u0161i p\u0159edkov\u00e9 v roce 1914. Tento hlas vzru\u0161oval a st\u00e1le vzru\u0161uje nov\u00e9 generace, d\u00e1val nad\u011bji, s\u00edlu, v\u00edru ve v\u00edt\u011bzstv\u00ed (...) - \u0159ekl Koza.<\/p>\n<p>K\u00e1drov\u00e1 rota zvan\u00e1 \"Kadr\u00f3wka\", kterou tvo\u0159ilo 160 voj\u00e1k\u016f z jednotek St\u0159eleck\u00e9ho svazu a St\u0159eleck\u00fdch odd\u00edl\u016f pod\u0159\u00edzen\u00fdch J\u00f3zefovi Pi\u0142sudsk\u00e9mu, vyrazila z Krakova do zem\u00ed rusk\u00e9ho z\u00e1boru v noci z 5. na 6. srpna 1914. P\u0159esto\u017ee odchod k\u00e1drov\u00e9 roty byl z vojensk\u00e9ho hlediska malou epizodou, podle historik\u016f m\u011bl politick\u00fd v\u00fdznam a znamenal existenci \"polsk\u00e9 v\u011bci\" od za\u010d\u00e1tku prvn\u00ed sv\u011btov\u00e9 v\u00e1lky.<\/p>\n<p>Podle vzpom\u00ednek n\u011bkter\u00fdch voj\u00e1k\u016f p\u0159ijali obyvatel\u00e9 Kielc\u016f st\u0159elce zpo\u010d\u00e1tku pozitivn\u011b. Po proti\u00fatoku Rus\u016f se v\u0161ak polsk\u00e9 jednotky z Kielc\u016f rychle st\u00e1hly. Kdy\u017e Rusov\u00e9 v druh\u00e9 polovin\u011b srpna znovu obsadili Kielce, nebyli p\u0159iv\u00edt\u00e1ni s nad\u0161en\u00edm.<\/p>\n<p>S\u00eddlem Pi\u0142sudsk\u00e9ho a jeho \u0161t\u00e1bu se stal b\u00fdval\u00fd krakovsk\u00fd biskupsk\u00fd pal\u00e1c v Kielc\u00edch. Bylo v n\u011bm um\u00edst\u011bno: Komisari\u00e1t polsk\u00e9 arm\u00e1dy, n\u00e1borov\u00e9 kancel\u00e1\u0159e (p\u0159ihl\u00e1silo se t\u00e9m\u011b\u0159 tis\u00edc dobrovoln\u00edk\u016f), tisk\u00e1rna a redakce \"\u00da\u0159edn\u00edho v\u011bstn\u00edku komisari\u00e1tu polsk\u00e9 arm\u00e1dy\", poln\u00ed po\u0161ta, pr\u016fkazn\u00ed kancel\u00e1\u0159 a intendantura. St\u0159elci Pi\u0142sudsk\u00e9ho byli v Kielc\u00edch um\u00edst\u011bni do 10. z\u00e1\u0159\u00ed 1914. Obyvatel\u00e9 Kielc\u016f se sna\u017eili voj\u00e1ky podpo\u0159it - po\u0159\u00e1daly se pen\u011b\u017en\u00ed sb\u00edrky a \u017eeny sdru\u017een\u00e9 ve Svazu \u017een organizovaly mimo jin\u00e9 pr\u00e1delnu a \u0161ic\u00ed d\u00edlnu pro pot\u0159eby voj\u00e1k\u016f.<\/p>\n<p>\"Kadr\u00f3wka\" dala vzniknout polsk\u00fdm legi\u00edm, kter\u00e9 sv\u00fdm ozbrojen\u00fdm \u00fasil\u00edm v letech prvn\u00ed sv\u011btov\u00e9 v\u00e1lky p\u0159isp\u011bly k znovuz\u00edsk\u00e1n\u00ed nez\u00e1vislosti v roce 1918.<\/p>\n<p>Prvn\u00ed st\u0159eleck\u00fd pochod z Krakova do Kielc\u016f byl uspo\u0159\u00e1d\u00e1n v roce 1924. Do v\u00e1lky se uskute\u010dnilo 15 pochod\u016f. Za komunistick\u00e9 \u00e9ry se pochody nekonaly po cel\u00e1 desetilet\u00ed. Tradice byla obnovena v roce 1981, kdy byla zachov\u00e1na kontinuita \u010d\u00edslov\u00e1n\u00ed. Do roku 1989 m\u011bl pochod charakter vlasteneck\u00e9 demonstrace. Po roce 1989 se vr\u00e1tila k p\u0159edv\u00e1le\u010dn\u00e9mu vzorci. M\u00e1 charakter sportovn\u00ed a brann\u00e9 sout\u011b\u017ee kombinovan\u00e9 s bohat\u00fdm vzd\u011bl\u00e1vac\u00edm a v\u00fdchovn\u00fdm programem. Pochod po\u0159\u00e1d\u00e1 Pilsudski spolek ve spolupr\u00e1ci s m\u011bstem Krakov a radnic\u00ed v Kielc\u00edch.<\/p>\n<p>&nbsp;<\/p>\n<p>Zdroj \u010dl\u00e1nku: PAP<br \/>Fotografie poch\u00e1z\u00ed z um.kielce.pl<\/p>\n<pre>&nbsp;<\/pre>","protected":false},"excerpt":{"rendered":"<p>Ods\u0142oni\u0119cie pomnika marsza\u0142ka J\u00f3zefa Pi\u0142sudskiego by\u0142o g\u0142\u00f3wnym punktem wtorkowego fina\u0142u 49. Marszu Szlakiem I Kompanii Kadrowej w Kielcach. W ten spos\u00f3b uczono setn\u0105 rocznic\u0119 wkroczenia strzelc\u00f3w do miasta. Niemal 700 piechur\u00f3w w zielonych mundurach pokona\u0142o w ci\u0105gu tygodnia 160-kilometrow\u0105 tras\u0119 z krakowskich Oleandr\u00f3w \u2013 miejsca historycznej zbi\u00f3rki strzelc\u00f3w \u2013 do Kielc, by uczci\u0107 pami\u0119\u0107 podkomendnych [&hellip;]<\/p>","protected":false},"author":6,"featured_media":505,"comment_status":"open","ping_status":"open","sticky":false,"template":"","format":"standard","meta":{"ngg_post_thumbnail":0,"footnotes":""},"categories":[3],"tags":[],"class_list":["post-506","post","type-post","status-publish","format-standard","has-post-thumbnail","hentry","category-wydarzenia"],"yoast_head":"<!-- This site is optimized with the Yoast SEO plugin v24.7 - https:\/\/yoast.com\/wordpress\/plugins\/seo\/ -->\n<title>Wicemarsza\u0142ek Sejmu RP Marek Kuchci\u0144ski uczestniczy\u0142 w uroczysto\u015bciach ods\u0142oni\u0119cia Pomnika Marsza\u0142ka J\u00f3zefa Pi\u0142sudskiego w Kielcach &#8211; Marek Kuchci\u0144ski<\/title>\n<meta name=\"robots\" content=\"index, follow, max-snippet:-1, max-image-preview:large, max-video-preview:-1\" \/>\n<link rel=\"canonical\" href=\"https:\/\/marekkuchcinski.pl\/cs\/wydarzenia\/wicemarszalek-sejmu-rp-marek-kuchcinski-uczestniczyl-w-uroczystosciach-odsloniecia-pomnika-marszalka-jozefa-pilsudskiego-w-kielcach\/\" \/>\n<meta property=\"og:locale\" content=\"cs_CZ\" \/>\n<meta property=\"og:type\" content=\"article\" \/>\n<meta property=\"og:title\" content=\"Wicemarsza\u0142ek Sejmu RP Marek Kuchci\u0144ski uczestniczy\u0142 w uroczysto\u015bciach ods\u0142oni\u0119cia Pomnika Marsza\u0142ka J\u00f3zefa Pi\u0142sudskiego w Kielcach &#8211; Marek Kuchci\u0144ski\" \/>\n<meta property=\"og:description\" content=\"Ods\u0142oni\u0119cie pomnika marsza\u0142ka J\u00f3zefa Pi\u0142sudskiego by\u0142o g\u0142\u00f3wnym punktem wtorkowego fina\u0142u 49. Marszu Szlakiem I Kompanii Kadrowej w Kielcach. W ten spos\u00f3b uczono setn\u0105 rocznic\u0119 wkroczenia strzelc\u00f3w do miasta. Niemal 700 piechur\u00f3w w zielonych mundurach pokona\u0142o w ci\u0105gu tygodnia 160-kilometrow\u0105 tras\u0119 z krakowskich Oleandr\u00f3w \u2013 miejsca historycznej zbi\u00f3rki strzelc\u00f3w \u2013 do Kielc, by uczci\u0107 pami\u0119\u0107 podkomendnych [&hellip;]\" \/>\n<meta property=\"og:url\" content=\"https:\/\/marekkuchcinski.pl\/cs\/wydarzenia\/wicemarszalek-sejmu-rp-marek-kuchcinski-uczestniczyl-w-uroczystosciach-odsloniecia-pomnika-marszalka-jozefa-pilsudskiego-w-kielcach\/\" \/>\n<meta property=\"og:site_name\" content=\"Marek Kuchci\u0144ski\" \/>\n<meta property=\"article:published_time\" content=\"2014-08-14T07:14:45+00:00\" \/>\n<meta property=\"article:modified_time\" content=\"2016-08-25T14:58:24+00:00\" \/>\n<meta property=\"og:image\" content=\"https:\/\/marekkuchcinski.pl\/wp-content\/uploads\/2014\/08\/um.kielce.pl.jpg\" \/>\n\t<meta property=\"og:image:width\" content=\"640\" \/>\n\t<meta property=\"og:image:height\" content=\"426\" \/>\n\t<meta property=\"og:image:type\" content=\"image\/jpeg\" \/>\n<meta name=\"author\" content=\"admin\" \/>\n<meta name=\"twitter:card\" content=\"summary_large_image\" \/>\n<meta name=\"twitter:label1\" content=\"Napsal(a)\" \/>\n\t<meta name=\"twitter:data1\" content=\"admin\" \/>\n\t<meta name=\"twitter:label2\" content=\"Odhadovan\u00e1 doba \u010dten\u00ed\" \/>\n\t<meta name=\"twitter:data2\" content=\"5 minut\" \/>\n<script type=\"application\/ld+json\" class=\"yoast-schema-graph\">{\"@context\":\"https:\/\/schema.org\",\"@graph\":[{\"@type\":\"Article\",\"@id\":\"https:\/\/marekkuchcinski.pl\/ro\/wydarzenia\/wicemarszalek-sejmu-rp-marek-kuchcinski-uczestniczyl-w-uroczystosciach-odsloniecia-pomnika-marszalka-jozefa-pilsudskiego-w-kielcach\/#article\",\"isPartOf\":{\"@id\":\"https:\/\/marekkuchcinski.pl\/ro\/wydarzenia\/wicemarszalek-sejmu-rp-marek-kuchcinski-uczestniczyl-w-uroczystosciach-odsloniecia-pomnika-marszalka-jozefa-pilsudskiego-w-kielcach\/\"},\"author\":{\"name\":\"admin\",\"@id\":\"https:\/\/marekkuchcinski.pl\/#\/schema\/person\/6f62700996b4d950b6ea2d1183b6c6be\"},\"headline\":\"Wicemarsza\u0142ek Sejmu RP Marek Kuchci\u0144ski uczestniczy\u0142 w uroczysto\u015bciach ods\u0142oni\u0119cia Pomnika Marsza\u0142ka J\u00f3zefa Pi\u0142sudskiego w Kielcach\",\"datePublished\":\"2014-08-14T07:14:45+00:00\",\"dateModified\":\"2016-08-25T14:58:24+00:00\",\"mainEntityOfPage\":{\"@id\":\"https:\/\/marekkuchcinski.pl\/ro\/wydarzenia\/wicemarszalek-sejmu-rp-marek-kuchcinski-uczestniczyl-w-uroczystosciach-odsloniecia-pomnika-marszalka-jozefa-pilsudskiego-w-kielcach\/\"},\"wordCount\":1092,\"commentCount\":0,\"publisher\":{\"@id\":\"https:\/\/marekkuchcinski.pl\/#organization\"},\"image\":{\"@id\":\"https:\/\/marekkuchcinski.pl\/ro\/wydarzenia\/wicemarszalek-sejmu-rp-marek-kuchcinski-uczestniczyl-w-uroczystosciach-odsloniecia-pomnika-marszalka-jozefa-pilsudskiego-w-kielcach\/#primaryimage\"},\"thumbnailUrl\":\"https:\/\/marekkuchcinski.pl\/wp-content\/uploads\/2014\/08\/um.kielce.pl.jpg\",\"articleSection\":[\"Wydarzenia\"],\"inLanguage\":\"cs\",\"potentialAction\":[{\"@type\":\"CommentAction\",\"name\":\"Comment\",\"target\":[\"https:\/\/marekkuchcinski.pl\/ro\/wydarzenia\/wicemarszalek-sejmu-rp-marek-kuchcinski-uczestniczyl-w-uroczystosciach-odsloniecia-pomnika-marszalka-jozefa-pilsudskiego-w-kielcach\/#respond\"]}]},{\"@type\":\"WebPage\",\"@id\":\"https:\/\/marekkuchcinski.pl\/ro\/wydarzenia\/wicemarszalek-sejmu-rp-marek-kuchcinski-uczestniczyl-w-uroczystosciach-odsloniecia-pomnika-marszalka-jozefa-pilsudskiego-w-kielcach\/\",\"url\":\"https:\/\/marekkuchcinski.pl\/ro\/wydarzenia\/wicemarszalek-sejmu-rp-marek-kuchcinski-uczestniczyl-w-uroczystosciach-odsloniecia-pomnika-marszalka-jozefa-pilsudskiego-w-kielcach\/\",\"name\":\"Wicemarsza\u0142ek Sejmu RP Marek Kuchci\u0144ski uczestniczy\u0142 w uroczysto\u015bciach ods\u0142oni\u0119cia Pomnika Marsza\u0142ka J\u00f3zefa Pi\u0142sudskiego w Kielcach &#8211; Marek Kuchci\u0144ski\",\"isPartOf\":{\"@id\":\"https:\/\/marekkuchcinski.pl\/#website\"},\"primaryImageOfPage\":{\"@id\":\"https:\/\/marekkuchcinski.pl\/ro\/wydarzenia\/wicemarszalek-sejmu-rp-marek-kuchcinski-uczestniczyl-w-uroczystosciach-odsloniecia-pomnika-marszalka-jozefa-pilsudskiego-w-kielcach\/#primaryimage\"},\"image\":{\"@id\":\"https:\/\/marekkuchcinski.pl\/ro\/wydarzenia\/wicemarszalek-sejmu-rp-marek-kuchcinski-uczestniczyl-w-uroczystosciach-odsloniecia-pomnika-marszalka-jozefa-pilsudskiego-w-kielcach\/#primaryimage\"},\"thumbnailUrl\":\"https:\/\/marekkuchcinski.pl\/wp-content\/uploads\/2014\/08\/um.kielce.pl.jpg\",\"datePublished\":\"2014-08-14T07:14:45+00:00\",\"dateModified\":\"2016-08-25T14:58:24+00:00\",\"breadcrumb\":{\"@id\":\"https:\/\/marekkuchcinski.pl\/ro\/wydarzenia\/wicemarszalek-sejmu-rp-marek-kuchcinski-uczestniczyl-w-uroczystosciach-odsloniecia-pomnika-marszalka-jozefa-pilsudskiego-w-kielcach\/#breadcrumb\"},\"inLanguage\":\"cs\",\"potentialAction\":[{\"@type\":\"ReadAction\",\"target\":[\"https:\/\/marekkuchcinski.pl\/ro\/wydarzenia\/wicemarszalek-sejmu-rp-marek-kuchcinski-uczestniczyl-w-uroczystosciach-odsloniecia-pomnika-marszalka-jozefa-pilsudskiego-w-kielcach\/\"]}]},{\"@type\":\"ImageObject\",\"inLanguage\":\"cs\",\"@id\":\"https:\/\/marekkuchcinski.pl\/ro\/wydarzenia\/wicemarszalek-sejmu-rp-marek-kuchcinski-uczestniczyl-w-uroczystosciach-odsloniecia-pomnika-marszalka-jozefa-pilsudskiego-w-kielcach\/#primaryimage\",\"url\":\"https:\/\/marekkuchcinski.pl\/wp-content\/uploads\/2014\/08\/um.kielce.pl.jpg\",\"contentUrl\":\"https:\/\/marekkuchcinski.pl\/wp-content\/uploads\/2014\/08\/um.kielce.pl.jpg\",\"width\":640,\"height\":426,\"caption\":\"um.kielce.pl\"},{\"@type\":\"BreadcrumbList\",\"@id\":\"https:\/\/marekkuchcinski.pl\/ro\/wydarzenia\/wicemarszalek-sejmu-rp-marek-kuchcinski-uczestniczyl-w-uroczystosciach-odsloniecia-pomnika-marszalka-jozefa-pilsudskiego-w-kielcach\/#breadcrumb\",\"itemListElement\":[{\"@type\":\"ListItem\",\"position\":1,\"name\":\"Strona g\u0142\u00f3wna\",\"item\":\"https:\/\/marekkuchcinski.pl\/\"},{\"@type\":\"ListItem\",\"position\":2,\"name\":\"Wicemarsza\u0142ek Sejmu RP Marek Kuchci\u0144ski uczestniczy\u0142 w uroczysto\u015bciach ods\u0142oni\u0119cia Pomnika Marsza\u0142ka J\u00f3zefa Pi\u0142sudskiego w Kielcach\"}]},{\"@type\":\"WebSite\",\"@id\":\"https:\/\/marekkuchcinski.pl\/#website\",\"url\":\"https:\/\/marekkuchcinski.pl\/\",\"name\":\"Marek Kuchci\u0144ski\",\"description\":\"Pose\u0142 na sejm RP &ndash; okr\u0119g nr 22\",\"publisher\":{\"@id\":\"https:\/\/marekkuchcinski.pl\/#organization\"},\"potentialAction\":[{\"@type\":\"SearchAction\",\"target\":{\"@type\":\"EntryPoint\",\"urlTemplate\":\"https:\/\/marekkuchcinski.pl\/?s={search_term_string}\"},\"query-input\":{\"@type\":\"PropertyValueSpecification\",\"valueRequired\":true,\"valueName\":\"search_term_string\"}}],\"inLanguage\":\"cs\"},{\"@type\":\"Organization\",\"@id\":\"https:\/\/marekkuchcinski.pl\/#organization\",\"name\":\"Marek Kuchci\u0144ski\",\"url\":\"https:\/\/marekkuchcinski.pl\/\",\"logo\":{\"@type\":\"ImageObject\",\"inLanguage\":\"cs\",\"@id\":\"https:\/\/marekkuchcinski.pl\/#\/schema\/logo\/image\/\",\"url\":\"https:\/\/marekkuchcinski.pl\/wp-content\/uploads\/2022\/09\/Marek.jpg\",\"contentUrl\":\"https:\/\/marekkuchcinski.pl\/wp-content\/uploads\/2022\/09\/Marek.jpg\",\"width\":1600,\"height\":971,\"caption\":\"Marek Kuchci\u0144ski\"},\"image\":{\"@id\":\"https:\/\/marekkuchcinski.pl\/#\/schema\/logo\/image\/\"}},{\"@type\":\"Person\",\"@id\":\"https:\/\/marekkuchcinski.pl\/#\/schema\/person\/6f62700996b4d950b6ea2d1183b6c6be\",\"name\":\"admin\",\"image\":{\"@type\":\"ImageObject\",\"inLanguage\":\"cs\",\"@id\":\"https:\/\/marekkuchcinski.pl\/#\/schema\/person\/image\/\",\"url\":\"https:\/\/secure.gravatar.com\/avatar\/4bab693b9d55c3d6b52c0296a8765085?s=96&d=mm&r=g\",\"contentUrl\":\"https:\/\/secure.gravatar.com\/avatar\/4bab693b9d55c3d6b52c0296a8765085?s=96&d=mm&r=g\",\"caption\":\"admin\"},\"url\":\"https:\/\/marekkuchcinski.pl\/cs\/author\/marta-olejnik\/\"}]}<\/script>\n<!-- \/ Yoast SEO plugin. -->","yoast_head_json":{"title":"Wicemarsza\u0142ek Sejmu RP Marek Kuchci\u0144ski uczestniczy\u0142 w uroczysto\u015bciach ods\u0142oni\u0119cia Pomnika Marsza\u0142ka J\u00f3zefa Pi\u0142sudskiego w Kielcach &#8211; Marek Kuchci\u0144ski","robots":{"index":"index","follow":"follow","max-snippet":"max-snippet:-1","max-image-preview":"max-image-preview:large","max-video-preview":"max-video-preview:-1"},"canonical":"https:\/\/marekkuchcinski.pl\/cs\/wydarzenia\/wicemarszalek-sejmu-rp-marek-kuchcinski-uczestniczyl-w-uroczystosciach-odsloniecia-pomnika-marszalka-jozefa-pilsudskiego-w-kielcach\/","og_locale":"cs_CZ","og_type":"article","og_title":"Wicemarsza\u0142ek Sejmu RP Marek Kuchci\u0144ski uczestniczy\u0142 w uroczysto\u015bciach ods\u0142oni\u0119cia Pomnika Marsza\u0142ka J\u00f3zefa Pi\u0142sudskiego w Kielcach &#8211; Marek Kuchci\u0144ski","og_description":"Ods\u0142oni\u0119cie pomnika marsza\u0142ka J\u00f3zefa Pi\u0142sudskiego by\u0142o g\u0142\u00f3wnym punktem wtorkowego fina\u0142u 49. Marszu Szlakiem I Kompanii Kadrowej w Kielcach. W ten spos\u00f3b uczono setn\u0105 rocznic\u0119 wkroczenia strzelc\u00f3w do miasta. Niemal 700 piechur\u00f3w w zielonych mundurach pokona\u0142o w ci\u0105gu tygodnia 160-kilometrow\u0105 tras\u0119 z krakowskich Oleandr\u00f3w \u2013 miejsca historycznej zbi\u00f3rki strzelc\u00f3w \u2013 do Kielc, by uczci\u0107 pami\u0119\u0107 podkomendnych [&hellip;]","og_url":"https:\/\/marekkuchcinski.pl\/cs\/wydarzenia\/wicemarszalek-sejmu-rp-marek-kuchcinski-uczestniczyl-w-uroczystosciach-odsloniecia-pomnika-marszalka-jozefa-pilsudskiego-w-kielcach\/","og_site_name":"Marek Kuchci\u0144ski","article_published_time":"2014-08-14T07:14:45+00:00","article_modified_time":"2016-08-25T14:58:24+00:00","og_image":[{"width":640,"height":426,"url":"https:\/\/marekkuchcinski.pl\/wp-content\/uploads\/2014\/08\/um.kielce.pl.jpg","type":"image\/jpeg"}],"author":"admin","twitter_card":"summary_large_image","twitter_misc":{"Napsal(a)":"admin","Odhadovan\u00e1 doba \u010dten\u00ed":"5 minut"},"schema":{"@context":"https:\/\/schema.org","@graph":[{"@type":"Article","@id":"https:\/\/marekkuchcinski.pl\/ro\/wydarzenia\/wicemarszalek-sejmu-rp-marek-kuchcinski-uczestniczyl-w-uroczystosciach-odsloniecia-pomnika-marszalka-jozefa-pilsudskiego-w-kielcach\/#article","isPartOf":{"@id":"https:\/\/marekkuchcinski.pl\/ro\/wydarzenia\/wicemarszalek-sejmu-rp-marek-kuchcinski-uczestniczyl-w-uroczystosciach-odsloniecia-pomnika-marszalka-jozefa-pilsudskiego-w-kielcach\/"},"author":{"name":"admin","@id":"https:\/\/marekkuchcinski.pl\/#\/schema\/person\/6f62700996b4d950b6ea2d1183b6c6be"},"headline":"Wicemarsza\u0142ek Sejmu RP Marek Kuchci\u0144ski uczestniczy\u0142 w uroczysto\u015bciach ods\u0142oni\u0119cia Pomnika Marsza\u0142ka J\u00f3zefa Pi\u0142sudskiego w Kielcach","datePublished":"2014-08-14T07:14:45+00:00","dateModified":"2016-08-25T14:58:24+00:00","mainEntityOfPage":{"@id":"https:\/\/marekkuchcinski.pl\/ro\/wydarzenia\/wicemarszalek-sejmu-rp-marek-kuchcinski-uczestniczyl-w-uroczystosciach-odsloniecia-pomnika-marszalka-jozefa-pilsudskiego-w-kielcach\/"},"wordCount":1092,"commentCount":0,"publisher":{"@id":"https:\/\/marekkuchcinski.pl\/#organization"},"image":{"@id":"https:\/\/marekkuchcinski.pl\/ro\/wydarzenia\/wicemarszalek-sejmu-rp-marek-kuchcinski-uczestniczyl-w-uroczystosciach-odsloniecia-pomnika-marszalka-jozefa-pilsudskiego-w-kielcach\/#primaryimage"},"thumbnailUrl":"https:\/\/marekkuchcinski.pl\/wp-content\/uploads\/2014\/08\/um.kielce.pl.jpg","articleSection":["Wydarzenia"],"inLanguage":"cs","potentialAction":[{"@type":"CommentAction","name":"Comment","target":["https:\/\/marekkuchcinski.pl\/ro\/wydarzenia\/wicemarszalek-sejmu-rp-marek-kuchcinski-uczestniczyl-w-uroczystosciach-odsloniecia-pomnika-marszalka-jozefa-pilsudskiego-w-kielcach\/#respond"]}]},{"@type":"WebPage","@id":"https:\/\/marekkuchcinski.pl\/ro\/wydarzenia\/wicemarszalek-sejmu-rp-marek-kuchcinski-uczestniczyl-w-uroczystosciach-odsloniecia-pomnika-marszalka-jozefa-pilsudskiego-w-kielcach\/","url":"https:\/\/marekkuchcinski.pl\/ro\/wydarzenia\/wicemarszalek-sejmu-rp-marek-kuchcinski-uczestniczyl-w-uroczystosciach-odsloniecia-pomnika-marszalka-jozefa-pilsudskiego-w-kielcach\/","name":"Wicemarsza\u0142ek Sejmu RP Marek Kuchci\u0144ski uczestniczy\u0142 w uroczysto\u015bciach ods\u0142oni\u0119cia Pomnika Marsza\u0142ka J\u00f3zefa Pi\u0142sudskiego w Kielcach &#8211; Marek Kuchci\u0144ski","isPartOf":{"@id":"https:\/\/marekkuchcinski.pl\/#website"},"primaryImageOfPage":{"@id":"https:\/\/marekkuchcinski.pl\/ro\/wydarzenia\/wicemarszalek-sejmu-rp-marek-kuchcinski-uczestniczyl-w-uroczystosciach-odsloniecia-pomnika-marszalka-jozefa-pilsudskiego-w-kielcach\/#primaryimage"},"image":{"@id":"https:\/\/marekkuchcinski.pl\/ro\/wydarzenia\/wicemarszalek-sejmu-rp-marek-kuchcinski-uczestniczyl-w-uroczystosciach-odsloniecia-pomnika-marszalka-jozefa-pilsudskiego-w-kielcach\/#primaryimage"},"thumbnailUrl":"https:\/\/marekkuchcinski.pl\/wp-content\/uploads\/2014\/08\/um.kielce.pl.jpg","datePublished":"2014-08-14T07:14:45+00:00","dateModified":"2016-08-25T14:58:24+00:00","breadcrumb":{"@id":"https:\/\/marekkuchcinski.pl\/ro\/wydarzenia\/wicemarszalek-sejmu-rp-marek-kuchcinski-uczestniczyl-w-uroczystosciach-odsloniecia-pomnika-marszalka-jozefa-pilsudskiego-w-kielcach\/#breadcrumb"},"inLanguage":"cs","potentialAction":[{"@type":"ReadAction","target":["https:\/\/marekkuchcinski.pl\/ro\/wydarzenia\/wicemarszalek-sejmu-rp-marek-kuchcinski-uczestniczyl-w-uroczystosciach-odsloniecia-pomnika-marszalka-jozefa-pilsudskiego-w-kielcach\/"]}]},{"@type":"ImageObject","inLanguage":"cs","@id":"https:\/\/marekkuchcinski.pl\/ro\/wydarzenia\/wicemarszalek-sejmu-rp-marek-kuchcinski-uczestniczyl-w-uroczystosciach-odsloniecia-pomnika-marszalka-jozefa-pilsudskiego-w-kielcach\/#primaryimage","url":"https:\/\/marekkuchcinski.pl\/wp-content\/uploads\/2014\/08\/um.kielce.pl.jpg","contentUrl":"https:\/\/marekkuchcinski.pl\/wp-content\/uploads\/2014\/08\/um.kielce.pl.jpg","width":640,"height":426,"caption":"um.kielce.pl"},{"@type":"BreadcrumbList","@id":"https:\/\/marekkuchcinski.pl\/ro\/wydarzenia\/wicemarszalek-sejmu-rp-marek-kuchcinski-uczestniczyl-w-uroczystosciach-odsloniecia-pomnika-marszalka-jozefa-pilsudskiego-w-kielcach\/#breadcrumb","itemListElement":[{"@type":"ListItem","position":1,"name":"Strona g\u0142\u00f3wna","item":"https:\/\/marekkuchcinski.pl\/"},{"@type":"ListItem","position":2,"name":"Wicemarsza\u0142ek Sejmu RP Marek Kuchci\u0144ski uczestniczy\u0142 w uroczysto\u015bciach ods\u0142oni\u0119cia Pomnika Marsza\u0142ka J\u00f3zefa Pi\u0142sudskiego w Kielcach"}]},{"@type":"WebSite","@id":"https:\/\/marekkuchcinski.pl\/#website","url":"https:\/\/marekkuchcinski.pl\/","name":"Marek Kuchci\u0144ski","description":"Pose\u0142 na sejm RP &ndash; okr\u0119g nr 22","publisher":{"@id":"https:\/\/marekkuchcinski.pl\/#organization"},"potentialAction":[{"@type":"SearchAction","target":{"@type":"EntryPoint","urlTemplate":"https:\/\/marekkuchcinski.pl\/?s={search_term_string}"},"query-input":{"@type":"PropertyValueSpecification","valueRequired":true,"valueName":"search_term_string"}}],"inLanguage":"cs"},{"@type":"Organization","@id":"https:\/\/marekkuchcinski.pl\/#organization","name":"Marek Kuchci\u0144ski","url":"https:\/\/marekkuchcinski.pl\/","logo":{"@type":"ImageObject","inLanguage":"cs","@id":"https:\/\/marekkuchcinski.pl\/#\/schema\/logo\/image\/","url":"https:\/\/marekkuchcinski.pl\/wp-content\/uploads\/2022\/09\/Marek.jpg","contentUrl":"https:\/\/marekkuchcinski.pl\/wp-content\/uploads\/2022\/09\/Marek.jpg","width":1600,"height":971,"caption":"Marek Kuchci\u0144ski"},"image":{"@id":"https:\/\/marekkuchcinski.pl\/#\/schema\/logo\/image\/"}},{"@type":"Person","@id":"https:\/\/marekkuchcinski.pl\/#\/schema\/person\/6f62700996b4d950b6ea2d1183b6c6be","name":"admin","image":{"@type":"ImageObject","inLanguage":"cs","@id":"https:\/\/marekkuchcinski.pl\/#\/schema\/person\/image\/","url":"https:\/\/secure.gravatar.com\/avatar\/4bab693b9d55c3d6b52c0296a8765085?s=96&d=mm&r=g","contentUrl":"https:\/\/secure.gravatar.com\/avatar\/4bab693b9d55c3d6b52c0296a8765085?s=96&d=mm&r=g","caption":"admin"},"url":"https:\/\/marekkuchcinski.pl\/cs\/author\/marta-olejnik\/"}]}},"_links":{"self":[{"href":"https:\/\/marekkuchcinski.pl\/cs\/wp-json\/wp\/v2\/posts\/506","targetHints":{"allow":["GET"]}}],"collection":[{"href":"https:\/\/marekkuchcinski.pl\/cs\/wp-json\/wp\/v2\/posts"}],"about":[{"href":"https:\/\/marekkuchcinski.pl\/cs\/wp-json\/wp\/v2\/types\/post"}],"author":[{"embeddable":true,"href":"https:\/\/marekkuchcinski.pl\/cs\/wp-json\/wp\/v2\/users\/6"}],"replies":[{"embeddable":true,"href":"https:\/\/marekkuchcinski.pl\/cs\/wp-json\/wp\/v2\/comments?post=506"}],"version-history":[{"count":1,"href":"https:\/\/marekkuchcinski.pl\/cs\/wp-json\/wp\/v2\/posts\/506\/revisions"}],"predecessor-version":[{"id":1356,"href":"https:\/\/marekkuchcinski.pl\/cs\/wp-json\/wp\/v2\/posts\/506\/revisions\/1356"}],"wp:featuredmedia":[{"embeddable":true,"href":"https:\/\/marekkuchcinski.pl\/cs\/wp-json\/wp\/v2\/media\/505"}],"wp:attachment":[{"href":"https:\/\/marekkuchcinski.pl\/cs\/wp-json\/wp\/v2\/media?parent=506"}],"wp:term":[{"taxonomy":"category","embeddable":true,"href":"https:\/\/marekkuchcinski.pl\/cs\/wp-json\/wp\/v2\/categories?post=506"},{"taxonomy":"post_tag","embeddable":true,"href":"https:\/\/marekkuchcinski.pl\/cs\/wp-json\/wp\/v2\/tags?post=506"}],"curies":[{"name":"wp","href":"https:\/\/api.w.org\/{rel}","templated":true}]}}