{"id":5049,"date":"2017-01-20T11:12:45","date_gmt":"2017-01-20T10:12:45","guid":{"rendered":"https:\/\/marekkuchcinski.pl\/?p=5049"},"modified":"2017-01-20T11:21:59","modified_gmt":"2017-01-20T10:21:59","slug":"miedzynarodowy-puchar-karpat-narciarstwie-alpejskim-patronatem-marszalka-sejmu","status":"publish","type":"post","link":"https:\/\/marekkuchcinski.pl\/cs\/wydarzenia\/miedzynarodowy-puchar-karpat-narciarstwie-alpejskim-patronatem-marszalka-sejmu\/","title":{"rendered":"Mezin\u00e1rodn\u00ed karpatsk\u00fd poh\u00e1r v alpsk\u00e9m ly\u017eov\u00e1n\u00ed pod z\u00e1\u0161titou p\u0159edsedy Sejmu"},"content":{"rendered":"<p>Dne 29. ledna 2017 od 10 do 14 hodin se v Przemy\u015blu uskute\u010dn\u00ed ly\u017ea\u0159sk\u00e9 z\u00e1vody pro osoby bez licence Polsk\u00e9ho ly\u017ea\u0159sk\u00e9ho svazu. <em>Mezin\u00e1rodn\u00ed karpatsk\u00fd poh\u00e1r v alpsk\u00e9m ly\u017eov\u00e1n\u00ed<\/em> Z\u00e1\u0161titu p\u0159evzali p\u0159edseda Sejmu Marek Kuchci\u0144ski a p\u0159edsedov\u00e9 parlament\u016f zem\u00ed Visegr\u00e1dsk\u00e9 skupiny. Sout\u011b\u017e po\u0159\u00e1d\u00e1 prezident m\u011bsta Przemy\u015bl ve spolupr\u00e1ci s polsk\u00fdm Sejmem, Ministerstvem sportu a cestovn\u00edho ruchu, mar\u0161\u00e1lkem Podkarpatsk\u00e9ho vojvodstv\u00ed a V\u00fdchodn\u00edm institutem.<\/p>\n<p>Z\u00e1vodn\u00edci z karpatsk\u00fdch zem\u00ed se utkaj\u00ed v ob\u0159\u00edm slalomu. Pro v\u00edt\u011bze v jednotliv\u00fdch v\u011bkov\u00fdch kategori\u00edch jsou p\u0159ipraveny poh\u00e1ry a v\u011bcn\u00e9 ceny. Z iniciativy p\u0159edsedy Sejmu se po skon\u010den\u00ed sout\u011b\u017ee uskute\u010dn\u00ed v N\u00e1rodn\u00edm muzeu Przemy\u0161lska diskusn\u00ed setk\u00e1n\u00ed v r\u00e1mci cyklu \"Evropa Karpat\" - v\u011bnovan\u00e9 aktu\u00e1ln\u00edm probl\u00e9m\u016fm region\u00e1ln\u00ed spolupr\u00e1ce.<\/p>\n<p>Ly\u017ea\u0159sk\u00e9 z\u00e1vody v Przemyslu zah\u00e1j\u00ed mezin\u00e1rodn\u00ed cyklus z\u00e1vod\u016f<br \/>\nve sjezdov\u00e9m ly\u017eov\u00e1n\u00ed pro Karpatsk\u00fd poh\u00e1r po\u0159\u00e1dan\u00fd v r\u016fzn\u00fdch zem\u00edch. P\u0159edseda Sejmu a p\u0159edseda Sen\u00e1tu pl\u00e1nuj\u00ed - za organiza\u010dn\u00ed podpory Ministerstva sportu a cestovn\u00edho ruchu - uspo\u0159\u00e1dat dal\u0161\u00ed sout\u011b\u017ee tohoto cyklu v \u00fanoru a b\u0159eznu tohoto roku. Sout\u011b\u017e bude tak\u00e9 dal\u0161\u00edm prvkem parlamentn\u00ed spolupr\u00e1ce v r\u00e1mci Visegr\u00e1dsk\u00e9 skupiny a Karpatsk\u00e9 Evropy.<\/p>\n<p><a href=\"https:\/\/marekkuchcinski.pl\/wp-content\/uploads\/2017\/01\/2017-01-20.jpg\"><img fetchpriority=\"high\" decoding=\"async\" class=\"alignnone wp-image-5050\" src=\"https:\/\/marekkuchcinski.pl\/wp-content\/uploads\/2017\/01\/2017-01-20.jpg\" alt=\"2017-01-20\" width=\"632\" height=\"457\" srcset=\"https:\/\/marekkuchcinski.pl\/wp-content\/uploads\/2017\/01\/2017-01-20.jpg 416w, https:\/\/marekkuchcinski.pl\/wp-content\/uploads\/2017\/01\/2017-01-20-300x217.jpg 300w\" sizes=\"(max-width: 632px) 100vw, 632px\" \/><\/a><\/p>","protected":false},"excerpt":{"rendered":"<p>29 stycznia 2017 r. w godz. 10-14\u00a0 w Przemy\u015blu odb\u0119d\u0105 si\u0119 zawody narciarskie dla os\u00f3b nieposiadaj\u0105cych licencji Polskiego Zwi\u0105zku Narciarskiego. Mi\u0119dzynarodowy Puchar Karpat w Narciarstwie Alpejskim patronatem obj\u0119li Marsza\u0142ek Sejmu Marek Kuchci\u0144ski oraz Przewodnicz\u0105cy Parlament\u00f3w pa\u0144stw Grupy Wyszehradzkiej. Zawody organizuje Prezydent Miasta Przemy\u015bla przy wsp\u00f3\u0142udziale Sejmu RP, Ministerstwa Sportu i Turystyki, Marsza\u0142ka Wojew\u00f3dztwa Podkarpackiego oraz [&hellip;]<\/p>\n","protected":false},"author":6,"featured_media":5050,"comment_status":"open","ping_status":"open","sticky":false,"template":"","format":"standard","meta":{"ngg_post_thumbnail":0,"footnotes":""},"categories":[78,49,3],"tags":[],"class_list":["post-5049","post","type-post","status-publish","format-standard","has-post-thumbnail","hentry","category-europa-karpat","category-podkarpacie","category-wydarzenia"],"_links":{"self":[{"href":"https:\/\/marekkuchcinski.pl\/cs\/wp-json\/wp\/v2\/posts\/5049","targetHints":{"allow":["GET"]}}],"collection":[{"href":"https:\/\/marekkuchcinski.pl\/cs\/wp-json\/wp\/v2\/posts"}],"about":[{"href":"https:\/\/marekkuchcinski.pl\/cs\/wp-json\/wp\/v2\/types\/post"}],"author":[{"embeddable":true,"href":"https:\/\/marekkuchcinski.pl\/cs\/wp-json\/wp\/v2\/users\/6"}],"replies":[{"embeddable":true,"href":"https:\/\/marekkuchcinski.pl\/cs\/wp-json\/wp\/v2\/comments?post=5049"}],"version-history":[{"count":6,"href":"https:\/\/marekkuchcinski.pl\/cs\/wp-json\/wp\/v2\/posts\/5049\/revisions"}],"predecessor-version":[{"id":5056,"href":"https:\/\/marekkuchcinski.pl\/cs\/wp-json\/wp\/v2\/posts\/5049\/revisions\/5056"}],"wp:featuredmedia":[{"embeddable":true,"href":"https:\/\/marekkuchcinski.pl\/cs\/wp-json\/wp\/v2\/media\/5050"}],"wp:attachment":[{"href":"https:\/\/marekkuchcinski.pl\/cs\/wp-json\/wp\/v2\/media?parent=5049"}],"wp:term":[{"taxonomy":"category","embeddable":true,"href":"https:\/\/marekkuchcinski.pl\/cs\/wp-json\/wp\/v2\/categories?post=5049"},{"taxonomy":"post_tag","embeddable":true,"href":"https:\/\/marekkuchcinski.pl\/cs\/wp-json\/wp\/v2\/tags?post=5049"}],"curies":[{"name":"wp","href":"https:\/\/api.w.org\/{rel}","templated":true}]}}