{"id":5043,"date":"2017-01-17T23:19:54","date_gmt":"2017-01-17T22:19:54","guid":{"rendered":"https:\/\/marekkuchcinski.pl\/?p=5043"},"modified":"2017-01-18T16:24:33","modified_gmt":"2017-01-18T15:24:33","slug":"zmarl-wiktor-wegrzyn-komandor-rajdow-katynskich","status":"publish","type":"post","link":"https:\/\/marekkuchcinski.pl\/cs\/wazne-daty\/zmarl-wiktor-wegrzyn-komandor-rajdow-katynskich\/","title":{"rendered":"Zem\u0159el Wiktor W\u0119grzyn, velitel Katy\u0148sk\u00e9ho m\u00edtinku"},"content":{"rendered":"<p class=\"hyphenate\">\n<p class=\"hyphenate\">Wiktor W\u0119grzyn se narodil 21. \u010dervence 1939 ve Var\u0161av\u011b, studoval na St\u0159edn\u00ed \u0161kole pl\u00e1nov\u00e1n\u00ed a statistiky (SGPiS), byl knihkupcem a automechanikem. Na konci 60. let byl kv\u016fli sv\u00e9 opozi\u010dn\u00ed \u010dinnosti propu\u0161t\u011bn ze zam\u011bstn\u00e1n\u00ed v Central Oil Products Company. V 70. letech emigroval do USA, kde vedl knihkupectv\u00ed a zasedal v porot\u011b Spole\u010dnosti pro podporu nad\u011bje, kter\u00e1 ud\u011blovala ceny polsk\u00fdm emigrant\u016fm. Na p\u0159elomu let 2000\/2001 se vr\u00e1til do Polska.<\/p>\n<p class=\"hyphenate\">V roce 2001 zalo\u017eil Mezin\u00e1rodn\u00ed motocyklov\u00e9 sdru\u017een\u00ed Katy\u0148, jeho\u017e c\u00edlem je po\u0159\u00e1dat motocyklov\u00e9 srazy na m\u00edsta vra\u017ed a poh\u0159b\u016f polsk\u00fdch vlastenc\u016f. Krom\u011b p\u011bstov\u00e1n\u00ed n\u00e1rodn\u00edch tradic je c\u00edlem spolku tak\u00e9 poskytovat pomoc Pol\u00e1k\u016fm na v\u00fdchod\u011b.<\/p>\n<p class=\"hyphenate\">V roce 2010 mu prezident ud\u011blil Ryt\u00ed\u0159sk\u00fd k\u0159\u00ed\u017e \u0158\u00e1du Polonia Restituta za mimo\u0159\u00e1dn\u00fd p\u0159\u00ednos k p\u0159ipom\u00edn\u00e1n\u00ed pravdy o katy\u0148sk\u00e9m masakru. B\u011bhem parlamentn\u00edch voleb v roce 2015 byl \u010dlenem volebn\u00edho v\u00fdboru Grzegorze Brauna \"Szcz\u0119\u015b\u0107 Bo\u017ce!\". V t\u00e9m\u017ee roce kritizoval polskou vl\u00e1du za to, \u017ee zabr\u00e1nila vstupu do Polska No\u010dn\u00edm vlk\u016fm (rusk\u00e9 organizaci motork\u00e1\u0159\u016f), kte\u0159\u00ed cht\u011bli nav\u0161t\u00edvit hroby voj\u00e1k\u016f Rud\u00e9 arm\u00e1dy.<\/p>\n<p class=\"hyphenate\">V z\u00e1\u0159\u00ed 2015, b\u011bhem p\u0159edposledn\u00edho ro\u010dn\u00edku m\u00edtinku, W\u0119grzyn v rozhovoru pro PAP vzpom\u00ednal, \u017ee dlouho \u017eil v USA a do Polska p\u0159ijel po p\u00e1du komunismu. - Tehdy jsem se dozv\u011bd\u011bl, \u017ee na n\u011bjak\u00e9 \u0161kole se d\u011blal test a 14 procent student\u016f \u0159eklo, \u017ee \u017didy v Katyni zabili Pol\u00e1ci. Vr\u00e1til jsem se do Chicaga, ke sv\u00fdm p\u0159\u00e1tel\u016fm, a p\u0159em\u00fd\u0161lel jsem, co m\u00e1m d\u011blat. A m\u011b napadla motork\u00e1\u0159sk\u00e1 rallye. Takov\u00fdch shrom\u00e1\u017ed\u011bn\u00ed je v Americe mnoho, p\u0159itahuj\u00ed pozornost. Tak jsem zorganizoval vzpom\u00ednkovou akci na masakr v polsk\u00e9 Katyni,\" \u0159ekl W\u0119grzyn.<\/p>\n<p class=\"hyphenate\">B\u011bhem srazu, kter\u00fd m\u00e1 ka\u017ed\u00fd rok trochu jinou trasu, nav\u0161t\u011bvuj\u00ed motork\u00e1\u0159i m\u00edsta na v\u00fdchod\u011b spojen\u00e1 s polsk\u00fdm mu\u010dednictv\u00edm, p\u0159edev\u0161\u00edm s katy\u0148sk\u00fdm masakrem, v\u010detn\u011b Kuropat, Katyn\u011b a Miednoje. \u00da\u010dastn\u00ed se ho \u00fa\u010dastn\u00edci z cel\u00e9 zem\u011b i ze zahrani\u010d\u00ed, z\u00e1stupci r\u016fzn\u00fdch profes\u00ed.<\/p>\n<p class=\"hyphenate\">- Je tu horn\u00edk, pilot a in\u017een\u00fdr, zem\u011bd\u011blec a d\u011bln\u00edk. Mysl\u00edm, \u017ee je v\u0161echny spojuje l\u00e1ska k Polsku a jeho historii, objevuj\u00ed tam jeho jinou tv\u00e1\u0159 a \u010dasto tak\u00e9 znovu objevuj\u00ed sami sebe. Na motorce m\u00e1 \u010dlov\u011bk spoustu \u010dasu na p\u0159em\u00fd\u0161len\u00ed, proto\u017ee jede s\u00e1m, tak\u017ee m\u00e1 \u010das p\u0159em\u00fd\u0161let,\" \u0159ekl W\u0119grzyn a ozn\u00e1mil dal\u0161\u00ed ro\u010dn\u00edky rallye.<\/p>\n<p class=\"hyphenate\"><em>text: Onet<\/em><\/p>\n<p class=\"hyphenate\"><em>Foto: PAP\/L. Szyma\u0144ski<\/em><\/p>","protected":false},"excerpt":{"rendered":"<p>Wiktor W\u0119grzyn urodzi\u0142 si\u0119 21 lipca 1939 r. w Warszawie; studiowa\u0142 w Szkole G\u0142\u00f3wnej Planowania i Statystyki; by\u0142 ksi\u0119garzem i mechanikiem samochodowym. Pod koniec lat 60. z powodu dzia\u0142alno\u015bci w opozycji zosta\u0142 zwolniony z pracy w Centrali Produkt\u00f3w Naftowych. W latach 70. wyemigrowa\u0142 do USA, prowadzi\u0142 tam ksi\u0119garni\u0119, zasiada\u0142 te\u017c w jury Towarzystwa Krzewienia Nadziei, [&hellip;]<\/p>\n","protected":false},"author":6,"featured_media":5044,"comment_status":"open","ping_status":"open","sticky":false,"template":"","format":"standard","meta":{"ngg_post_thumbnail":0,"footnotes":""},"categories":[77],"tags":[],"class_list":["post-5043","post","type-post","status-publish","format-standard","has-post-thumbnail","hentry","category-wazne-daty"],"_links":{"self":[{"href":"https:\/\/marekkuchcinski.pl\/cs\/wp-json\/wp\/v2\/posts\/5043","targetHints":{"allow":["GET"]}}],"collection":[{"href":"https:\/\/marekkuchcinski.pl\/cs\/wp-json\/wp\/v2\/posts"}],"about":[{"href":"https:\/\/marekkuchcinski.pl\/cs\/wp-json\/wp\/v2\/types\/post"}],"author":[{"embeddable":true,"href":"https:\/\/marekkuchcinski.pl\/cs\/wp-json\/wp\/v2\/users\/6"}],"replies":[{"embeddable":true,"href":"https:\/\/marekkuchcinski.pl\/cs\/wp-json\/wp\/v2\/comments?post=5043"}],"version-history":[{"count":1,"href":"https:\/\/marekkuchcinski.pl\/cs\/wp-json\/wp\/v2\/posts\/5043\/revisions"}],"predecessor-version":[{"id":5045,"href":"https:\/\/marekkuchcinski.pl\/cs\/wp-json\/wp\/v2\/posts\/5043\/revisions\/5045"}],"wp:featuredmedia":[{"embeddable":true,"href":"https:\/\/marekkuchcinski.pl\/cs\/wp-json\/wp\/v2\/media\/5044"}],"wp:attachment":[{"href":"https:\/\/marekkuchcinski.pl\/cs\/wp-json\/wp\/v2\/media?parent=5043"}],"wp:term":[{"taxonomy":"category","embeddable":true,"href":"https:\/\/marekkuchcinski.pl\/cs\/wp-json\/wp\/v2\/categories?post=5043"},{"taxonomy":"post_tag","embeddable":true,"href":"https:\/\/marekkuchcinski.pl\/cs\/wp-json\/wp\/v2\/tags?post=5043"}],"curies":[{"name":"wp","href":"https:\/\/api.w.org\/{rel}","templated":true}]}}