{"id":5020,"date":"2017-01-17T13:38:50","date_gmt":"2017-01-17T12:38:50","guid":{"rendered":"https:\/\/marekkuchcinski.pl\/?p=5020"},"modified":"2017-01-17T13:38:50","modified_gmt":"2017-01-17T12:38:50","slug":"jaroslaw-kaczynski-o-marszalku-sejmu-zmiana-wchodzi-ogole-gre","status":"publish","type":"post","link":"https:\/\/marekkuchcinski.pl\/cs\/wydarzenia\/jaroslaw-kaczynski-o-marszalku-sejmu-zmiana-wchodzi-ogole-gre\/","title":{"rendered":"Jaros\u0142aw Kaczy\u0144ski na mar\u0161\u00e1lka Sejmu: Jeho zm\u011bna v\u016fbec nep\u0159ipad\u00e1 v \u00favahu"},"content":{"rendered":"<p><a href=\"https:\/\/marekkuchcinski.pl\/wp-content\/uploads\/2017\/01\/Zrzut-ekranu-2017-01-17-o-13.31.13.png\"><img fetchpriority=\"high\" decoding=\"async\" class=\"alignnone size-full wp-image-5021\" src=\"https:\/\/marekkuchcinski.pl\/wp-content\/uploads\/2017\/01\/Zrzut-ekranu-2017-01-17-o-13.31.13.png\" alt=\"Zrzut ekranu 2017-01-17 o 13.31.13\" width=\"2560\" height=\"1600\" srcset=\"https:\/\/marekkuchcinski.pl\/wp-content\/uploads\/2017\/01\/Zrzut-ekranu-2017-01-17-o-13.31.13.png 2048w, https:\/\/marekkuchcinski.pl\/wp-content\/uploads\/2017\/01\/Zrzut-ekranu-2017-01-17-o-13.31.13-300x188.png 300w, https:\/\/marekkuchcinski.pl\/wp-content\/uploads\/2017\/01\/Zrzut-ekranu-2017-01-17-o-13.31.13-768x480.png 768w, https:\/\/marekkuchcinski.pl\/wp-content\/uploads\/2017\/01\/Zrzut-ekranu-2017-01-17-o-13.31.13-1024x640.png 1024w\" sizes=\"(max-width: 2560px) 100vw, 2560px\" \/><\/a><\/p>\n<p>- Mar\u0161\u00e1l Marek Kuchci\u0144ski je natolik klidn\u00fd a m\u00edrn\u00fd \u010dlov\u011bk, \u017ee kdy\u017e dr\u017e\u00ed mar\u0161\u00e1lskou h\u016fl, doch\u00e1z\u00ed k m\u00e9n\u011b konflikt\u016fm,\" \u0159ekl prezident PiS v rozhovoru pro \u0161t\u011bt\u00ednsk\u00e9 r\u00e1dio. - Mar\u0161\u00e1l se ni\u010deho nedopustil, jeho zm\u011bna nep\u0159ipad\u00e1 v \u00favahu.<\/p>\n<p>http:\/\/radioszczecin.pl\/6,348296,zmiana-marszalka-w-ogole-nie-wchodzi-w-gre&#038;s=1&#038;si=1&#038;sp=1?<\/p>\n<p>&nbsp;<\/p>","protected":false},"excerpt":{"rendered":"<p>\u2013 Marsza\u0142ek Marek Kuchci\u0144ski jest cz\u0142owiekiem tak spokojnym i \u0142agodnym, \u017ce przy dzier\u017ceniu przez niego laski marsza\u0142kowskiej konflikt\u00f3w jest mniej \u2013 powiedzia\u0142 Prezes PiS podczas wywiadu w radiu Szczecin. \u2013 Marsza\u0142ek nic z\u0142ego nie zrobi\u0142, jego zmiana nie wchodzi w og\u00f3le w gr\u0119. http:\/\/radioszczecin.pl\/6,348296,zmiana-marszalka-w-ogole-nie-wchodzi-w-gre&#038;s=1&#038;si=1&#038;sp=1? &nbsp;<\/p>","protected":false},"author":6,"featured_media":0,"comment_status":"open","ping_status":"open","sticky":false,"template":"","format":"standard","meta":{"ngg_post_thumbnail":0,"footnotes":""},"categories":[82,81,3],"tags":[],"class_list":["post-5020","post","type-post","status-publish","format-standard","hentry","category-prawo-i-sprawiedliwosc","category-wiesci-z-sejmu","category-wydarzenia"],"_links":{"self":[{"href":"https:\/\/marekkuchcinski.pl\/cs\/wp-json\/wp\/v2\/posts\/5020","targetHints":{"allow":["GET"]}}],"collection":[{"href":"https:\/\/marekkuchcinski.pl\/cs\/wp-json\/wp\/v2\/posts"}],"about":[{"href":"https:\/\/marekkuchcinski.pl\/cs\/wp-json\/wp\/v2\/types\/post"}],"author":[{"embeddable":true,"href":"https:\/\/marekkuchcinski.pl\/cs\/wp-json\/wp\/v2\/users\/6"}],"replies":[{"embeddable":true,"href":"https:\/\/marekkuchcinski.pl\/cs\/wp-json\/wp\/v2\/comments?post=5020"}],"version-history":[{"count":1,"href":"https:\/\/marekkuchcinski.pl\/cs\/wp-json\/wp\/v2\/posts\/5020\/revisions"}],"predecessor-version":[{"id":5022,"href":"https:\/\/marekkuchcinski.pl\/cs\/wp-json\/wp\/v2\/posts\/5020\/revisions\/5022"}],"wp:attachment":[{"href":"https:\/\/marekkuchcinski.pl\/cs\/wp-json\/wp\/v2\/media?parent=5020"}],"wp:term":[{"taxonomy":"category","embeddable":true,"href":"https:\/\/marekkuchcinski.pl\/cs\/wp-json\/wp\/v2\/categories?post=5020"},{"taxonomy":"post_tag","embeddable":true,"href":"https:\/\/marekkuchcinski.pl\/cs\/wp-json\/wp\/v2\/tags?post=5020"}],"curies":[{"name":"wp","href":"https:\/\/api.w.org\/{rel}","templated":true}]}}