{"id":5005,"date":"2017-01-13T11:20:18","date_gmt":"2017-01-13T10:20:18","guid":{"rendered":"https:\/\/marekkuchcinski.pl\/?p=5005"},"modified":"2017-01-13T11:20:18","modified_gmt":"2017-01-13T10:20:18","slug":"34-posiedzenie-sejmu-rp","status":"publish","type":"post","link":"https:\/\/marekkuchcinski.pl\/cs\/wydarzenia\/34-posiedzenie-sejmu-rp\/","title":{"rendered":"34. zased\u00e1n\u00ed polsk\u00e9ho Sejmu"},"content":{"rendered":"<p>Prvn\u00ed den 34. sch\u016fze Sejmu za\u010dal uct\u011bn\u00edm pam\u00e1tky Stanis\u0142awa Hniedziewicze, Longina Komo\u0142owsk\u00e9ho, Janusze Brochwicze-Lewi\u0144sk\u00e9ho alias Gryfa a Marie \u0141opatkov\u00e9.<br \/>\n- Opozi\u010dn\u00ed poslanci ji\u017e neobsazuj\u00ed \u0159e\u010dnick\u00fd pult\u00edk Sejmu,\" \u0159ekl p\u0159edseda Sejmu Marek Kuchci\u0144ski b\u011bhem druh\u00e9ho dne 34. zased\u00e1n\u00ed Sejmu. - Vzhledem k tomu, \u017ee tato situace vyvolala ur\u010dit\u00e9 rozru\u0161en\u00ed, rozhodl jsem se, \u017ee je nutn\u00e9 prov\u00e9st hlub\u0161\u00ed anal\u00fdzu ud\u00e1lost\u00ed, kter\u00e9 se v posledn\u00edch t\u00fddnech odehr\u00e1ly v polsk\u00e9m Sejmu. Je t\u0159eba vyhl\u00e1sit del\u0161\u00ed p\u0159est\u00e1vku, ale je\u0161t\u011b ne\u017e tak u\u010din\u00edm, po\u017e\u00e1d\u00e1m v\u0161echny poslance, zejm\u00e9na p\u0159edsedy a \u010dleny p\u0159edsednictev parlamentn\u00edch v\u00fdbor\u016f, panel\u016f, dvoustrann\u00fdch skupin a skupin, kter\u00e9 pracuj\u00ed i v mezin\u00e1rodn\u00ed oblasti, aby intenzivn\u011b pracovali na odstran\u011bn\u00ed vznikl\u00fdch nedod\u011blk\u016f. Prohla\u0161uji zased\u00e1n\u00ed za p\u0159eru\u0161en\u00e9 do 25. ledna 2017 v 9:00 hodin.<\/p>\n<p><a href=\"https:\/\/marekkuchcinski.pl\/wp-content\/uploads\/2017\/01\/KU095422.jpg\"><img fetchpriority=\"high\" decoding=\"async\" class=\"alignnone size-full wp-image-5006\" src=\"https:\/\/marekkuchcinski.pl\/wp-content\/uploads\/2017\/01\/KU095422.jpg\" alt=\"KU095422\" width=\"1800\" height=\"1200\" srcset=\"https:\/\/marekkuchcinski.pl\/wp-content\/uploads\/2017\/01\/KU095422.jpg 1800w, https:\/\/marekkuchcinski.pl\/wp-content\/uploads\/2017\/01\/KU095422-300x200.jpg 300w, https:\/\/marekkuchcinski.pl\/wp-content\/uploads\/2017\/01\/KU095422-768x512.jpg 768w, https:\/\/marekkuchcinski.pl\/wp-content\/uploads\/2017\/01\/KU095422-1024x683.jpg 1024w\" sizes=\"(max-width: 1800px) 100vw, 1800px\" \/><\/a><a href=\"https:\/\/marekkuchcinski.pl\/wp-content\/uploads\/2017\/01\/KU095057.jpg\"><img decoding=\"async\" class=\"alignnone size-full wp-image-5007\" src=\"https:\/\/marekkuchcinski.pl\/wp-content\/uploads\/2017\/01\/KU095057.jpg\" alt=\"KU095057\" width=\"1800\" height=\"1200\" srcset=\"https:\/\/marekkuchcinski.pl\/wp-content\/uploads\/2017\/01\/KU095057.jpg 1800w, https:\/\/marekkuchcinski.pl\/wp-content\/uploads\/2017\/01\/KU095057-300x200.jpg 300w, https:\/\/marekkuchcinski.pl\/wp-content\/uploads\/2017\/01\/KU095057-768x512.jpg 768w, https:\/\/marekkuchcinski.pl\/wp-content\/uploads\/2017\/01\/KU095057-1024x683.jpg 1024w\" sizes=\"(max-width: 1800px) 100vw, 1800px\" \/><\/a> <a href=\"https:\/\/marekkuchcinski.pl\/wp-content\/uploads\/2017\/01\/KA201844.jpg\"><img decoding=\"async\" class=\"alignnone size-full wp-image-5008\" src=\"https:\/\/marekkuchcinski.pl\/wp-content\/uploads\/2017\/01\/KA201844.jpg\" alt=\"KA201844\" width=\"1800\" height=\"1200\" srcset=\"https:\/\/marekkuchcinski.pl\/wp-content\/uploads\/2017\/01\/KA201844.jpg 1800w, https:\/\/marekkuchcinski.pl\/wp-content\/uploads\/2017\/01\/KA201844-300x200.jpg 300w, https:\/\/marekkuchcinski.pl\/wp-content\/uploads\/2017\/01\/KA201844-768x512.jpg 768w, https:\/\/marekkuchcinski.pl\/wp-content\/uploads\/2017\/01\/KA201844-1024x683.jpg 1024w\" sizes=\"(max-width: 1800px) 100vw, 1800px\" \/><\/a> <a href=\"https:\/\/marekkuchcinski.pl\/wp-content\/uploads\/2017\/01\/KA201840-2.jpg\"><img loading=\"lazy\" decoding=\"async\" class=\"alignnone size-full wp-image-5009\" src=\"https:\/\/marekkuchcinski.pl\/wp-content\/uploads\/2017\/01\/KA201840-2.jpg\" alt=\"KA201840-2\" width=\"1800\" height=\"1200\" srcset=\"https:\/\/marekkuchcinski.pl\/wp-content\/uploads\/2017\/01\/KA201840-2.jpg 1800w, https:\/\/marekkuchcinski.pl\/wp-content\/uploads\/2017\/01\/KA201840-2-300x200.jpg 300w, https:\/\/marekkuchcinski.pl\/wp-content\/uploads\/2017\/01\/KA201840-2-768x512.jpg 768w, https:\/\/marekkuchcinski.pl\/wp-content\/uploads\/2017\/01\/KA201840-2-1024x683.jpg 1024w\" sizes=\"(max-width: 1800px) 100vw, 1800px\" \/><\/a> <a href=\"https:\/\/marekkuchcinski.pl\/wp-content\/uploads\/2017\/01\/KU094064.jpg\"><img loading=\"lazy\" decoding=\"async\" class=\"alignnone size-full wp-image-5010\" src=\"https:\/\/marekkuchcinski.pl\/wp-content\/uploads\/2017\/01\/KU094064.jpg\" alt=\"KU094064\" width=\"1800\" height=\"1200\" srcset=\"https:\/\/marekkuchcinski.pl\/wp-content\/uploads\/2017\/01\/KU094064.jpg 1800w, https:\/\/marekkuchcinski.pl\/wp-content\/uploads\/2017\/01\/KU094064-300x200.jpg 300w, https:\/\/marekkuchcinski.pl\/wp-content\/uploads\/2017\/01\/KU094064-768x512.jpg 768w, https:\/\/marekkuchcinski.pl\/wp-content\/uploads\/2017\/01\/KU094064-1024x683.jpg 1024w\" sizes=\"(max-width: 1800px) 100vw, 1800px\" \/><\/a><\/p>","protected":false},"excerpt":{"rendered":"<p>Pierwszy dzie\u0144 34. posiedzenia Sejmu pos\u0142owie zacz\u0119li od z\u0142o\u017cenia ho\u0142du\u00a0Stanis\u0142awowi Hniedziewiczowi, Longinowi Komo\u0142owskiego, Januszowi Brochwicz-Lewi\u0144skiemu ps. Gryf i Marii \u0141opatkowej. \u2013 Pos\u0142owie opozycji przestaj\u0105 okupowa\u0107 sejmow\u0105 m\u00f3wnic\u0119 \u2013 powiedzia\u0142 podczas drugiego dnia 34. posiedzenia Sejmu marsza\u0142ek Marek Kuchci\u0144ski. \u2013 W zwi\u0105zku z tym, \u017ce ta sytuacja spowodowa\u0142a pewne perturbacje, uzna\u0142em, \u017ce trzeba dokona\u0107 g\u0142\u0119bszej analizy [&hellip;]<\/p>\n","protected":false},"author":6,"featured_media":5006,"comment_status":"open","ping_status":"open","sticky":false,"template":"","format":"standard","meta":{"ngg_post_thumbnail":0,"footnotes":""},"categories":[81,3],"tags":[],"class_list":["post-5005","post","type-post","status-publish","format-standard","has-post-thumbnail","hentry","category-wiesci-z-sejmu","category-wydarzenia"],"_links":{"self":[{"href":"https:\/\/marekkuchcinski.pl\/cs\/wp-json\/wp\/v2\/posts\/5005","targetHints":{"allow":["GET"]}}],"collection":[{"href":"https:\/\/marekkuchcinski.pl\/cs\/wp-json\/wp\/v2\/posts"}],"about":[{"href":"https:\/\/marekkuchcinski.pl\/cs\/wp-json\/wp\/v2\/types\/post"}],"author":[{"embeddable":true,"href":"https:\/\/marekkuchcinski.pl\/cs\/wp-json\/wp\/v2\/users\/6"}],"replies":[{"embeddable":true,"href":"https:\/\/marekkuchcinski.pl\/cs\/wp-json\/wp\/v2\/comments?post=5005"}],"version-history":[{"count":1,"href":"https:\/\/marekkuchcinski.pl\/cs\/wp-json\/wp\/v2\/posts\/5005\/revisions"}],"predecessor-version":[{"id":5011,"href":"https:\/\/marekkuchcinski.pl\/cs\/wp-json\/wp\/v2\/posts\/5005\/revisions\/5011"}],"wp:featuredmedia":[{"embeddable":true,"href":"https:\/\/marekkuchcinski.pl\/cs\/wp-json\/wp\/v2\/media\/5006"}],"wp:attachment":[{"href":"https:\/\/marekkuchcinski.pl\/cs\/wp-json\/wp\/v2\/media?parent=5005"}],"wp:term":[{"taxonomy":"category","embeddable":true,"href":"https:\/\/marekkuchcinski.pl\/cs\/wp-json\/wp\/v2\/categories?post=5005"},{"taxonomy":"post_tag","embeddable":true,"href":"https:\/\/marekkuchcinski.pl\/cs\/wp-json\/wp\/v2\/tags?post=5005"}],"curies":[{"name":"wp","href":"https:\/\/api.w.org\/{rel}","templated":true}]}}