{"id":499,"date":"2014-06-16T16:55:48","date_gmt":"2014-06-16T14:55:48","guid":{"rendered":"https:\/\/marekkuchcinski.pl\/?p=499"},"modified":"2016-08-25T16:58:24","modified_gmt":"2016-08-25T14:58:24","slug":"obchody-100-lecia-czynu-niepodleglosciowego-w-przemyslu","status":"publish","type":"post","link":"https:\/\/marekkuchcinski.pl\/cs\/wydarzenia\/obchody-100-lecia-czynu-niepodleglosciowego-w-przemyslu\/","title":{"rendered":"Oslavy 100 let Listiny nez\u00e1vislosti v Przemy\u015blu"},"content":{"rendered":"<p><img decoding=\"async\" class=\"alignleft size-full wp-image-498\" style=\"float: left;\" alt=\"zdjecie\" src=\"https:\/\/marekkuchcinski.pl\/wp-content\/uploads\/2014\/06\/zdjecie.jpg\" height=\"107\" width=\"160\" srcset=\"https:\/\/marekkuchcinski.pl\/wp-content\/uploads\/2014\/06\/zdjecie.jpg 1000w, https:\/\/marekkuchcinski.pl\/wp-content\/uploads\/2014\/06\/zdjecie-300x200.jpg 300w, https:\/\/marekkuchcinski.pl\/wp-content\/uploads\/2014\/06\/zdjecie-768x512.jpg 768w\" sizes=\"(max-width: 160px) 100vw, 160px\" \/>V sobotu 14. \u010dervna se v Przemy\u015blu uskute\u010dnily oslavy 100. v\u00fdro\u010d\u00ed podeps\u00e1n\u00ed Listiny nez\u00e1vislosti, kter\u00e9 uspo\u0159\u00e1dali m\u00edstop\u0159edseda Sejmu Marek Kuchci\u0144ski, mar\u0161\u00e1lek Podkarpatsk\u00e9ho vojvodstv\u00ed W\u0142adys\u0142aw Ortyl, prezident m\u011bsta Przemy\u015bl Robert Choma, N\u00e1rodn\u00ed muzeum zem\u011b Przemy\u0161lsk\u00e9 a St\u0159eleck\u00fd spolek \"Strzelec\".<\/p>\n<p>Nad akc\u00ed p\u0159evzal \u010destn\u00fd patron\u00e1t Jaros\u0142aw Kaczy\u0144ski - p\u0159edseda Spole\u010densk\u00e9ho v\u00fdboru pro Akt nez\u00e1vislosti.<\/p>\n<p>  <!--more-->  <\/p>\n<p>Oslavy byly zah\u00e1jeny m\u0161\u00ed svatou v p\u0159emy\u0161lsk\u00e9 arcibiskupsk\u00e9 katedr\u00e1le, kter\u00e9 p\u0159edsedal biskup Stanis\u0142aw Jamrozek. P\u0159\u00edtomni byli z\u00e1stupci parlamentu, st\u00e1tn\u00ed spr\u00e1vy a samospr\u00e1vy, St\u0159eleck\u00e9ho spolku \"Strzellec\", vlajkono\u0161i, pozvan\u00ed host\u00e9 a obyvatel\u00e9 m\u011bsta. Ve sv\u00e9 homilii biskup p\u0159ipomn\u011bl v\u00fdro\u010d\u00ed a povzbudil mlad\u00e9 lidi k vlasteneck\u00fdm postoj\u016fm. Nechyb\u011bli ani skauti a o hudebn\u00ed kulisu se postarala skautsk\u00e1 dechovka ze \u017duravice.<\/p>\n<p>Po m\u0161i se \u00fa\u010dastn\u00edci slavnosti p\u0159esunuli na n\u00e1m\u011bst\u00ed Niepodleg\u0142o\u015bci, kde zhl\u00e9dli um\u011bleck\u00fd program p\u0159ipraven\u00fd u p\u0159\u00edle\u017eitosti 100. v\u00fdro\u010d\u00ed Listiny nez\u00e1vislosti polsk\u00fdmi a lvovsk\u00fdmi herci a mlad\u00fdmi lidmi ze sdru\u017een\u00ed \"Strzelc\". Pam\u011btn\u00ed diplomy obdr\u017eeli tak\u00e9 v\u00edt\u011bzov\u00e9 vzd\u011bl\u00e1vac\u00ed m\u011bstsk\u00e9 hry \"Przemy\u015bl 1914-1919\".<\/p>\n<p>Po vystoupen\u00ed se v\u0161ichni vydali na pochod k budov\u011b N\u00e1rodn\u00edho muzea zem\u011b Przemyslovy, kde byly polo\u017eeny kv\u011btiny k pam\u011btn\u00ed desce Svazu aktivn\u00edho boje. Pam\u011btn\u00ed desku odhalil v roce 2008 zesnul\u00fd polsk\u00fd prezident Lech Kaczy\u0144ski. Slavnostn\u00ed ceremoni\u00e1l na n\u00e1m\u011bst\u00ed Nez\u00e1vislosti byl zakon\u010den cvi\u010dnou uk\u00e1zkou st\u0159elby.<\/p>\n<p>N\u00e1sledovalo odhalen\u00ed a posv\u011bcen\u00ed pam\u011btn\u00ed desky ob\u011btem smolensk\u00e9 katastrofy, kter\u00e1 byla um\u00edst\u011bna na jedn\u00e9 ze st\u011bn N\u00e1rodn\u00edho muzea P\u0159emy\u0161lska. Slavnostn\u00ed odhalen\u00ed provedli vicemar\u0161\u00e1lek polsk\u00e9ho Sejmu Marek Kuchci\u0144ski, mar\u0161\u00e1lek W\u0142adys\u0142aw Ortyl a prezident m\u011bsta Przemy\u015bl Robert Choma.<\/p>\n<p>Foto: Rafa\u0142 Porada<\/p>","protected":false},"excerpt":{"rendered":"<p>W dniu 14 czerwca (sobota) br. w Przemy\u015blu odby\u0142y si\u0119 uroczysto\u015bci z okazji 100-lecia Czynu Niepodleg\u0142o\u015bciowego, kt\u00f3rych organizatorami byli: Wicemarsza\u0142ek Sejmu RP Marek Kuchci\u0144ski, Marsza\u0142ek Wojew\u00f3dztwa Podkarpackiego W\u0142adys\u0142aw Ortyl, Prezydent Miasta Przemy\u015bla Robert Choma, Muzeum Narodowe Ziemi Przemyskiej oraz Zwi\u0105zek Strzelecki \u201eStrzelec\u201d. Patronat Honorowy nad wydarzeniem obj\u0105\u0142 Jaros\u0142aw Kaczy\u0144ski &#8211; Przewodnicz\u0105cy Spo\u0142ecznego Komitetu Czynu Niepodleg\u0142o\u015bciowego.<\/p>","protected":false},"author":6,"featured_media":498,"comment_status":"open","ping_status":"open","sticky":false,"template":"","format":"standard","meta":{"ngg_post_thumbnail":0,"footnotes":""},"categories":[3],"tags":[],"class_list":["post-499","post","type-post","status-publish","format-standard","has-post-thumbnail","hentry","category-wydarzenia"],"yoast_head":"<!-- This site is optimized with the Yoast SEO plugin v24.7 - https:\/\/yoast.com\/wordpress\/plugins\/seo\/ -->\n<title>Obchody 100-lecia Czynu Niepodleg\u0142o\u015bciowego w Przemy\u015blu &#8211; Marek Kuchci\u0144ski<\/title>\n<meta name=\"robots\" content=\"index, follow, max-snippet:-1, max-image-preview:large, max-video-preview:-1\" \/>\n<link rel=\"canonical\" href=\"https:\/\/marekkuchcinski.pl\/cs\/wydarzenia\/obchody-100-lecia-czynu-niepodleglosciowego-w-przemyslu\/\" \/>\n<meta property=\"og:locale\" content=\"cs_CZ\" \/>\n<meta property=\"og:type\" content=\"article\" \/>\n<meta property=\"og:title\" content=\"Obchody 100-lecia Czynu Niepodleg\u0142o\u015bciowego w Przemy\u015blu &#8211; Marek Kuchci\u0144ski\" \/>\n<meta property=\"og:description\" content=\"W dniu 14 czerwca (sobota) br. w Przemy\u015blu odby\u0142y si\u0119 uroczysto\u015bci z okazji 100-lecia Czynu Niepodleg\u0142o\u015bciowego, kt\u00f3rych organizatorami byli: Wicemarsza\u0142ek Sejmu RP Marek Kuchci\u0144ski, Marsza\u0142ek Wojew\u00f3dztwa Podkarpackiego W\u0142adys\u0142aw Ortyl, Prezydent Miasta Przemy\u015bla Robert Choma, Muzeum Narodowe Ziemi Przemyskiej oraz Zwi\u0105zek Strzelecki \u201eStrzelec\u201d. Patronat Honorowy nad wydarzeniem obj\u0105\u0142 Jaros\u0142aw Kaczy\u0144ski &#8211; Przewodnicz\u0105cy Spo\u0142ecznego Komitetu Czynu Niepodleg\u0142o\u015bciowego.\" \/>\n<meta property=\"og:url\" content=\"https:\/\/marekkuchcinski.pl\/cs\/wydarzenia\/obchody-100-lecia-czynu-niepodleglosciowego-w-przemyslu\/\" \/>\n<meta property=\"og:site_name\" content=\"Marek Kuchci\u0144ski\" \/>\n<meta property=\"article:published_time\" content=\"2014-06-16T14:55:48+00:00\" \/>\n<meta property=\"article:modified_time\" content=\"2016-08-25T14:58:24+00:00\" \/>\n<meta property=\"og:image\" content=\"https:\/\/marekkuchcinski.pl\/wp-content\/uploads\/2014\/06\/zdjecie.jpg\" \/>\n\t<meta property=\"og:image:width\" content=\"1000\" \/>\n\t<meta property=\"og:image:height\" content=\"667\" \/>\n\t<meta property=\"og:image:type\" content=\"image\/jpeg\" \/>\n<meta name=\"author\" content=\"admin\" \/>\n<meta name=\"twitter:card\" content=\"summary_large_image\" \/>\n<meta name=\"twitter:label1\" content=\"Napsal(a)\" \/>\n\t<meta name=\"twitter:data1\" content=\"admin\" \/>\n\t<meta name=\"twitter:label2\" content=\"Odhadovan\u00e1 doba \u010dten\u00ed\" \/>\n\t<meta name=\"twitter:data2\" content=\"2 minuty\" \/>\n<script type=\"application\/ld+json\" class=\"yoast-schema-graph\">{\"@context\":\"https:\/\/schema.org\",\"@graph\":[{\"@type\":\"Article\",\"@id\":\"https:\/\/marekkuchcinski.pl\/sk\/wydarzenia\/obchody-100-lecia-czynu-niepodleglosciowego-w-przemyslu\/#article\",\"isPartOf\":{\"@id\":\"https:\/\/marekkuchcinski.pl\/sk\/wydarzenia\/obchody-100-lecia-czynu-niepodleglosciowego-w-przemyslu\/\"},\"author\":{\"name\":\"admin\",\"@id\":\"https:\/\/marekkuchcinski.pl\/#\/schema\/person\/6f62700996b4d950b6ea2d1183b6c6be\"},\"headline\":\"Obchody 100-lecia Czynu Niepodleg\u0142o\u015bciowego w Przemy\u015blu\",\"datePublished\":\"2014-06-16T14:55:48+00:00\",\"dateModified\":\"2016-08-25T14:58:24+00:00\",\"mainEntityOfPage\":{\"@id\":\"https:\/\/marekkuchcinski.pl\/sk\/wydarzenia\/obchody-100-lecia-czynu-niepodleglosciowego-w-przemyslu\/\"},\"wordCount\":324,\"commentCount\":0,\"publisher\":{\"@id\":\"https:\/\/marekkuchcinski.pl\/#organization\"},\"image\":{\"@id\":\"https:\/\/marekkuchcinski.pl\/sk\/wydarzenia\/obchody-100-lecia-czynu-niepodleglosciowego-w-przemyslu\/#primaryimage\"},\"thumbnailUrl\":\"https:\/\/marekkuchcinski.pl\/wp-content\/uploads\/2014\/06\/zdjecie.jpg\",\"articleSection\":[\"Wydarzenia\"],\"inLanguage\":\"cs\",\"potentialAction\":[{\"@type\":\"CommentAction\",\"name\":\"Comment\",\"target\":[\"https:\/\/marekkuchcinski.pl\/sk\/wydarzenia\/obchody-100-lecia-czynu-niepodleglosciowego-w-przemyslu\/#respond\"]}]},{\"@type\":\"WebPage\",\"@id\":\"https:\/\/marekkuchcinski.pl\/sk\/wydarzenia\/obchody-100-lecia-czynu-niepodleglosciowego-w-przemyslu\/\",\"url\":\"https:\/\/marekkuchcinski.pl\/sk\/wydarzenia\/obchody-100-lecia-czynu-niepodleglosciowego-w-przemyslu\/\",\"name\":\"Obchody 100-lecia Czynu Niepodleg\u0142o\u015bciowego w Przemy\u015blu &#8211; Marek Kuchci\u0144ski\",\"isPartOf\":{\"@id\":\"https:\/\/marekkuchcinski.pl\/#website\"},\"primaryImageOfPage\":{\"@id\":\"https:\/\/marekkuchcinski.pl\/sk\/wydarzenia\/obchody-100-lecia-czynu-niepodleglosciowego-w-przemyslu\/#primaryimage\"},\"image\":{\"@id\":\"https:\/\/marekkuchcinski.pl\/sk\/wydarzenia\/obchody-100-lecia-czynu-niepodleglosciowego-w-przemyslu\/#primaryimage\"},\"thumbnailUrl\":\"https:\/\/marekkuchcinski.pl\/wp-content\/uploads\/2014\/06\/zdjecie.jpg\",\"datePublished\":\"2014-06-16T14:55:48+00:00\",\"dateModified\":\"2016-08-25T14:58:24+00:00\",\"breadcrumb\":{\"@id\":\"https:\/\/marekkuchcinski.pl\/sk\/wydarzenia\/obchody-100-lecia-czynu-niepodleglosciowego-w-przemyslu\/#breadcrumb\"},\"inLanguage\":\"cs\",\"potentialAction\":[{\"@type\":\"ReadAction\",\"target\":[\"https:\/\/marekkuchcinski.pl\/sk\/wydarzenia\/obchody-100-lecia-czynu-niepodleglosciowego-w-przemyslu\/\"]}]},{\"@type\":\"ImageObject\",\"inLanguage\":\"cs\",\"@id\":\"https:\/\/marekkuchcinski.pl\/sk\/wydarzenia\/obchody-100-lecia-czynu-niepodleglosciowego-w-przemyslu\/#primaryimage\",\"url\":\"https:\/\/marekkuchcinski.pl\/wp-content\/uploads\/2014\/06\/zdjecie.jpg\",\"contentUrl\":\"https:\/\/marekkuchcinski.pl\/wp-content\/uploads\/2014\/06\/zdjecie.jpg\",\"width\":1000,\"height\":667,\"caption\":\"zdjecie\"},{\"@type\":\"BreadcrumbList\",\"@id\":\"https:\/\/marekkuchcinski.pl\/sk\/wydarzenia\/obchody-100-lecia-czynu-niepodleglosciowego-w-przemyslu\/#breadcrumb\",\"itemListElement\":[{\"@type\":\"ListItem\",\"position\":1,\"name\":\"Strona g\u0142\u00f3wna\",\"item\":\"https:\/\/marekkuchcinski.pl\/\"},{\"@type\":\"ListItem\",\"position\":2,\"name\":\"Obchody 100-lecia Czynu Niepodleg\u0142o\u015bciowego w Przemy\u015blu\"}]},{\"@type\":\"WebSite\",\"@id\":\"https:\/\/marekkuchcinski.pl\/#website\",\"url\":\"https:\/\/marekkuchcinski.pl\/\",\"name\":\"Marek Kuchci\u0144ski\",\"description\":\"Pose\u0142 na sejm RP &ndash; okr\u0119g nr 22\",\"publisher\":{\"@id\":\"https:\/\/marekkuchcinski.pl\/#organization\"},\"potentialAction\":[{\"@type\":\"SearchAction\",\"target\":{\"@type\":\"EntryPoint\",\"urlTemplate\":\"https:\/\/marekkuchcinski.pl\/?s={search_term_string}\"},\"query-input\":{\"@type\":\"PropertyValueSpecification\",\"valueRequired\":true,\"valueName\":\"search_term_string\"}}],\"inLanguage\":\"cs\"},{\"@type\":\"Organization\",\"@id\":\"https:\/\/marekkuchcinski.pl\/#organization\",\"name\":\"Marek Kuchci\u0144ski\",\"url\":\"https:\/\/marekkuchcinski.pl\/\",\"logo\":{\"@type\":\"ImageObject\",\"inLanguage\":\"cs\",\"@id\":\"https:\/\/marekkuchcinski.pl\/#\/schema\/logo\/image\/\",\"url\":\"https:\/\/marekkuchcinski.pl\/wp-content\/uploads\/2022\/09\/Marek.jpg\",\"contentUrl\":\"https:\/\/marekkuchcinski.pl\/wp-content\/uploads\/2022\/09\/Marek.jpg\",\"width\":1600,\"height\":971,\"caption\":\"Marek Kuchci\u0144ski\"},\"image\":{\"@id\":\"https:\/\/marekkuchcinski.pl\/#\/schema\/logo\/image\/\"}},{\"@type\":\"Person\",\"@id\":\"https:\/\/marekkuchcinski.pl\/#\/schema\/person\/6f62700996b4d950b6ea2d1183b6c6be\",\"name\":\"admin\",\"image\":{\"@type\":\"ImageObject\",\"inLanguage\":\"cs\",\"@id\":\"https:\/\/marekkuchcinski.pl\/#\/schema\/person\/image\/\",\"url\":\"https:\/\/secure.gravatar.com\/avatar\/4bab693b9d55c3d6b52c0296a8765085?s=96&d=mm&r=g\",\"contentUrl\":\"https:\/\/secure.gravatar.com\/avatar\/4bab693b9d55c3d6b52c0296a8765085?s=96&d=mm&r=g\",\"caption\":\"admin\"},\"url\":\"https:\/\/marekkuchcinski.pl\/cs\/author\/marta-olejnik\/\"}]}<\/script>\n<!-- \/ Yoast SEO plugin. -->","yoast_head_json":{"title":"Obchody 100-lecia Czynu Niepodleg\u0142o\u015bciowego w Przemy\u015blu &#8211; Marek Kuchci\u0144ski","robots":{"index":"index","follow":"follow","max-snippet":"max-snippet:-1","max-image-preview":"max-image-preview:large","max-video-preview":"max-video-preview:-1"},"canonical":"https:\/\/marekkuchcinski.pl\/cs\/wydarzenia\/obchody-100-lecia-czynu-niepodleglosciowego-w-przemyslu\/","og_locale":"cs_CZ","og_type":"article","og_title":"Obchody 100-lecia Czynu Niepodleg\u0142o\u015bciowego w Przemy\u015blu &#8211; Marek Kuchci\u0144ski","og_description":"W dniu 14 czerwca (sobota) br. w Przemy\u015blu odby\u0142y si\u0119 uroczysto\u015bci z okazji 100-lecia Czynu Niepodleg\u0142o\u015bciowego, kt\u00f3rych organizatorami byli: Wicemarsza\u0142ek Sejmu RP Marek Kuchci\u0144ski, Marsza\u0142ek Wojew\u00f3dztwa Podkarpackiego W\u0142adys\u0142aw Ortyl, Prezydent Miasta Przemy\u015bla Robert Choma, Muzeum Narodowe Ziemi Przemyskiej oraz Zwi\u0105zek Strzelecki \u201eStrzelec\u201d. Patronat Honorowy nad wydarzeniem obj\u0105\u0142 Jaros\u0142aw Kaczy\u0144ski &#8211; Przewodnicz\u0105cy Spo\u0142ecznego Komitetu Czynu Niepodleg\u0142o\u015bciowego.","og_url":"https:\/\/marekkuchcinski.pl\/cs\/wydarzenia\/obchody-100-lecia-czynu-niepodleglosciowego-w-przemyslu\/","og_site_name":"Marek Kuchci\u0144ski","article_published_time":"2014-06-16T14:55:48+00:00","article_modified_time":"2016-08-25T14:58:24+00:00","og_image":[{"width":1000,"height":667,"url":"https:\/\/marekkuchcinski.pl\/wp-content\/uploads\/2014\/06\/zdjecie.jpg","type":"image\/jpeg"}],"author":"admin","twitter_card":"summary_large_image","twitter_misc":{"Napsal(a)":"admin","Odhadovan\u00e1 doba \u010dten\u00ed":"2 minuty"},"schema":{"@context":"https:\/\/schema.org","@graph":[{"@type":"Article","@id":"https:\/\/marekkuchcinski.pl\/sk\/wydarzenia\/obchody-100-lecia-czynu-niepodleglosciowego-w-przemyslu\/#article","isPartOf":{"@id":"https:\/\/marekkuchcinski.pl\/sk\/wydarzenia\/obchody-100-lecia-czynu-niepodleglosciowego-w-przemyslu\/"},"author":{"name":"admin","@id":"https:\/\/marekkuchcinski.pl\/#\/schema\/person\/6f62700996b4d950b6ea2d1183b6c6be"},"headline":"Obchody 100-lecia Czynu Niepodleg\u0142o\u015bciowego w Przemy\u015blu","datePublished":"2014-06-16T14:55:48+00:00","dateModified":"2016-08-25T14:58:24+00:00","mainEntityOfPage":{"@id":"https:\/\/marekkuchcinski.pl\/sk\/wydarzenia\/obchody-100-lecia-czynu-niepodleglosciowego-w-przemyslu\/"},"wordCount":324,"commentCount":0,"publisher":{"@id":"https:\/\/marekkuchcinski.pl\/#organization"},"image":{"@id":"https:\/\/marekkuchcinski.pl\/sk\/wydarzenia\/obchody-100-lecia-czynu-niepodleglosciowego-w-przemyslu\/#primaryimage"},"thumbnailUrl":"https:\/\/marekkuchcinski.pl\/wp-content\/uploads\/2014\/06\/zdjecie.jpg","articleSection":["Wydarzenia"],"inLanguage":"cs","potentialAction":[{"@type":"CommentAction","name":"Comment","target":["https:\/\/marekkuchcinski.pl\/sk\/wydarzenia\/obchody-100-lecia-czynu-niepodleglosciowego-w-przemyslu\/#respond"]}]},{"@type":"WebPage","@id":"https:\/\/marekkuchcinski.pl\/sk\/wydarzenia\/obchody-100-lecia-czynu-niepodleglosciowego-w-przemyslu\/","url":"https:\/\/marekkuchcinski.pl\/sk\/wydarzenia\/obchody-100-lecia-czynu-niepodleglosciowego-w-przemyslu\/","name":"Obchody 100-lecia Czynu Niepodleg\u0142o\u015bciowego w Przemy\u015blu &#8211; Marek Kuchci\u0144ski","isPartOf":{"@id":"https:\/\/marekkuchcinski.pl\/#website"},"primaryImageOfPage":{"@id":"https:\/\/marekkuchcinski.pl\/sk\/wydarzenia\/obchody-100-lecia-czynu-niepodleglosciowego-w-przemyslu\/#primaryimage"},"image":{"@id":"https:\/\/marekkuchcinski.pl\/sk\/wydarzenia\/obchody-100-lecia-czynu-niepodleglosciowego-w-przemyslu\/#primaryimage"},"thumbnailUrl":"https:\/\/marekkuchcinski.pl\/wp-content\/uploads\/2014\/06\/zdjecie.jpg","datePublished":"2014-06-16T14:55:48+00:00","dateModified":"2016-08-25T14:58:24+00:00","breadcrumb":{"@id":"https:\/\/marekkuchcinski.pl\/sk\/wydarzenia\/obchody-100-lecia-czynu-niepodleglosciowego-w-przemyslu\/#breadcrumb"},"inLanguage":"cs","potentialAction":[{"@type":"ReadAction","target":["https:\/\/marekkuchcinski.pl\/sk\/wydarzenia\/obchody-100-lecia-czynu-niepodleglosciowego-w-przemyslu\/"]}]},{"@type":"ImageObject","inLanguage":"cs","@id":"https:\/\/marekkuchcinski.pl\/sk\/wydarzenia\/obchody-100-lecia-czynu-niepodleglosciowego-w-przemyslu\/#primaryimage","url":"https:\/\/marekkuchcinski.pl\/wp-content\/uploads\/2014\/06\/zdjecie.jpg","contentUrl":"https:\/\/marekkuchcinski.pl\/wp-content\/uploads\/2014\/06\/zdjecie.jpg","width":1000,"height":667,"caption":"zdjecie"},{"@type":"BreadcrumbList","@id":"https:\/\/marekkuchcinski.pl\/sk\/wydarzenia\/obchody-100-lecia-czynu-niepodleglosciowego-w-przemyslu\/#breadcrumb","itemListElement":[{"@type":"ListItem","position":1,"name":"Strona g\u0142\u00f3wna","item":"https:\/\/marekkuchcinski.pl\/"},{"@type":"ListItem","position":2,"name":"Obchody 100-lecia Czynu Niepodleg\u0142o\u015bciowego w Przemy\u015blu"}]},{"@type":"WebSite","@id":"https:\/\/marekkuchcinski.pl\/#website","url":"https:\/\/marekkuchcinski.pl\/","name":"Marek Kuchci\u0144ski","description":"Pose\u0142 na sejm RP &ndash; okr\u0119g nr 22","publisher":{"@id":"https:\/\/marekkuchcinski.pl\/#organization"},"potentialAction":[{"@type":"SearchAction","target":{"@type":"EntryPoint","urlTemplate":"https:\/\/marekkuchcinski.pl\/?s={search_term_string}"},"query-input":{"@type":"PropertyValueSpecification","valueRequired":true,"valueName":"search_term_string"}}],"inLanguage":"cs"},{"@type":"Organization","@id":"https:\/\/marekkuchcinski.pl\/#organization","name":"Marek Kuchci\u0144ski","url":"https:\/\/marekkuchcinski.pl\/","logo":{"@type":"ImageObject","inLanguage":"cs","@id":"https:\/\/marekkuchcinski.pl\/#\/schema\/logo\/image\/","url":"https:\/\/marekkuchcinski.pl\/wp-content\/uploads\/2022\/09\/Marek.jpg","contentUrl":"https:\/\/marekkuchcinski.pl\/wp-content\/uploads\/2022\/09\/Marek.jpg","width":1600,"height":971,"caption":"Marek Kuchci\u0144ski"},"image":{"@id":"https:\/\/marekkuchcinski.pl\/#\/schema\/logo\/image\/"}},{"@type":"Person","@id":"https:\/\/marekkuchcinski.pl\/#\/schema\/person\/6f62700996b4d950b6ea2d1183b6c6be","name":"admin","image":{"@type":"ImageObject","inLanguage":"cs","@id":"https:\/\/marekkuchcinski.pl\/#\/schema\/person\/image\/","url":"https:\/\/secure.gravatar.com\/avatar\/4bab693b9d55c3d6b52c0296a8765085?s=96&d=mm&r=g","contentUrl":"https:\/\/secure.gravatar.com\/avatar\/4bab693b9d55c3d6b52c0296a8765085?s=96&d=mm&r=g","caption":"admin"},"url":"https:\/\/marekkuchcinski.pl\/cs\/author\/marta-olejnik\/"}]}},"_links":{"self":[{"href":"https:\/\/marekkuchcinski.pl\/cs\/wp-json\/wp\/v2\/posts\/499","targetHints":{"allow":["GET"]}}],"collection":[{"href":"https:\/\/marekkuchcinski.pl\/cs\/wp-json\/wp\/v2\/posts"}],"about":[{"href":"https:\/\/marekkuchcinski.pl\/cs\/wp-json\/wp\/v2\/types\/post"}],"author":[{"embeddable":true,"href":"https:\/\/marekkuchcinski.pl\/cs\/wp-json\/wp\/v2\/users\/6"}],"replies":[{"embeddable":true,"href":"https:\/\/marekkuchcinski.pl\/cs\/wp-json\/wp\/v2\/comments?post=499"}],"version-history":[{"count":1,"href":"https:\/\/marekkuchcinski.pl\/cs\/wp-json\/wp\/v2\/posts\/499\/revisions"}],"predecessor-version":[{"id":1360,"href":"https:\/\/marekkuchcinski.pl\/cs\/wp-json\/wp\/v2\/posts\/499\/revisions\/1360"}],"wp:featuredmedia":[{"embeddable":true,"href":"https:\/\/marekkuchcinski.pl\/cs\/wp-json\/wp\/v2\/media\/498"}],"wp:attachment":[{"href":"https:\/\/marekkuchcinski.pl\/cs\/wp-json\/wp\/v2\/media?parent=499"}],"wp:term":[{"taxonomy":"category","embeddable":true,"href":"https:\/\/marekkuchcinski.pl\/cs\/wp-json\/wp\/v2\/categories?post=499"},{"taxonomy":"post_tag","embeddable":true,"href":"https:\/\/marekkuchcinski.pl\/cs\/wp-json\/wp\/v2\/tags?post=499"}],"curies":[{"name":"wp","href":"https:\/\/api.w.org\/{rel}","templated":true}]}}