{"id":4985,"date":"2017-01-10T15:31:38","date_gmt":"2017-01-10T14:31:38","guid":{"rendered":"https:\/\/marekkuchcinski.pl\/?p=4985"},"modified":"2017-01-10T15:44:24","modified_gmt":"2017-01-10T14:44:24","slug":"10-1569-r-rozpoczely-sie-obrady-sejmu-poprzedzajace-zawarcie-unii-polsko-litewskiej","status":"publish","type":"post","link":"https:\/\/marekkuchcinski.pl\/cs\/wazne-daty\/10-1569-r-rozpoczely-sie-obrady-sejmu-poprzedzajace-zawarcie-unii-polsko-litewskiej\/","title":{"rendered":"10. ledna 1569 za\u010dalo zased\u00e1n\u00ed Sejmu, kter\u00e9 p\u0159edch\u00e1zelo uzav\u0159en\u00ed polsko-litevsk\u00e9 unie."},"content":{"rendered":"<p><strong>10. ledna 1569 zah\u00e1jil na z\u00e1mku v Lublinu sejm zased\u00e1n\u00ed, kter\u00e9 p\u0159edch\u00e1zelo uzav\u0159en\u00ed polsko-litevsk\u00e9 unie, je\u017e vytvo\u0159ila geopolitickou velmoc.<\/strong><\/p>\n<p>C\u00edlem zm\u00edn\u011bn\u00e9ho Sejmu bylo trvale sjednotit Korunu a Litevsk\u00e9 velkokn\u00ed\u017eectv\u00ed. Lublinsk\u00e1 unie byla dohodou mezi dv\u011bma zem\u011bmi, Korunou a Litevsk\u00fdm velkokn\u00ed\u017eectv\u00edm, kter\u00e1 vytvo\u0159ila nov\u00fd st\u00e1t, Republiku obou n\u00e1rod\u016f. Tento akt se li\u0161il od p\u0159edchoz\u00edch, proto\u017ee spojil oba st\u00e1ty za zcela odli\u0161n\u00fdch podm\u00ednek. Dosud jsme se v d\u011bjin\u00e1ch na\u0161\u00ed zem\u011b zab\u00fdvali person\u00e1ln\u00ed uni\u00ed (s p\u0159est\u00e1vkou v letech 1440-1447 a v letech 1492-1501), tj. spojen\u00edm st\u00e1t\u016f prost\u0159ednictv\u00edm osoby panovn\u00edka. Cesta k vytvo\u0159en\u00ed Rzeczpospolit\u00e9 nebyla snadn\u00e1, proto\u017ee Zikmund August musel dlouh\u00e1 l\u00e9ta bojovat s odp\u016frci unie v \u010dele s Miko\u0142ajem \"\u010cern\u00fdm\" Radziwi\u0142\u0142. Teprve jeho smrt v roce 1565 oslabila t\u00e1bor odp\u016frc\u016f unie, kter\u00fd p\u0159i\u0161el o sv\u00e9ho charismatick\u00e9ho v\u016fdce.<\/p>\n<p>Kone\u010dn\u00fd akt unie byl ob\u011bma stranami schv\u00e1len 29. \u010dervna 1569. Pol\u00e1ci a Litevci si vym\u011b\u0148ovali akty sjednocen\u00ed. P\u0159\u00edsaha se konala 1. \u010dervence 1569. Vzhledem k tomu, \u017ee Litevci vstupovali do polsk\u00e9ho sen\u00e1tu, museli p\u0159\u00edsahat nejen na unii, ale tak\u00e9 na v\u011brnost korun\u011b. Bylo rozhodnuto, \u017ee nov\u00fd st\u00e1t bude m\u00edt spole\u010dn\u00e9ho panovn\u00edka, parlament, m\u011bnu a zahrani\u010dn\u00ed a obrannou politiku. St\u00e1tn\u00ed pokladna z\u016fstala odd\u011blen\u00e1, stejn\u011b jako \u00fa\u0159ady, arm\u00e1da a soudnictv\u00ed. Byl ustaven spole\u010dn\u00fd Gener\u00e1ln\u00ed sn\u011bm a za m\u00edsto kon\u00e1n\u00ed byla zvolena Var\u0161ava. Poslaneck\u00e1 sn\u011bmovna se skl\u00e1dala ze 114 \u010dlen\u016f Koruny a 48 \u010dlen\u016f Litvy. Sen\u00e1t se naopak skl\u00e1dal ze 113 sen\u00e1tor\u016f z Koruny a 27 z Litvy.<\/p>\n<p><em>zdroj: historkon.pl<\/em><\/p>\n<p><em>malba: Jan Matejko \"Unie Lubesy<\/em><\/p>\n<p><a href=\"https:\/\/marekkuchcinski.pl\/wp-content\/uploads\/2017\/01\/J._Matejko_unia_lubelska.png\"><img fetchpriority=\"high\" decoding=\"async\" class=\"alignnone size-full wp-image-4986\" src=\"https:\/\/marekkuchcinski.pl\/wp-content\/uploads\/2017\/01\/J._Matejko_unia_lubelska.png\" alt=\"j-_matejko_unia_lubelska\" width=\"1280\" height=\"743\" srcset=\"https:\/\/marekkuchcinski.pl\/wp-content\/uploads\/2017\/01\/J._Matejko_unia_lubelska.png 1280w, https:\/\/marekkuchcinski.pl\/wp-content\/uploads\/2017\/01\/J._Matejko_unia_lubelska-300x174.png 300w, https:\/\/marekkuchcinski.pl\/wp-content\/uploads\/2017\/01\/J._Matejko_unia_lubelska-768x446.png 768w, https:\/\/marekkuchcinski.pl\/wp-content\/uploads\/2017\/01\/J._Matejko_unia_lubelska-1024x594.png 1024w\" sizes=\"(max-width: 1280px) 100vw, 1280px\" \/><\/a><\/p>","protected":false},"excerpt":{"rendered":"<p>10 I 1569 roku na zamku w Lublinie rozpocz\u0119\u0142y si\u0119 obrady Sejmu poprzedzaj\u0105ce zawarcie unii polsko-litewskiej, kt\u00f3ra stworzy\u0142a geopolityczne mocarstwo. Celem wspomnianego sejmu mia\u0142o by\u0107 trwa\u0142e po\u0142\u0105czenie Korony i Wielkiego Ksi\u0119stwa Litewskiego. Unia lubelska\u00a0to umowa mi\u0119dzy dwoma pa\u0144stwami \u2013 Koron\u0105 i Wielkim Ksi\u0119stwem Litewskim, na mocy kt\u00f3rej powsta\u0142o nowe pa\u0144stwo Rzeczpospolita Obojga Narod\u00f3w. Akt ten [&hellip;]<\/p>\n","protected":false},"author":6,"featured_media":4986,"comment_status":"open","ping_status":"open","sticky":false,"template":"","format":"standard","meta":{"ngg_post_thumbnail":0,"footnotes":""},"categories":[77],"tags":[],"class_list":["post-4985","post","type-post","status-publish","format-standard","has-post-thumbnail","hentry","category-wazne-daty"],"_links":{"self":[{"href":"https:\/\/marekkuchcinski.pl\/cs\/wp-json\/wp\/v2\/posts\/4985","targetHints":{"allow":["GET"]}}],"collection":[{"href":"https:\/\/marekkuchcinski.pl\/cs\/wp-json\/wp\/v2\/posts"}],"about":[{"href":"https:\/\/marekkuchcinski.pl\/cs\/wp-json\/wp\/v2\/types\/post"}],"author":[{"embeddable":true,"href":"https:\/\/marekkuchcinski.pl\/cs\/wp-json\/wp\/v2\/users\/6"}],"replies":[{"embeddable":true,"href":"https:\/\/marekkuchcinski.pl\/cs\/wp-json\/wp\/v2\/comments?post=4985"}],"version-history":[{"count":5,"href":"https:\/\/marekkuchcinski.pl\/cs\/wp-json\/wp\/v2\/posts\/4985\/revisions"}],"predecessor-version":[{"id":4994,"href":"https:\/\/marekkuchcinski.pl\/cs\/wp-json\/wp\/v2\/posts\/4985\/revisions\/4994"}],"wp:featuredmedia":[{"embeddable":true,"href":"https:\/\/marekkuchcinski.pl\/cs\/wp-json\/wp\/v2\/media\/4986"}],"wp:attachment":[{"href":"https:\/\/marekkuchcinski.pl\/cs\/wp-json\/wp\/v2\/media?parent=4985"}],"wp:term":[{"taxonomy":"category","embeddable":true,"href":"https:\/\/marekkuchcinski.pl\/cs\/wp-json\/wp\/v2\/categories?post=4985"},{"taxonomy":"post_tag","embeddable":true,"href":"https:\/\/marekkuchcinski.pl\/cs\/wp-json\/wp\/v2\/tags?post=4985"}],"curies":[{"name":"wp","href":"https:\/\/api.w.org\/{rel}","templated":true}]}}