{"id":4971,"date":"2017-01-10T11:30:18","date_gmt":"2017-01-10T10:30:18","guid":{"rendered":"https:\/\/marekkuchcinski.pl\/?p=4971"},"modified":"2017-01-10T11:52:04","modified_gmt":"2017-01-10T10:52:04","slug":"marszalek-sejmu-radykalne-ugrupowania-opozycyjne-zlamaly-regulamin-sejmu-kodeks-karny","status":"publish","type":"post","link":"https:\/\/marekkuchcinski.pl\/cs\/wydarzenia\/marszalek-sejmu-radykalne-ugrupowania-opozycyjne-zlamaly-regulamin-sejmu-kodeks-karny\/","title":{"rendered":"P\u0159edseda Sejmu: Radik\u00e1ln\u00ed opozice poru\u0161ila jednac\u00ed \u0159\u00e1d Sejmu a trestn\u00ed z\u00e1kon\u00edk"},"content":{"rendered":"<p>Radykalne ugrupowania opozycyjne przekroczy\u0142y granic\u0119, z\u0142ama\u0142y\u00a0Regulamin Sejmu i Kodeks karny; uwa\u017cam, \u017ce prokuratura z urz\u0119du\u00a0powinna przeanalizowa\u0107 zachowania tych pos\u0142\u00f3w i rozpocz\u0105\u0107 formalne\u00a0kroki\u00a0\u2013 powiedzia\u0142 marsza\u0142ek Sejmu Marek Kuchci\u0144ski podczas wywiadu w TVP Info.<\/p>\n<p>Pytany o obecn\u0105 sytuacj\u0119 w Sejmie m\u00f3wi\u0142:\u00a0\u2013\u00a0Wyobra\u017cam sobie opozycj\u0119 normaln\u0105, kt\u00f3ra stosuje metody\u00a0demokratyczne, kt\u00f3ra podporz\u0105dkowuje si\u0119 przepisom wewn\u0119trznym,\u00a0Regulaminowi Sejmu i w ten spos\u00f3b dzia\u0142a. Tak dzia\u0142a\u0142o PiS przez\u00a0ostatnie osiem lat, byli\u015bmy opozycj\u0105 bardzo nieelegancko traktowan\u0105.<\/p>\n<p>\u2013 W tej sytuacji\u00a0\u2013 m\u00f3wi\u0142 marsza\u0142ek Sejmu\u00a0\u2013 uwa\u017cam, \u017ce te ugrupowania\u00a0opozycyjne radykalne, \u00a0przekroczy\u0142y granic\u0119, z\u0142ama\u0142y\u00a0Regulamin Sejmu, a tak\u017ce Kodeks karny.\u00a0To jest dylemat \u2013 czy Kancelaria Sejmu, marsza\u0142ek Sejmu powinni oficjalnie wyst\u0105pi\u0107 do prokuratury w tej sprawie. Do tej pory, jak sobie przypominam, w \u017cadnej kadencji takich dzia\u0142a\u0144 nie\u00a0by\u0142o. Nie chcia\u0142bym wprowadza\u0107 precedensu. Sprawa jest moim zdaniem\u00a0otwarta. Uwa\u017cam, \u017ce prokuratura z urz\u0119du powinna przeanalizowa\u0107 te\u00a0zachowania tych pos\u0142\u00f3w i rozpocz\u0105\u0107 formalne kroki.<\/p>\n<p>\u2013 Z formalnego punktu widzenia poprzednie posiedzenie Sejmu zosta\u0142o\u00a0zako\u0144czone. Ustawy zosta\u0142y uchwalone. W \u015brod\u0119 rozpoczniemy nast\u0119pne,\u00a0posiedzenie Sejmu. \u00a0Nie ma \u017cadnej formalnej podstawy do podwa\u017cania tej decyzji.<\/p>\n<p>Marsza\u0142ek Sejmu, pytany przez red. Skowro\u0144skiego, czy bra\u0142 pod uwag\u0119 u\u017cycie Stra\u017cy Marsza\u0142kowskiej 16 grudnia m\u00f3wi\u0142: \u2013 Mia\u0142em tak\u0105 mo\u017cliwo\u015b\u0107 w g\u0142owie. Mia\u0142em te\u017c w g\u0142owie alternatyw\u0119 zast\u0119pcz\u0105 \u2013 mniej emocjonaln\u0105. Przenios\u0142em obrady do innej sali.<\/p>\n<p>\u2013\u00a0Je\u015bli chodzi o dziennikarzy, to by\u0142y propozycje, kt\u00f3re zosta\u0142y przekazane \u015brodowisku\u00a0dziennikarskiemu. I rozpocz\u0119li\u015bmy prace konsultacyjne nad projektem\u00a0zorganizowania, ucywilizowania obecno\u015bci i pracy dziennikarzy.\u00a0[Dzia\u0142ania opozycji] to by\u0142y elementy wielkiej akcji wymierzonej w\u00a0wi\u0119kszo\u015b\u0107 sejmow\u0105. Moj\u0105 intencj\u0105 by\u0142o doprowadzenie do standard\u00f3w\u00a0europejskich. Je\u017celi jacy\u015b dziennikarze id\u0105 za pos\u0142em a\u017c do toalety,\u00a0to czy to jest uczciwe, cywilizowane? Je\u017celi dziennikarze potykaj\u0105 si\u0119,\u00a0depcz\u0105, to czy to jest cywilizowana praca? Wola\u0142bym, aby\u00a0polityk\u00f3w nie pytano na korytarzu, tylko w specjalnie wyznaczonym\u00a0miejscu Chodzi o to, by nie by\u0142o samowoli i pewnego targowiska. W\u00a0Wielkiej Brytanii nie ma hydeparku w parlamencie.\u00a0Mam nadziej\u0119, \u017ce pos\u0142owie, kt\u00f3rzy do tej pory zajmuj\u0105 sal\u0119 plenarn\u0105,\u00a0zrezygnuj\u0105 z takiej formy protestu; apeluj\u0119 do nich, by opu\u015bcili Sejm\u00a0i umo\u017cliwili przygotowanie sali do obrad.\u00a0Mam nadziej\u0119, \u017ce pos\u0142owie, kt\u00f3rzy do tej pory zajmuj\u0105 sal\u0119 plenarn\u0105,\u00a0blokuj\u0105 prace Sejmu, zrezygnuj\u0105 z takiej formy protestu, poniewa\u017c jest\u00a0to protest niezgodny z przepisami i niezgodny z prawem \u2013 powiedzia\u0142 marsza\u0142ek\u00a0Kuchci\u0144ski.<\/p>\n<p>\u2013 Dzi\u015b projekt bud\u017cetu jest w Senacie. Senat w tym tygodniu b\u0119dzie nad nim pracowa\u0142, wi\u0119c jakakolwiek szansa namys\u0142u, by znale\u017a\u0107 recept\u0119 jest w\u0142a\u015bnie w Senacie, a marsza\u0142ek Senatu zaproponowa\u0142 bardzo dobre rozwi\u0105zanie \u2013 m\u00f3wi\u0142.<\/p>\n<p>\u2013 Apeluj\u0119 do pos\u0142\u00f3w, by opu\u015bcili Sejm, umo\u017cliwili przygotowanie sali\u00a0sejmowej \u2013 bo przecie\u017c trzeba sprawdzi\u0107 j\u0105, przygotowa\u0107, badania\u00a0pirotechniczne przeprowadzi\u0107, BOR musi sprawdzi\u0107 sal\u0119 sejmow\u0105, \u017ceby\u00a0da\u0107 certyfikat bezpiecze\u0144stwa i w\u00f3wczas b\u0119d\u0119 m\u00f3g\u0142 og\u0142osi\u0107, rozpocz\u0105\u0107\u00a0posiedzenie w sali plenarnej \u2013 zako\u0144czy\u0142 marsza\u0142ek Kuchci\u0144ski.<\/p>\n<p><a href=\"https:\/\/marekkuchcinski.pl\/wp-content\/uploads\/2017\/01\/15895729_1849077415308479_2200955833512433015_o.jpg\"><img fetchpriority=\"high\" decoding=\"async\" class=\"alignnone size-full wp-image-4972\" src=\"https:\/\/marekkuchcinski.pl\/wp-content\/uploads\/2017\/01\/15895729_1849077415308479_2200955833512433015_o.jpg\" alt=\"15895729_1849077415308479_2200955833512433015_o\" width=\"1366\" height=\"768\" srcset=\"https:\/\/marekkuchcinski.pl\/wp-content\/uploads\/2017\/01\/15895729_1849077415308479_2200955833512433015_o.jpg 1366w, https:\/\/marekkuchcinski.pl\/wp-content\/uploads\/2017\/01\/15895729_1849077415308479_2200955833512433015_o-300x169.jpg 300w, https:\/\/marekkuchcinski.pl\/wp-content\/uploads\/2017\/01\/15895729_1849077415308479_2200955833512433015_o-768x432.jpg 768w, https:\/\/marekkuchcinski.pl\/wp-content\/uploads\/2017\/01\/15895729_1849077415308479_2200955833512433015_o-1024x576.jpg 1024w\" sizes=\"(max-width: 1366px) 100vw, 1366px\" \/><\/a><\/p>\n<p>https:\/\/www.youtube.com\/watch?v=34mmW18kJ-8<\/p>\n","protected":false},"excerpt":{"rendered":"<p>Radykalne ugrupowania opozycyjne przekroczy\u0142y granic\u0119, z\u0142ama\u0142y\u00a0Regulamin Sejmu i Kodeks karny; uwa\u017cam, \u017ce prokuratura z urz\u0119du\u00a0powinna przeanalizowa\u0107 zachowania tych pos\u0142\u00f3w i rozpocz\u0105\u0107 formalne\u00a0kroki\u00a0\u2013 powiedzia\u0142 marsza\u0142ek Sejmu Marek Kuchci\u0144ski podczas wywiadu w TVP Info. Pytany o obecn\u0105 sytuacj\u0119 w Sejmie m\u00f3wi\u0142:\u00a0\u2013\u00a0Wyobra\u017cam sobie opozycj\u0119 normaln\u0105, kt\u00f3ra stosuje metody\u00a0demokratyczne, kt\u00f3ra podporz\u0105dkowuje si\u0119 przepisom wewn\u0119trznym,\u00a0Regulaminowi Sejmu i w ten spos\u00f3b [&hellip;]<\/p>\n","protected":false},"author":6,"featured_media":4972,"comment_status":"open","ping_status":"open","sticky":false,"template":"","format":"standard","meta":{"ngg_post_thumbnail":0,"footnotes":""},"categories":[81,3],"tags":[],"class_list":["post-4971","post","type-post","status-publish","format-standard","has-post-thumbnail","hentry","category-wiesci-z-sejmu","category-wydarzenia"],"_links":{"self":[{"href":"https:\/\/marekkuchcinski.pl\/cs\/wp-json\/wp\/v2\/posts\/4971","targetHints":{"allow":["GET"]}}],"collection":[{"href":"https:\/\/marekkuchcinski.pl\/cs\/wp-json\/wp\/v2\/posts"}],"about":[{"href":"https:\/\/marekkuchcinski.pl\/cs\/wp-json\/wp\/v2\/types\/post"}],"author":[{"embeddable":true,"href":"https:\/\/marekkuchcinski.pl\/cs\/wp-json\/wp\/v2\/users\/6"}],"replies":[{"embeddable":true,"href":"https:\/\/marekkuchcinski.pl\/cs\/wp-json\/wp\/v2\/comments?post=4971"}],"version-history":[{"count":7,"href":"https:\/\/marekkuchcinski.pl\/cs\/wp-json\/wp\/v2\/posts\/4971\/revisions"}],"predecessor-version":[{"id":4980,"href":"https:\/\/marekkuchcinski.pl\/cs\/wp-json\/wp\/v2\/posts\/4971\/revisions\/4980"}],"wp:featuredmedia":[{"embeddable":true,"href":"https:\/\/marekkuchcinski.pl\/cs\/wp-json\/wp\/v2\/media\/4972"}],"wp:attachment":[{"href":"https:\/\/marekkuchcinski.pl\/cs\/wp-json\/wp\/v2\/media?parent=4971"}],"wp:term":[{"taxonomy":"category","embeddable":true,"href":"https:\/\/marekkuchcinski.pl\/cs\/wp-json\/wp\/v2\/categories?post=4971"},{"taxonomy":"post_tag","embeddable":true,"href":"https:\/\/marekkuchcinski.pl\/cs\/wp-json\/wp\/v2\/tags?post=4971"}],"curies":[{"name":"wp","href":"https:\/\/api.w.org\/{rel}","templated":true}]}}