{"id":4933,"date":"2016-12-29T22:35:53","date_gmt":"2016-12-29T21:35:53","guid":{"rendered":"https:\/\/marekkuchcinski.pl\/?p=4933"},"modified":"2016-12-30T19:27:50","modified_gmt":"2016-12-30T18:27:50","slug":"sesja-naukowa-poswiecona-abp-ignacemu-tokarczukowi","status":"publish","type":"post","link":"https:\/\/marekkuchcinski.pl\/cs\/wydarzenia\/sesja-naukowa-poswiecona-abp-ignacemu-tokarczukowi\/","title":{"rendered":"V\u011bdeck\u00e9 zased\u00e1n\u00ed v\u011bnovan\u00e9 arcibiskupovi metropolitovi Przemy\u0161lu, arcibiskupovi Ignacymu Tokarczukovi"},"content":{"rendered":"<p>U p\u0159\u00edle\u017eitosti \u010dtvrt\u00e9ho v\u00fdro\u010d\u00ed \u00famrt\u00ed arcibiskupa Ign\u00e1ce Tokarczuka se konalo v\u011bdeck\u00e9 zased\u00e1n\u00ed v\u011bnovan\u00e9 tomuto velk\u00e9mu past\u00fd\u0159i. Konferenci p\u0159ipravil Institut n\u00e1rodn\u00ed pam\u011bti pobo\u010dka v Rzeszow\u011b, N\u00e1rodn\u00ed muzeum v Przemyslu, Odd\u011blen\u00ed historie a kulturn\u00edho d\u011bdictv\u00ed Pape\u017esk\u00e9 univerzity Jana Pavla II. v Krakov\u011b a Arcibiskupsk\u00e1 farnost sv. Jana K\u0159titele a Nanebevzet\u00ed Panny Marie v Przemyslu. Konferenci po\u0159\u00e1dala arcikac\u00ed\u0159sk\u00e1 farnost svat\u00e9ho Jana K\u0159titele a Nanebevzet\u00ed Panny Marie v Przemy\u015blu. P\u0159edn\u00e1\u0161ej\u00edc\u00edmi byli:<\/p>\n<ul>\n<li><em>Dr. Jan Musia\u0142 - Nepravoslavn\u00e9 publikace p\u0159emyslovsk\u00e9 diec\u00e9ze v 80. letech 20. stolet\u00ed<\/em><\/li>\n<li><em>dr Mariusz Krzysztofi\u0144ski - Prezentace knihy Non omnis moriar. Arcibiskup Ignacy Tokarczuk ve sv\u00fdch pam\u011btech<\/em><\/li>\n<li><em>Prof. Dr. J\u00f3zef Wo\u0142cza\u0144ski - Prezentace knihy - \"Miloval jsem tyto lidi cel\u00fdm sv\u00fdm srdcem a oddanost\u00ed\". Vzpom\u00ednky 1918-1976\u00a0<\/em><\/li>\n<\/ul>\n<p>Arcibiskup Ignacy Tokarczuk je ikonou boje proti komunismu. Byl radik\u00e1ln\u00ed a ne\u00fastupn\u00fd. Sledov\u00e1n a pron\u00e1sledov\u00e1n Bezpe\u010dnostn\u00ed slu\u017ebou se nikdy nevzdal sv\u00e9ho boje za svobodu a pravdu. Tehdej\u0161\u00ed \u00fa\u0159ady pova\u017eovaly p\u0159emy\u0161lsk\u00e9ho metropolitu za nep\u0159\u00edtele c\u00edrkve \u010d\u00edslo t\u0159i, hned po Janu Pavlu II. a kardin\u00e1lu Stefanu Wyszy\u0144sk\u00e9m. V polovin\u011b 70. let 20. stolet\u00ed ohla\u0161oval p\u00e1d komunistick\u00e9ho syst\u00e9mu a cestu utla\u010dovan\u00fdch n\u00e1rod\u016f ke svobod\u011b. Podporoval Solidaritu, represovan\u00e9 a radil otci Jerzymu Popie\u0142uszkovi. Jeho z\u00e1sluhou bylo v p\u0159emyslovsk\u00e9 diec\u00e9zi zalo\u017eeno 220 nov\u00fdch farnost\u00ed.<\/p>\n<p><a href=\"https:\/\/marekkuchcinski.pl\/wp-content\/uploads\/2016\/12\/tokarczuk.jpg\"><img fetchpriority=\"high\" decoding=\"async\" class=\"alignnone wp-image-4937\" src=\"https:\/\/marekkuchcinski.pl\/wp-content\/uploads\/2016\/12\/tokarczuk.jpg\" alt=\"tokarczuk\" width=\"781\" height=\"588\" srcset=\"https:\/\/marekkuchcinski.pl\/wp-content\/uploads\/2016\/12\/tokarczuk.jpg 619w, https:\/\/marekkuchcinski.pl\/wp-content\/uploads\/2016\/12\/tokarczuk-300x226.jpg 300w\" sizes=\"(max-width: 781px) 100vw, 781px\" \/><\/a><a href=\"https:\/\/marekkuchcinski.pl\/wp-content\/uploads\/2016\/12\/DSC09911.jpg\"><img decoding=\"async\" class=\"alignnone size-full wp-image-4953\" src=\"https:\/\/marekkuchcinski.pl\/wp-content\/uploads\/2016\/12\/DSC09911.jpg\" alt=\"dsc09911\" width=\"1021\" height=\"554\" srcset=\"https:\/\/marekkuchcinski.pl\/wp-content\/uploads\/2016\/12\/DSC09911.jpg 1021w, https:\/\/marekkuchcinski.pl\/wp-content\/uploads\/2016\/12\/DSC09911-300x163.jpg 300w, https:\/\/marekkuchcinski.pl\/wp-content\/uploads\/2016\/12\/DSC09911-768x417.jpg 768w\" sizes=\"(max-width: 1021px) 100vw, 1021px\" \/><\/a><a href=\"https:\/\/marekkuchcinski.pl\/wp-content\/uploads\/2016\/12\/DSC0092-001-1.jpg\"><img decoding=\"async\" class=\"alignnone size-full wp-image-4946\" src=\"https:\/\/marekkuchcinski.pl\/wp-content\/uploads\/2016\/12\/DSC0092-001-1.jpg\" alt=\"_dsc0092-001\" width=\"1872\" height=\"1403\" srcset=\"https:\/\/marekkuchcinski.pl\/wp-content\/uploads\/2016\/12\/DSC0092-001-1.jpg 1872w, https:\/\/marekkuchcinski.pl\/wp-content\/uploads\/2016\/12\/DSC0092-001-1-300x225.jpg 300w, https:\/\/marekkuchcinski.pl\/wp-content\/uploads\/2016\/12\/DSC0092-001-1-768x576.jpg 768w, https:\/\/marekkuchcinski.pl\/wp-content\/uploads\/2016\/12\/DSC0092-001-1-1024x767.jpg 1024w\" sizes=\"(max-width: 1872px) 100vw, 1872px\" \/><\/a>Zleva: Dariusz Iwaneczko, \u0159editel IPN v Rzesz\u00f3w\u011b, \u0159editel Zemsk\u00e9ho muzea v Przemyslu.<br \/>\nJan Jarosz a mar\u0161\u00e1lek Sejmu Marek Kuchci\u0144ski <a href=\"https:\/\/marekkuchcinski.pl\/wp-content\/uploads\/2016\/12\/DSC0017.jpg\"><img loading=\"lazy\" decoding=\"async\" class=\"alignnone wp-image-4949 size-full\" src=\"https:\/\/marekkuchcinski.pl\/wp-content\/uploads\/2016\/12\/DSC0017.jpg\" alt=\"_dsc0017\" width=\"3207\" height=\"2142\" srcset=\"https:\/\/marekkuchcinski.pl\/wp-content\/uploads\/2016\/12\/DSC0017.jpg 2048w, https:\/\/marekkuchcinski.pl\/wp-content\/uploads\/2016\/12\/DSC0017-300x200.jpg 300w, https:\/\/marekkuchcinski.pl\/wp-content\/uploads\/2016\/12\/DSC0017-768x513.jpg 768w, https:\/\/marekkuchcinski.pl\/wp-content\/uploads\/2016\/12\/DSC0017-1024x684.jpg 1024w\" sizes=\"(max-width: 3207px) 100vw, 3207px\" \/><\/a> <a href=\"https:\/\/marekkuchcinski.pl\/wp-content\/uploads\/2016\/12\/DSC0027.jpg\"><img loading=\"lazy\" decoding=\"async\" class=\"alignnone size-full wp-image-4950\" src=\"https:\/\/marekkuchcinski.pl\/wp-content\/uploads\/2016\/12\/DSC0027.jpg\" alt=\"_dsc0027\" width=\"1950\" height=\"1306\" srcset=\"https:\/\/marekkuchcinski.pl\/wp-content\/uploads\/2016\/12\/DSC0027.jpg 1950w, https:\/\/marekkuchcinski.pl\/wp-content\/uploads\/2016\/12\/DSC0027-300x201.jpg 300w, https:\/\/marekkuchcinski.pl\/wp-content\/uploads\/2016\/12\/DSC0027-768x514.jpg 768w, https:\/\/marekkuchcinski.pl\/wp-content\/uploads\/2016\/12\/DSC0027-1024x686.jpg 1024w\" sizes=\"(max-width: 1950px) 100vw, 1950px\" \/><\/a><\/p>\n<p>&nbsp;<\/p>\n<p>&nbsp;<\/p>","protected":false},"excerpt":{"rendered":"<p>W\u00a0czwart\u0105\u00a0rocznic\u0119 \u015bmierci ks. abp. Ignacego Tokarczuka odby\u0142a si\u0119 sesja naukowa po\u015bwi\u0119cona wielkiemu pasterzowi. Konferencj\u0119\u00a0przygotowa\u0142\u00a0Instytut Pami\u0119ci Narodowej Oddzia\u0142 w Rzeszowie,\u00a0Muzeum Narodowe Ziemi Przemyskiej w Przemy\u015blu,\u00a0Wydzia\u0142 Historii i Dziedzictwa Kulturowego\u00a0Uniwersytetu Papieskiego Jana Paw\u0142a II w Krakowie oraz\u00a0Parafi\u0119 Archikatedralna pw. \u015aw. Jana Chrzciciela i Wniebowzi\u0119cia NMP w Przemy\u015blu. Prelegentami byli: dr Jan Musia\u0142 \u2013\u00a0Bezdebitowe wydawnictwa diecezji przemyskiej w [&hellip;]<\/p>\n","protected":false},"author":6,"featured_media":4937,"comment_status":"open","ping_status":"open","sticky":false,"template":"","format":"standard","meta":{"ngg_post_thumbnail":0,"footnotes":""},"categories":[49,77,3],"tags":[],"class_list":["post-4933","post","type-post","status-publish","format-standard","has-post-thumbnail","hentry","category-podkarpacie","category-wazne-daty","category-wydarzenia"],"_links":{"self":[{"href":"https:\/\/marekkuchcinski.pl\/cs\/wp-json\/wp\/v2\/posts\/4933","targetHints":{"allow":["GET"]}}],"collection":[{"href":"https:\/\/marekkuchcinski.pl\/cs\/wp-json\/wp\/v2\/posts"}],"about":[{"href":"https:\/\/marekkuchcinski.pl\/cs\/wp-json\/wp\/v2\/types\/post"}],"author":[{"embeddable":true,"href":"https:\/\/marekkuchcinski.pl\/cs\/wp-json\/wp\/v2\/users\/6"}],"replies":[{"embeddable":true,"href":"https:\/\/marekkuchcinski.pl\/cs\/wp-json\/wp\/v2\/comments?post=4933"}],"version-history":[{"count":15,"href":"https:\/\/marekkuchcinski.pl\/cs\/wp-json\/wp\/v2\/posts\/4933\/revisions"}],"predecessor-version":[{"id":4956,"href":"https:\/\/marekkuchcinski.pl\/cs\/wp-json\/wp\/v2\/posts\/4933\/revisions\/4956"}],"wp:featuredmedia":[{"embeddable":true,"href":"https:\/\/marekkuchcinski.pl\/cs\/wp-json\/wp\/v2\/media\/4937"}],"wp:attachment":[{"href":"https:\/\/marekkuchcinski.pl\/cs\/wp-json\/wp\/v2\/media?parent=4933"}],"wp:term":[{"taxonomy":"category","embeddable":true,"href":"https:\/\/marekkuchcinski.pl\/cs\/wp-json\/wp\/v2\/categories?post=4933"},{"taxonomy":"post_tag","embeddable":true,"href":"https:\/\/marekkuchcinski.pl\/cs\/wp-json\/wp\/v2\/tags?post=4933"}],"curies":[{"name":"wp","href":"https:\/\/api.w.org\/{rel}","templated":true}]}}