{"id":4914,"date":"2016-12-21T13:46:32","date_gmt":"2016-12-21T12:46:32","guid":{"rendered":"https:\/\/marekkuchcinski.pl\/?p=4914"},"modified":"2016-12-23T08:06:08","modified_gmt":"2016-12-23T07:06:08","slug":"oswiadczenie-wladz-pis-dotyczace-33-posiedzenia-sejmu-rp-obecnej-sytuacji-kraju","status":"publish","type":"post","link":"https:\/\/marekkuchcinski.pl\/cs\/wydarzenia\/oswiadczenie-wladz-pis-dotyczace-33-posiedzenia-sejmu-rp-obecnej-sytuacji-kraju\/","title":{"rendered":"Prohl\u00e1\u0161en\u00ed p\u0159edsedy Sejmu k 33. zased\u00e1n\u00ed polsk\u00e9ho Sejmu a k sou\u010dasn\u00e9 situaci v zemi"},"content":{"rendered":"<p><strong>P\u0159edseda Sejmu Marek Kuchci\u0144ski, m\u00edstop\u0159edseda Sejmu Ryszard Terlecki, p\u0159edseda Sen\u00e1tu Stanis\u0142aw Karczewski, premi\u00e9rka Beata Szyd\u0142o a p\u0159edseda PiS Jaros\u0142aw Kaczy\u0144ski p\u0159edstavili sv\u016fj postoj k sou\u010dasn\u00e9 situaci v zemi.<\/strong><\/p>\n<p>Mar\u0161\u00e1l Kuchci\u0144ski p\u0159ipomn\u011bl kontroverzn\u00ed situaci b\u011bhem 33. zased\u00e1n\u00ed Sejmu, kdy vylou\u010dil ze zased\u00e1n\u00ed poslance PO Micha\u0142a Szczerbu a v d\u016fsledku opozi\u010dn\u00ed blok\u00e1dy \u0159e\u010dnick\u00e9ho pultu Sejmu p\u0159esunul zased\u00e1n\u00ed do Sloupov\u00e9ho s\u00e1lu. - Toto rozhodnut\u00ed bylo zalo\u017eeno na \u00fastavn\u00ed <strong>pravomoci p\u0159edsedy Sejmu t\u00fdkaj\u00edc\u00ed se veden\u00ed zased\u00e1n\u00ed Sejmu a povinnost\u00ed poslanc\u016f b\u011bhem t\u011bchto zased\u00e1n\u00ed - <\/strong>zd\u016fraznil.<strong> - <\/strong>Diskuse na plen\u00e1rn\u00edm zased\u00e1n\u00ed a ot\u00e1zky p\u0159edkl\u00e1dan\u00e9 k hlasov\u00e1n\u00ed nemohou b\u00fdt odd\u011bleny od podstaty projedn\u00e1van\u00e9 z\u00e1le\u017eitosti. \u00a0<strong>T\u00edmto rozhodnut\u00edm jsem vykon\u00e1val svou \u00fastavn\u00ed povinnost p\u0159edsedat jedn\u00e1n\u00ed Sejmu, kter\u00e1 mimo jin\u00e9 zahrnovala ur\u010den\u00ed m\u00edsta kon\u00e1n\u00ed.<\/strong><strong>\u00a0Ka\u017ed\u00fd poslanec mohl vstoupit do jednac\u00edho s\u00e1lu hlavn\u00edm vchodem a z\u00fa\u010dastnit se ka\u017ed\u00e9ho hlasov\u00e1n\u00ed, p\u0159i\u010dem\u017e hlasov\u00e1n\u00ed prob\u00edhalo v souladu s \u010dl. 188 odst. 3 jednac\u00edho \u0159\u00e1du Sejmu.<\/strong><strong>\u00a0- <\/strong>\u0159ekl p\u0159edseda Sejmu.<\/p>\n<p><iframe title=\"Marek Kuchci\u0144ski - Prohl\u00e1\u0161en\u00ed p\u0159edsedy Sejmu\" width=\"800\" height=\"450\" src=\"https:\/\/www.youtube.com\/embed\/_NOM6e0844s?feature=oembed\" frameborder=\"0\" allow=\"accelerometer; autoplay; clipboard-write; encrypted-media; gyroscope; picture-in-picture\" allowfullscreen><\/iframe><\/p>\n<p>&nbsp;<\/p>\n<p>P\u0159edseda strany Pr\u00e1vo a spravedlnost (PiS) vyj\u00e1d\u0159il soustrast p\u0159\u00edbuzn\u00fdm Pol\u00e1ka zavra\u017ed\u011bn\u00e9ho p\u0159i teroristick\u00e9m \u00fatoku v Berl\u00edn\u011b a n\u00e1sledn\u011b ujistil o bezpe\u010dnosti v zemi. - Na\u0161e rozhodnut\u00ed a \u00fasil\u00ed z minul\u00e9ho volebn\u00edho obdob\u00ed p\u0159isp\u011bly k tomu, \u017ee hrozba terorismu v Polsku je mal\u00e1 - \u0159ekl.<\/p>\n<p>S odkazem na ned\u00e1vn\u00e9 ud\u00e1losti v parlamentu zd\u016fraznil, \u017ee chce, aby p\u0159edv\u00e1no\u010dn\u00ed \u010das p\u0159inesl pozitivn\u00ed perspektivu. - Jsme p\u0159ipraveni po dohod\u011b s opozic\u00ed p\u0159ijmout opat\u0159en\u00ed, kter\u00e1 by pr\u00e1ci m\u00e9di\u00ed p\u0159ibl\u00ed\u017eila pr\u00e1ci v mnoha evropsk\u00fdch zem\u00edch - argumentoval. Jaros\u0142aw Kaczy\u0144ski p\u0159edstavil n\u00e1vrh po vzoru pr\u00e1ce parlamentu ve Velk\u00e9 Brit\u00e1nii, kde ka\u017edou p\u00e1tou agendu ur\u010duje opozice. Vyzval opozi\u010dn\u00ed strany, aby respektovaly z\u00e1kony a p\u0159istoupily na kompromis. - Chceme zastavit sou\u010dasn\u00e9 praktiky, chceme oslovit opozici a vyslat j\u00ed pozitivn\u00ed sign\u00e1l,\" \u0159ekl.<\/p>\n<p>Premi\u00e9rka Beata Szyd\u0142o uvedla, \u017ee Polsko pot\u0159ebuje dialog a klid. P\u0159edstavila st\u00e1le lep\u0161\u00ed ekonomick\u00e9 ukazatele a p\u0159ipomn\u011bla d\u016fle\u017eit\u00e9 programy pro Pol\u00e1ky, tj. 500 plus, z\u00e1kony na podporu polsk\u00fdch podnikatel\u016f nebo pl\u00e1n n\u00e1m\u011bstka ministra Morawieck\u00e9ho zam\u011b\u0159en\u00fd na ekonomiku.<\/p>\n<p>P\u0159edseda Sen\u00e1tu Stanislaw Karczewski uvedl, \u017ee Sen\u00e1t p\u0159ijal posledn\u00ed n\u00e1vrhy z\u00e1kon\u016f v tichosti a klidu. - Sen\u00e1to\u0159i PO pochopili, \u017ee obstrukce jsou zbyte\u010dn\u00e9 a neslu\u010diteln\u00e9 s pravidly,\" \u0159ekl. P\u0159ipustil tak\u00e9, \u017ee nem\u00e1 v \u00famyslu omezit p\u0159\u00edstup novin\u00e1\u0159\u016f k pr\u00e1ci parlamentu.<\/p>\n<p>M\u00edstop\u0159edseda Sejmu Ryszard Terlecki zase ujistil, \u017ee klub PiS je otev\u0159en jedn\u00e1n\u00ed s t\u011bmi opozi\u010dn\u00edmi poslanci a sen\u00e1tory, kte\u0159\u00ed se necht\u011bj\u00ed \u00fa\u010dastnit \u0161arv\u00e1tek, ale pracovat ve prosp\u011bch Polska a polsk\u00e9ho lidu.<\/p>\n<p><em><strong>Prohl\u00e1\u0161en\u00ed p\u0159edsedy Sejmu o pr\u016fb\u011bhu 33. zased\u00e1n\u00ed Sejmu dne 16. 12. 2016.<\/strong><\/em><\/p>\n<p><em>Dne 16. prosince 2016 jsem v d\u016fsledku zablokov\u00e1n\u00ed \u0159e\u010dnick\u00e9ho pultu Sejmu \u010dleny opozi\u010dn\u00edch klub\u016f a obstrukc\u00ed p\u0159i jedn\u00e1n\u00ed p\u0159ijal rozhodnut\u00ed pokra\u010dovat v jedn\u00e1n\u00ed ve Sloupov\u00e9 s\u00edni polsk\u00e9ho Sejmu.\u00a0<\/em><\/p>\n<p><em>Toto rozhodnut\u00ed vych\u00e1z\u00ed z \u00fastavn\u00edho <strong>pravomoci p\u0159edsedy Sejmu t\u00fdkaj\u00edc\u00ed se p\u0159edsednictv\u00ed zased\u00e1n\u00ed Sejmu a povinnost\u00ed poslanc\u016f b\u011bhem t\u011bchto zased\u00e1n\u00ed.<\/strong><\/em><\/p>\n<p><em><strong>\u00a0<\/strong><\/em><em><strong>V souvislosti s t\u00edmto zased\u00e1n\u00edm Sejmu ve Sn\u011bmovn\u011b byly polo\u017eeny ot\u00e1zky.<\/strong><\/em><\/p>\n<p><em><strong>\u00a0<\/strong><\/em><em><strong>\u00a0\u00a0\u00a0\u00a0\u00a0\u00a0\u00a0\u00a0 Moje odpov\u011b\u010f je n\u00e1sleduj\u00edc\u00ed:<\/strong><\/em><\/p>\n<p><em>\u00a0\u00a0\u00a0\u00a0\u00a0 P\u0159edseda Sejmu je povinen, jak vypl\u00fdv\u00e1 z \u00dastavy a jednac\u00edho \u0159\u00e1du Sejmu, \u0159\u00eddit jedn\u00e1n\u00ed Sejmu tak, aby nedoch\u00e1zelo k odklonu od p\u0159edm\u011btu jedn\u00e1n\u00ed. T\u00e9matem zased\u00e1n\u00ed byl tehdy n\u00e1vrh st\u00e1tn\u00edho rozpo\u010dtu na rok 2017.<\/em><\/p>\n<p><em>\u00a0\u00a0\u00a0\u00a0\u00a0\u00a0\u00a0\u00a0 Diskuse na plen\u00e1rn\u00edm zased\u00e1n\u00ed a ot\u00e1zky kladen\u00e9 b\u011bhem hlasov\u00e1n\u00ed nelze odd\u011blit od podstaty projedn\u00e1van\u00e9 v\u011bci. P\u0159esn\u011b tak se chovala skupina poslanc\u016f. Jejich projevy se net\u00fdkaly z\u00e1kona o rozpo\u010dtu, ale jin\u00fdch ot\u00e1zek. Poru\u0161ili tak sv\u00e9 povinnosti vypl\u00fdvaj\u00edc\u00ed z jednac\u00edho \u0159\u00e1du Sejmu. Jejich akce m\u011bly podobu demonstrac\u00ed a obsazen\u00ed \u0159e\u010dnick\u00e9 tribuny, co\u017e znemo\u017enilo hlasov\u00e1n\u00ed.<\/em><\/p>\n<p><em>\u00a0 \u00a0 \u00a0Proto jsem v z\u00e1jmu zachov\u00e1n\u00ed v\u00e1\u017enosti a po\u0159\u00e1dku v jednac\u00edm s\u00e1le musel p\u0159ijmout opat\u0159en\u00ed, aby \u0159\u00edzen\u00ed mohlo pokra\u010dovat. Po\u017e\u00e1dal jsem p\u0159edsedy v\u0161ech parlamentn\u00edch klub\u016f, aby umo\u017enili jedn\u00e1n\u00ed v pl\u00e9nu. Nebyl jsem \u00fasp\u011b\u0161n\u00fd. M\u011bl jsem tedy dv\u011b \u0159e\u0161en\u00ed: 1\/ vyu\u017e\u00edt asistence mluv\u010d\u00edho gardy, ale pova\u017eoval jsem to za nevhodn\u00e9. 2\/ Rozhodl jsem se p\u0159esunout zased\u00e1n\u00ed do jin\u00e9 komory, abychom mohli pokra\u010dovat v jedn\u00e1n\u00ed a zachovat slavnostn\u00ed r\u00e1z Sejmu. V minulosti se ji\u017e ve Sn\u011bmovn\u011b konala zased\u00e1n\u00ed.<\/em><\/p>\n<p><em>\u00a0\u00a0\u00a0\u00a0\u00a0 <strong>T\u00edmto rozhodnut\u00edm jsem vykon\u00e1val svou \u00fastavn\u00ed povinnost p\u0159edsedat jedn\u00e1n\u00ed Sejmu, kter\u00e1 zahrnovala i ur\u010den\u00ed m\u00edsta kon\u00e1n\u00ed \u0159\u00edzen\u00ed.<\/strong><\/em><\/p>\n<p><em>\u00a0\u00a0\u00a0\u00a0\u00a0 Sejm p\u0159ij\u00edm\u00e1 z\u00e1kony prostou v\u011bt\u0161inou hlas\u016f za p\u0159\u00edtomnosti nejm\u00e9n\u011b poloviny z\u00e1konem stanoven\u00e9ho po\u010dtu \u010dlen\u016f.<\/em><\/p>\n<p><em>\u00a0\u00a0\u00a0\u00a0\u00a0 V\u0161ech hlasov\u00e1n\u00ed, kter\u00e1 se konala 16. prosince 2016 ve Sloupov\u00e9 s\u00edni Sejmu, se z\u00fa\u010dastnil \u00fastavou po\u017eadovan\u00fd po\u010det poslanc\u016f, tedy v\u00edce ne\u017e 230 poslanc\u016f.<\/em><\/p>\n<p><em>\u00a0\u00a0\u00a0\u00a0\u00a0 V\u0161ichni poslanci, kte\u0159\u00ed se v tento den \u00fa\u010dastnili zased\u00e1n\u00ed Sejmu, byli o pokra\u010dov\u00e1n\u00ed jedn\u00e1n\u00ed ve Sloupov\u00e9 s\u00edni informov\u00e1ni textovou zpr\u00e1vou a zpr\u00e1vou zobrazenou na obrazovk\u00e1ch v pl\u00e9nu Sejmu.<\/em><\/p>\n<p><em>\u00a0\u00a0\u00a0\u00a0\u00a0 Ka\u017ed\u00fd poslanec mohl vstoupit do jednac\u00edho s\u00e1lu hlavn\u00edm vchodem a z\u00fa\u010dastnit se ka\u017ed\u00e9ho hlasov\u00e1n\u00ed.<\/em><\/p>\n<p><em>\u00a0\u00a0\u00a0\u00a0\u00a0 Novin\u00e1\u0159i mohli b\u011bhem zased\u00e1n\u00ed Sejmu v tento den sledovat a zaznamen\u00e1vat jeho pr\u016fb\u011bh, kdy\u017e st\u00e1li u hlavn\u00edho vchodu do Sloupov\u00e9ho s\u00e1lu.<\/em><\/p>\n<p><em>\u00a0\u00a0\u00a0\u00a0\u00a0 Byl zaji\u0161t\u011bn p\u0159enos parlamentn\u00edmi kamerami a internetov\u00fdm vys\u00edl\u00e1n\u00edm. Nedo\u0161lo k poru\u0161en\u00ed otev\u0159enosti \u0159\u00edzen\u00ed, proto\u017ee ka\u017ed\u00e1 jeho \u010d\u00e1st byla vys\u00edl\u00e1na a lze ji p\u0159ehr\u00e1t.<\/em><\/p>\n<p><em>Pokud jde o hlasov\u00e1n\u00ed ve Sloupov\u00e9 s\u00edni, rozhodl jsem se vzhledem k technick\u00fdm a organiza\u010dn\u00edm podm\u00ednk\u00e1m, kter\u00e9 zde existovaly, na\u0159\u00eddit hlasov\u00e1n\u00ed zdvi\u017een\u00edm ruky a s\u010d\u00edt\u00e1n\u00ed hlas\u016f tajemn\u00edky poslanc\u016f. Za t\u00edmto \u00fa\u010delem byl Sloupov\u00fd s\u00e1l rozd\u011blen na sektory s ur\u010den\u00fdmi tajemn\u00edky. Na z\u00e1klad\u011b p\u0159edlo\u017een\u00fdch protokol\u016f jsem ozn\u00e1mil v\u00fdsledky hlasov\u00e1n\u00ed.<\/em><\/p>\n<p><em>Proto je t\u0159eba dosp\u011bt k z\u00e1v\u011bru, \u017ee <strong>hlasov\u00e1n\u00ed prob\u011bhlo v souladu s \u010dl. 188 odst. 3 jednac\u00edho \u0159\u00e1du Sejmu.<\/strong><\/em><\/p>\n<p><em>Skon\u010dilo 33. zased\u00e1n\u00ed Sejmu a byl schv\u00e1len z\u00e1kon o financ\u00edch.<\/em><\/p>\n<p><em>Dosp\u011bl jsem k z\u00e1v\u011bru, \u017ee <strong>pokra\u010dov\u00e1n\u00ed 16. prosince 2016. 33 zased\u00e1n\u00ed Sejmu ve Sloupov\u00e9 s\u00edni prob\u011bhlo v pln\u00e9m souladu s \u00dastavou Polsk\u00e9 republiky a jednac\u00edm \u0159\u00e1dem Sejmu.<\/strong><\/em><\/p>\n<p><a href=\"https:\/\/marekkuchcinski.pl\/wp-content\/uploads\/2016\/12\/KU096907-1.jpg\"><img fetchpriority=\"high\" decoding=\"async\" class=\"alignnone size-full wp-image-4917\" src=\"https:\/\/marekkuchcinski.pl\/wp-content\/uploads\/2016\/12\/KU096907-1.jpg\" alt=\"ku096907\" width=\"1800\" height=\"1200\" srcset=\"https:\/\/marekkuchcinski.pl\/wp-content\/uploads\/2016\/12\/KU096907-1.jpg 1800w, https:\/\/marekkuchcinski.pl\/wp-content\/uploads\/2016\/12\/KU096907-1-300x200.jpg 300w, https:\/\/marekkuchcinski.pl\/wp-content\/uploads\/2016\/12\/KU096907-1-768x512.jpg 768w, https:\/\/marekkuchcinski.pl\/wp-content\/uploads\/2016\/12\/KU096907-1-1024x683.jpg 1024w\" sizes=\"(max-width: 1800px) 100vw, 1800px\" \/><\/a> <a href=\"https:\/\/marekkuchcinski.pl\/wp-content\/uploads\/2016\/12\/KU097047.jpg\"><img decoding=\"async\" class=\"alignnone size-full wp-image-4918\" src=\"https:\/\/marekkuchcinski.pl\/wp-content\/uploads\/2016\/12\/KU097047.jpg\" alt=\"ku097047\" width=\"1800\" height=\"1200\" srcset=\"https:\/\/marekkuchcinski.pl\/wp-content\/uploads\/2016\/12\/KU097047.jpg 1800w, https:\/\/marekkuchcinski.pl\/wp-content\/uploads\/2016\/12\/KU097047-300x200.jpg 300w, https:\/\/marekkuchcinski.pl\/wp-content\/uploads\/2016\/12\/KU097047-768x512.jpg 768w, https:\/\/marekkuchcinski.pl\/wp-content\/uploads\/2016\/12\/KU097047-1024x683.jpg 1024w\" sizes=\"(max-width: 1800px) 100vw, 1800px\" \/><\/a><\/p>","protected":false},"excerpt":{"rendered":"<p>Marsza\u0142ek Sejmu Marek Kuchci\u0144ski, wicemarsza\u0142ek Sejmu Ryszard Terlecki, marsza\u0142ek Senatu Stanis\u0142aw Karczewski, premier Beata Szyd\u0142o oraz Prezes PiS Jaros\u0142aw Kaczy\u0144ski przedstawili swoje stanowisko wobec obecnej sytuacji w kraju. Marsza\u0142ek \u00a0Kuchci\u0144ski przypomnia\u0142 kontrowersyjn\u0105 sytuacj\u0119 z 33. posiedzenia Sejmu, kiedy wykluczy\u0142 z obrad pos\u0142a PO Micha\u0142a Szczerb\u0119 i na skutek zablokowania m\u00f3wnicy sejmowej przez opozycj\u0119 przeni\u00f3s\u0142 obrady [&hellip;]<\/p>\n","protected":false},"author":6,"featured_media":4915,"comment_status":"open","ping_status":"open","sticky":false,"template":"","format":"standard","meta":{"ngg_post_thumbnail":0,"footnotes":""},"categories":[82,81,3],"tags":[],"class_list":["post-4914","post","type-post","status-publish","format-standard","has-post-thumbnail","hentry","category-prawo-i-sprawiedliwosc","category-wiesci-z-sejmu","category-wydarzenia"],"_links":{"self":[{"href":"https:\/\/marekkuchcinski.pl\/cs\/wp-json\/wp\/v2\/posts\/4914","targetHints":{"allow":["GET"]}}],"collection":[{"href":"https:\/\/marekkuchcinski.pl\/cs\/wp-json\/wp\/v2\/posts"}],"about":[{"href":"https:\/\/marekkuchcinski.pl\/cs\/wp-json\/wp\/v2\/types\/post"}],"author":[{"embeddable":true,"href":"https:\/\/marekkuchcinski.pl\/cs\/wp-json\/wp\/v2\/users\/6"}],"replies":[{"embeddable":true,"href":"https:\/\/marekkuchcinski.pl\/cs\/wp-json\/wp\/v2\/comments?post=4914"}],"version-history":[{"count":6,"href":"https:\/\/marekkuchcinski.pl\/cs\/wp-json\/wp\/v2\/posts\/4914\/revisions"}],"predecessor-version":[{"id":4932,"href":"https:\/\/marekkuchcinski.pl\/cs\/wp-json\/wp\/v2\/posts\/4914\/revisions\/4932"}],"wp:featuredmedia":[{"embeddable":true,"href":"https:\/\/marekkuchcinski.pl\/cs\/wp-json\/wp\/v2\/media\/4915"}],"wp:attachment":[{"href":"https:\/\/marekkuchcinski.pl\/cs\/wp-json\/wp\/v2\/media?parent=4914"}],"wp:term":[{"taxonomy":"category","embeddable":true,"href":"https:\/\/marekkuchcinski.pl\/cs\/wp-json\/wp\/v2\/categories?post=4914"},{"taxonomy":"post_tag","embeddable":true,"href":"https:\/\/marekkuchcinski.pl\/cs\/wp-json\/wp\/v2\/tags?post=4914"}],"curies":[{"name":"wp","href":"https:\/\/api.w.org\/{rel}","templated":true}]}}