{"id":4900,"date":"2016-12-18T13:34:47","date_gmt":"2016-12-18T12:34:47","guid":{"rendered":"https:\/\/marekkuchcinski.pl\/?p=4900"},"modified":"2016-12-20T13:38:33","modified_gmt":"2016-12-20T12:38:33","slug":"33-posiedzenie-sejmu-rp","status":"publish","type":"post","link":"https:\/\/marekkuchcinski.pl\/cs\/wiesci-z-sejmu\/33-posiedzenie-sejmu-rp\/","title":{"rendered":"33. zased\u00e1n\u00ed polsk\u00e9ho Sejmu"},"content":{"rendered":"<p>Polsk\u00fd parlament na sv\u00e9m 33. zased\u00e1n\u00ed schv\u00e1lil z\u00e1kon o.<strong> rozpo\u010det na rok 2017<\/strong>PLN, v n\u011bm\u017e odhadovan\u00e9 p\u0159\u00edjmy budou 325,4 miliardy PLN a v\u00fddaje nep\u0159es\u00e1hnou 384,8 miliardy PLN. To znamen\u00e1, \u017ee rozpo\u010dtov\u00fd schodek nep\u0159ekro\u010d\u00ed 59,3 mld. zlot\u00fdch. P\u0159\u00edjmy rozpo\u010dtu evropsk\u00fdch fond\u016f dos\u00e1hnou 60,2 miliardy PLN a v\u00fddaje 69,8 miliardy PLN. Z\u00e1porn\u00fd v\u00fdsledek bude na \u00farovni 9,6 mld. Kl\u00ed\u010dov\u00e9 makroekonomick\u00e9 \u00fadaje: hospod\u00e1\u0159sk\u00fd r\u016fst bude \u010dinit 3,6 %, pr\u016fm\u011brn\u00e1 ro\u010dn\u00ed inflace 1,3 %, r\u016fst nomin\u00e1ln\u00edch mezd 5,0 %, zam\u011bstnanost se zv\u00fd\u0161\u00ed o 0,7 % a soukrom\u00e1 spot\u0159eba (tj. v sektoru dom\u00e1cnost\u00ed a nekomer\u010dn\u00edch instituc\u00ed) o 5,5 %. Schodek sektoru ve\u0159ejn\u00fdch financ\u00ed je pl\u00e1nov\u00e1n ve v\u00fd\u0161i p\u0159ibli\u017en\u011b 2,9 % HDP.<\/p>\n<p>Sejm p\u0159ijal <strong>z\u00e1kon o v\u00fdsluhov\u00fdch p\u0159\u00edsp\u011bvc\u00edch p\u0159\u00edslu\u0161n\u00edk\u016f Policie \u010cesk\u00e9 republiky, Agentury vnit\u0159n\u00ed bezpe\u010dnosti, Agentury pro zahrani\u010dn\u00ed styky a informace, Vojensk\u00e9 kontrarozv\u011bdky, Vojensk\u00e9ho zpravodajstv\u00ed, \u00dast\u0159edn\u00edho protikorup\u010dn\u00edho \u00fa\u0159adu, Pohrani\u010dn\u00ed str\u00e1\u017ee, \u00da\u0159adu pro ochranu vl\u00e1dy, St\u00e1tn\u00edho po\u017e\u00e1rn\u00edho dozoru a V\u011bze\u0148sk\u00e9 slu\u017eby a jejich rodinn\u00fdch p\u0159\u00edslu\u0161n\u00edk\u016f, tj. <\/strong>takzvan\u00fd \"debekiza\u010dn\u00ed\" z\u00e1kon, kter\u00fd stanov\u00ed sn\u00ed\u017een\u00ed d\u016fchod\u016f a rent pro d\u016fstojn\u00edky, kte\u0159\u00ed slou\u017eili v letech 1944-1990 mimo jin\u00e9 v bezpe\u010dnostn\u00edch slo\u017ek\u00e1ch.<\/p>\n<p><strong>Poslanci se dohodli na kone\u010dn\u00e9m zn\u011bn\u00ed z\u00e1kona, kter\u00fd v r\u00e1mci bal\u00ed\u010dku \"100 zm\u011bn pro podniky\" obsahuje usnadn\u011bn\u00ed pro podnikatele.<\/strong>. Z\u00e1kon o zm\u011bn\u011b n\u011bkter\u00fdch z\u00e1kon\u016f za \u00fa\u010delem zlep\u0161en\u00ed pr\u00e1vn\u00edho prost\u0159ed\u00ed pro podnikatele m\u00e1 zjednodu\u0161it a zlep\u0161it pr\u00e1vn\u00ed podm\u00ednky pro podnik\u00e1n\u00ed a zv\u00fd\u0161it konkurenceschopnost ekonomiky.<\/p>\n<p>Sejm zv\u00e1\u017eil stanovisko Sen\u00e1tu <strong>o zm\u011bn\u00e1ch z\u00e1kon\u016f o produkci osiv a ochran\u011b rostlin, kter\u00e9 uv\u00e1d\u011bj\u00ed polsk\u00e9 pr\u00e1vn\u00ed p\u0159edpisy do souladu se sm\u011brnicemi EU t\u00fdkaj\u00edc\u00edmi se produkce osiv a ovocn\u00fdch rostlin.<\/strong>. Z\u00e1kon rovn\u011b\u017e umo\u017e\u0148uje zapsat do n\u00e1rodn\u00edho registru odr\u016fdy druh\u016f, na kter\u00e9 se nevztahuj\u00ed p\u0159edpisy EU, ale kter\u00e9 se v Polsku tradi\u010dn\u011b p\u011bstuj\u00ed, a proto jsou d\u016fle\u017eit\u00e9 z hospod\u00e1\u0159sk\u00e9ho hlediska nebo z d\u016fvodu pot\u0159eby zachovat biologickou rozmanitost rostlin.<\/p>\n<p><strong>Novela z\u00e1kona o v\u00fdzkumn\u00fdch \u00fastavech <\/strong>posiluje dohled ministra nad \u00fastavy. \u0158editele a z\u00e1stupce \u0159editele jmenuje a odvol\u00e1v\u00e1 na dobu neur\u010ditou ministr vykon\u00e1vaj\u00edc\u00ed dohled nad \u00fastavem.<\/p>","protected":false},"excerpt":{"rendered":"<p>Podczas 33. posiedzenia Sejm RP uchwali\u0142 bud\u017cet na rok 2017, w kt\u00f3rym szacowane dochody wynios\u0105 325,4 mld z\u0142, a wydatki nie b\u0119d\u0105 wy\u017csze ni\u017c 384,8 mld z\u0142. Oznacza to, \u017ce deficyt bud\u017cetowy nie przekroczy 59,3 mld z\u0142. Dochody bud\u017cetu \u015brodk\u00f3w europejskich wynios\u0105 60,2 mld z\u0142, a wydatki &#8211; 69,8 mld z\u0142. Ujemny wynik b\u0119dzie na [&hellip;]<\/p>\n","protected":false},"author":6,"featured_media":4901,"comment_status":"open","ping_status":"open","sticky":false,"template":"","format":"standard","meta":{"ngg_post_thumbnail":0,"footnotes":""},"categories":[81],"tags":[],"class_list":["post-4900","post","type-post","status-publish","format-standard","has-post-thumbnail","hentry","category-wiesci-z-sejmu"],"_links":{"self":[{"href":"https:\/\/marekkuchcinski.pl\/cs\/wp-json\/wp\/v2\/posts\/4900","targetHints":{"allow":["GET"]}}],"collection":[{"href":"https:\/\/marekkuchcinski.pl\/cs\/wp-json\/wp\/v2\/posts"}],"about":[{"href":"https:\/\/marekkuchcinski.pl\/cs\/wp-json\/wp\/v2\/types\/post"}],"author":[{"embeddable":true,"href":"https:\/\/marekkuchcinski.pl\/cs\/wp-json\/wp\/v2\/users\/6"}],"replies":[{"embeddable":true,"href":"https:\/\/marekkuchcinski.pl\/cs\/wp-json\/wp\/v2\/comments?post=4900"}],"version-history":[{"count":1,"href":"https:\/\/marekkuchcinski.pl\/cs\/wp-json\/wp\/v2\/posts\/4900\/revisions"}],"predecessor-version":[{"id":4902,"href":"https:\/\/marekkuchcinski.pl\/cs\/wp-json\/wp\/v2\/posts\/4900\/revisions\/4902"}],"wp:featuredmedia":[{"embeddable":true,"href":"https:\/\/marekkuchcinski.pl\/cs\/wp-json\/wp\/v2\/media\/4901"}],"wp:attachment":[{"href":"https:\/\/marekkuchcinski.pl\/cs\/wp-json\/wp\/v2\/media?parent=4900"}],"wp:term":[{"taxonomy":"category","embeddable":true,"href":"https:\/\/marekkuchcinski.pl\/cs\/wp-json\/wp\/v2\/categories?post=4900"},{"taxonomy":"post_tag","embeddable":true,"href":"https:\/\/marekkuchcinski.pl\/cs\/wp-json\/wp\/v2\/tags?post=4900"}],"curies":[{"name":"wp","href":"https:\/\/api.w.org\/{rel}","templated":true}]}}