{"id":4888,"date":"2016-12-16T16:24:50","date_gmt":"2016-12-16T15:24:50","guid":{"rendered":"https:\/\/marekkuchcinski.pl\/?p=4888"},"modified":"2016-12-16T16:31:57","modified_gmt":"2016-12-16T15:31:57","slug":"sejm-podjal-uchwale-ws-pacyfikacji-kopalni-wujek","status":"publish","type":"post","link":"https:\/\/marekkuchcinski.pl\/cs\/wydarzenia\/sejm-podjal-uchwale-ws-pacyfikacji-kopalni-wujek\/","title":{"rendered":"Sejm p\u0159ijal rezoluci o pacifikaci dolu Wujek"},"content":{"rendered":"<p><b>W<span class=\"m_-6398031786522648878gmail-apple-converted-space\">\u00a0<\/span>Katovice<span class=\"m_-6398031786522648878gmail-apple-converted-space\">\u00a0<\/span>pobo\u010dky<span class=\"m_-6398031786522648878gmail-apple-converted-space\">\u00a0<\/span>ZOMO<span class=\"m_-6398031786522648878gmail-apple-converted-space\">\u00a0<\/span>a voj\u00e1ci vytvo\u0159ili<span class=\"m_-6398031786522648878gmail-apple-converted-space\">\u00a0<\/span>pacifikace uheln\u00e9ho dolu Wujek, p\u0159i n\u00ed\u017e zahynulo 9 horn\u00edk\u016f a 21 jich bylo zran\u011bno.<\/b>.<\/p>\n<p>Polsk\u00fd parlament p\u0159ijal rezoluci, v n\u00ed\u017e uctil pam\u00e1tku ob\u011bt\u00ed t\u011bchto ud\u00e1lost\u00ed.<\/p>\n<div style=\"width: 640px;\" class=\"wp-video\"><video class=\"wp-video-shortcode\" id=\"video-4888-1\" width=\"640\" height=\"480\" preload=\"metadata\" controls=\"controls\"><source type=\"video\/mp4\" src=\"https:\/\/marekkuchcinski.pl\/wp-content\/uploads\/2016\/12\/144110-144435-Segment-2-1.mp4?_=1\" \/><a href=\"https:\/\/marekkuchcinski.pl\/wp-content\/uploads\/2016\/12\/144110-144435-Segment-2-1.mp4\">https:\/\/marekkuchcinski.pl\/wp-content\/uploads\/2016\/12\/144110-144435-Segment-2-1.mp4<\/a><\/video><\/div>","protected":false},"excerpt":{"rendered":"<p>V Katovic\u00edch jednotky ZOMO (D\u011blnick\u00e9 obrann\u00e9 s\u00edly) a arm\u00e1da zpacifikovaly d\u016fl Wujek, p\u0159i\u010dem\u017e zabily dev\u011bt horn\u00edk\u016f a 21 dal\u0161\u00edch zranily. Polsk\u00fd Sejm p\u0159ijal rezoluci, kterou uctil pam\u00e1tku ob\u011bt\u00ed t\u011bchto ud\u00e1lost\u00ed.<\/p>","protected":false},"author":6,"featured_media":4892,"comment_status":"open","ping_status":"open","sticky":false,"template":"","format":"standard","meta":{"ngg_post_thumbnail":0,"footnotes":""},"categories":[77,81,3],"tags":[],"class_list":["post-4888","post","type-post","status-publish","format-standard","has-post-thumbnail","hentry","category-wazne-daty","category-wiesci-z-sejmu","category-wydarzenia"],"_links":{"self":[{"href":"https:\/\/marekkuchcinski.pl\/cs\/wp-json\/wp\/v2\/posts\/4888","targetHints":{"allow":["GET"]}}],"collection":[{"href":"https:\/\/marekkuchcinski.pl\/cs\/wp-json\/wp\/v2\/posts"}],"about":[{"href":"https:\/\/marekkuchcinski.pl\/cs\/wp-json\/wp\/v2\/types\/post"}],"author":[{"embeddable":true,"href":"https:\/\/marekkuchcinski.pl\/cs\/wp-json\/wp\/v2\/users\/6"}],"replies":[{"embeddable":true,"href":"https:\/\/marekkuchcinski.pl\/cs\/wp-json\/wp\/v2\/comments?post=4888"}],"version-history":[{"count":1,"href":"https:\/\/marekkuchcinski.pl\/cs\/wp-json\/wp\/v2\/posts\/4888\/revisions"}],"predecessor-version":[{"id":4891,"href":"https:\/\/marekkuchcinski.pl\/cs\/wp-json\/wp\/v2\/posts\/4888\/revisions\/4891"}],"wp:featuredmedia":[{"embeddable":true,"href":"https:\/\/marekkuchcinski.pl\/cs\/wp-json\/wp\/v2\/media\/4892"}],"wp:attachment":[{"href":"https:\/\/marekkuchcinski.pl\/cs\/wp-json\/wp\/v2\/media?parent=4888"}],"wp:term":[{"taxonomy":"category","embeddable":true,"href":"https:\/\/marekkuchcinski.pl\/cs\/wp-json\/wp\/v2\/categories?post=4888"},{"taxonomy":"post_tag","embeddable":true,"href":"https:\/\/marekkuchcinski.pl\/cs\/wp-json\/wp\/v2\/tags?post=4888"}],"curies":[{"name":"wp","href":"https:\/\/api.w.org\/{rel}","templated":true}]}}