{"id":4799,"date":"2016-12-05T14:56:42","date_gmt":"2016-12-05T13:56:42","guid":{"rendered":"https:\/\/marekkuchcinski.pl\/?p=4799"},"modified":"2016-12-16T16:34:47","modified_gmt":"2016-12-16T15:34:47","slug":"prelekcja-ipn-wyjatkowe-przejawy-oporu-spolecznego-oraz-przejawy-solidarnosci-miedzynarodowej-polsce-czechoslowacji-wegrzech","status":"publish","type":"post","link":"https:\/\/marekkuchcinski.pl\/cs\/wydarzenia\/prelekcja-ipn-wyjatkowe-przejawy-oporu-spolecznego-oraz-przejawy-solidarnosci-miedzynarodowej-polsce-czechoslowacji-wegrzech\/","title":{"rendered":"P\u0159edn\u00e1\u0161ka IPN: V\u00fdjime\u010dn\u00e9 projevy soci\u00e1ln\u00edho odporu a mezin\u00e1rodn\u00ed solidarity v Polsku, \u010ceskoslovensku a Ma\u010farsku"},"content":{"rendered":"<p>- Polsko je pro n\u00e1s p\u0159\u00edkladem v p\u011bstov\u00e1n\u00ed n\u00e1rodn\u00ed pam\u011bti. Osud n\u00e1s p\u0159im\u011bl dr\u017eet pohromad\u011b,\" \u0159ekl p\u0159edseda ma\u010farsk\u00e9ho parlamentu Laszlo K\u00f6v\u00e9r b\u011bhem p\u0159edn\u00e1\u0161ky IPN v Przemy\u015blu.<\/p>\n<p>P\u0159edn\u00e1\u0161ka se zab\u00fdvala vztahy mezi spole\u010dnostmi v zem\u00edch dne\u0161n\u00ed Visegr\u00e1dsk\u00e9 skupiny v obdob\u00ed komunismu, b\u011bhem ud\u00e1lost\u00ed v roce 1956 v Polsku, Ma\u010farsku a v roce 1968 v \u010ceskoslovensku. Byla p\u0159ipomenuta postava Ryszarda Siwiece, rod\u00e1ka z Przemy\u015blu, kter\u00fd se v roce 1968 up\u00e1lil b\u011bhem do\u017e\u00ednkov\u00fdch slavnost\u00ed na Stadionu 10. v\u00fdro\u010d\u00ed ve Var\u0161av\u011b p\u0159ed zraky tehdej\u0161\u00edch \u00fa\u0159ad\u016f na protest proti intervenci vojsk Var\u0161avsk\u00e9 smlouvy v \u010ceskoslovensku. K\u00f6v\u00e9r pouk\u00e1zal na to, \u017ee ma\u010farsk\u00e1 ve\u0159ejnost v t\u00e9 dob\u011b o existenci lid\u00ed jako Siwiec nev\u011bd\u011bla. Stejn\u011b jako v Polsku p\u0159\u00edslu\u0161n\u00e9 slu\u017eby kryly protesty proti komunistick\u00e9 vl\u00e1d\u011b. - M\u00e1me podobn\u00e9ho ducha. Ti, kte\u0159\u00ed nemuseli bojovat za svobodu jako Polsko nebo Ma\u010farsko, n\u00e1s nikdy nepochop\u00ed,\" \u0159ekl prezident.<\/p>\n<p>P\u0159edn\u00e1\u0161ka Institutu n\u00e1rodn\u00ed pam\u011bti byla vyvrcholen\u00edm setk\u00e1n\u00ed p\u0159edsed\u016f parlament\u016f zem\u00ed Visegr\u00e1dsk\u00e9 skupiny. - Vyvozujeme z\u00e1v\u011bry z minulosti, p\u0159ipom\u00edn\u00e1me si ji... Ale mluv\u00edme tak\u00e9 o budoucnosti na\u0161ich zem\u00ed, o budoucnosti Evropy, proto\u017ee n\u00e1m koneckonc\u016f jde o ka\u017ed\u00e9ho \u010dlov\u011bka, o na\u0161e rodiny, spole\u010dnosti, na\u0161e bl\u00edzk\u00e9,\" uzav\u0159el p\u0159edn\u00e1\u0161ku p\u0159edseda Sejmu Marek Kuchci\u0144ski.<\/p>\n<p>Projekt \"<strong>V\u00fdjime\u010dn\u00e9 projevy soci\u00e1ln\u00edho odporu a projevy mezin\u00e1rodn\u00ed solidarity v Polsku, \u010ceskoslovensku a Ma\u010farsku.\"<\/strong> p\u0159ednesl \u0159editel pobo\u010dky Institutu n\u00e1rodn\u00ed pam\u011bti v Rzeszow\u011b Dr. Dariusz Iwaneczko. Prezentaci doprov\u00e1zela v\u00fdstava <strong>\"Budape\u0161\u0165 '56\u2033<\/strong>\u00a0- o ma\u010farsk\u00e9m povst\u00e1n\u00ed v roce 1956, kdy Ma\u010fa\u0159i sympatizuj\u00edc\u00ed s Pol\u00e1ky a \u0159\u00edjnov\u00fdmi zm\u011bnami v Polsku vy\u0161li do ulic. Jejich touha po svobod\u011b p\u0159erostla v protikomunistick\u00e9 povst\u00e1n\u00ed, kter\u00e9 sov\u011btsk\u00e1 arm\u00e1da v listopadu 1956 krvav\u011b potla\u010dila. Pol\u00e1ci pot\u00e9 spont\u00e1nn\u011b zorganizovali pomocnou kampa\u0148, p\u0159i n\u00ed\u017e pos\u00edlali l\u00e9ky, krev a slova povzbuzen\u00ed pod\u00e9l Dunaje. Ma\u010fa\u0159i v roce 1956 vydali sv\u011bdectv\u00ed o sv\u00e9 l\u00e1sce ke svobod\u011b. Jejich povst\u00e1n\u00ed lze p\u0159irovnat k Var\u0161avsk\u00e9mu povst\u00e1n\u00ed, stejn\u011b tragick\u00e9mu a stejn\u011b osam\u011bl\u00e9mu a osamocen\u00e9mu. \u00a0<strong>\"K\u0159ik \u0161ed\u00e9ho mu\u017ee. Ryszard Siwiec (1909-1968)\".<\/strong> C\u00edlem v\u00fdstavy je p\u0159ipomenout osobnost Ryszarda Siwiece. V\u00fdstava vznikla v souvislosti se 40. v\u00fdro\u010d\u00edm jeho sebeup\u00e1len\u00ed na var\u0161avsk\u00e9m Stadionu 10. v\u00fdro\u010d\u00ed na protest proti invazi vojsk Var\u0161avsk\u00e9 smlouvy do \u010ceskoslovenska. V\u00fdstava p\u0159edstavuje materi\u00e1ly ze sb\u00edrek Institutu n\u00e1rodn\u00ed pam\u011bti a rodiny Ryszarda Siwiece, kter\u00e9 dokumentuj\u00ed jeho \u017eivot a tragickou smrt. Byl humanista, horliv\u00fd katol\u00edk a zap\u00e1len\u00fd vlastenec, kter\u00fd doma p\u011bstoval n\u00e1rodn\u00ed tradice. V\u00e1\u0161n\u00ed Ryszarda Siwiece byla literatura a m\u011bl obrovskou sb\u00edrku knih \u010d\u00edtaj\u00edc\u00ed asi 3000 svazk\u016f. Byl aktivn\u00edm sportovcem, vynikaj\u00edc\u00edm ly\u017ea\u0159em a plavcem. Po mnoho let psal na sv\u00e9m soukrom\u00e9m psac\u00edm stroji \"Erica\" pamflety, kter\u00e9 podepisoval pseudonymem Jan Pol\u00e1k. Nikdy se nesm\u00ed\u0159il s politickou situac\u00ed v Polsku po sov\u011btsk\u00e9 invazi.<\/p>\n<p><a href=\"https:\/\/marekkuchcinski.pl\/wp-content\/uploads\/2016\/12\/KU090089.jpg\"><img fetchpriority=\"high\" decoding=\"async\" class=\"alignnone size-full wp-image-4801\" src=\"https:\/\/marekkuchcinski.pl\/wp-content\/uploads\/2016\/12\/KU090089.jpg\" alt=\"ku090089\" width=\"1800\" height=\"1200\" srcset=\"https:\/\/marekkuchcinski.pl\/wp-content\/uploads\/2016\/12\/KU090089.jpg 1800w, https:\/\/marekkuchcinski.pl\/wp-content\/uploads\/2016\/12\/KU090089-300x200.jpg 300w, https:\/\/marekkuchcinski.pl\/wp-content\/uploads\/2016\/12\/KU090089-768x512.jpg 768w, https:\/\/marekkuchcinski.pl\/wp-content\/uploads\/2016\/12\/KU090089-1024x683.jpg 1024w\" sizes=\"(max-width: 1800px) 100vw, 1800px\" \/><\/a> <a href=\"https:\/\/marekkuchcinski.pl\/wp-content\/uploads\/2016\/12\/KU090002.jpg\"><img decoding=\"async\" class=\"alignnone size-full wp-image-4802\" src=\"https:\/\/marekkuchcinski.pl\/wp-content\/uploads\/2016\/12\/KU090002.jpg\" alt=\"ku090002\" width=\"1800\" height=\"1200\" srcset=\"https:\/\/marekkuchcinski.pl\/wp-content\/uploads\/2016\/12\/KU090002.jpg 1800w, https:\/\/marekkuchcinski.pl\/wp-content\/uploads\/2016\/12\/KU090002-300x200.jpg 300w, https:\/\/marekkuchcinski.pl\/wp-content\/uploads\/2016\/12\/KU090002-768x512.jpg 768w, https:\/\/marekkuchcinski.pl\/wp-content\/uploads\/2016\/12\/KU090002-1024x683.jpg 1024w\" sizes=\"(max-width: 1800px) 100vw, 1800px\" \/><\/a><a href=\"https:\/\/marekkuchcinski.pl\/wp-content\/uploads\/2016\/12\/KU089976.jpg\"><img decoding=\"async\" class=\"alignnone size-full wp-image-4811\" src=\"https:\/\/marekkuchcinski.pl\/wp-content\/uploads\/2016\/12\/KU089976.jpg\" alt=\"ku089976\" width=\"1800\" height=\"1200\" srcset=\"https:\/\/marekkuchcinski.pl\/wp-content\/uploads\/2016\/12\/KU089976.jpg 1800w, https:\/\/marekkuchcinski.pl\/wp-content\/uploads\/2016\/12\/KU089976-300x200.jpg 300w, https:\/\/marekkuchcinski.pl\/wp-content\/uploads\/2016\/12\/KU089976-768x512.jpg 768w, https:\/\/marekkuchcinski.pl\/wp-content\/uploads\/2016\/12\/KU089976-1024x683.jpg 1024w\" sizes=\"(max-width: 1800px) 100vw, 1800px\" \/><\/a><\/p>\n<p>\u0158editel rzeszowsk\u00e9 pobo\u010dky Institutu n\u00e1rodn\u00ed pam\u011bti Dariusz Iwaneczko<\/p>\n<p><a href=\"https:\/\/marekkuchcinski.pl\/wp-content\/uploads\/2016\/12\/KU089886.jpg\"><img loading=\"lazy\" decoding=\"async\" class=\"alignnone size-full wp-image-4803\" src=\"https:\/\/marekkuchcinski.pl\/wp-content\/uploads\/2016\/12\/KU089886.jpg\" alt=\"ku089886\" width=\"1800\" height=\"1200\" srcset=\"https:\/\/marekkuchcinski.pl\/wp-content\/uploads\/2016\/12\/KU089886.jpg 1800w, https:\/\/marekkuchcinski.pl\/wp-content\/uploads\/2016\/12\/KU089886-300x200.jpg 300w, https:\/\/marekkuchcinski.pl\/wp-content\/uploads\/2016\/12\/KU089886-768x512.jpg 768w, https:\/\/marekkuchcinski.pl\/wp-content\/uploads\/2016\/12\/KU089886-1024x683.jpg 1024w\" sizes=\"(max-width: 1800px) 100vw, 1800px\" \/><\/a> <a href=\"https:\/\/marekkuchcinski.pl\/wp-content\/uploads\/2016\/12\/KU089934.jpg\"><img loading=\"lazy\" decoding=\"async\" class=\"alignnone size-full wp-image-4804\" src=\"https:\/\/marekkuchcinski.pl\/wp-content\/uploads\/2016\/12\/KU089934.jpg\" alt=\"ku089934\" width=\"1800\" height=\"1200\" srcset=\"https:\/\/marekkuchcinski.pl\/wp-content\/uploads\/2016\/12\/KU089934.jpg 1800w, https:\/\/marekkuchcinski.pl\/wp-content\/uploads\/2016\/12\/KU089934-300x200.jpg 300w, https:\/\/marekkuchcinski.pl\/wp-content\/uploads\/2016\/12\/KU089934-768x512.jpg 768w, https:\/\/marekkuchcinski.pl\/wp-content\/uploads\/2016\/12\/KU089934-1024x683.jpg 1024w\" sizes=\"(max-width: 1800px) 100vw, 1800px\" \/><\/a><\/p>\n<p>&nbsp;<\/p>","protected":false},"excerpt":{"rendered":"<p>\u2013 Polska jest dla nas przyk\u0142adem w piel\u0119gnowaniu pami\u0119ci narodowej. Los sprawi\u0142, \u017ce trzymamy si\u0119 razem \u2013 powiedzia\u0142 przewodnicz\u0105cy parlamentu W\u0119gier Laszlo K\u00f6v\u00e9r podczas prelekcji IPN w Przemy\u015blu. Prelekcja przybli\u017cy\u0142a relacje spo\u0142ecze\u0144stw kraj\u00f3w dzisiejszej Grupy Wyszehradzkiej w okresie komunizmu, podczas wydarze\u0144 wydarzenia roku 1956 w Polsce, na W\u0119grzech i 1968 r. w Czechos\u0142owacji. Przypomniano posta\u0107 [&hellip;]<\/p>\n","protected":false},"author":6,"featured_media":4807,"comment_status":"open","ping_status":"open","sticky":false,"template":"","format":"standard","meta":{"ngg_post_thumbnail":0,"footnotes":""},"categories":[49,50,3],"tags":[],"class_list":["post-4799","post","type-post","status-publish","format-standard","has-post-thumbnail","hentry","category-podkarpacie","category-wspolpraca-miedzynarodowa","category-wydarzenia"],"_links":{"self":[{"href":"https:\/\/marekkuchcinski.pl\/cs\/wp-json\/wp\/v2\/posts\/4799","targetHints":{"allow":["GET"]}}],"collection":[{"href":"https:\/\/marekkuchcinski.pl\/cs\/wp-json\/wp\/v2\/posts"}],"about":[{"href":"https:\/\/marekkuchcinski.pl\/cs\/wp-json\/wp\/v2\/types\/post"}],"author":[{"embeddable":true,"href":"https:\/\/marekkuchcinski.pl\/cs\/wp-json\/wp\/v2\/users\/6"}],"replies":[{"embeddable":true,"href":"https:\/\/marekkuchcinski.pl\/cs\/wp-json\/wp\/v2\/comments?post=4799"}],"version-history":[{"count":3,"href":"https:\/\/marekkuchcinski.pl\/cs\/wp-json\/wp\/v2\/posts\/4799\/revisions"}],"predecessor-version":[{"id":4813,"href":"https:\/\/marekkuchcinski.pl\/cs\/wp-json\/wp\/v2\/posts\/4799\/revisions\/4813"}],"wp:featuredmedia":[{"embeddable":true,"href":"https:\/\/marekkuchcinski.pl\/cs\/wp-json\/wp\/v2\/media\/4807"}],"wp:attachment":[{"href":"https:\/\/marekkuchcinski.pl\/cs\/wp-json\/wp\/v2\/media?parent=4799"}],"wp:term":[{"taxonomy":"category","embeddable":true,"href":"https:\/\/marekkuchcinski.pl\/cs\/wp-json\/wp\/v2\/categories?post=4799"},{"taxonomy":"post_tag","embeddable":true,"href":"https:\/\/marekkuchcinski.pl\/cs\/wp-json\/wp\/v2\/tags?post=4799"}],"curies":[{"name":"wp","href":"https:\/\/api.w.org\/{rel}","templated":true}]}}