{"id":4712,"date":"2016-11-29T23:59:04","date_gmt":"2016-11-29T22:59:04","guid":{"rendered":"https:\/\/marekkuchcinski.pl\/?p=4712"},"modified":"2016-11-30T12:16:54","modified_gmt":"2016-11-30T11:16:54","slug":"sejm-iv-forum-polsko-szwedzkie","status":"publish","type":"post","link":"https:\/\/marekkuchcinski.pl\/cs\/wydarzenia\/sejm-iv-forum-polsko-szwedzkie\/","title":{"rendered":"Sejm: 4. polsko-\u0161v\u00e9dsk\u00e9 f\u00f3rum"},"content":{"rendered":"<p dir=\"ltr\">O budoucnosti Evropsk\u00e9 unie, bezpe\u010dnosti v regionu Baltsk\u00e9ho mo\u0159e a spolupr\u00e1ci v oblasti inovac\u00ed dnes v Sejmu jednali poslanci a \u010dlenov\u00e9 Riksdagu. Zased\u00e1n\u00ed spole\u010dn\u011b zah\u00e1jili p\u0159edseda Marek Kuchci\u0144ski a p\u0159edseda Urban Ahlin. Jedn\u00e1 se o \u010dtvrt\u00e9 zased\u00e1n\u00ed tohoto meziparlamentn\u00edho shrom\u00e1\u017ed\u011bn\u00ed.<\/p>\n<p dir=\"ltr\"><em>- F\u00f3rum n\u00e1s p\u0159ibli\u017euje k \u0159e\u0161en\u00ed probl\u00e9m\u016f a posiluje na\u0161i spolupr\u00e1ci, je to diskusn\u00ed setk\u00e1n\u00ed, kde si m\u016f\u017eeme voln\u011b vym\u011b\u0148ovat n\u00e1zory.<\/em>\u00a0\u0159ekl p\u0159edseda Sejmu p\u0159i zah\u00e1jen\u00ed dne\u0161n\u00edho polsko-\u0161v\u00e9dsk\u00e9ho parlamentn\u00edho zased\u00e1n\u00ed. P\u0159edseda ve sv\u00e9m projevu zm\u00ednil p\u0159\u00edklady polsko-\u0161v\u00e9dsk\u00e9 spolupr\u00e1ce a zd\u016fraznil, jak \u00fa\u010dinn\u00e9 m\u016f\u017ee b\u00fdt spojen\u00ed sil na z\u00e1klad\u011b z\u00e1kladn\u00edho principu:\u00a0<em>rovn\u00fd s rovn\u00fdm, svobodn\u00fd se svobodn\u00fdm.<\/em>\u00a0-<em>\u00a0My Pol\u00e1ci pot\u0159ebujeme efektivn\u00ed Evropskou unii zalo\u017eenou na z\u00e1sad\u011b \"jednota v rozmanitosti\".\u00a0<\/em>- \u0159ekl Marek Kuchci\u0144ski. P\u0159edseda rovn\u011b\u017e p\u0159ipomn\u011bl my\u0161lenku, kterou p\u0159ednesl na setk\u00e1n\u00edch p\u0159edsed\u016f EU, a to pos\u00edlit Evropskou unii n\u00e1vratem k jej\u00edm z\u00e1klad\u016fm, tedy k pr\u00e1vu n\u00e1rod\u016f na sebeur\u010den\u00ed. Dodal, \u017ee stejn\u011b d\u016fle\u017eit\u00e9 je i nad\u00e1le vz\u00e1jemn\u00e9 respektov\u00e1n\u00ed svrchovanosti. Podle Kuchci\u0144sk\u00e9ho lze EU pos\u00edlit zefektivn\u011bn\u00edm pravomoc\u00ed jednotliv\u00fdch evropsk\u00fdch instituc\u00ed a pos\u00edlen\u00edm role n\u00e1rodn\u00edch parlament\u016f.<\/p>\n<p dir=\"ltr\">P\u0159edseda Urban Ahlin hovo\u0159il o tom, \u017ee je d\u016fle\u017eit\u00e9 b\u00fdt p\u0159ipraven na vz\u00e1jemnou spolupr\u00e1ci. Podle jeho n\u00e1zoru pr\u00e1v\u011b Lisabonsk\u00e1 smlouva d\u00e1v\u00e1 mnoho p\u0159\u00edle\u017eitost\u00ed k \u010dinnosti, ale mnoho evropsk\u00fdch parlament\u016f ji st\u00e1le nevyu\u017e\u00edv\u00e1. Jak zd\u016fraznil, brexit bude m\u00edt velk\u00fd dopad na Polsko i \u0160v\u00e9dsko. Spojen\u00e9 kr\u00e1lovstv\u00ed je d\u016fle\u017eit\u00fdm hospod\u00e1\u0159sk\u00fdm partnerem pro v\u0161echny zem\u011b Spole\u010denstv\u00ed. P\u0159edseda Ahlin rovn\u011b\u017e upozornil na bezpe\u010dnost v oblasti Baltsk\u00e9ho mo\u0159e. Jak zd\u016fraznil, jedn\u00e1 se o problematiku, kterou \u0160v\u00e9dsko intenzivn\u011b podporuje. Prezident rovn\u011b\u017e uvedl, \u017ee politick\u00e9 prost\u0159ed\u00ed v jeho zemi kritizuje ruskou vojenskou intervenci na Ukrajin\u011b. Vysv\u011btlil, \u017ee to je pro Evropu obrovsk\u00e1 v\u00fdzva a \u017ee Evropsk\u00e1 unie mus\u00ed b\u00fdt tv\u00e1\u0159\u00ed v tv\u00e1\u0159 t\u011bmto ud\u00e1lostem jednotn\u00e1.<\/p>\n<p dir=\"ltr\">Diskuse o budoucnosti Evropsk\u00e9 unie v souvislosti s brexitem se z\u00fa\u010dastnili z\u00e1stupci v\u00fdbor\u016f pro z\u00e1le\u017eitosti Evropsk\u00e9 unie Konrad G\u0142\u0119bocki a pro zahrani\u010dn\u00ed v\u011bci Andrzej Halicki. Za polsko-\u0161v\u00e9dskou parlamentn\u00ed skupinu se diskuse z\u00fa\u010dastnila Monika Rosa. Jak bylo zd\u016frazn\u011bno, Evropsk\u00e1 unie pot\u0159ebuje zm\u011bny a n\u00e1pravu, ale je tak\u00e9 d\u016fle\u017eit\u00e9 m\u00edt na pam\u011bti, pro\u010d byla vytvo\u0159ena. Pozornost byla v\u011bnov\u00e1na tak\u00e9 mechanism\u016fm stanoven\u00fdm Lisabonskou smlouvou a skute\u010dnosti, \u017ee nejsou ve v\u011bt\u0161\u00ed m\u00ed\u0159e vyu\u017e\u00edv\u00e1ny. Bylo tak\u00e9 zd\u016frazn\u011bno, \u017ee pravomoci n\u00e1rodn\u00edch parlament\u016f jsou st\u00e1le p\u0159\u00edli\u0161 slab\u00e9. B\u011bhem t\u00e9to \u010d\u00e1sti jedn\u00e1n\u00ed do\u0161lo tak\u00e9 k v\u00fdm\u011bn\u011b n\u00e1zor\u016f na migraci.<\/p>\n<p dir=\"ltr\">Druh\u00e1 \u010d\u00e1st jedn\u00e1n\u00ed se zab\u00fdvala bezpe\u010dnostn\u00edmi ot\u00e1zkami v regionu Baltsk\u00e9ho mo\u0159e. Z\u00e1stupci v\u00fdbor\u016f p\u0159ednesli sv\u00e1 stanoviska k t\u00e9to ot\u00e1zce: Waldemar Andzel z V\u00fdboru pro n\u00e1rodn\u00ed obranu a Norbert Obrycki z V\u00fdboru pro zahrani\u010dn\u00ed v\u011bci. Polsko-\u0161v\u00e9dskou parlamentn\u00ed skupinu zastupoval Arkadiusz Marchewka. V diskusi bylo zd\u016frazn\u011bno, \u017ee spolupr\u00e1ce mezi na\u0161imi zem\u011bmi v oblasti bezpe\u010dnosti je strategick\u00e1. V\u00fdchodn\u00ed partnerstv\u00ed k tomu poskytuje dobr\u00fd z\u00e1klad a pr\u00e1v\u011b v t\u00e9to oblasti by m\u011bly b\u00fdt spole\u010dn\u00e9 aktivity zintenzivn\u011bny a pos\u00edleny. Na f\u00f3ru byly rovn\u011b\u017e nastoleny ot\u00e1zky t\u00fdkaj\u00edc\u00ed se energetick\u00e9 solidarity a spolupr\u00e1ce se Spojen\u00fdmi st\u00e1ty.<\/p>\n<p dir=\"ltr\">Dne\u0161n\u00ed setk\u00e1n\u00ed bylo tak\u00e9 p\u0159\u00edle\u017eitost\u00ed k diskusi o ekonomick\u00fdch inovac\u00edch a spolupr\u00e1ci v t\u00e9to oblasti. V\u00fdbor pro digitalizaci, inovace a nov\u00e9 technologie zastupoval Witold Czarnecki a V\u00fdbor pro hospod\u00e1\u0159stv\u00ed a rozvoj Daniel Milewski. Vystoupil Krzysztof Truskolaski za polsko-\u0161v\u00e9dskou parlamentn\u00ed skupinu. Bylo zd\u016frazn\u011bno, \u017ee \u0160v\u00e9dsko je jedn\u00edm z l\u00eddr\u016f v oblasti inovac\u00ed - je to jedna z ekonomick\u00fdch priorit zem\u011b.<\/p>\n<p dir=\"ltr\">Dne\u0161n\u00edmu IV. polsko-\u0161v\u00e9dsk\u00e9mu f\u00f3ru p\u0159edch\u00e1zelo setk\u00e1n\u00ed p\u0159edsedy Sejmu s p\u0159edsedou Riksdagu. Politici diskutovali mimo jin\u00e9 o v\u00fdm\u011bn\u011b zku\u0161enost\u00ed v oblasti region\u00e1ln\u00ed spolupr\u00e1ce, o rostouc\u00edm v\u00fdznamu makroregion\u016f - na p\u0159\u00edkladu povod\u00ed Baltsk\u00e9ho mo\u0159e a karpatsk\u00e9ho regionu - a o pot\u0159eb\u011b p\u0159ijmout region\u00e1ln\u00ed strategie. T\u00e9matem setk\u00e1n\u00ed Marka Kuchci\u0144sk\u00e9ho a Urbana Ahlina bylo tak\u00e9 prohlouben\u00ed parlamentn\u00ed spolupr\u00e1ce se st\u0159edn\u00ed a v\u00fdchodn\u00ed Evropou a pos\u00edlen\u00ed V\u00fdchodn\u00edho partnerstv\u00ed.<\/p>\n<p dir=\"ltr\"><a href=\"https:\/\/marekkuchcinski.pl\/wp-content\/uploads\/2016\/11\/unspecified-39-2.jpeg\"><img fetchpriority=\"high\" decoding=\"async\" class=\"alignnone size-full wp-image-4715\" src=\"https:\/\/marekkuchcinski.pl\/wp-content\/uploads\/2016\/11\/unspecified-39-2.jpeg\" alt=\"unspecified-39\" width=\"1800\" height=\"1200\" srcset=\"https:\/\/marekkuchcinski.pl\/wp-content\/uploads\/2016\/11\/unspecified-39-2.jpeg 1800w, https:\/\/marekkuchcinski.pl\/wp-content\/uploads\/2016\/11\/unspecified-39-2-300x200.jpeg 300w, https:\/\/marekkuchcinski.pl\/wp-content\/uploads\/2016\/11\/unspecified-39-2-768x512.jpeg 768w, https:\/\/marekkuchcinski.pl\/wp-content\/uploads\/2016\/11\/unspecified-39-2-1024x683.jpeg 1024w\" sizes=\"(max-width: 1800px) 100vw, 1800px\" \/><\/a><a href=\"https:\/\/marekkuchcinski.pl\/wp-content\/uploads\/2016\/11\/unspecified-38.jpeg\"><img decoding=\"async\" class=\"alignnone size-full wp-image-4716\" src=\"https:\/\/marekkuchcinski.pl\/wp-content\/uploads\/2016\/11\/unspecified-38.jpeg\" alt=\"unspecified-38\" width=\"1800\" height=\"1200\" srcset=\"https:\/\/marekkuchcinski.pl\/wp-content\/uploads\/2016\/11\/unspecified-38.jpeg 1800w, https:\/\/marekkuchcinski.pl\/wp-content\/uploads\/2016\/11\/unspecified-38-300x200.jpeg 300w, https:\/\/marekkuchcinski.pl\/wp-content\/uploads\/2016\/11\/unspecified-38-768x512.jpeg 768w, https:\/\/marekkuchcinski.pl\/wp-content\/uploads\/2016\/11\/unspecified-38-1024x683.jpeg 1024w\" sizes=\"(max-width: 1800px) 100vw, 1800px\" \/><\/a> <a href=\"https:\/\/marekkuchcinski.pl\/wp-content\/uploads\/2016\/11\/unspecified-37.jpeg\"><img decoding=\"async\" class=\"alignnone size-full wp-image-4717\" src=\"https:\/\/marekkuchcinski.pl\/wp-content\/uploads\/2016\/11\/unspecified-37.jpeg\" alt=\"unspecified-37\" width=\"1800\" height=\"1200\" srcset=\"https:\/\/marekkuchcinski.pl\/wp-content\/uploads\/2016\/11\/unspecified-37.jpeg 1800w, https:\/\/marekkuchcinski.pl\/wp-content\/uploads\/2016\/11\/unspecified-37-300x200.jpeg 300w, https:\/\/marekkuchcinski.pl\/wp-content\/uploads\/2016\/11\/unspecified-37-768x512.jpeg 768w, https:\/\/marekkuchcinski.pl\/wp-content\/uploads\/2016\/11\/unspecified-37-1024x683.jpeg 1024w\" sizes=\"(max-width: 1800px) 100vw, 1800px\" \/><\/a> <a href=\"https:\/\/marekkuchcinski.pl\/wp-content\/uploads\/2016\/11\/unspecified-36.jpeg\"><img loading=\"lazy\" decoding=\"async\" class=\"alignnone size-full wp-image-4718\" src=\"https:\/\/marekkuchcinski.pl\/wp-content\/uploads\/2016\/11\/unspecified-36.jpeg\" alt=\"unspecified-36\" width=\"1800\" height=\"1200\" srcset=\"https:\/\/marekkuchcinski.pl\/wp-content\/uploads\/2016\/11\/unspecified-36.jpeg 1800w, https:\/\/marekkuchcinski.pl\/wp-content\/uploads\/2016\/11\/unspecified-36-300x200.jpeg 300w, https:\/\/marekkuchcinski.pl\/wp-content\/uploads\/2016\/11\/unspecified-36-768x512.jpeg 768w, https:\/\/marekkuchcinski.pl\/wp-content\/uploads\/2016\/11\/unspecified-36-1024x683.jpeg 1024w\" sizes=\"(max-width: 1800px) 100vw, 1800px\" \/><\/a> <a href=\"https:\/\/marekkuchcinski.pl\/wp-content\/uploads\/2016\/11\/unspecified-35.jpeg\"><img loading=\"lazy\" decoding=\"async\" class=\"alignnone size-full wp-image-4719\" src=\"https:\/\/marekkuchcinski.pl\/wp-content\/uploads\/2016\/11\/unspecified-35.jpeg\" alt=\"unspecified-35\" width=\"1800\" height=\"1200\" srcset=\"https:\/\/marekkuchcinski.pl\/wp-content\/uploads\/2016\/11\/unspecified-35.jpeg 1800w, https:\/\/marekkuchcinski.pl\/wp-content\/uploads\/2016\/11\/unspecified-35-300x200.jpeg 300w, https:\/\/marekkuchcinski.pl\/wp-content\/uploads\/2016\/11\/unspecified-35-768x512.jpeg 768w, https:\/\/marekkuchcinski.pl\/wp-content\/uploads\/2016\/11\/unspecified-35-1024x683.jpeg 1024w\" sizes=\"(max-width: 1800px) 100vw, 1800px\" \/><\/a> <a href=\"https:\/\/marekkuchcinski.pl\/wp-content\/uploads\/2016\/11\/unspecified-34.jpeg\"><img loading=\"lazy\" decoding=\"async\" class=\"alignnone size-full wp-image-4720\" src=\"https:\/\/marekkuchcinski.pl\/wp-content\/uploads\/2016\/11\/unspecified-34.jpeg\" alt=\"unspecified-34\" width=\"1800\" height=\"1069\" srcset=\"https:\/\/marekkuchcinski.pl\/wp-content\/uploads\/2016\/11\/unspecified-34.jpeg 1800w, https:\/\/marekkuchcinski.pl\/wp-content\/uploads\/2016\/11\/unspecified-34-300x178.jpeg 300w, https:\/\/marekkuchcinski.pl\/wp-content\/uploads\/2016\/11\/unspecified-34-768x456.jpeg 768w, https:\/\/marekkuchcinski.pl\/wp-content\/uploads\/2016\/11\/unspecified-34-1024x608.jpeg 1024w\" sizes=\"(max-width: 1800px) 100vw, 1800px\" \/><\/a> <a href=\"https:\/\/marekkuchcinski.pl\/wp-content\/uploads\/2016\/11\/unspecified-33.jpeg\"><img loading=\"lazy\" decoding=\"async\" class=\"alignnone size-full wp-image-4721\" src=\"https:\/\/marekkuchcinski.pl\/wp-content\/uploads\/2016\/11\/unspecified-33.jpeg\" alt=\"unspecified-33\" width=\"1800\" height=\"1200\" srcset=\"https:\/\/marekkuchcinski.pl\/wp-content\/uploads\/2016\/11\/unspecified-33.jpeg 1800w, https:\/\/marekkuchcinski.pl\/wp-content\/uploads\/2016\/11\/unspecified-33-300x200.jpeg 300w, https:\/\/marekkuchcinski.pl\/wp-content\/uploads\/2016\/11\/unspecified-33-768x512.jpeg 768w, https:\/\/marekkuchcinski.pl\/wp-content\/uploads\/2016\/11\/unspecified-33-1024x683.jpeg 1024w\" sizes=\"(max-width: 1800px) 100vw, 1800px\" \/><\/a> <a href=\"https:\/\/marekkuchcinski.pl\/wp-content\/uploads\/2016\/11\/unspecified-32.jpeg\"><img loading=\"lazy\" decoding=\"async\" class=\"alignnone size-full wp-image-4722\" src=\"https:\/\/marekkuchcinski.pl\/wp-content\/uploads\/2016\/11\/unspecified-32.jpeg\" alt=\"unspecified-32\" width=\"1800\" height=\"1200\" srcset=\"https:\/\/marekkuchcinski.pl\/wp-content\/uploads\/2016\/11\/unspecified-32.jpeg 1800w, https:\/\/marekkuchcinski.pl\/wp-content\/uploads\/2016\/11\/unspecified-32-300x200.jpeg 300w, https:\/\/marekkuchcinski.pl\/wp-content\/uploads\/2016\/11\/unspecified-32-768x512.jpeg 768w, https:\/\/marekkuchcinski.pl\/wp-content\/uploads\/2016\/11\/unspecified-32-1024x683.jpeg 1024w\" sizes=\"(max-width: 1800px) 100vw, 1800px\" \/><\/a> <a href=\"https:\/\/marekkuchcinski.pl\/wp-content\/uploads\/2016\/11\/unspecified-31.jpeg\"><img loading=\"lazy\" decoding=\"async\" class=\"alignnone size-full wp-image-4723\" src=\"https:\/\/marekkuchcinski.pl\/wp-content\/uploads\/2016\/11\/unspecified-31.jpeg\" alt=\"unspecified-31\" width=\"1800\" height=\"1200\" srcset=\"https:\/\/marekkuchcinski.pl\/wp-content\/uploads\/2016\/11\/unspecified-31.jpeg 1800w, https:\/\/marekkuchcinski.pl\/wp-content\/uploads\/2016\/11\/unspecified-31-300x200.jpeg 300w, https:\/\/marekkuchcinski.pl\/wp-content\/uploads\/2016\/11\/unspecified-31-768x512.jpeg 768w, https:\/\/marekkuchcinski.pl\/wp-content\/uploads\/2016\/11\/unspecified-31-1024x683.jpeg 1024w\" sizes=\"(max-width: 1800px) 100vw, 1800px\" \/><\/a> <a href=\"https:\/\/marekkuchcinski.pl\/wp-content\/uploads\/2016\/11\/unspecified-30.jpeg\"><img loading=\"lazy\" decoding=\"async\" class=\"alignnone size-full wp-image-4724\" src=\"https:\/\/marekkuchcinski.pl\/wp-content\/uploads\/2016\/11\/unspecified-30.jpeg\" alt=\"unspecified-30\" width=\"1800\" height=\"1200\" srcset=\"https:\/\/marekkuchcinski.pl\/wp-content\/uploads\/2016\/11\/unspecified-30.jpeg 1800w, https:\/\/marekkuchcinski.pl\/wp-content\/uploads\/2016\/11\/unspecified-30-300x200.jpeg 300w, https:\/\/marekkuchcinski.pl\/wp-content\/uploads\/2016\/11\/unspecified-30-768x512.jpeg 768w, https:\/\/marekkuchcinski.pl\/wp-content\/uploads\/2016\/11\/unspecified-30-1024x683.jpeg 1024w\" sizes=\"(max-width: 1800px) 100vw, 1800px\" \/><\/a><\/p>","protected":false},"excerpt":{"rendered":"<p>O przysz\u0142o\u015bci Unii Europejskiej, bezpiecze\u0144stwie w regionie Morza Ba\u0142tyckiego oraz wsp\u00f3\u0142pracy dotycz\u0105cej innowacji rozmawiali dzi\u015b w Sejmie pos\u0142owie oraz deputowani Riksdagu. Spotkanie wsp\u00f3lnie otworzyli marsza\u0142ek Marek Kuchci\u0144ski i przewodnicz\u0105cy Urban Ahlin. To ju\u017c czwarte obrady w tej konwencji mi\u0119dzyparlamentarnej. &#8211; Forum przybli\u017ca nas do rozwi\u0105zania problem\u00f3w i zacie\u015bnia nasz\u0105 wsp\u00f3\u0142prac\u0119, to spotkanie dyskusyjne, podczas kt\u00f3rego [&hellip;]<\/p>\n","protected":false},"author":6,"featured_media":4724,"comment_status":"open","ping_status":"open","sticky":false,"template":"","format":"standard","meta":{"ngg_post_thumbnail":0,"footnotes":""},"categories":[81,50,3],"tags":[],"class_list":["post-4712","post","type-post","status-publish","format-standard","has-post-thumbnail","hentry","category-wiesci-z-sejmu","category-wspolpraca-miedzynarodowa","category-wydarzenia"],"_links":{"self":[{"href":"https:\/\/marekkuchcinski.pl\/cs\/wp-json\/wp\/v2\/posts\/4712","targetHints":{"allow":["GET"]}}],"collection":[{"href":"https:\/\/marekkuchcinski.pl\/cs\/wp-json\/wp\/v2\/posts"}],"about":[{"href":"https:\/\/marekkuchcinski.pl\/cs\/wp-json\/wp\/v2\/types\/post"}],"author":[{"embeddable":true,"href":"https:\/\/marekkuchcinski.pl\/cs\/wp-json\/wp\/v2\/users\/6"}],"replies":[{"embeddable":true,"href":"https:\/\/marekkuchcinski.pl\/cs\/wp-json\/wp\/v2\/comments?post=4712"}],"version-history":[{"count":1,"href":"https:\/\/marekkuchcinski.pl\/cs\/wp-json\/wp\/v2\/posts\/4712\/revisions"}],"predecessor-version":[{"id":4725,"href":"https:\/\/marekkuchcinski.pl\/cs\/wp-json\/wp\/v2\/posts\/4712\/revisions\/4725"}],"wp:featuredmedia":[{"embeddable":true,"href":"https:\/\/marekkuchcinski.pl\/cs\/wp-json\/wp\/v2\/media\/4724"}],"wp:attachment":[{"href":"https:\/\/marekkuchcinski.pl\/cs\/wp-json\/wp\/v2\/media?parent=4712"}],"wp:term":[{"taxonomy":"category","embeddable":true,"href":"https:\/\/marekkuchcinski.pl\/cs\/wp-json\/wp\/v2\/categories?post=4712"},{"taxonomy":"post_tag","embeddable":true,"href":"https:\/\/marekkuchcinski.pl\/cs\/wp-json\/wp\/v2\/tags?post=4712"}],"curies":[{"name":"wp","href":"https:\/\/api.w.org\/{rel}","templated":true}]}}