{"id":4640,"date":"2016-11-26T23:17:21","date_gmt":"2016-11-26T22:17:21","guid":{"rendered":"https:\/\/marekkuchcinski.pl\/?p=4640"},"modified":"2016-11-30T13:15:37","modified_gmt":"2016-11-30T12:15:37","slug":"wybory-wladz-okregu-22-krosno","status":"publish","type":"post","link":"https:\/\/marekkuchcinski.pl\/cs\/wydarzenia\/wybory-wladz-okregu-22-krosno\/","title":{"rendered":"Volby v okrsku 22 - Krosno"},"content":{"rendered":"<p><strong>Sobotn\u00ed volby p\u0159edsedy obvodu \u010d. 22 vyhr\u00e1l op\u011bt Marek Kuchci\u0144ski, kter\u00e9ho doporu\u010dil Jaros\u0142aw Kaczy\u0144ski. Kandid\u00e1ta na p\u0159edsedu Sejmu podpo\u0159ilo 359 deleg\u00e1t\u016f, 19 bylo proti a 3 se zdr\u017eeli hlasov\u00e1n\u00ed.<\/strong><\/p>\n<p>P\u0159edseda parlamentu nast\u00ednil \u00fakoly, kter\u00e9 stoj\u00ed p\u0159ed podkarpatsk\u00fdm okresem. Za nejd\u016fle\u017eit\u011bj\u0161\u00ed ozna\u010dil roz\u0161\u00ed\u0159en\u00ed struktur, organizaci setk\u00e1n\u00ed v jednotliv\u00fdch vesnic\u00edch a p\u0159\u00edpravu programu udr\u017eiteln\u00e9ho rozvoje. Podle Kuchci\u0144sk\u00e9ho je rok 2017 \u010dasem pro nov\u00e9 projedn\u00e1n\u00ed dohod s Evropskou uni\u00ed o \u010derp\u00e1n\u00ed pen\u011bz v jednotliv\u00fdch vojvodstv\u00edch.<\/p>\n<p>Marek Kuchci\u0144ski rovn\u011b\u017e zd\u016fraznil roli, kterou bude mlad\u00e1 generace hr\u00e1t v \u017eivot\u011b zem\u011b. - Za dva nebo t\u0159i roky budeme m\u00edt tis\u00edce nov\u00fdch opr\u00e1vn\u011bn\u00fdch voli\u010d\u016f. Mnoz\u00ed z t\u011bchto lid\u00ed maj\u00ed smysl pro vlastenectv\u00ed, pocit hrdosti na to, \u017ee jsou v\u00edce ne\u017e 1500 let star\u00fdm n\u00e1rodem, vid\u00ed pot\u0159ebu pos\u00edlit v\u00fdznam st\u00e1tu. Z toho by se m\u011bly vyvodit z\u00e1v\u011bry, kter\u00e9 by se m\u011bly pou\u017e\u00edt i v mezin\u00e1rodn\u00edch vztaz\u00edch - argumentoval.<\/p>\n<p><a href=\"https:\/\/marekkuchcinski.pl\/wp-content\/uploads\/2016\/11\/poparcie.png\"><img fetchpriority=\"high\" decoding=\"async\" class=\"alignnone wp-image-4641\" src=\"https:\/\/marekkuchcinski.pl\/wp-content\/uploads\/2016\/11\/poparcie.png\" alt=\"poparcie\" width=\"729\" height=\"377\" srcset=\"https:\/\/marekkuchcinski.pl\/wp-content\/uploads\/2016\/11\/poparcie.png 1500w, https:\/\/marekkuchcinski.pl\/wp-content\/uploads\/2016\/11\/poparcie-300x155.png 300w, https:\/\/marekkuchcinski.pl\/wp-content\/uploads\/2016\/11\/poparcie-768x397.png 768w, https:\/\/marekkuchcinski.pl\/wp-content\/uploads\/2016\/11\/poparcie-1024x529.png 1024w\" sizes=\"(max-width: 729px) 100vw, 729px\" \/><\/a><\/p>\n<p>Marek Kuchci\u0144ski tak\u00e9 p\u0159edstavil zm\u011bny v podpo\u0159e PiS a \u00fasp\u011bchy strany v zemi, ve vojvodstv\u00ed a v okrese 22, v\u010detn\u011b programu 500+, \u0161estilet\u00fdch d\u011bt\u00ed, l\u00e9k\u016f pro seniory a sn\u00ed\u017een\u00ed v\u011bku odchodu do d\u016fchodu. P\u0159ipomn\u011bl \u00fasp\u011bch ve volb\u00e1ch do Evropsk\u00e9ho parlamentu, m\u00edstn\u00edch samospr\u00e1v, prezidentsk\u00fdch a parlamentn\u00edch volb\u00e1ch. Hovo\u0159il tak\u00e9 o pot\u0159eb\u011b zm\u011bn v organizaci \u0161kol \u0159\u00edzen\u00fdch samospr\u00e1vami, v u\u010debn\u00edch osnov\u00e1ch, oprav\u011b vysok\u00e9ho \u0161kolstv\u00ed, zv\u00fd\u0161en\u00ed bezpe\u010dnosti zem\u011b, a to nejen na hranic\u00edch - zejm\u00e9na schengensk\u00fdch -, ale tak\u00e9 vyu\u017eit\u00edm z\u00e1jmu mlad\u00fdch lid\u00ed o slu\u017ebu v arm\u00e1d\u011b. Ozn\u00e1mil, \u017ee v ka\u017ed\u00e9m kraji v Polsku bude p\u016fsobit prapor brig\u00e1dy teritori\u00e1ln\u00ed obrany. Marek Kuchci\u0144ski hovo\u0159il tak\u00e9 o v\u00fdznamu dopravn\u00edch iniciativ (nejen Via Carpatia S19, A4, ale tak\u00e9 \u0159ada m\u00edstn\u00edch spoj\u016f, obnova obecn\u00edch a okresn\u00edch silnic). - To jsou v\u00fdzvy, kter\u00fdm mus\u00edme \u010delit - \u0159ekl.<\/p>\n<p><strong>N\u00ed\u017ee jsou uvedeny v\u00fdsledky voleb, kter\u00e9 se konaly na okresn\u00edm sjezdu - okres 22 dne 26.11.16 v Krosn\u011b:<\/strong><\/p>\n<p><a href=\"https:\/\/marekkuchcinski.pl\/wp-content\/uploads\/2016\/11\/Wyniki-Wybor\u00f3w-Zjazd-Okr\u0119gowy-Okr\u0119gu-22-Krosno-26.11.16-r.pdf\">wyniki-wyborow-zjazd-okregowy-okregu-22-krosno-26-11-16-r<\/a><\/p>\n<p><a href=\"https:\/\/marekkuchcinski.pl\/wp-content\/uploads\/2016\/11\/DSCF8385.jpg\"><img decoding=\"async\" class=\"alignnone size-full wp-image-4643\" src=\"https:\/\/marekkuchcinski.pl\/wp-content\/uploads\/2016\/11\/DSCF8385.jpg\" alt=\"dscf8385\" width=\"3485\" height=\"2326\" srcset=\"https:\/\/marekkuchcinski.pl\/wp-content\/uploads\/2016\/11\/DSCF8385.jpg 2048w, https:\/\/marekkuchcinski.pl\/wp-content\/uploads\/2016\/11\/DSCF8385-300x200.jpg 300w, https:\/\/marekkuchcinski.pl\/wp-content\/uploads\/2016\/11\/DSCF8385-768x513.jpg 768w, https:\/\/marekkuchcinski.pl\/wp-content\/uploads\/2016\/11\/DSCF8385-1024x683.jpg 1024w\" sizes=\"(max-width: 3485px) 100vw, 3485px\" \/><\/a><\/p>\n<p><a href=\"https:\/\/marekkuchcinski.pl\/wp-content\/uploads\/2016\/11\/DSCF8180.jpg\"><img decoding=\"async\" class=\"alignnone size-full wp-image-4657\" src=\"https:\/\/marekkuchcinski.pl\/wp-content\/uploads\/2016\/11\/DSCF8180.jpg\" alt=\"dscf8180\" width=\"3311\" height=\"2211\" srcset=\"https:\/\/marekkuchcinski.pl\/wp-content\/uploads\/2016\/11\/DSCF8180.jpg 2048w, https:\/\/marekkuchcinski.pl\/wp-content\/uploads\/2016\/11\/DSCF8180-300x200.jpg 300w, https:\/\/marekkuchcinski.pl\/wp-content\/uploads\/2016\/11\/DSCF8180-768x513.jpg 768w, https:\/\/marekkuchcinski.pl\/wp-content\/uploads\/2016\/11\/DSCF8180-1024x684.jpg 1024w\" sizes=\"(max-width: 3311px) 100vw, 3311px\" \/><\/a><\/p>\n<p><a href=\"https:\/\/marekkuchcinski.pl\/wp-content\/uploads\/2016\/11\/DSCF8213.jpg\"><img loading=\"lazy\" decoding=\"async\" class=\"alignnone size-full wp-image-4648\" src=\"https:\/\/marekkuchcinski.pl\/wp-content\/uploads\/2016\/11\/DSCF8213.jpg\" alt=\"dscf8213\" width=\"3791\" height=\"2530\" srcset=\"https:\/\/marekkuchcinski.pl\/wp-content\/uploads\/2016\/11\/DSCF8213.jpg 2048w, https:\/\/marekkuchcinski.pl\/wp-content\/uploads\/2016\/11\/DSCF8213-300x200.jpg 300w, https:\/\/marekkuchcinski.pl\/wp-content\/uploads\/2016\/11\/DSCF8213-768x513.jpg 768w, https:\/\/marekkuchcinski.pl\/wp-content\/uploads\/2016\/11\/DSCF8213-1024x683.jpg 1024w\" sizes=\"(max-width: 3791px) 100vw, 3791px\" \/><\/a><\/p>\n<p><a href=\"https:\/\/marekkuchcinski.pl\/wp-content\/uploads\/2016\/11\/DSCF8075.jpg\"><img loading=\"lazy\" decoding=\"async\" class=\"alignnone size-full wp-image-4649\" src=\"https:\/\/marekkuchcinski.pl\/wp-content\/uploads\/2016\/11\/DSCF8075.jpg\" alt=\"dscf8075\" width=\"3520\" height=\"2351\" srcset=\"https:\/\/marekkuchcinski.pl\/wp-content\/uploads\/2016\/11\/DSCF8075.jpg 2048w, https:\/\/marekkuchcinski.pl\/wp-content\/uploads\/2016\/11\/DSCF8075-300x200.jpg 300w, https:\/\/marekkuchcinski.pl\/wp-content\/uploads\/2016\/11\/DSCF8075-768x513.jpg 768w, https:\/\/marekkuchcinski.pl\/wp-content\/uploads\/2016\/11\/DSCF8075-1024x684.jpg 1024w\" sizes=\"(max-width: 3520px) 100vw, 3520px\" \/><\/a><\/p>\n<p><a href=\"https:\/\/marekkuchcinski.pl\/wp-content\/uploads\/2016\/11\/DSCF8140-001.jpg\"><img loading=\"lazy\" decoding=\"async\" class=\"alignnone size-full wp-image-4658\" src=\"https:\/\/marekkuchcinski.pl\/wp-content\/uploads\/2016\/11\/DSCF8140-001.jpg\" alt=\"dscf8140-001\" width=\"4086\" height=\"2729\" srcset=\"https:\/\/marekkuchcinski.pl\/wp-content\/uploads\/2016\/11\/DSCF8140-001.jpg 2048w, https:\/\/marekkuchcinski.pl\/wp-content\/uploads\/2016\/11\/DSCF8140-001-300x200.jpg 300w, https:\/\/marekkuchcinski.pl\/wp-content\/uploads\/2016\/11\/DSCF8140-001-768x513.jpg 768w, https:\/\/marekkuchcinski.pl\/wp-content\/uploads\/2016\/11\/DSCF8140-001-1024x684.jpg 1024w\" sizes=\"(max-width: 4086px) 100vw, 4086px\" \/><\/a><\/p>\n<p><a href=\"https:\/\/marekkuchcinski.pl\/wp-content\/uploads\/2016\/11\/DSCF8197.jpg\"><img loading=\"lazy\" decoding=\"async\" class=\"alignnone size-full wp-image-4652\" src=\"https:\/\/marekkuchcinski.pl\/wp-content\/uploads\/2016\/11\/DSCF8197.jpg\" alt=\"dscf8197\" width=\"3633\" height=\"2423\" srcset=\"https:\/\/marekkuchcinski.pl\/wp-content\/uploads\/2016\/11\/DSCF8197.jpg 2048w, https:\/\/marekkuchcinski.pl\/wp-content\/uploads\/2016\/11\/DSCF8197-300x200.jpg 300w, https:\/\/marekkuchcinski.pl\/wp-content\/uploads\/2016\/11\/DSCF8197-768x512.jpg 768w, https:\/\/marekkuchcinski.pl\/wp-content\/uploads\/2016\/11\/DSCF8197-1024x683.jpg 1024w\" sizes=\"(max-width: 3633px) 100vw, 3633px\" \/><\/a><\/p>\n<p><a href=\"https:\/\/marekkuchcinski.pl\/wp-content\/uploads\/2016\/11\/DSCF8433-001-1.jpg\"><img loading=\"lazy\" decoding=\"async\" class=\"alignnone size-full wp-image-4647\" src=\"https:\/\/marekkuchcinski.pl\/wp-content\/uploads\/2016\/11\/DSCF8433-001-1.jpg\" alt=\"dscf8433-001\" width=\"3315\" height=\"2211\" srcset=\"https:\/\/marekkuchcinski.pl\/wp-content\/uploads\/2016\/11\/DSCF8433-001-1.jpg 2048w, https:\/\/marekkuchcinski.pl\/wp-content\/uploads\/2016\/11\/DSCF8433-001-1-300x200.jpg 300w, https:\/\/marekkuchcinski.pl\/wp-content\/uploads\/2016\/11\/DSCF8433-001-1-768x512.jpg 768w, https:\/\/marekkuchcinski.pl\/wp-content\/uploads\/2016\/11\/DSCF8433-001-1-1024x683.jpg 1024w\" sizes=\"(max-width: 3315px) 100vw, 3315px\" \/><\/a><\/p>\n<p><a href=\"https:\/\/marekkuchcinski.pl\/wp-content\/uploads\/2016\/11\/DSCF8424.jpg\"><img loading=\"lazy\" decoding=\"async\" class=\"alignnone size-full wp-image-4646\" src=\"https:\/\/marekkuchcinski.pl\/wp-content\/uploads\/2016\/11\/DSCF8424.jpg\" alt=\"dscf8424\" width=\"3169\" height=\"2117\" srcset=\"https:\/\/marekkuchcinski.pl\/wp-content\/uploads\/2016\/11\/DSCF8424.jpg 2048w, https:\/\/marekkuchcinski.pl\/wp-content\/uploads\/2016\/11\/DSCF8424-300x200.jpg 300w, https:\/\/marekkuchcinski.pl\/wp-content\/uploads\/2016\/11\/DSCF8424-768x513.jpg 768w, https:\/\/marekkuchcinski.pl\/wp-content\/uploads\/2016\/11\/DSCF8424-1024x684.jpg 1024w\" sizes=\"(max-width: 3169px) 100vw, 3169px\" \/><\/a><\/p>\n<p><a href=\"https:\/\/marekkuchcinski.pl\/wp-content\/uploads\/2016\/11\/DSCF8156-1.jpg\"><img loading=\"lazy\" decoding=\"async\" class=\"alignnone size-full wp-image-4726\" src=\"https:\/\/marekkuchcinski.pl\/wp-content\/uploads\/2016\/11\/DSCF8156-1.jpg\" alt=\"dscf8156\" width=\"4132\" height=\"2760\" srcset=\"https:\/\/marekkuchcinski.pl\/wp-content\/uploads\/2016\/11\/DSCF8156-1.jpg 2048w, https:\/\/marekkuchcinski.pl\/wp-content\/uploads\/2016\/11\/DSCF8156-1-300x200.jpg 300w, https:\/\/marekkuchcinski.pl\/wp-content\/uploads\/2016\/11\/DSCF8156-1-768x513.jpg 768w, https:\/\/marekkuchcinski.pl\/wp-content\/uploads\/2016\/11\/DSCF8156-1-1024x684.jpg 1024w\" sizes=\"(max-width: 4132px) 100vw, 4132px\" \/><\/a> <a href=\"https:\/\/marekkuchcinski.pl\/wp-content\/uploads\/2016\/11\/DSCF8177.jpg\"><img loading=\"lazy\" decoding=\"async\" class=\"alignnone size-full wp-image-4727\" src=\"https:\/\/marekkuchcinski.pl\/wp-content\/uploads\/2016\/11\/DSCF8177.jpg\" alt=\"dscf8177\" width=\"4896\" height=\"2760\" srcset=\"https:\/\/marekkuchcinski.pl\/wp-content\/uploads\/2016\/11\/DSCF8177.jpg 2048w, https:\/\/marekkuchcinski.pl\/wp-content\/uploads\/2016\/11\/DSCF8177-300x169.jpg 300w, https:\/\/marekkuchcinski.pl\/wp-content\/uploads\/2016\/11\/DSCF8177-768x433.jpg 768w, https:\/\/marekkuchcinski.pl\/wp-content\/uploads\/2016\/11\/DSCF8177-1024x577.jpg 1024w\" sizes=\"(max-width: 4896px) 100vw, 4896px\" \/><\/a><\/p>","protected":false},"excerpt":{"rendered":"<p>Sobotnie wybory na prezesa Okr\u0119gu nr 22 ponownie wygra\u0142 rekomendowany przez Jaros\u0142awa Kaczy\u0144skiego Marek Kuchci\u0144ski. Kandydatur\u0119 marsza\u0142ka Sejmu popar\u0142o 359 delegat\u00f3w, 19 by\u0142o przeciw, 3 wstrzyma\u0142o si\u0119 od g\u0142osu. Marsza\u0142ek zarysowa\u0142 zadania, jakie stoj\u0105 przed podkarpackim okr\u0119giem. Jako najwa\u017cniejsze wymieni\u0142 rozbudow\u0119 struktur, organizowanie spotka\u0144 w poszczeg\u00f3lnych so\u0142ectwach oraz przygotowanie programu dotycz\u0105cego zr\u00f3wnowa\u017conego rozwoju. Rok 2017 [&hellip;]<\/p>\n","protected":false},"author":6,"featured_media":4735,"comment_status":"open","ping_status":"open","sticky":false,"template":"","format":"standard","meta":{"ngg_post_thumbnail":0,"footnotes":""},"categories":[49,82,3],"tags":[],"class_list":["post-4640","post","type-post","status-publish","format-standard","has-post-thumbnail","hentry","category-podkarpacie","category-prawo-i-sprawiedliwosc","category-wydarzenia"],"_links":{"self":[{"href":"https:\/\/marekkuchcinski.pl\/cs\/wp-json\/wp\/v2\/posts\/4640","targetHints":{"allow":["GET"]}}],"collection":[{"href":"https:\/\/marekkuchcinski.pl\/cs\/wp-json\/wp\/v2\/posts"}],"about":[{"href":"https:\/\/marekkuchcinski.pl\/cs\/wp-json\/wp\/v2\/types\/post"}],"author":[{"embeddable":true,"href":"https:\/\/marekkuchcinski.pl\/cs\/wp-json\/wp\/v2\/users\/6"}],"replies":[{"embeddable":true,"href":"https:\/\/marekkuchcinski.pl\/cs\/wp-json\/wp\/v2\/comments?post=4640"}],"version-history":[{"count":10,"href":"https:\/\/marekkuchcinski.pl\/cs\/wp-json\/wp\/v2\/posts\/4640\/revisions"}],"predecessor-version":[{"id":4729,"href":"https:\/\/marekkuchcinski.pl\/cs\/wp-json\/wp\/v2\/posts\/4640\/revisions\/4729"}],"wp:featuredmedia":[{"embeddable":true,"href":"https:\/\/marekkuchcinski.pl\/cs\/wp-json\/wp\/v2\/media\/4735"}],"wp:attachment":[{"href":"https:\/\/marekkuchcinski.pl\/cs\/wp-json\/wp\/v2\/media?parent=4640"}],"wp:term":[{"taxonomy":"category","embeddable":true,"href":"https:\/\/marekkuchcinski.pl\/cs\/wp-json\/wp\/v2\/categories?post=4640"},{"taxonomy":"post_tag","embeddable":true,"href":"https:\/\/marekkuchcinski.pl\/cs\/wp-json\/wp\/v2\/tags?post=4640"}],"curies":[{"name":"wp","href":"https:\/\/api.w.org\/{rel}","templated":true}]}}