{"id":4633,"date":"2016-11-25T23:43:03","date_gmt":"2016-11-25T22:43:03","guid":{"rendered":"https:\/\/marekkuchcinski.pl\/?p=4633"},"modified":"2016-11-25T23:43:03","modified_gmt":"2016-11-25T22:43:03","slug":"dzien-pamieci-ofiar-wielkiego-glodu-represji-politycznych-ukrainie","status":"publish","type":"post","link":"https:\/\/marekkuchcinski.pl\/cs\/bez-kategorii\/dzien-pamieci-ofiar-wielkiego-glodu-represji-politycznych-ukrainie\/","title":{"rendered":"Den pam\u00e1tky ob\u011bt\u00ed velk\u00e9ho hladomoru a politick\u00fdch repres\u00ed na Ukrajin\u011b"},"content":{"rendered":"<p>Velk\u00fd hladomor na Ukrajin\u011b v letech 1932-33 je jednou z nejv\u011bt\u0161\u00edch trag\u00e9di\u00ed v d\u011bjin\u00e1ch 20. stolet\u00ed. Josif Stalin pot\u0159eboval z\u00edskat prost\u0159edky pot\u0159ebn\u00e9 k vybudov\u00e1n\u00ed siln\u00e9 arm\u00e1dy, kter\u00e1 m\u011bla zav\u00e9st sov\u011btsk\u00fd \u0159\u00e1d po cel\u00e9m sv\u011bt\u011b. Krize um\u011ble vyvolan\u00e1 komunistick\u00fdmi \u00fa\u0159ady si vy\u017e\u00e1dala t\u00e9m\u011b\u0159 10 milion\u016f ob\u011bt\u00ed. - Sv\u011bt se pro n\u00e1s zm\u011bnil v peklo, chyb\u011bl i plevel na louce - vzpom\u00edn\u00e1 Zofia Paw\u0142owsk\u00e1, Polka, kter\u00e1 toto utrpen\u00ed p\u0159e\u017eila.<\/p>","protected":false},"excerpt":{"rendered":"<p>Wielki G\u0142\u00f3d na Ukrainie, kt\u00f3ry przypad\u0142 na lata 1932-33 \u00a0jest jedn\u0105 z najwi\u0119kszych tragedii w historii XX wieku. J\u00f3zef Stalin spowodowa\u0142 potrzebowa\u0142\u00a0zdoby\u0107 \u015brodki niezb\u0119dne do zbudowania silnej armii, kt\u00f3ra mia\u0142a wprowadzi\u0107 sowiecki porz\u0105dek na ca\u0142ym \u015bwiecie. Sztucznie wywo\u0142any przez w\u0142adze komunistyczne kryzys poch\u0142on\u0105\u0142 prawie 10 mln os\u00f3b. &#8211; \u015awiat zmieni\u0142 si\u0119 dla nas w piek\u0142o, [&hellip;]<\/p>","protected":false},"author":6,"featured_media":4636,"comment_status":"open","ping_status":"open","sticky":false,"template":"","format":"standard","meta":{"ngg_post_thumbnail":0,"footnotes":""},"categories":[1,77],"tags":[],"class_list":["post-4633","post","type-post","status-publish","format-standard","has-post-thumbnail","hentry","category-bez-kategorii","category-wazne-daty"],"yoast_head":"<!-- This site is optimized with the Yoast SEO plugin v24.7 - https:\/\/yoast.com\/wordpress\/plugins\/seo\/ -->\n<title>Dzie\u0144 Pami\u0119ci Ofiar Wielkiego G\u0142odu i Represji Politycznych na Ukrainie &#8211; Marek Kuchci\u0144ski<\/title>\n<meta name=\"robots\" content=\"index, follow, max-snippet:-1, max-image-preview:large, max-video-preview:-1\" \/>\n<link rel=\"canonical\" href=\"https:\/\/marekkuchcinski.pl\/cs\/bez-kategorii\/dzien-pamieci-ofiar-wielkiego-glodu-represji-politycznych-ukrainie\/\" \/>\n<meta property=\"og:locale\" content=\"cs_CZ\" \/>\n<meta property=\"og:type\" content=\"article\" \/>\n<meta property=\"og:title\" content=\"Dzie\u0144 Pami\u0119ci Ofiar Wielkiego G\u0142odu i Represji Politycznych na Ukrainie &#8211; Marek Kuchci\u0144ski\" \/>\n<meta property=\"og:description\" content=\"Wielki G\u0142\u00f3d na Ukrainie, kt\u00f3ry przypad\u0142 na lata 1932-33 \u00a0jest jedn\u0105 z najwi\u0119kszych tragedii w historii XX wieku. J\u00f3zef Stalin spowodowa\u0142 potrzebowa\u0142\u00a0zdoby\u0107 \u015brodki niezb\u0119dne do zbudowania silnej armii, kt\u00f3ra mia\u0142a wprowadzi\u0107 sowiecki porz\u0105dek na ca\u0142ym \u015bwiecie. Sztucznie wywo\u0142any przez w\u0142adze komunistyczne kryzys poch\u0142on\u0105\u0142 prawie 10 mln os\u00f3b. &#8211; \u015awiat zmieni\u0142 si\u0119 dla nas w piek\u0142o, [&hellip;]\" \/>\n<meta property=\"og:url\" content=\"https:\/\/marekkuchcinski.pl\/cs\/bez-kategorii\/dzien-pamieci-ofiar-wielkiego-glodu-represji-politycznych-ukrainie\/\" \/>\n<meta property=\"og:site_name\" content=\"Marek Kuchci\u0144ski\" \/>\n<meta property=\"article:published_time\" content=\"2016-11-25T22:43:03+00:00\" \/>\n<meta property=\"og:image\" content=\"https:\/\/marekkuchcinski.pl\/wp-content\/uploads\/2016\/11\/dity250tass-579497-001.jpg\" \/>\n\t<meta property=\"og:image:width\" content=\"546\" \/>\n\t<meta property=\"og:image:height\" content=\"365\" \/>\n\t<meta property=\"og:image:type\" content=\"image\/jpeg\" \/>\n<meta name=\"author\" content=\"admin\" \/>\n<meta name=\"twitter:card\" content=\"summary_large_image\" \/>\n<meta name=\"twitter:label1\" content=\"Napsal(a)\" \/>\n\t<meta name=\"twitter:data1\" content=\"admin\" \/>\n<script type=\"application\/ld+json\" class=\"yoast-schema-graph\">{\"@context\":\"https:\/\/schema.org\",\"@graph\":[{\"@type\":\"Article\",\"@id\":\"https:\/\/marekkuchcinski.pl\/ro\/bez-kategorii\/dzien-pamieci-ofiar-wielkiego-glodu-represji-politycznych-ukrainie\/#article\",\"isPartOf\":{\"@id\":\"https:\/\/marekkuchcinski.pl\/ro\/bez-kategorii\/dzien-pamieci-ofiar-wielkiego-glodu-represji-politycznych-ukrainie\/\"},\"author\":{\"name\":\"admin\",\"@id\":\"https:\/\/marekkuchcinski.pl\/#\/schema\/person\/6f62700996b4d950b6ea2d1183b6c6be\"},\"headline\":\"Dzie\u0144 Pami\u0119ci Ofiar Wielkiego G\u0142odu i Represji Politycznych na Ukrainie\",\"datePublished\":\"2016-11-25T22:43:03+00:00\",\"mainEntityOfPage\":{\"@id\":\"https:\/\/marekkuchcinski.pl\/ro\/bez-kategorii\/dzien-pamieci-ofiar-wielkiego-glodu-represji-politycznych-ukrainie\/\"},\"wordCount\":102,\"commentCount\":0,\"publisher\":{\"@id\":\"https:\/\/marekkuchcinski.pl\/#organization\"},\"image\":{\"@id\":\"https:\/\/marekkuchcinski.pl\/ro\/bez-kategorii\/dzien-pamieci-ofiar-wielkiego-glodu-represji-politycznych-ukrainie\/#primaryimage\"},\"thumbnailUrl\":\"https:\/\/marekkuchcinski.pl\/wp-content\/uploads\/2016\/11\/dity250tass-579497-001.jpg\",\"articleSection\":[\"Bez kategorii\",\"Wa\u017cne daty\"],\"inLanguage\":\"cs\",\"potentialAction\":[{\"@type\":\"CommentAction\",\"name\":\"Comment\",\"target\":[\"https:\/\/marekkuchcinski.pl\/ro\/bez-kategorii\/dzien-pamieci-ofiar-wielkiego-glodu-represji-politycznych-ukrainie\/#respond\"]}]},{\"@type\":\"WebPage\",\"@id\":\"https:\/\/marekkuchcinski.pl\/ro\/bez-kategorii\/dzien-pamieci-ofiar-wielkiego-glodu-represji-politycznych-ukrainie\/\",\"url\":\"https:\/\/marekkuchcinski.pl\/ro\/bez-kategorii\/dzien-pamieci-ofiar-wielkiego-glodu-represji-politycznych-ukrainie\/\",\"name\":\"Dzie\u0144 Pami\u0119ci Ofiar Wielkiego G\u0142odu i Represji Politycznych na Ukrainie &#8211; Marek Kuchci\u0144ski\",\"isPartOf\":{\"@id\":\"https:\/\/marekkuchcinski.pl\/#website\"},\"primaryImageOfPage\":{\"@id\":\"https:\/\/marekkuchcinski.pl\/ro\/bez-kategorii\/dzien-pamieci-ofiar-wielkiego-glodu-represji-politycznych-ukrainie\/#primaryimage\"},\"image\":{\"@id\":\"https:\/\/marekkuchcinski.pl\/ro\/bez-kategorii\/dzien-pamieci-ofiar-wielkiego-glodu-represji-politycznych-ukrainie\/#primaryimage\"},\"thumbnailUrl\":\"https:\/\/marekkuchcinski.pl\/wp-content\/uploads\/2016\/11\/dity250tass-579497-001.jpg\",\"datePublished\":\"2016-11-25T22:43:03+00:00\",\"breadcrumb\":{\"@id\":\"https:\/\/marekkuchcinski.pl\/ro\/bez-kategorii\/dzien-pamieci-ofiar-wielkiego-glodu-represji-politycznych-ukrainie\/#breadcrumb\"},\"inLanguage\":\"cs\",\"potentialAction\":[{\"@type\":\"ReadAction\",\"target\":[\"https:\/\/marekkuchcinski.pl\/ro\/bez-kategorii\/dzien-pamieci-ofiar-wielkiego-glodu-represji-politycznych-ukrainie\/\"]}]},{\"@type\":\"ImageObject\",\"inLanguage\":\"cs\",\"@id\":\"https:\/\/marekkuchcinski.pl\/ro\/bez-kategorii\/dzien-pamieci-ofiar-wielkiego-glodu-represji-politycznych-ukrainie\/#primaryimage\",\"url\":\"https:\/\/marekkuchcinski.pl\/wp-content\/uploads\/2016\/11\/dity250tass-579497-001.jpg\",\"contentUrl\":\"https:\/\/marekkuchcinski.pl\/wp-content\/uploads\/2016\/11\/dity250tass-579497-001.jpg\",\"width\":546,\"height\":365},{\"@type\":\"BreadcrumbList\",\"@id\":\"https:\/\/marekkuchcinski.pl\/ro\/bez-kategorii\/dzien-pamieci-ofiar-wielkiego-glodu-represji-politycznych-ukrainie\/#breadcrumb\",\"itemListElement\":[{\"@type\":\"ListItem\",\"position\":1,\"name\":\"Strona g\u0142\u00f3wna\",\"item\":\"https:\/\/marekkuchcinski.pl\/\"},{\"@type\":\"ListItem\",\"position\":2,\"name\":\"Dzie\u0144 Pami\u0119ci Ofiar Wielkiego G\u0142odu i Represji Politycznych na Ukrainie\"}]},{\"@type\":\"WebSite\",\"@id\":\"https:\/\/marekkuchcinski.pl\/#website\",\"url\":\"https:\/\/marekkuchcinski.pl\/\",\"name\":\"Marek Kuchci\u0144ski\",\"description\":\"Pose\u0142 na sejm RP &ndash; okr\u0119g nr 22\",\"publisher\":{\"@id\":\"https:\/\/marekkuchcinski.pl\/#organization\"},\"potentialAction\":[{\"@type\":\"SearchAction\",\"target\":{\"@type\":\"EntryPoint\",\"urlTemplate\":\"https:\/\/marekkuchcinski.pl\/?s={search_term_string}\"},\"query-input\":{\"@type\":\"PropertyValueSpecification\",\"valueRequired\":true,\"valueName\":\"search_term_string\"}}],\"inLanguage\":\"cs\"},{\"@type\":\"Organization\",\"@id\":\"https:\/\/marekkuchcinski.pl\/#organization\",\"name\":\"Marek Kuchci\u0144ski\",\"url\":\"https:\/\/marekkuchcinski.pl\/\",\"logo\":{\"@type\":\"ImageObject\",\"inLanguage\":\"cs\",\"@id\":\"https:\/\/marekkuchcinski.pl\/#\/schema\/logo\/image\/\",\"url\":\"https:\/\/marekkuchcinski.pl\/wp-content\/uploads\/2022\/09\/Marek.jpg\",\"contentUrl\":\"https:\/\/marekkuchcinski.pl\/wp-content\/uploads\/2022\/09\/Marek.jpg\",\"width\":1600,\"height\":971,\"caption\":\"Marek Kuchci\u0144ski\"},\"image\":{\"@id\":\"https:\/\/marekkuchcinski.pl\/#\/schema\/logo\/image\/\"}},{\"@type\":\"Person\",\"@id\":\"https:\/\/marekkuchcinski.pl\/#\/schema\/person\/6f62700996b4d950b6ea2d1183b6c6be\",\"name\":\"admin\",\"image\":{\"@type\":\"ImageObject\",\"inLanguage\":\"cs\",\"@id\":\"https:\/\/marekkuchcinski.pl\/#\/schema\/person\/image\/\",\"url\":\"https:\/\/secure.gravatar.com\/avatar\/4bab693b9d55c3d6b52c0296a8765085?s=96&d=mm&r=g\",\"contentUrl\":\"https:\/\/secure.gravatar.com\/avatar\/4bab693b9d55c3d6b52c0296a8765085?s=96&d=mm&r=g\",\"caption\":\"admin\"},\"url\":\"https:\/\/marekkuchcinski.pl\/cs\/author\/marta-olejnik\/\"}]}<\/script>\n<!-- \/ Yoast SEO plugin. -->","yoast_head_json":{"title":"Dzie\u0144 Pami\u0119ci Ofiar Wielkiego G\u0142odu i Represji Politycznych na Ukrainie &#8211; Marek Kuchci\u0144ski","robots":{"index":"index","follow":"follow","max-snippet":"max-snippet:-1","max-image-preview":"max-image-preview:large","max-video-preview":"max-video-preview:-1"},"canonical":"https:\/\/marekkuchcinski.pl\/cs\/bez-kategorii\/dzien-pamieci-ofiar-wielkiego-glodu-represji-politycznych-ukrainie\/","og_locale":"cs_CZ","og_type":"article","og_title":"Dzie\u0144 Pami\u0119ci Ofiar Wielkiego G\u0142odu i Represji Politycznych na Ukrainie &#8211; Marek Kuchci\u0144ski","og_description":"Wielki G\u0142\u00f3d na Ukrainie, kt\u00f3ry przypad\u0142 na lata 1932-33 \u00a0jest jedn\u0105 z najwi\u0119kszych tragedii w historii XX wieku. J\u00f3zef Stalin spowodowa\u0142 potrzebowa\u0142\u00a0zdoby\u0107 \u015brodki niezb\u0119dne do zbudowania silnej armii, kt\u00f3ra mia\u0142a wprowadzi\u0107 sowiecki porz\u0105dek na ca\u0142ym \u015bwiecie. Sztucznie wywo\u0142any przez w\u0142adze komunistyczne kryzys poch\u0142on\u0105\u0142 prawie 10 mln os\u00f3b. &#8211; \u015awiat zmieni\u0142 si\u0119 dla nas w piek\u0142o, [&hellip;]","og_url":"https:\/\/marekkuchcinski.pl\/cs\/bez-kategorii\/dzien-pamieci-ofiar-wielkiego-glodu-represji-politycznych-ukrainie\/","og_site_name":"Marek Kuchci\u0144ski","article_published_time":"2016-11-25T22:43:03+00:00","og_image":[{"width":546,"height":365,"url":"https:\/\/marekkuchcinski.pl\/wp-content\/uploads\/2016\/11\/dity250tass-579497-001.jpg","type":"image\/jpeg"}],"author":"admin","twitter_card":"summary_large_image","twitter_misc":{"Napsal(a)":"admin"},"schema":{"@context":"https:\/\/schema.org","@graph":[{"@type":"Article","@id":"https:\/\/marekkuchcinski.pl\/ro\/bez-kategorii\/dzien-pamieci-ofiar-wielkiego-glodu-represji-politycznych-ukrainie\/#article","isPartOf":{"@id":"https:\/\/marekkuchcinski.pl\/ro\/bez-kategorii\/dzien-pamieci-ofiar-wielkiego-glodu-represji-politycznych-ukrainie\/"},"author":{"name":"admin","@id":"https:\/\/marekkuchcinski.pl\/#\/schema\/person\/6f62700996b4d950b6ea2d1183b6c6be"},"headline":"Dzie\u0144 Pami\u0119ci Ofiar Wielkiego G\u0142odu i Represji Politycznych na Ukrainie","datePublished":"2016-11-25T22:43:03+00:00","mainEntityOfPage":{"@id":"https:\/\/marekkuchcinski.pl\/ro\/bez-kategorii\/dzien-pamieci-ofiar-wielkiego-glodu-represji-politycznych-ukrainie\/"},"wordCount":102,"commentCount":0,"publisher":{"@id":"https:\/\/marekkuchcinski.pl\/#organization"},"image":{"@id":"https:\/\/marekkuchcinski.pl\/ro\/bez-kategorii\/dzien-pamieci-ofiar-wielkiego-glodu-represji-politycznych-ukrainie\/#primaryimage"},"thumbnailUrl":"https:\/\/marekkuchcinski.pl\/wp-content\/uploads\/2016\/11\/dity250tass-579497-001.jpg","articleSection":["Bez kategorii","Wa\u017cne daty"],"inLanguage":"cs","potentialAction":[{"@type":"CommentAction","name":"Comment","target":["https:\/\/marekkuchcinski.pl\/ro\/bez-kategorii\/dzien-pamieci-ofiar-wielkiego-glodu-represji-politycznych-ukrainie\/#respond"]}]},{"@type":"WebPage","@id":"https:\/\/marekkuchcinski.pl\/ro\/bez-kategorii\/dzien-pamieci-ofiar-wielkiego-glodu-represji-politycznych-ukrainie\/","url":"https:\/\/marekkuchcinski.pl\/ro\/bez-kategorii\/dzien-pamieci-ofiar-wielkiego-glodu-represji-politycznych-ukrainie\/","name":"Dzie\u0144 Pami\u0119ci Ofiar Wielkiego G\u0142odu i Represji Politycznych na Ukrainie &#8211; Marek Kuchci\u0144ski","isPartOf":{"@id":"https:\/\/marekkuchcinski.pl\/#website"},"primaryImageOfPage":{"@id":"https:\/\/marekkuchcinski.pl\/ro\/bez-kategorii\/dzien-pamieci-ofiar-wielkiego-glodu-represji-politycznych-ukrainie\/#primaryimage"},"image":{"@id":"https:\/\/marekkuchcinski.pl\/ro\/bez-kategorii\/dzien-pamieci-ofiar-wielkiego-glodu-represji-politycznych-ukrainie\/#primaryimage"},"thumbnailUrl":"https:\/\/marekkuchcinski.pl\/wp-content\/uploads\/2016\/11\/dity250tass-579497-001.jpg","datePublished":"2016-11-25T22:43:03+00:00","breadcrumb":{"@id":"https:\/\/marekkuchcinski.pl\/ro\/bez-kategorii\/dzien-pamieci-ofiar-wielkiego-glodu-represji-politycznych-ukrainie\/#breadcrumb"},"inLanguage":"cs","potentialAction":[{"@type":"ReadAction","target":["https:\/\/marekkuchcinski.pl\/ro\/bez-kategorii\/dzien-pamieci-ofiar-wielkiego-glodu-represji-politycznych-ukrainie\/"]}]},{"@type":"ImageObject","inLanguage":"cs","@id":"https:\/\/marekkuchcinski.pl\/ro\/bez-kategorii\/dzien-pamieci-ofiar-wielkiego-glodu-represji-politycznych-ukrainie\/#primaryimage","url":"https:\/\/marekkuchcinski.pl\/wp-content\/uploads\/2016\/11\/dity250tass-579497-001.jpg","contentUrl":"https:\/\/marekkuchcinski.pl\/wp-content\/uploads\/2016\/11\/dity250tass-579497-001.jpg","width":546,"height":365},{"@type":"BreadcrumbList","@id":"https:\/\/marekkuchcinski.pl\/ro\/bez-kategorii\/dzien-pamieci-ofiar-wielkiego-glodu-represji-politycznych-ukrainie\/#breadcrumb","itemListElement":[{"@type":"ListItem","position":1,"name":"Strona g\u0142\u00f3wna","item":"https:\/\/marekkuchcinski.pl\/"},{"@type":"ListItem","position":2,"name":"Dzie\u0144 Pami\u0119ci Ofiar Wielkiego G\u0142odu i Represji Politycznych na Ukrainie"}]},{"@type":"WebSite","@id":"https:\/\/marekkuchcinski.pl\/#website","url":"https:\/\/marekkuchcinski.pl\/","name":"Marek Kuchci\u0144ski","description":"Pose\u0142 na sejm RP &ndash; okr\u0119g nr 22","publisher":{"@id":"https:\/\/marekkuchcinski.pl\/#organization"},"potentialAction":[{"@type":"SearchAction","target":{"@type":"EntryPoint","urlTemplate":"https:\/\/marekkuchcinski.pl\/?s={search_term_string}"},"query-input":{"@type":"PropertyValueSpecification","valueRequired":true,"valueName":"search_term_string"}}],"inLanguage":"cs"},{"@type":"Organization","@id":"https:\/\/marekkuchcinski.pl\/#organization","name":"Marek Kuchci\u0144ski","url":"https:\/\/marekkuchcinski.pl\/","logo":{"@type":"ImageObject","inLanguage":"cs","@id":"https:\/\/marekkuchcinski.pl\/#\/schema\/logo\/image\/","url":"https:\/\/marekkuchcinski.pl\/wp-content\/uploads\/2022\/09\/Marek.jpg","contentUrl":"https:\/\/marekkuchcinski.pl\/wp-content\/uploads\/2022\/09\/Marek.jpg","width":1600,"height":971,"caption":"Marek Kuchci\u0144ski"},"image":{"@id":"https:\/\/marekkuchcinski.pl\/#\/schema\/logo\/image\/"}},{"@type":"Person","@id":"https:\/\/marekkuchcinski.pl\/#\/schema\/person\/6f62700996b4d950b6ea2d1183b6c6be","name":"admin","image":{"@type":"ImageObject","inLanguage":"cs","@id":"https:\/\/marekkuchcinski.pl\/#\/schema\/person\/image\/","url":"https:\/\/secure.gravatar.com\/avatar\/4bab693b9d55c3d6b52c0296a8765085?s=96&d=mm&r=g","contentUrl":"https:\/\/secure.gravatar.com\/avatar\/4bab693b9d55c3d6b52c0296a8765085?s=96&d=mm&r=g","caption":"admin"},"url":"https:\/\/marekkuchcinski.pl\/cs\/author\/marta-olejnik\/"}]}},"_links":{"self":[{"href":"https:\/\/marekkuchcinski.pl\/cs\/wp-json\/wp\/v2\/posts\/4633","targetHints":{"allow":["GET"]}}],"collection":[{"href":"https:\/\/marekkuchcinski.pl\/cs\/wp-json\/wp\/v2\/posts"}],"about":[{"href":"https:\/\/marekkuchcinski.pl\/cs\/wp-json\/wp\/v2\/types\/post"}],"author":[{"embeddable":true,"href":"https:\/\/marekkuchcinski.pl\/cs\/wp-json\/wp\/v2\/users\/6"}],"replies":[{"embeddable":true,"href":"https:\/\/marekkuchcinski.pl\/cs\/wp-json\/wp\/v2\/comments?post=4633"}],"version-history":[{"count":1,"href":"https:\/\/marekkuchcinski.pl\/cs\/wp-json\/wp\/v2\/posts\/4633\/revisions"}],"predecessor-version":[{"id":4637,"href":"https:\/\/marekkuchcinski.pl\/cs\/wp-json\/wp\/v2\/posts\/4633\/revisions\/4637"}],"wp:featuredmedia":[{"embeddable":true,"href":"https:\/\/marekkuchcinski.pl\/cs\/wp-json\/wp\/v2\/media\/4636"}],"wp:attachment":[{"href":"https:\/\/marekkuchcinski.pl\/cs\/wp-json\/wp\/v2\/media?parent=4633"}],"wp:term":[{"taxonomy":"category","embeddable":true,"href":"https:\/\/marekkuchcinski.pl\/cs\/wp-json\/wp\/v2\/categories?post=4633"},{"taxonomy":"post_tag","embeddable":true,"href":"https:\/\/marekkuchcinski.pl\/cs\/wp-json\/wp\/v2\/tags?post=4633"}],"curies":[{"name":"wp","href":"https:\/\/api.w.org\/{rel}","templated":true}]}}