{"id":4624,"date":"2016-11-25T22:31:28","date_gmt":"2016-11-25T21:31:28","guid":{"rendered":"https:\/\/marekkuchcinski.pl\/?p=4624"},"modified":"2016-11-25T22:42:51","modified_gmt":"2016-11-25T21:42:51","slug":"muzeum-sejmu-polskiego-100-lecie-niepodleglej","status":"publish","type":"post","link":"https:\/\/marekkuchcinski.pl\/cs\/wydarzenia\/muzeum-sejmu-polskiego-100-lecie-niepodleglej\/","title":{"rendered":"Muzeum polsk\u00e9ho Sejmu oslav\u00ed 100 let nez\u00e1visl\u00e9ho Polska"},"content":{"rendered":"<p dir=\"ltr\">Unik\u00e1tn\u00ed sb\u00edrky z obdob\u00ed prvn\u00ed republiky t\u00fdkaj\u00edc\u00ed se Sejmu a \u0161lechtick\u00fdch sn\u011bm\u016f, dokumenty z dob Var\u0161avsk\u00e9ho kn\u00ed\u017eectv\u00ed a Polsk\u00e9ho kr\u00e1lovstv\u00ed, dosud neprezentovan\u00e9 expon\u00e1ty ilustruj\u00edc\u00ed pr\u00e1ci Sejmu v meziv\u00e1le\u010dn\u00e9m obdob\u00ed, stejn\u011b jako p\u0159edm\u011bty z obdob\u00ed Polsk\u00e9 lidov\u00e9 republiky a t\u0159et\u00ed republiky - to v\u0161e bude um\u00edst\u011bno v nov\u00e9m Muzeu polsk\u00e9ho Sejmu.\u00a0<em>- Projekt je jednou z iniciativ souvisej\u00edc\u00edch s oslavami 100. v\u00fdro\u010d\u00ed znovuz\u00edsk\u00e1n\u00ed nez\u00e1vislosti.<\/em>\u00a0\u0159\u00edk\u00e1 p\u0159edseda Sejmu Marek Kuchci\u0144ski.<\/p>\n<p dir=\"ltr\">Muzeum polsk\u00e9ho Sejmu p\u0159edstav\u00ed parlamentarismus jako jeden z kl\u00ed\u010dov\u00fdch prvk\u016f tradice polsk\u00e9ho n\u00e1roda a st\u00e1tu. Uk\u00e1\u017ee trvanlivost parlamentn\u00edch zvyklost\u00ed a demokratick\u00fdch \u0159e\u0161en\u00ed. Hlavn\u00ed my\u0161lenkou nov\u00e9 instituce bude v\u00fdchova a popularizace ob\u010dansk\u00fdch, vlasteneck\u00fdch a pro-st\u00e1tn\u00edch postoj\u016f. Muzeum bude tak\u00e9 shroma\u017e\u010fovat a uchov\u00e1vat expon\u00e1ty a mezi jeho \u00fakoly bude pat\u0159it i v\u011bdeck\u00e1 pr\u00e1ce o d\u011bjin\u00e1ch Sejmu a \u0161ir\u0161\u00edm kontextu polsk\u00e9ho parlamentarismu.<\/p>\n<p dir=\"ltr\">Podle pl\u00e1n\u016f by se v muzeu m\u011blo nach\u00e1zet n\u011bkolik tis\u00edc unik\u00e1tn\u00edch expon\u00e1t\u016f, a to nejen t\u011bch, kter\u00e9 jsou ji\u017e shrom\u00e1\u017ed\u011bny nap\u0159\u00edklad v odd\u011blen\u00ed muzejn\u00edch sb\u00edrek Knihovny Sejmu (odd\u011blen\u00ed, kter\u00e9 ji\u017e t\u0159i desetilet\u00ed shroma\u017e\u010fuje parlamentn\u00ed artefakty), ale tak\u00e9 archiv\u00e1li\u00ed, jejich\u017e v\u00fdb\u011br provede speci\u00e1ln\u00ed t\u00fdm historik\u016f, kter\u00fd brzy jmenuje Kancel\u00e1\u0159 Sejmu. -\u00a0<em>Budeme se tak\u00e9 sna\u017eit povzbudit v\u0161echny Pol\u00e1ky, aby hledali a sd\u00edleli s n\u00e1mi sv\u00e9 n\u00e1lezy t\u00fdkaj\u00edc\u00ed se Sejmu. St\u00e9 v\u00fdro\u010d\u00ed nez\u00e1vislosti je jedine\u010dn\u00fdm okam\u017eikem v na\u0161ich d\u011bjin\u00e1ch. Chceme, aby se do t\u00e9to akce zapojilo co nejv\u00edce lid\u00ed. A p\u0159i prohled\u00e1v\u00e1n\u00ed dom\u00e1c\u00edch archiv\u016f a z\u00e1kout\u00ed nez\u0159\u00eddka naraz\u00edte na skute\u010dn\u00e9 poklady.<\/em>\u00a0- zd\u016fraz\u0148uje mar\u0161\u00e1l Kuchci\u0144ski.<\/p>\n<p dir=\"ltr\">Muzeum p\u0159ibl\u00ed\u017e\u00ed historii polsk\u00e9ho parlamentarismu od nejstar\u0161\u00edch dob a\u017e po sou\u010dasnost. Hlavn\u00ed d\u016fraz ve v\u00fdstavn\u00edm vypr\u00e1v\u011bn\u00ed bude kladen na historii instituce a osudy v\u00fdznamn\u00fdch osobnost\u00ed spojen\u00fdch se Sejmem. Muzeum p\u0159ibl\u00ed\u017e\u00ed po\u010d\u00e1tky sn\u011bmu od dob protoparlamentn\u00edch sn\u011bm\u016f, slovansk\u00fdch slet\u016f, sn\u011bm\u016f velmo\u017e\u016f a ryt\u00ed\u0159stva, m\u00edsta, kde se konala zased\u00e1n\u00ed sn\u011bmu, v\u00fdznam \u0161lechtick\u00fdch sejmik\u016f (sejmik\u016f) a zp\u016fsob svol\u00e1v\u00e1n\u00ed a projedn\u00e1v\u00e1n\u00ed gener\u00e1ln\u00edho sn\u011bmu. P\u0159edstaveny budou tak\u00e9 pam\u00e1tky polsk\u00e9ho pr\u00e1va, kter\u00e9 jsou d\u011bdictv\u00edm pr\u00e1ce Sejmu, v\u010detn\u011b z\u00e1kona o Lublinsk\u00e9 unii a \u00dastavy 3. kv\u011btna.<\/p>\n<p dir=\"ltr\">Obdob\u00ed d\u011blen\u00ed bude ilustrov\u00e1no jako doba, kdy politick\u00e1 doktr\u00edna posilovala p\u0159esv\u011bd\u010den\u00ed o nezbytnosti suver\u00e9nn\u00edho Sejmu jako instituce zaru\u010duj\u00edc\u00ed formov\u00e1n\u00ed ob\u010dansk\u00e9 kultury v budouc\u00edm nez\u00e1visl\u00e9m Polsku. P\u0159ibl\u00ed\u017eena bude historie Sejmu Var\u0161avsk\u00e9ho kn\u00ed\u017eectv\u00ed a Polsk\u00e9ho kr\u00e1lovstv\u00ed, jako\u017e i \u00fa\u010dast Pol\u00e1k\u016f na pr\u00e1ci parlament\u016f d\u011bl\u00edc\u00edch se st\u00e1t\u016f.<\/p>\n<p dir=\"ltr\">Muzeum polsk\u00e9ho Sejmu tak\u00e9 p\u0159edstav\u00ed v\u00fdznam Sejmu a Sen\u00e1tu druh\u00e9 republiky jako platformy pro integra\u010dn\u00ed procesy tehdej\u0161\u00ed spole\u010dnosti a krystalizaci ve\u0159ejn\u00e9 sf\u00e9ry. Zvl\u00e1\u0161tn\u00ed pozornost bude v\u011bnov\u00e1na z\u00e1konod\u00e1rn\u00e9mu sn\u011bmu, jeho\u017e odkaz vytvo\u0159il syst\u00e9mov\u00e9 pil\u00ed\u0159e modern\u00ed demokracie.<\/p>\n<p dir=\"ltr\">Sejm v prvn\u00edch pov\u00e1le\u010dn\u00fdch letech a Polsk\u00e1 lidov\u00e1 republika byly naopak fas\u00e1dou odporuj\u00edc\u00ed principu n\u00e1rodn\u00ed suverenity, st\u00e1tn\u00ed nez\u00e1vislosti a demokracie. Muzeum se zam\u011b\u0159\u00ed na prezentaci takov\u00fdch moment\u016f z dob komunistick\u00e9 diktatury, kter\u00e9 ukazuj\u00ed odhodl\u00e1n\u00ed politick\u00e9 opozice bojovat za nez\u00e1vislost a dodr\u017eov\u00e1n\u00ed ob\u010dansk\u00fdch pr\u00e1v a svobod. V \u00favahu budou br\u00e1ny tak\u00e9 kvaziparlamentn\u00ed instituce funguj\u00edc\u00ed v exilu, nebo\u0165 pr\u00e1v\u011b tam se udr\u017eovala tradice polsk\u00e9ho parlamentarismu.<\/p>\n<p dir=\"ltr\">Muzeum p\u0159edstav\u00ed Sejm III. polsk\u00e9 republiky, kter\u00fd - navzdory nedostatk\u016fm a probl\u00e9m\u016fm spojen\u00fdm s pr\u016fb\u011bhem politick\u00e9 transformace - dok\u00e1zal vytvo\u0159it obrysy programu obnovy svobodn\u00e9 a suver\u00e9nn\u00ed vlasti. Muzeum polsk\u00e9ho Sejmu bude ilustrovat obt\u00ed\u017enou a slo\u017eitou, ale \u00fasp\u011b\u0161nou cestu \u00fastupu od totalitn\u00edho st\u00e1tu a n\u00e1vratu k republice, v n\u00ed\u017e n\u00e1rod vykon\u00e1v\u00e1 moc v suver\u00e9nn\u00edm a nez\u00e1visl\u00e9m st\u00e1t\u011b demokratick\u00fdmi postupy.<\/p>\n<p dir=\"ltr\">Muzeum polsk\u00e9ho Sejmu bude modern\u00edm m\u00edstem, kter\u00e9 bude atraktivn\u011b vyu\u017e\u00edvat digit\u00e1ln\u00ed reprodukce a interaktivn\u00ed v\u00fdstavn\u00ed m\u00e9dia. Prost\u0159ednictv\u00edm kombinace klasick\u00fdch zp\u016fsob\u016f prezentace historick\u00fdch pramen\u016f a inovativn\u00edch audiovizu\u00e1ln\u00edch technik se n\u00e1v\u0161t\u011bvn\u00edk stane sv\u011bdkem zhmotn\u011bn\u00ed jev\u016f a proces\u016f z d\u011bjin Sn\u011bmu. -\u00a0<em>Muzeum uk\u00e1\u017ee Polsko jako jednu z domovin parlamentarismu na evropsk\u00e9m kontinentu, kter\u00e1 v ur\u010dit\u00e9m obdob\u00ed v tomto ohledu daleko p\u0159edstihla ostatn\u00ed evropsk\u00e9 zem\u011b.\u00a0<\/em>- \u0159\u00edk\u00e1 Marek Kuchci\u0144ski. Prost\u0159ednictv\u00edm muzea chceme v n\u00e1v\u0161t\u011bvn\u00edc\u00edch pos\u00edlit p\u0159esv\u011bd\u010den\u00ed, \u017ee Sejm je instituc\u00ed neodmysliteln\u011b spjatou s minulost\u00ed, p\u0159\u00edtomnost\u00ed a budoucnost\u00ed polsk\u00e9ho n\u00e1roda a st\u00e1tu.<\/p>","protected":false},"excerpt":{"rendered":"<p>Unikatowe zbiory z I Rzeczypospolitej dotycz\u0105ce Sejmu i sejmik\u00f3w szlacheckich, dokumenty z czas\u00f3w Ksi\u0119stwa Warszawskiego i Kr\u00f3lestwa Polskiego, nieprezentowane wcze\u015bniej eksponaty ilustruj\u0105ce prace Sejmu XX-lecia mi\u0119dzywojennego, a tak\u017ce obiekty z okresu PRL i III Rzeczypospolitej \u2013 to wszystko znajdzie si\u0119 w nowym Muzeum Sejmu Polskiego.\u00a0\u2013 Projekt jest jedn\u0105 z inicjatyw zwi\u0105zanych z obchodami setnej rocznicy [&hellip;]<\/p>\n","protected":false},"author":6,"featured_media":4630,"comment_status":"open","ping_status":"open","sticky":false,"template":"","format":"standard","meta":{"ngg_post_thumbnail":0,"footnotes":""},"categories":[81,3],"tags":[],"class_list":["post-4624","post","type-post","status-publish","format-standard","has-post-thumbnail","hentry","category-wiesci-z-sejmu","category-wydarzenia"],"_links":{"self":[{"href":"https:\/\/marekkuchcinski.pl\/cs\/wp-json\/wp\/v2\/posts\/4624","targetHints":{"allow":["GET"]}}],"collection":[{"href":"https:\/\/marekkuchcinski.pl\/cs\/wp-json\/wp\/v2\/posts"}],"about":[{"href":"https:\/\/marekkuchcinski.pl\/cs\/wp-json\/wp\/v2\/types\/post"}],"author":[{"embeddable":true,"href":"https:\/\/marekkuchcinski.pl\/cs\/wp-json\/wp\/v2\/users\/6"}],"replies":[{"embeddable":true,"href":"https:\/\/marekkuchcinski.pl\/cs\/wp-json\/wp\/v2\/comments?post=4624"}],"version-history":[{"count":5,"href":"https:\/\/marekkuchcinski.pl\/cs\/wp-json\/wp\/v2\/posts\/4624\/revisions"}],"predecessor-version":[{"id":4631,"href":"https:\/\/marekkuchcinski.pl\/cs\/wp-json\/wp\/v2\/posts\/4624\/revisions\/4631"}],"wp:featuredmedia":[{"embeddable":true,"href":"https:\/\/marekkuchcinski.pl\/cs\/wp-json\/wp\/v2\/media\/4630"}],"wp:attachment":[{"href":"https:\/\/marekkuchcinski.pl\/cs\/wp-json\/wp\/v2\/media?parent=4624"}],"wp:term":[{"taxonomy":"category","embeddable":true,"href":"https:\/\/marekkuchcinski.pl\/cs\/wp-json\/wp\/v2\/categories?post=4624"},{"taxonomy":"post_tag","embeddable":true,"href":"https:\/\/marekkuchcinski.pl\/cs\/wp-json\/wp\/v2\/tags?post=4624"}],"curies":[{"name":"wp","href":"https:\/\/api.w.org\/{rel}","templated":true}]}}