{"id":4620,"date":"2016-11-25T22:21:32","date_gmt":"2016-11-25T21:21:32","guid":{"rendered":"https:\/\/marekkuchcinski.pl\/?p=4620"},"modified":"2016-11-25T23:30:47","modified_gmt":"2016-11-25T22:30:47","slug":"spotkanie-marszalka-sejmu-sekretarzem-generalnym-oecd","status":"publish","type":"post","link":"https:\/\/marekkuchcinski.pl\/cs\/wydarzenia\/spotkanie-marszalka-sejmu-sekretarzem-generalnym-oecd\/","title":{"rendered":"Setk\u00e1n\u00ed p\u0159edsedy Sejmu s gener\u00e1ln\u00edm tajemn\u00edkem OECD"},"content":{"rendered":"<p dir=\"ltr\">O spolupr\u00e1ci, \u00fakolech a budouc\u00edch vztaz\u00edch Polska s Organizac\u00ed pro hospod\u00e1\u0159skou spolupr\u00e1ci a rozvoj (OECD) dnes jednal p\u0159edseda Sejmu Marek Kuchci\u0144ski s gener\u00e1ln\u00edm tajemn\u00edkem t\u00e9to organizace \u00c1ngelem Gurr\u00edou. Letos si p\u0159ipom\u00edn\u00e1me 20. v\u00fdro\u010d\u00ed vstupu na\u0161\u00ed zem\u011b do OECD.<\/p>\n<p dir=\"ltr\">P\u0159edseda Sejmu upozornil na mnoh\u00e9 v\u00fdzvy, kter\u00fdm \u010del\u00ed evropsk\u00e1 a sv\u011btov\u00e1 civilizace a region, jeho\u017e je Polsko sou\u010d\u00e1st\u00ed. Pouk\u00e1zal na to, \u017ee hospod\u00e1\u0159sk\u00fd rozvoj je z\u00e1kladem fungov\u00e1n\u00ed ka\u017ed\u00e9 zem\u011b. \u00c1ngel Gurr\u00eda pouk\u00e1zal na velmi dobrou dvacetiletou spolupr\u00e1ci Polska s OECD. P\u0159edlo\u017eil anal\u00fdzy a diagn\u00f3zy t\u00fdkaj\u00edc\u00ed se na\u0161\u00ed zem\u011b. Jak poznamenal p\u0159edseda Sejmu, tyto c\u00edle stoj\u00ed nejen p\u0159ed Polskem, ale i p\u0159ed dal\u0161\u00edmi zem\u011bmi. Marek Kuchci\u0144ski zd\u016fraznil v\u00fdznam udr\u017eiteln\u00e9ho rozvoje, kter\u00fd je zakotven v polsk\u00e9 \u00fastav\u011b, a z\u00e1rove\u0148 opat\u0159en\u00ed zam\u011b\u0159en\u00fdch na zv\u00fd\u0161en\u00ed hospod\u00e1\u0159sk\u00e9ho r\u016fstu.<\/p>\n<p dir=\"ltr\">Zased\u00e1n\u00ed bylo v\u011bnov\u00e1no tak\u00e9 perspektiv\u00e1m spolupr\u00e1ce v r\u00e1mci celosv\u011btov\u00e9 parlamentn\u00ed s\u00edt\u011b OECD. Jak uvedl \u00c1ngel Gurr\u00eda, parlamenty maj\u00ed st\u00e1le v\u00edce co \u0159\u00edci a OECD s nimi chce v\u00e9st dialog. P\u0159edseda Sejmu a gener\u00e1ln\u00ed tajemn\u00edk Organizace pro hospod\u00e1\u0159skou spolupr\u00e1ci a rozvoj rovn\u011b\u017e jednali o mo\u017enosti uspo\u0159\u00e1dat v Polsku setk\u00e1n\u00ed za \u00fa\u010dasti poslanc\u016f OECD. Podle Marka Kuchcinsk\u00e9ho je d\u016fle\u017eit\u00e9, aby se z\u00fa\u010dastnili z\u00e1stupci parlament\u016f z cel\u00e9 st\u0159edn\u00ed a v\u00fdchodn\u00ed Evropy. P\u0159edseda Sejmu upozornil, \u017ee opat\u0159en\u00ed pro udr\u017eiteln\u00fd rozvoj regionu pomohou mimo jin\u00e9 sn\u00ed\u017eit nekontrolovanou migraci.<\/p>\n<p dir=\"ltr\">OECD je mezin\u00e1rodn\u00ed a mezivl\u00e1dn\u00ed ekonomick\u00e1 organizace zalo\u017een\u00e1 Pa\u0159\u00ed\u017eskou \u00famluvou podepsanou 14. prosince 1960. Prov\u00e1d\u00ed analytickou \u010dinnost a vyd\u00e1v\u00e1 doporu\u010den\u00ed v \u0161irok\u00e9 hospod\u00e1\u0159sk\u00e9 a soci\u00e1ln\u00ed oblasti. \u010cinnost OECD je zam\u011b\u0159ena p\u0159edev\u0161\u00edm na \u010dlensk\u00e9 zem\u011b, a\u010dkoli slou\u017e\u00ed mimo jin\u00e9 i ne\u010dlensk\u00fdm zem\u00edm.<\/p>\n<p dir=\"ltr\">22. listopadu jsme oslavili 20. v\u00fdro\u010d\u00ed vstupu Polska do OECD.<\/p>\n<p dir=\"ltr\"><a href=\"https:\/\/marekkuchcinski.pl\/wp-content\/uploads\/2016\/11\/unspecified-28.jpeg\"><img fetchpriority=\"high\" decoding=\"async\" class=\"alignnone size-full wp-image-4621\" src=\"https:\/\/marekkuchcinski.pl\/wp-content\/uploads\/2016\/11\/unspecified-28.jpeg\" alt=\"unspecified-28\" width=\"2048\" height=\"1365\" srcset=\"https:\/\/marekkuchcinski.pl\/wp-content\/uploads\/2016\/11\/unspecified-28.jpeg 2048w, https:\/\/marekkuchcinski.pl\/wp-content\/uploads\/2016\/11\/unspecified-28-300x200.jpeg 300w, https:\/\/marekkuchcinski.pl\/wp-content\/uploads\/2016\/11\/unspecified-28-768x512.jpeg 768w, https:\/\/marekkuchcinski.pl\/wp-content\/uploads\/2016\/11\/unspecified-28-1024x683.jpeg 1024w\" sizes=\"(max-width: 2048px) 100vw, 2048px\" \/><\/a><a href=\"https:\/\/marekkuchcinski.pl\/wp-content\/uploads\/2016\/11\/unspecified-29.jpeg\"><img decoding=\"async\" class=\"alignnone size-full wp-image-4622\" src=\"https:\/\/marekkuchcinski.pl\/wp-content\/uploads\/2016\/11\/unspecified-29.jpeg\" alt=\"unspecified-29\" width=\"2048\" height=\"1365\" srcset=\"https:\/\/marekkuchcinski.pl\/wp-content\/uploads\/2016\/11\/unspecified-29.jpeg 2048w, https:\/\/marekkuchcinski.pl\/wp-content\/uploads\/2016\/11\/unspecified-29-300x200.jpeg 300w, https:\/\/marekkuchcinski.pl\/wp-content\/uploads\/2016\/11\/unspecified-29-768x512.jpeg 768w, https:\/\/marekkuchcinski.pl\/wp-content\/uploads\/2016\/11\/unspecified-29-1024x683.jpeg 1024w\" sizes=\"(max-width: 2048px) 100vw, 2048px\" \/><\/a><\/p>","protected":false},"excerpt":{"rendered":"<p>O wsp\u00f3\u0142pracy, zadaniach i przysz\u0142ych relacjach Polski z Organizacj\u0105 Wsp\u00f3\u0142pracy Gospodarczej i Rozwoju (OECD) rozmawia\u0142 dzi\u015b marsza\u0142ek Sejmu Marek Kuchci\u0144ski z sekretarzem generalnym tej organizacji \u00c1ngelem Gurr\u00ed\u0105. W tym roku przypada 20. rocznica przyst\u0105pienia naszego kraju do OECD. Marsza\u0142ek Sejmu zwr\u00f3ci\u0142 uwag\u0119 na liczne wyzwania przed cywilizacj\u0105 europejsk\u0105, \u015bwiatow\u0105 i regionem, kt\u00f3rego cz\u0119\u015bci\u0105 jest Polska. [&hellip;]<\/p>\n","protected":false},"author":6,"featured_media":4621,"comment_status":"open","ping_status":"open","sticky":false,"template":"","format":"standard","meta":{"ngg_post_thumbnail":0,"footnotes":""},"categories":[81,50,3],"tags":[],"class_list":["post-4620","post","type-post","status-publish","format-standard","has-post-thumbnail","hentry","category-wiesci-z-sejmu","category-wspolpraca-miedzynarodowa","category-wydarzenia"],"_links":{"self":[{"href":"https:\/\/marekkuchcinski.pl\/cs\/wp-json\/wp\/v2\/posts\/4620","targetHints":{"allow":["GET"]}}],"collection":[{"href":"https:\/\/marekkuchcinski.pl\/cs\/wp-json\/wp\/v2\/posts"}],"about":[{"href":"https:\/\/marekkuchcinski.pl\/cs\/wp-json\/wp\/v2\/types\/post"}],"author":[{"embeddable":true,"href":"https:\/\/marekkuchcinski.pl\/cs\/wp-json\/wp\/v2\/users\/6"}],"replies":[{"embeddable":true,"href":"https:\/\/marekkuchcinski.pl\/cs\/wp-json\/wp\/v2\/comments?post=4620"}],"version-history":[{"count":3,"href":"https:\/\/marekkuchcinski.pl\/cs\/wp-json\/wp\/v2\/posts\/4620\/revisions"}],"predecessor-version":[{"id":4635,"href":"https:\/\/marekkuchcinski.pl\/cs\/wp-json\/wp\/v2\/posts\/4620\/revisions\/4635"}],"wp:featuredmedia":[{"embeddable":true,"href":"https:\/\/marekkuchcinski.pl\/cs\/wp-json\/wp\/v2\/media\/4621"}],"wp:attachment":[{"href":"https:\/\/marekkuchcinski.pl\/cs\/wp-json\/wp\/v2\/media?parent=4620"}],"wp:term":[{"taxonomy":"category","embeddable":true,"href":"https:\/\/marekkuchcinski.pl\/cs\/wp-json\/wp\/v2\/categories?post=4620"},{"taxonomy":"post_tag","embeddable":true,"href":"https:\/\/marekkuchcinski.pl\/cs\/wp-json\/wp\/v2\/tags?post=4620"}],"curies":[{"name":"wp","href":"https:\/\/api.w.org\/{rel}","templated":true}]}}