{"id":4615,"date":"2016-11-24T15:41:39","date_gmt":"2016-11-24T14:41:39","guid":{"rendered":"https:\/\/marekkuchcinski.pl\/?p=4615"},"modified":"2016-11-24T15:43:51","modified_gmt":"2016-11-24T14:43:51","slug":"dialog-spoleczny-droga-normalnosci-zjazd-delegatow-nszz-solidarnosc","status":"publish","type":"post","link":"https:\/\/marekkuchcinski.pl\/cs\/wydarzenia\/dialog-spoleczny-droga-normalnosci-zjazd-delegatow-nszz-solidarnosc\/","title":{"rendered":"Soci\u00e1ln\u00ed dialog jako cesta k normalit\u011b - sjezd deleg\u00e1t\u016f NSZZ Solidarno\u015b\u0107"},"content":{"rendered":"<p><strong>- Je to \u010das pro bilancov\u00e1n\u00ed a hodnocen\u00ed dosavadn\u00ed \u010dinnosti, ale tak\u00e9 pro pohled do budoucnosti a nast\u00edn\u011bn\u00ed pl\u00e1n\u016f. \u00dakoly, kter\u00e9 si kladete, jsou v\u017edy ambici\u00f3zn\u00ed a sm\u011b\u0159uj\u00ed k obran\u011b pr\u00e1v zem\u011bd\u011blsk\u00e9 komunity. Jste d\u011bdici my\u0161lenek, kter\u00fdmi se zem\u011bd\u011blci \u0159\u00eddili p\u0159ed v\u00edce ne\u017e t\u0159emi desetilet\u00edmi. Tehdy jste se komunistick\u00e9mu re\u017eimu postavili na odpor s velk\u00fdm odhodl\u00e1n\u00edm, bojovali jste za svobodu slova a n\u00e1zoru, \u00factu k tvrd\u00e9 pr\u00e1ci na p\u016fd\u011b a \u00factu k majetku. <\/strong>napsal v dopise deleg\u00e1t\u016fm 28. celost\u00e1tn\u00edho sjezdu deleg\u00e1t\u016f NSZZ \"Solidarita\" v P\u0142ocku.<strong> \u00a0- S\u00edlu jste \u010derpali z jednoty a podpory c\u00edrkve i d\u011bln\u00edk\u016f a inteligence. Toto kr\u00e1sn\u00e9 d\u011bdictv\u00ed Solidarity je zdrojem velk\u00e9 hrdosti, ale tak\u00e9 z\u00e1vazkem pro sou\u010dasn\u00e9 \u010dleny Unie. Nelze p\u0159ece\u0148ovat v\u00e1\u0161 p\u0159\u00ednos k demokratick\u00fdm zm\u011bn\u00e1m v na\u0161\u00ed zemi a p\u0159edev\u0161\u00edm v\u00e1\u0161 v\u00fdznamn\u00fd pod\u00edl na rozvoji polsk\u00e9ho venkova. Dom\u00e1c\u00ed zem\u011bd\u011blstv\u00ed se dnes nijak neli\u0161\u00ed od evropsk\u00fdch standard\u016f a na\u0161e potraviny st\u00e1le dob\u00fdvaj\u00ed nov\u00e9 spot\u0159ebitelsk\u00e9 trhy a t\u011b\u0161\u00ed se vynikaj\u00edc\u00ed pov\u011bsti.<\/strong> - zd\u016fraznil \u0159e\u010dn\u00edk.<\/p>\n<p>Prezident Polsk\u00e9 republiky Andrzej Duda, kter\u00fd se slavnostn\u00edho ceremoni\u00e1lu z\u00fa\u010dastnil, pod\u011bkoval za d\u016fv\u011bru, kterou Solidarit\u011b projevila sou\u010dasn\u00e1 vl\u00e1da, a ujistil, \u017ee z\u00e1vazky p\u0159ijat\u00e9 b\u011bhem volebn\u00ed kampan\u011b ve vztahu k Solidarit\u011b budou postupn\u011b pln\u011bny. Jako p\u0159\u00edklad ji\u017e spln\u011bn\u00fdch slib\u016f uvedl Andrzej Duda sn\u00ed\u017een\u00ed v\u011bku odchodu do d\u016fchodu, kter\u00e9 provedl Sejm.<\/p>\n<p>Nejzaslou\u017eilej\u0161\u00edm \u010dlen\u016fm spolku ud\u011blil prezident st\u00e1tn\u00ed vyznamen\u00e1n\u00ed: Zlat\u00e9 z\u00e1slu\u017en\u00e9 k\u0159\u00ed\u017ee a Ryt\u00ed\u0159sk\u00e9 k\u0159\u00ed\u017ee \u0158\u00e1du Polonia Restituta.<\/p>\n<p>Nejd\u016fle\u017eit\u011bj\u0161\u00ed \u010d\u00e1st \u00famluvy se t\u00fdk\u00e1 \u00falohy soci\u00e1ln\u00edho dialogu a fungov\u00e1n\u00ed Rady pro soci\u00e1ln\u00ed dialog, kterou p\u0159edseda z\u0159\u00eddil v roce 2015. Rada pro soci\u00e1ln\u00ed dialog (RDS).<\/p>\n<p>\u00da\u010dastn\u00edci kongresu se z\u00fa\u010dastn\u00ed panelov\u00e9 diskuse \"Kodifikace pracovn\u00edho pr\u00e1va jako p\u0159\u00edle\u017eitost k rozvoji soci\u00e1ln\u00edho dialogu\", kterou p\u0159ipravili odborn\u00edci N\u00e1rodn\u00ed komise NSZZ \"S\".<\/p>\n<p>Ned\u00e1vno byla v r\u00e1mci Rady pro soci\u00e1ln\u00ed dialog ustavena pracovn\u00ed skupina pro evropsk\u00fd soci\u00e1ln\u00ed dialog, jej\u00edmi\u017e moder\u00e1tory jsou z\u00e1stupci zam\u011bstnavatel\u016f - ze strany Polsk\u00e9ho svazu \u0159emesel a odbor\u016f - ze strany NSZZ \"S\". C\u00edlem skupiny je mimo jin\u00e9 podporovat, koordinovat a monitorovat \u010dinnosti zam\u011b\u0159en\u00e9 na \u00fa\u010dinn\u00e9 prov\u00e1d\u011bn\u00ed r\u00e1mcov\u00fdch dohod a ujedn\u00e1n\u00ed t\u00fdkaj\u00edc\u00edch se evropsk\u00e9ho soci\u00e1ln\u00edho dialogu v Polsku a na pos\u00edlen\u00ed \u00falohy odbor\u016f a zam\u011bstnavatel\u016f v iniciativ\u00e1ch souvisej\u00edc\u00edch s procesem spr\u00e1vy ekonomick\u00fdch z\u00e1le\u017eitost\u00ed v EU.<\/p>\n<p>Z\u00edtra deleg\u00e1ti zm\u011bn\u00ed statut svazu a tak\u00e9 posoud\u00ed v\u00fdsledky dosavadn\u00ed pr\u00e1ce N\u00e1rodn\u00ed komise NSZZ Solidarita.<\/p>","protected":false},"excerpt":{"rendered":"<p>\u2013 Przed Pa\u0144stwem czas podsumowa\u0144 i oceny dotychczasowych dzia\u0142a\u0144, a tak\u017ce spojrzenia w przysz\u0142o\u015b\u0107 i nakre\u015blenia plan\u00f3w. Zadania, jakie sobie stawiacie s\u0105 zawsze ambitne i maj\u0105 na celu obron\u0119 praw rolniczej spo\u0142eczno\u015bci. Jeste\u015bcie Pa\u0144stwo spadkobiercami idei, jakie przy\u015bwieca\u0142y rolnikom ponad trzy dekady temu. W\u00f3wczas z\u00a0ogromn\u0105 determinacj\u0105 sprzeciwili\u015bcie si\u0119 komunistycznej w\u0142adzy, walcz\u0105c o wolno\u015b\u0107 s\u0142owa i\u00a0przekona\u0144, [&hellip;]<\/p>\n","protected":false},"author":6,"featured_media":4618,"comment_status":"open","ping_status":"open","sticky":false,"template":"","format":"standard","meta":{"ngg_post_thumbnail":0,"footnotes":""},"categories":[82,3],"tags":[],"class_list":["post-4615","post","type-post","status-publish","format-standard","has-post-thumbnail","hentry","category-prawo-i-sprawiedliwosc","category-wydarzenia"],"_links":{"self":[{"href":"https:\/\/marekkuchcinski.pl\/cs\/wp-json\/wp\/v2\/posts\/4615","targetHints":{"allow":["GET"]}}],"collection":[{"href":"https:\/\/marekkuchcinski.pl\/cs\/wp-json\/wp\/v2\/posts"}],"about":[{"href":"https:\/\/marekkuchcinski.pl\/cs\/wp-json\/wp\/v2\/types\/post"}],"author":[{"embeddable":true,"href":"https:\/\/marekkuchcinski.pl\/cs\/wp-json\/wp\/v2\/users\/6"}],"replies":[{"embeddable":true,"href":"https:\/\/marekkuchcinski.pl\/cs\/wp-json\/wp\/v2\/comments?post=4615"}],"version-history":[{"count":1,"href":"https:\/\/marekkuchcinski.pl\/cs\/wp-json\/wp\/v2\/posts\/4615\/revisions"}],"predecessor-version":[{"id":4617,"href":"https:\/\/marekkuchcinski.pl\/cs\/wp-json\/wp\/v2\/posts\/4615\/revisions\/4617"}],"wp:featuredmedia":[{"embeddable":true,"href":"https:\/\/marekkuchcinski.pl\/cs\/wp-json\/wp\/v2\/media\/4618"}],"wp:attachment":[{"href":"https:\/\/marekkuchcinski.pl\/cs\/wp-json\/wp\/v2\/media?parent=4615"}],"wp:term":[{"taxonomy":"category","embeddable":true,"href":"https:\/\/marekkuchcinski.pl\/cs\/wp-json\/wp\/v2\/categories?post=4615"},{"taxonomy":"post_tag","embeddable":true,"href":"https:\/\/marekkuchcinski.pl\/cs\/wp-json\/wp\/v2\/tags?post=4615"}],"curies":[{"name":"wp","href":"https:\/\/api.w.org\/{rel}","templated":true}]}}