{"id":4611,"date":"2016-11-24T11:48:48","date_gmt":"2016-11-24T10:48:48","guid":{"rendered":"https:\/\/marekkuchcinski.pl\/?p=4611"},"modified":"2016-12-16T13:53:03","modified_gmt":"2016-12-16T12:53:03","slug":"kuchcinski-budowa-rozbudowa-przejsc-granicznych-drogowych-lotniczych-kolejowych-fundament-wspolpracy-tej-czesci-europy","status":"publish","type":"post","link":"https:\/\/marekkuchcinski.pl\/cs\/wydarzenia\/kuchcinski-budowa-rozbudowa-przejsc-granicznych-drogowych-lotniczych-kolejowych-fundament-wspolpracy-tej-czesci-europy\/","title":{"rendered":"Kuchci\u0144ski: Z\u00e1kladem spolupr\u00e1ce v t\u00e9to \u010d\u00e1sti Evropy je v\u00fdstavba a roz\u0161\u00ed\u0159en\u00ed silni\u010dn\u00edch, leteck\u00fdch a \u017eelezni\u010dn\u00edch hrani\u010dn\u00edch p\u0159echod\u016f"},"content":{"rendered":"<div class=\"entry\">\n<div id=\"artykul\">\n<p class=\"first\"><strong>Za \u00fa\u010dasti ministr\u016f infrastruktury Polska a Ukrajiny a p\u0159edsedy Sejmu Marka Kuchcinsk\u00e9ho se v Krasiczyn\u011b (Podkarpatsko) konalo v\u00fdjezdn\u00ed zased\u00e1n\u00ed v\u00fdboru Sejmu pro infrastrukturu. Na sch\u016fzce se mimo jin\u00e9 jednalo o v\u00fdstavb\u011b hrani\u010dn\u00edho p\u0159echodu Malhovice-Ni\u017eankovice.<\/strong><\/p>\n<p>P\u0159edseda Sejmu Marek Kuchcinski prohl\u00e1sil, \u017ee v\u00edt\u00e1 iniciativu na vybudov\u00e1n\u00ed nov\u00e9ho hrani\u010dn\u00edho p\u0159echodu s Ukrajinou.<\/p>\n<blockquote><p><strong>- Jedn\u00e1 se o z\u00e1le\u017eitost, kter\u00e1 by m\u011bla sjednotit celou Evropu. Je dob\u0159e, \u017ee v na\u0161\u00ed \u010d\u00e1sti Evropy urychlujeme budov\u00e1n\u00ed r\u016fzn\u00fdch forem spolupr\u00e1ce a propojen\u00ed. Z\u00e1kladem spolupr\u00e1ce je v\u00fdstavba a roz\u0161i\u0159ov\u00e1n\u00ed silni\u010dn\u00edch, vzdu\u0161n\u00fdch a \u017eelezni\u010dn\u00edch hrani\u010dn\u00edch p\u0159echod\u016f. D\u011bkujeme za tuto iniciativu.<\/strong>\u00a0- \u0159ekl.<\/p><\/blockquote>\n<p>Podle Kuchcinsk\u00e9ho by Polsko m\u011blo podpo\u0159it \"my\u0161lenku spojen\u00ed Kyjeva s Pa\u0159\u00ed\u017e\u00ed\". \"I j\u00e1 osobn\u011b tento transevropsk\u00fd expres z cel\u00e9ho srdce podporuji,\" dodal.<\/p>\n<\/div>\n<p class=\"first\"><a href=\"https:\/\/marekkuchcinski.pl\/wp-content\/uploads\/2016\/11\/Zrzut-ekranu-2016-12-16-o-13.36.26.jpg\"><img fetchpriority=\"high\" decoding=\"async\" class=\"alignnone size-full wp-image-4885\" src=\"https:\/\/marekkuchcinski.pl\/wp-content\/uploads\/2016\/11\/Zrzut-ekranu-2016-12-16-o-13.36.26.jpg\" alt=\"zrzut-ekranu-2016-12-16-o-13-36-26\" width=\"1901\" height=\"1269\" srcset=\"https:\/\/marekkuchcinski.pl\/wp-content\/uploads\/2016\/11\/Zrzut-ekranu-2016-12-16-o-13.36.26.jpg 1901w, https:\/\/marekkuchcinski.pl\/wp-content\/uploads\/2016\/11\/Zrzut-ekranu-2016-12-16-o-13.36.26-300x200.jpg 300w, https:\/\/marekkuchcinski.pl\/wp-content\/uploads\/2016\/11\/Zrzut-ekranu-2016-12-16-o-13.36.26-768x513.jpg 768w, https:\/\/marekkuchcinski.pl\/wp-content\/uploads\/2016\/11\/Zrzut-ekranu-2016-12-16-o-13.36.26-1024x684.jpg 1024w\" sizes=\"(max-width: 1901px) 100vw, 1901px\" \/><\/a><\/p>\n<div id=\"artykul\">\n<p class=\"second\">P\u0159edseda v\u00fdboru pro infrastrukturu Bogdan Rzonca zd\u016fraznil, \u017ee bez dobr\u00e9 silni\u010dn\u00ed a \u017eelezni\u010dn\u00ed infrastruktury nejsou dobr\u00e9 hospod\u00e1\u0159sk\u00e9 vztahy.<\/p>\n<blockquote><p>-\u00a0<strong>Mezi Polskem a Ukrajinou existuje n\u011bkolik hrani\u010dn\u00edch p\u0159echod\u016f, ale nen\u00ed jich dost, ur\u010dit\u011b je mo\u017en\u00e9 vybudovat dal\u0161\u00ed p\u0159echod v Malhovic\u00edch-Ni\u017eankovic\u00edch. Polsk\u00e1 i ukrajinsk\u00e1 strana tento p\u0159echod podporuj\u00ed. P\u0159\u00edtomnost obou ministr\u016f ve v\u00fdboru je d\u016fkazem toho, \u017ee nechceme mluvit zbyte\u010dn\u011b, jen o n\u011bjak\u00fdch apelech nebo prohl\u00e1\u0161en\u00edch, ale o nutnosti vybudov\u00e1n\u00ed tohoto p\u0159echodu.<\/strong>\u00a0- dodal.<\/p><\/blockquote>\n<p>Upozornil, \u017ee pl\u00e1novan\u00fd p\u0159echod bude tvo\u0159it jedna budova, kde budou hrani\u010dn\u00ed slu\u017eby obou zem\u00ed odbavovat cestuj\u00edc\u00ed spole\u010dn\u011b.<\/p>\n<p>\"T\u00edm se v\u00fdrazn\u011b sn\u00ed\u017e\u00ed n\u00e1klady na v\u00fdstavbu p\u0159echodu a na obou stran\u00e1ch panuje shoda,\" \u0159ekl Rzonca. Na jeho \u017e\u00e1dost v\u00fdbor rovn\u011b\u017e p\u0159ijal de-sideratum adresovan\u00e9 p\u0159edsedovi vl\u00e1dy, v n\u011bm\u017e vyzval k vypracov\u00e1n\u00ed ekonomick\u00e9 anal\u00fdzy \u017eelezni\u010dn\u00edho spojen\u00ed Kyjev - Vratislav - Dr\u00e1\u017e\u010fany - Pa\u0159\u00ed\u017e.<\/p>\n<p>Podle tiskov\u00e9 mluv\u010d\u00ed Podkarpatsk\u00e9ho vojvodstv\u00ed Ma\u0142gorzaty Waksmundzky-Szarek se v sou\u010dasn\u00e9 dob\u011b pracuje na funk\u010dn\u011b-technick\u00e9m programu k\u0159i\u017eovatky a v roce 2017 bude vypracov\u00e1na technick\u00e1 dokumentace.<\/p>\n<p>Mluv\u010d\u00ed upozornil, \u017ee pro vytvo\u0159en\u00ed p\u0159echodu je nutn\u00e9 zlep\u0161it silni\u010dn\u00ed infrastrukturu na ukrajinsk\u00e9 stran\u011b. Pokud se tak stane, mohl by b\u00fdt p\u0159echod postaven do roku 2019.<\/p>\n<p>&nbsp;<\/p>\n<p>Ministr infrastruktury a v\u00fdstavby Andrzej Adamczyk, kter\u00fd p\u0159ed zah\u00e1jen\u00edm komise hovo\u0159il se sv\u00fdm ukrajinsk\u00fdm prot\u011bj\u0161kem Volodymyrem Omelanem, uvedl, \u017ee rozhovor se t\u00fdkal mimo jin\u00e9 mo\u017enosti rozvoje \u017eelezni\u010dn\u00ed dopravy na trase Przemy\u015bl-Lvov.<\/p>\n<blockquote><p>-\u00a0<strong>Existuje takov\u00e1 mo\u017enost provozovat spojen\u00ed bez p\u0159ekl\u00e1d\u00e1n\u00ed \u017eelezni\u010dn\u00edch podvozk\u016f (vzhledem k rozvoru). Budeme o tom diskutovat. Toto spojen\u00ed chceme nav\u00e1zat na vlaky, kter\u00e9 budou jezdit z Przemy\u0161lu do vnitrozem\u00ed.<\/strong>\u00a0- dodal.<\/p><\/blockquote>\n<p>Ministr poznamenal, \u017ee se s Omelanem dohodli, \u017ee v polovin\u011b prosince za\u010dne polsko-ukrajinsk\u00fd t\u00fdm hledat \u0159e\u0161en\u00ed v \u017eelezni\u010dn\u00ed doprav\u011b.<\/p>\n<p>V souvislosti s my\u0161lenkou zah\u00e1jen\u00ed spojen\u00ed Kyjev - Vratislav - Dr\u00e1\u017e\u010fany - Pa\u0159\u00ed\u017e Adamczyk zd\u016fraznil, \u017ee nejprve mus\u00ed b\u00fdt provedeny ekonomick\u00e9 anal\u00fdzy.<\/p>\n<blockquote><p>-\u00a0<strong>O t\u00e9to ot\u00e1zce bude jednat polsko-ukrajinsk\u00fd t\u00fdm, kter\u00fd vytvo\u0159\u00edme v prosinci. Zv\u00e1\u017e\u00edme tak\u00e9 mo\u017enost, \u017ee spojen\u00ed Kyjev-P\u0159emy\u0161l bude na \u0161irok\u00e9m rozchodu, p\u0159i\u010dem\u017e spoje z P\u0159emy\u0161lu budou n\u00e1sledovat.<\/strong>\u00a0- dodal \u0161\u00e9f ministerstva infrastruktury.<\/p><\/blockquote>\n<p>Zased\u00e1n\u00ed v\u00fdboru se z\u00fa\u010dastnili tak\u00e9 z\u00e1stupci v\u00fdboru pro infrastrukturu Nejvy\u0161\u0161\u00ed rady (parlamentu) Ukrajiny.<\/p>\n<p><a href=\"https:\/\/marekkuchcinski.pl\/wp-content\/uploads\/2016\/11\/Zrzut-ekranu-2016-12-16-o-13.36.26.jpg\"><img fetchpriority=\"high\" decoding=\"async\" class=\"alignnone size-full wp-image-4885\" src=\"https:\/\/marekkuchcinski.pl\/wp-content\/uploads\/2016\/11\/Zrzut-ekranu-2016-12-16-o-13.36.26.jpg\" alt=\"zrzut-ekranu-2016-12-16-o-13-36-26\" width=\"1901\" height=\"1269\" srcset=\"https:\/\/marekkuchcinski.pl\/wp-content\/uploads\/2016\/11\/Zrzut-ekranu-2016-12-16-o-13.36.26.jpg 1901w, https:\/\/marekkuchcinski.pl\/wp-content\/uploads\/2016\/11\/Zrzut-ekranu-2016-12-16-o-13.36.26-300x200.jpg 300w, https:\/\/marekkuchcinski.pl\/wp-content\/uploads\/2016\/11\/Zrzut-ekranu-2016-12-16-o-13.36.26-768x513.jpg 768w, https:\/\/marekkuchcinski.pl\/wp-content\/uploads\/2016\/11\/Zrzut-ekranu-2016-12-16-o-13.36.26-1024x684.jpg 1024w\" sizes=\"(max-width: 1901px) 100vw, 1901px\" \/><\/a><\/p>\n<p><em><strong>PAP<\/strong><\/em><\/p>\n<\/div>\n<\/div>\n<div class=\"related\"><\/div>","protected":false},"excerpt":{"rendered":"<p>Z udzia\u0142em ministr\u00f3w infrastruktury Polski i Ukrainy oraz marsza\u0142ka Sejmu Marka Kuchci\u0144skiego odby\u0142o si\u0119 w Krasiczynie (Podkarpackie) wyjazdowe posiedzenie sejmowej komisji infrastruktury. Na spotkaniu rozmawiano m.in. o budowie przej\u015bcia granicznego Malhowice-Ni\u017cankowice. Marsza\u0142ek Sejmu Marek Kuchci\u0144ski zapewnia\u0142, \u017ce cieszy si\u0119 z inicjatywy wybudowania nowego przej\u015bcia granicznego z Ukrain\u0105. \u2013 Jest to sprawa, kt\u00f3ra powinna \u0142\u0105czy\u0107 ca\u0142\u0105 [&hellip;]<\/p>\n","protected":false},"author":6,"featured_media":4612,"comment_status":"open","ping_status":"open","sticky":false,"template":"","format":"standard","meta":{"ngg_post_thumbnail":0,"footnotes":""},"categories":[49,82,50,3],"tags":[],"class_list":["post-4611","post","type-post","status-publish","format-standard","has-post-thumbnail","hentry","category-podkarpacie","category-prawo-i-sprawiedliwosc","category-wspolpraca-miedzynarodowa","category-wydarzenia"],"_links":{"self":[{"href":"https:\/\/marekkuchcinski.pl\/cs\/wp-json\/wp\/v2\/posts\/4611","targetHints":{"allow":["GET"]}}],"collection":[{"href":"https:\/\/marekkuchcinski.pl\/cs\/wp-json\/wp\/v2\/posts"}],"about":[{"href":"https:\/\/marekkuchcinski.pl\/cs\/wp-json\/wp\/v2\/types\/post"}],"author":[{"embeddable":true,"href":"https:\/\/marekkuchcinski.pl\/cs\/wp-json\/wp\/v2\/users\/6"}],"replies":[{"embeddable":true,"href":"https:\/\/marekkuchcinski.pl\/cs\/wp-json\/wp\/v2\/comments?post=4611"}],"version-history":[{"count":4,"href":"https:\/\/marekkuchcinski.pl\/cs\/wp-json\/wp\/v2\/posts\/4611\/revisions"}],"predecessor-version":[{"id":4887,"href":"https:\/\/marekkuchcinski.pl\/cs\/wp-json\/wp\/v2\/posts\/4611\/revisions\/4887"}],"wp:featuredmedia":[{"embeddable":true,"href":"https:\/\/marekkuchcinski.pl\/cs\/wp-json\/wp\/v2\/media\/4612"}],"wp:attachment":[{"href":"https:\/\/marekkuchcinski.pl\/cs\/wp-json\/wp\/v2\/media?parent=4611"}],"wp:term":[{"taxonomy":"category","embeddable":true,"href":"https:\/\/marekkuchcinski.pl\/cs\/wp-json\/wp\/v2\/categories?post=4611"},{"taxonomy":"post_tag","embeddable":true,"href":"https:\/\/marekkuchcinski.pl\/cs\/wp-json\/wp\/v2\/tags?post=4611"}],"curies":[{"name":"wp","href":"https:\/\/api.w.org\/{rel}","templated":true}]}}