{"id":4454,"date":"2016-11-11T21:59:45","date_gmt":"2016-11-11T20:59:45","guid":{"rendered":"https:\/\/marekkuchcinski.pl\/?p=4454"},"modified":"2016-11-14T20:14:44","modified_gmt":"2016-11-14T19:14:44","slug":"uroczyste-obchody-swieta-niepodleglosci","status":"publish","type":"post","link":"https:\/\/marekkuchcinski.pl\/cs\/wydarzenia\/uroczyste-obchody-swieta-niepodleglosci\/","title":{"rendered":"Slavnostn\u00ed oslava Dne nez\u00e1vislosti"},"content":{"rendered":"<p>Ve\u0159ejn\u00fd Pochod nez\u00e1vislosti, jmenov\u00e1n\u00ed gener\u00e1l\u016f a p\u0159ed\u00e1n\u00ed st\u00e1tn\u00edch vyznamen\u00e1n\u00ed na Belvederu, m\u0161e v Chr\u00e1mu Bo\u017e\u00ed proz\u0159etelnosti a slavnostn\u00ed st\u0159\u00edd\u00e1n\u00ed str\u00e1\u017e\u00ed u Hrobu nezn\u00e1m\u00e9ho voj\u00edna byly hlavn\u00edmi oslavami u p\u0159\u00edle\u017eitosti Dne nez\u00e1vislosti za \u00fa\u010dasti p\u0159edsedy Sejmu Marka Kuchci\u0144sk\u00e9ho.<\/p>\n<p><a href=\"https:\/\/marekkuchcinski.pl\/wp-content\/uploads\/2016\/11\/1-DSCF7826.jpg\"><img fetchpriority=\"high\" decoding=\"async\" class=\"alignnone size-full wp-image-4462\" src=\"https:\/\/marekkuchcinski.pl\/wp-content\/uploads\/2016\/11\/1-DSCF7826.jpg\" alt=\"1-dscf7826\" width=\"3692\" height=\"2394\" srcset=\"https:\/\/marekkuchcinski.pl\/wp-content\/uploads\/2016\/11\/1-DSCF7826.jpg 2048w, https:\/\/marekkuchcinski.pl\/wp-content\/uploads\/2016\/11\/1-DSCF7826-300x195.jpg 300w, https:\/\/marekkuchcinski.pl\/wp-content\/uploads\/2016\/11\/1-DSCF7826-768x498.jpg 768w, https:\/\/marekkuchcinski.pl\/wp-content\/uploads\/2016\/11\/1-DSCF7826-1024x664.jpg 1024w\" sizes=\"(max-width: 3692px) 100vw, 3692px\" \/><\/a><\/p>\n<p>Oslavy Dne nez\u00e1vislosti byly ve \u010dtvrtek zah\u00e1jeny spole\u010dn\u00fdm pochodem, kter\u00fd byl zakon\u010den polo\u017een\u00edm v\u011bnce u pomn\u00edku J\u00f3zefa Pi\u0142sudsk\u00e9ho.<\/p>\n<p><a href=\"https:\/\/marekkuchcinski.pl\/wp-content\/uploads\/2016\/11\/1-DSCF7804.jpg\"><img decoding=\"async\" class=\"alignnone size-full wp-image-4457\" src=\"https:\/\/marekkuchcinski.pl\/wp-content\/uploads\/2016\/11\/1-DSCF7804.jpg\" alt=\"1-dscf7804\" width=\"3087\" height=\"2208\" srcset=\"https:\/\/marekkuchcinski.pl\/wp-content\/uploads\/2016\/11\/1-DSCF7804.jpg 2048w, https:\/\/marekkuchcinski.pl\/wp-content\/uploads\/2016\/11\/1-DSCF7804-300x215.jpg 300w, https:\/\/marekkuchcinski.pl\/wp-content\/uploads\/2016\/11\/1-DSCF7804-768x549.jpg 768w, https:\/\/marekkuchcinski.pl\/wp-content\/uploads\/2016\/11\/1-DSCF7804-1024x732.jpg 1024w\" sizes=\"(max-width: 3087px) 100vw, 3087px\" \/><\/a><\/p>\n<p>- Ud\u011blali jsme ji\u017e mnoho pro to, abychom v Polsku obnovili alespo\u0148 r\u00e1mec soci\u00e1ln\u00ed spravedlnosti, ale to, co n\u00e1s \u010dek\u00e1, je obt\u00ed\u017en\u011bj\u0161\u00ed. Velmi bych si p\u0159\u00e1l, a mysl\u00edm, \u017ee bychom si to p\u0159\u00e1li v\u0161ichni, aby za dva roky, a\u017e budeme slavit st\u00e9 v\u00fdro\u010d\u00ed nez\u00e1vislosti, byl n\u00e1\u0161 pocit s\u00edly, pocit d\u016fv\u011bry v\u011bt\u0161\u00ed, siln\u011bj\u0161\u00ed ne\u017e dnes, abychom byli svobodn\u011bj\u0161\u00ed a suver\u00e9nn\u011bj\u0161\u00ed,\" \u0159ekl u pam\u00e1tn\u00edku p\u0159edseda strany Pr\u00e1vo a spravedlnost Jaros\u0142aw Kaczy\u0144ski.<\/p>\n<p><a href=\"https:\/\/marekkuchcinski.pl\/wp-content\/uploads\/2016\/11\/1-1-DSCF7819.jpg\"><img decoding=\"async\" class=\"alignnone size-full wp-image-4458\" src=\"https:\/\/marekkuchcinski.pl\/wp-content\/uploads\/2016\/11\/1-1-DSCF7819.jpg\" alt=\"1-1-dscf7819\" width=\"4238\" height=\"2590\" srcset=\"https:\/\/marekkuchcinski.pl\/wp-content\/uploads\/2016\/11\/1-1-DSCF7819.jpg 2048w, https:\/\/marekkuchcinski.pl\/wp-content\/uploads\/2016\/11\/1-1-DSCF7819-300x183.jpg 300w, https:\/\/marekkuchcinski.pl\/wp-content\/uploads\/2016\/11\/1-1-DSCF7819-768x469.jpg 768w, https:\/\/marekkuchcinski.pl\/wp-content\/uploads\/2016\/11\/1-1-DSCF7819-1024x626.jpg 1024w\" sizes=\"(max-width: 4238px) 100vw, 4238px\" \/><\/a><\/p>\n<p>P\u0159edseda Sejmu zah\u00e1jil Den nez\u00e1vislosti slavnostn\u00edm ceremoni\u00e1lem v Belvederu. Prezident Andrzej Duda ocenil ty, kte\u0159\u00ed se zaslou\u017eili o st\u00e1t a spole\u010dnost, a p\u0159edal nominaci gener\u00e1la Ryszarda Kukli\u0144sk\u00e9ho. - Gener\u00e1l Ryszard Kukli\u0144ski byl velkou postavou na\u0161ich d\u011bjin, ryt\u00ed\u0159em na\u0161\u00ed nez\u00e1vislosti - \u0159ekl Andrzej Duda.<\/p>\n<p><a href=\"https:\/\/marekkuchcinski.pl\/wp-content\/uploads\/2016\/11\/1-RZ__7078.jpg\"><img loading=\"lazy\" decoding=\"async\" class=\"alignnone size-full wp-image-4459\" src=\"https:\/\/marekkuchcinski.pl\/wp-content\/uploads\/2016\/11\/1-RZ__7078.jpg\" alt=\"1-rz__7078\" width=\"3840\" height=\"2560\" srcset=\"https:\/\/marekkuchcinski.pl\/wp-content\/uploads\/2016\/11\/1-RZ__7078.jpg 2048w, https:\/\/marekkuchcinski.pl\/wp-content\/uploads\/2016\/11\/1-RZ__7078-300x200.jpg 300w, https:\/\/marekkuchcinski.pl\/wp-content\/uploads\/2016\/11\/1-RZ__7078-768x512.jpg 768w, https:\/\/marekkuchcinski.pl\/wp-content\/uploads\/2016\/11\/1-RZ__7078-1024x683.jpg 1024w\" sizes=\"(max-width: 3840px) 100vw, 3840px\" \/><\/a><\/p>\n<p>P\u0159ed 225 lety bylo usnesen\u00edm \u010dlen\u016f \u010dty\u0159let\u00e9ho Sejmu rozhodnuto o stavb\u011b chr\u00e1mu jako votivn\u00ed dar pro \u00dastavu.<\/p>\n<p><a href=\"https:\/\/marekkuchcinski.pl\/wp-content\/uploads\/2016\/11\/1-KA204917.jpg\"><img loading=\"lazy\" decoding=\"async\" class=\"alignnone size-full wp-image-4469\" src=\"https:\/\/marekkuchcinski.pl\/wp-content\/uploads\/2016\/11\/1-KA204917.jpg\" alt=\"1-ka204917\" width=\"1800\" height=\"1200\" srcset=\"https:\/\/marekkuchcinski.pl\/wp-content\/uploads\/2016\/11\/1-KA204917.jpg 1800w, https:\/\/marekkuchcinski.pl\/wp-content\/uploads\/2016\/11\/1-KA204917-300x200.jpg 300w, https:\/\/marekkuchcinski.pl\/wp-content\/uploads\/2016\/11\/1-KA204917-768x512.jpg 768w, https:\/\/marekkuchcinski.pl\/wp-content\/uploads\/2016\/11\/1-KA204917-1024x683.jpg 1024w\" sizes=\"(max-width: 1800px) 100vw, 1800px\" \/><\/a><\/p>\n<p>Dnes je z\u00e1sluhou var\u0161avsk\u00e9ho metropolity arcibiskupa Kazimierze Nycze kulturn\u00ed instituc\u00ed, v n\u00ed\u017e se nach\u00e1z\u00ed tak\u00e9 Muzeum Jana Pavla II. a primasa Wyszy\u0144sk\u00e9ho a Panteon velk\u00fdch Pol\u00e1k\u016f.<\/p>\n<p><a href=\"https:\/\/marekkuchcinski.pl\/wp-content\/uploads\/2016\/11\/KA205076.jpg\"><img loading=\"lazy\" decoding=\"async\" class=\"alignnone size-full wp-image-4465\" src=\"https:\/\/marekkuchcinski.pl\/wp-content\/uploads\/2016\/11\/KA205076.jpg\" alt=\"ka205076\" width=\"1800\" height=\"1200\" srcset=\"https:\/\/marekkuchcinski.pl\/wp-content\/uploads\/2016\/11\/KA205076.jpg 1800w, https:\/\/marekkuchcinski.pl\/wp-content\/uploads\/2016\/11\/KA205076-300x200.jpg 300w, https:\/\/marekkuchcinski.pl\/wp-content\/uploads\/2016\/11\/KA205076-768x512.jpg 768w, https:\/\/marekkuchcinski.pl\/wp-content\/uploads\/2016\/11\/KA205076-1024x683.jpg 1024w\" sizes=\"(max-width: 1800px) 100vw, 1800px\" \/><\/a><\/p>\n<p>Po m\u0161i p\u0159edseda Sejmu polo\u017eil kv\u011btiny k pomn\u00edku Jozefa Pilsudsk\u00e9ho, kter\u00fd se 11. listopadu 1918 stal vrchn\u00edm velitelem polsk\u00fdch ozbrojen\u00fdch sil a byl pov\u011b\u0159en sestaven\u00edm n\u00e1rodn\u00ed vl\u00e1dy.<\/p>\n<p><a href=\"https:\/\/marekkuchcinski.pl\/wp-content\/uploads\/2016\/11\/C14999E4-FD16-4494-8AE6-5AF4626022CE-COLLAGE.jpg\"><img loading=\"lazy\" decoding=\"async\" class=\"alignnone size-full wp-image-4492\" src=\"https:\/\/marekkuchcinski.pl\/wp-content\/uploads\/2016\/11\/C14999E4-FD16-4494-8AE6-5AF4626022CE-COLLAGE.jpg\" alt=\"c14999e4-fd16-4494-8ae6-5af4626022ce-collage\" width=\"1024\" height=\"1024\" srcset=\"https:\/\/marekkuchcinski.pl\/wp-content\/uploads\/2016\/11\/C14999E4-FD16-4494-8AE6-5AF4626022CE-COLLAGE.jpg 1024w, https:\/\/marekkuchcinski.pl\/wp-content\/uploads\/2016\/11\/C14999E4-FD16-4494-8AE6-5AF4626022CE-COLLAGE-150x150.jpg 150w, https:\/\/marekkuchcinski.pl\/wp-content\/uploads\/2016\/11\/C14999E4-FD16-4494-8AE6-5AF4626022CE-COLLAGE-300x300.jpg 300w, https:\/\/marekkuchcinski.pl\/wp-content\/uploads\/2016\/11\/C14999E4-FD16-4494-8AE6-5AF4626022CE-COLLAGE-768x768.jpg 768w\" sizes=\"(max-width: 1024px) 100vw, 1024px\" \/><\/a><\/p>\n<p>Jedn\u00edm z hlavn\u00edch bod\u016f slavnostn\u00edch oslav Dne nez\u00e1vislosti je kontrola str\u00e1\u017e\u00ed p\u0159ed Hrobem nezn\u00e1m\u00e9ho voj\u00edna.<\/p>\n<p><a href=\"https:\/\/marekkuchcinski.pl\/wp-content\/uploads\/2016\/11\/KA205176.jpg\"><img loading=\"lazy\" decoding=\"async\" class=\"alignnone size-full wp-image-4489\" src=\"https:\/\/marekkuchcinski.pl\/wp-content\/uploads\/2016\/11\/KA205176.jpg\" alt=\"ka205176\" width=\"1800\" height=\"1200\" srcset=\"https:\/\/marekkuchcinski.pl\/wp-content\/uploads\/2016\/11\/KA205176.jpg 1800w, https:\/\/marekkuchcinski.pl\/wp-content\/uploads\/2016\/11\/KA205176-300x200.jpg 300w, https:\/\/marekkuchcinski.pl\/wp-content\/uploads\/2016\/11\/KA205176-768x512.jpg 768w, https:\/\/marekkuchcinski.pl\/wp-content\/uploads\/2016\/11\/KA205176-1024x683.jpg 1024w\" sizes=\"(max-width: 1800px) 100vw, 1800px\" \/><\/a><\/p>\n<p>B\u011bhem sv\u00e9ho projevu prezident ozn\u00e1mil, \u017ee p\u0159edsedovi Sejmu p\u0159edlo\u017e\u00ed n\u00e1vrh z\u00e1kona o n\u00e1rodn\u00edch oslav\u00e1ch st\u00e9ho v\u00fdro\u010d\u00ed z\u00edsk\u00e1n\u00ed nez\u00e1vislosti Polsk\u00e9 republiky.<\/p>\n<p><a href=\"https:\/\/marekkuchcinski.pl\/wp-content\/uploads\/2016\/11\/Cw_4_VrWQAI4mFw.jpg\"><img loading=\"lazy\" decoding=\"async\" class=\"alignnone size-full wp-image-4467\" src=\"https:\/\/marekkuchcinski.pl\/wp-content\/uploads\/2016\/11\/Cw_4_VrWQAI4mFw.jpg\" alt=\"cw_4_vrwqai4mfw\" width=\"1200\" height=\"800\" srcset=\"https:\/\/marekkuchcinski.pl\/wp-content\/uploads\/2016\/11\/Cw_4_VrWQAI4mFw.jpg 1200w, https:\/\/marekkuchcinski.pl\/wp-content\/uploads\/2016\/11\/Cw_4_VrWQAI4mFw-300x200.jpg 300w, https:\/\/marekkuchcinski.pl\/wp-content\/uploads\/2016\/11\/Cw_4_VrWQAI4mFw-768x512.jpg 768w, https:\/\/marekkuchcinski.pl\/wp-content\/uploads\/2016\/11\/Cw_4_VrWQAI4mFw-1024x683.jpg 1024w\" sizes=\"(max-width: 1200px) 100vw, 1200px\" \/><\/a><\/p>\n<p>N\u00e1vrh z\u00e1kona realizuje p\u0159esv\u011bd\u010den\u00ed prezidenta Polsk\u00e9 republiky o nutnosti zvl\u00e1\u0161tn\u00edm zp\u016fsobem uct\u00edt ud\u00e1losti z roku 1918, kdy po 123 letech d\u011blen\u00ed vy\u00fastilo \u00fasil\u00ed mnoha generac\u00ed polsk\u00fdch \u017een a mu\u017e\u016f v znovuz\u00edsk\u00e1n\u00ed nez\u00e1vislosti Polsk\u00e9 republiky. (v\u00edce o z\u00e1kon\u011b: http:\/\/www.prezydent.pl\/prawo\/ustawy\/zgloszone\/art,8,projekt-ustawy-o-narodowych-obchodach-setnej-rocznicy-odzyskania-niepodleglosci.html).<\/p>\n<p><a href=\"https:\/\/marekkuchcinski.pl\/wp-content\/uploads\/2016\/11\/KU073738-1.jpg\"><img loading=\"lazy\" decoding=\"async\" class=\"alignnone size-full wp-image-4495\" src=\"https:\/\/marekkuchcinski.pl\/wp-content\/uploads\/2016\/11\/KU073738-1.jpg\" alt=\"ku073738\" width=\"729\" height=\"1016\" srcset=\"https:\/\/marekkuchcinski.pl\/wp-content\/uploads\/2016\/11\/KU073738-1.jpg 729w, https:\/\/marekkuchcinski.pl\/wp-content\/uploads\/2016\/11\/KU073738-1-215x300.jpg 215w\" sizes=\"(max-width: 729px) 100vw, 729px\" \/><\/a><a href=\"https:\/\/marekkuchcinski.pl\/wp-content\/uploads\/2016\/11\/1-KA205162-Kopia-Kopia.jpg\"><img loading=\"lazy\" decoding=\"async\" class=\"alignnone size-full wp-image-4521\" src=\"https:\/\/marekkuchcinski.pl\/wp-content\/uploads\/2016\/11\/1-KA205162-Kopia-Kopia.jpg\" alt=\"1-ka205162-kopia-kopia\" width=\"1800\" height=\"1200\" srcset=\"https:\/\/marekkuchcinski.pl\/wp-content\/uploads\/2016\/11\/1-KA205162-Kopia-Kopia.jpg 1800w, https:\/\/marekkuchcinski.pl\/wp-content\/uploads\/2016\/11\/1-KA205162-Kopia-Kopia-300x200.jpg 300w, https:\/\/marekkuchcinski.pl\/wp-content\/uploads\/2016\/11\/1-KA205162-Kopia-Kopia-768x512.jpg 768w, https:\/\/marekkuchcinski.pl\/wp-content\/uploads\/2016\/11\/1-KA205162-Kopia-Kopia-1024x683.jpg 1024w\" sizes=\"(max-width: 1800px) 100vw, 1800px\" \/><\/a> <a href=\"https:\/\/marekkuchcinski.pl\/wp-content\/uploads\/2016\/11\/1-KA205207-Kopia-Kopia.jpg\"><img loading=\"lazy\" decoding=\"async\" class=\"alignnone size-full wp-image-4522\" src=\"https:\/\/marekkuchcinski.pl\/wp-content\/uploads\/2016\/11\/1-KA205207-Kopia-Kopia.jpg\" alt=\"1-ka205207-kopia-kopia\" width=\"1800\" height=\"891\" srcset=\"https:\/\/marekkuchcinski.pl\/wp-content\/uploads\/2016\/11\/1-KA205207-Kopia-Kopia.jpg 1800w, https:\/\/marekkuchcinski.pl\/wp-content\/uploads\/2016\/11\/1-KA205207-Kopia-Kopia-300x149.jpg 300w, https:\/\/marekkuchcinski.pl\/wp-content\/uploads\/2016\/11\/1-KA205207-Kopia-Kopia-768x380.jpg 768w, https:\/\/marekkuchcinski.pl\/wp-content\/uploads\/2016\/11\/1-KA205207-Kopia-Kopia-1024x507.jpg 1024w\" sizes=\"(max-width: 1800px) 100vw, 1800px\" \/><\/a> <a href=\"https:\/\/marekkuchcinski.pl\/wp-content\/uploads\/2016\/11\/1-KU073215-Kopia-Kopia.jpg\"><img loading=\"lazy\" decoding=\"async\" class=\"alignnone size-full wp-image-4523\" src=\"https:\/\/marekkuchcinski.pl\/wp-content\/uploads\/2016\/11\/1-KU073215-Kopia-Kopia.jpg\" alt=\"1-ku073215-kopia-kopia\" width=\"1800\" height=\"1200\" srcset=\"https:\/\/marekkuchcinski.pl\/wp-content\/uploads\/2016\/11\/1-KU073215-Kopia-Kopia.jpg 1800w, https:\/\/marekkuchcinski.pl\/wp-content\/uploads\/2016\/11\/1-KU073215-Kopia-Kopia-300x200.jpg 300w, https:\/\/marekkuchcinski.pl\/wp-content\/uploads\/2016\/11\/1-KU073215-Kopia-Kopia-768x512.jpg 768w, https:\/\/marekkuchcinski.pl\/wp-content\/uploads\/2016\/11\/1-KU073215-Kopia-Kopia-1024x683.jpg 1024w\" sizes=\"(max-width: 1800px) 100vw, 1800px\" \/><\/a> <a href=\"https:\/\/marekkuchcinski.pl\/wp-content\/uploads\/2016\/11\/1-KU073309-2-Kopia-2.jpg\"><img loading=\"lazy\" decoding=\"async\" class=\"alignnone size-full wp-image-4525\" src=\"https:\/\/marekkuchcinski.pl\/wp-content\/uploads\/2016\/11\/1-KU073309-2-Kopia-2.jpg\" alt=\"1-ku073309-2-kopia-2\" width=\"1800\" height=\"1200\" srcset=\"https:\/\/marekkuchcinski.pl\/wp-content\/uploads\/2016\/11\/1-KU073309-2-Kopia-2.jpg 1800w, https:\/\/marekkuchcinski.pl\/wp-content\/uploads\/2016\/11\/1-KU073309-2-Kopia-2-300x200.jpg 300w, https:\/\/marekkuchcinski.pl\/wp-content\/uploads\/2016\/11\/1-KU073309-2-Kopia-2-768x512.jpg 768w, https:\/\/marekkuchcinski.pl\/wp-content\/uploads\/2016\/11\/1-KU073309-2-Kopia-2-1024x683.jpg 1024w\" sizes=\"(max-width: 1800px) 100vw, 1800px\" \/><\/a> <a href=\"https:\/\/marekkuchcinski.pl\/wp-content\/uploads\/2016\/11\/1-KU073820-001-Kopia-2.jpg\"><img loading=\"lazy\" decoding=\"async\" class=\"alignnone size-full wp-image-4527\" src=\"https:\/\/marekkuchcinski.pl\/wp-content\/uploads\/2016\/11\/1-KU073820-001-Kopia-2.jpg\" alt=\"1-ku073820-001-kopia-2\" width=\"1800\" height=\"1200\" srcset=\"https:\/\/marekkuchcinski.pl\/wp-content\/uploads\/2016\/11\/1-KU073820-001-Kopia-2.jpg 1800w, https:\/\/marekkuchcinski.pl\/wp-content\/uploads\/2016\/11\/1-KU073820-001-Kopia-2-300x200.jpg 300w, https:\/\/marekkuchcinski.pl\/wp-content\/uploads\/2016\/11\/1-KU073820-001-Kopia-2-768x512.jpg 768w, https:\/\/marekkuchcinski.pl\/wp-content\/uploads\/2016\/11\/1-KU073820-001-Kopia-2-1024x683.jpg 1024w\" sizes=\"(max-width: 1800px) 100vw, 1800px\" \/><\/a><\/p>\n<p><a href=\"https:\/\/marekkuchcinski.pl\/wp-content\/uploads\/2016\/11\/1-KA205697.jpg\"><img loading=\"lazy\" decoding=\"async\" class=\"alignnone size-full wp-image-4528\" src=\"https:\/\/marekkuchcinski.pl\/wp-content\/uploads\/2016\/11\/1-KA205697.jpg\" alt=\"1-ka205697\" width=\"1800\" height=\"1200\" srcset=\"https:\/\/marekkuchcinski.pl\/wp-content\/uploads\/2016\/11\/1-KA205697.jpg 1800w, https:\/\/marekkuchcinski.pl\/wp-content\/uploads\/2016\/11\/1-KA205697-300x200.jpg 300w, https:\/\/marekkuchcinski.pl\/wp-content\/uploads\/2016\/11\/1-KA205697-768x512.jpg 768w, https:\/\/marekkuchcinski.pl\/wp-content\/uploads\/2016\/11\/1-KA205697-1024x683.jpg 1024w\" sizes=\"(max-width: 1800px) 100vw, 1800px\" \/><\/a> <a href=\"https:\/\/marekkuchcinski.pl\/wp-content\/uploads\/2016\/11\/1-KU073899.jpg\"><img loading=\"lazy\" decoding=\"async\" class=\"alignnone size-full wp-image-4529\" src=\"https:\/\/marekkuchcinski.pl\/wp-content\/uploads\/2016\/11\/1-KU073899.jpg\" alt=\"1-ku073899\" width=\"1800\" height=\"1200\" srcset=\"https:\/\/marekkuchcinski.pl\/wp-content\/uploads\/2016\/11\/1-KU073899.jpg 1800w, https:\/\/marekkuchcinski.pl\/wp-content\/uploads\/2016\/11\/1-KU073899-300x200.jpg 300w, https:\/\/marekkuchcinski.pl\/wp-content\/uploads\/2016\/11\/1-KU073899-768x512.jpg 768w, https:\/\/marekkuchcinski.pl\/wp-content\/uploads\/2016\/11\/1-KU073899-1024x683.jpg 1024w\" sizes=\"(max-width: 1800px) 100vw, 1800px\" \/><\/a><\/p>\n<p>&nbsp;<\/p>","protected":false},"excerpt":{"rendered":"<p>Spo\u0142eczny Marsz Niepodleg\u0142o\u015bci, nominacje generalskie oraz wr\u0119czenie odznacze\u0144 pa\u0144stwowych w Belwederze, msza \u015bwi\u0119ta w \u015awi\u0105tyni Opatrzno\u015bci Bo\u017cej i\u00a0uroczysta zmiana warty przy Grobie Nieznanego \u017bo\u0142nierza to g\u0142\u00f3wne uroczysto\u015bci z okazji \u015awi\u0119ta Niepodleg\u0142o\u015bci, w jakich wzi\u0105\u0142 udzia\u0142 marsza\u0142ek Sejmu Marek Kuchci\u0144ski. Obchody \u015awi\u0119ta Niepodleg\u0142o\u015bci zainaugurowa\u0142 czwartkowy spo\u0142eczny marsz,\u00a0zako\u0144czonego z\u0142o\u017ceniem wie\u0144ca pod pomnikiem J\u00f3zefa Pi\u0142sudskiego. \u2013 Uczynili\u015bmy ju\u017c [&hellip;]<\/p>","protected":false},"author":6,"featured_media":4534,"comment_status":"open","ping_status":"open","sticky":false,"template":"","format":"standard","meta":{"ngg_post_thumbnail":0,"footnotes":""},"categories":[82,77,3],"tags":[],"class_list":["post-4454","post","type-post","status-publish","format-standard","has-post-thumbnail","hentry","category-prawo-i-sprawiedliwosc","category-wazne-daty","category-wydarzenia"],"yoast_head":"<!-- This site is optimized with the Yoast SEO plugin v24.7 - https:\/\/yoast.com\/wordpress\/plugins\/seo\/ -->\n<title>Uroczyste obchody \u015awi\u0119ta Niepodleg\u0142o\u015bci &#8211; Marek Kuchci\u0144ski<\/title>\n<meta name=\"robots\" content=\"index, follow, max-snippet:-1, max-image-preview:large, max-video-preview:-1\" \/>\n<link rel=\"canonical\" href=\"https:\/\/marekkuchcinski.pl\/cs\/wydarzenia\/uroczyste-obchody-swieta-niepodleglosci\/\" \/>\n<meta property=\"og:locale\" content=\"cs_CZ\" \/>\n<meta property=\"og:type\" content=\"article\" \/>\n<meta property=\"og:title\" content=\"Uroczyste obchody \u015awi\u0119ta Niepodleg\u0142o\u015bci &#8211; Marek Kuchci\u0144ski\" \/>\n<meta property=\"og:description\" content=\"Spo\u0142eczny Marsz Niepodleg\u0142o\u015bci, nominacje generalskie oraz wr\u0119czenie odznacze\u0144 pa\u0144stwowych w Belwederze, msza \u015bwi\u0119ta w \u015awi\u0105tyni Opatrzno\u015bci Bo\u017cej i\u00a0uroczysta zmiana warty przy Grobie Nieznanego \u017bo\u0142nierza to g\u0142\u00f3wne uroczysto\u015bci z okazji \u015awi\u0119ta Niepodleg\u0142o\u015bci, w jakich wzi\u0105\u0142 udzia\u0142 marsza\u0142ek Sejmu Marek Kuchci\u0144ski. Obchody \u015awi\u0119ta Niepodleg\u0142o\u015bci zainaugurowa\u0142 czwartkowy spo\u0142eczny marsz,\u00a0zako\u0144czonego z\u0142o\u017ceniem wie\u0144ca pod pomnikiem J\u00f3zefa Pi\u0142sudskiego. \u2013 Uczynili\u015bmy ju\u017c [&hellip;]\" \/>\n<meta property=\"og:url\" content=\"https:\/\/marekkuchcinski.pl\/cs\/wydarzenia\/uroczyste-obchody-swieta-niepodleglosci\/\" \/>\n<meta property=\"og:site_name\" content=\"Marek Kuchci\u0144ski\" \/>\n<meta property=\"article:published_time\" content=\"2016-11-11T20:59:45+00:00\" \/>\n<meta property=\"article:modified_time\" content=\"2016-11-14T19:14:44+00:00\" \/>\n<meta property=\"og:image\" content=\"https:\/\/marekkuchcinski.pl\/wp-content\/uploads\/2016\/11\/1-KU073820.jpg\" \/>\n\t<meta property=\"og:image:width\" content=\"1212\" \/>\n\t<meta property=\"og:image:height\" content=\"807\" \/>\n\t<meta property=\"og:image:type\" content=\"image\/jpeg\" \/>\n<meta name=\"author\" content=\"admin\" \/>\n<meta name=\"twitter:card\" content=\"summary_large_image\" \/>\n<meta name=\"twitter:label1\" content=\"Napsal(a)\" \/>\n\t<meta name=\"twitter:data1\" content=\"admin\" \/>\n\t<meta name=\"twitter:label2\" content=\"Odhadovan\u00e1 doba \u010dten\u00ed\" \/>\n\t<meta name=\"twitter:data2\" content=\"2 minuty\" \/>\n<script type=\"application\/ld+json\" class=\"yoast-schema-graph\">{\"@context\":\"https:\/\/schema.org\",\"@graph\":[{\"@type\":\"Article\",\"@id\":\"https:\/\/marekkuchcinski.pl\/en\/wydarzenia\/uroczyste-obchody-swieta-niepodleglosci\/#article\",\"isPartOf\":{\"@id\":\"https:\/\/marekkuchcinski.pl\/en\/wydarzenia\/uroczyste-obchody-swieta-niepodleglosci\/\"},\"author\":{\"name\":\"admin\",\"@id\":\"https:\/\/marekkuchcinski.pl\/#\/schema\/person\/6f62700996b4d950b6ea2d1183b6c6be\"},\"headline\":\"Uroczyste obchody \u015awi\u0119ta Niepodleg\u0142o\u015bci\",\"datePublished\":\"2016-11-11T20:59:45+00:00\",\"dateModified\":\"2016-11-14T19:14:44+00:00\",\"mainEntityOfPage\":{\"@id\":\"https:\/\/marekkuchcinski.pl\/en\/wydarzenia\/uroczyste-obchody-swieta-niepodleglosci\/\"},\"wordCount\":420,\"commentCount\":0,\"publisher\":{\"@id\":\"https:\/\/marekkuchcinski.pl\/#organization\"},\"image\":{\"@id\":\"https:\/\/marekkuchcinski.pl\/en\/wydarzenia\/uroczyste-obchody-swieta-niepodleglosci\/#primaryimage\"},\"thumbnailUrl\":\"https:\/\/marekkuchcinski.pl\/wp-content\/uploads\/2016\/11\/1-KU073820.jpg\",\"articleSection\":[\"Prawo i Sprawiedliwo\u015b\u0107\",\"Wa\u017cne daty\",\"Wydarzenia\"],\"inLanguage\":\"cs\",\"potentialAction\":[{\"@type\":\"CommentAction\",\"name\":\"Comment\",\"target\":[\"https:\/\/marekkuchcinski.pl\/en\/wydarzenia\/uroczyste-obchody-swieta-niepodleglosci\/#respond\"]}]},{\"@type\":\"WebPage\",\"@id\":\"https:\/\/marekkuchcinski.pl\/en\/wydarzenia\/uroczyste-obchody-swieta-niepodleglosci\/\",\"url\":\"https:\/\/marekkuchcinski.pl\/en\/wydarzenia\/uroczyste-obchody-swieta-niepodleglosci\/\",\"name\":\"Uroczyste obchody \u015awi\u0119ta Niepodleg\u0142o\u015bci &#8211; Marek Kuchci\u0144ski\",\"isPartOf\":{\"@id\":\"https:\/\/marekkuchcinski.pl\/#website\"},\"primaryImageOfPage\":{\"@id\":\"https:\/\/marekkuchcinski.pl\/en\/wydarzenia\/uroczyste-obchody-swieta-niepodleglosci\/#primaryimage\"},\"image\":{\"@id\":\"https:\/\/marekkuchcinski.pl\/en\/wydarzenia\/uroczyste-obchody-swieta-niepodleglosci\/#primaryimage\"},\"thumbnailUrl\":\"https:\/\/marekkuchcinski.pl\/wp-content\/uploads\/2016\/11\/1-KU073820.jpg\",\"datePublished\":\"2016-11-11T20:59:45+00:00\",\"dateModified\":\"2016-11-14T19:14:44+00:00\",\"breadcrumb\":{\"@id\":\"https:\/\/marekkuchcinski.pl\/en\/wydarzenia\/uroczyste-obchody-swieta-niepodleglosci\/#breadcrumb\"},\"inLanguage\":\"cs\",\"potentialAction\":[{\"@type\":\"ReadAction\",\"target\":[\"https:\/\/marekkuchcinski.pl\/en\/wydarzenia\/uroczyste-obchody-swieta-niepodleglosci\/\"]}]},{\"@type\":\"ImageObject\",\"inLanguage\":\"cs\",\"@id\":\"https:\/\/marekkuchcinski.pl\/en\/wydarzenia\/uroczyste-obchody-swieta-niepodleglosci\/#primaryimage\",\"url\":\"https:\/\/marekkuchcinski.pl\/wp-content\/uploads\/2016\/11\/1-KU073820.jpg\",\"contentUrl\":\"https:\/\/marekkuchcinski.pl\/wp-content\/uploads\/2016\/11\/1-KU073820.jpg\",\"width\":1212,\"height\":807},{\"@type\":\"BreadcrumbList\",\"@id\":\"https:\/\/marekkuchcinski.pl\/en\/wydarzenia\/uroczyste-obchody-swieta-niepodleglosci\/#breadcrumb\",\"itemListElement\":[{\"@type\":\"ListItem\",\"position\":1,\"name\":\"Strona g\u0142\u00f3wna\",\"item\":\"https:\/\/marekkuchcinski.pl\/\"},{\"@type\":\"ListItem\",\"position\":2,\"name\":\"Uroczyste obchody \u015awi\u0119ta Niepodleg\u0142o\u015bci\"}]},{\"@type\":\"WebSite\",\"@id\":\"https:\/\/marekkuchcinski.pl\/#website\",\"url\":\"https:\/\/marekkuchcinski.pl\/\",\"name\":\"Marek Kuchci\u0144ski\",\"description\":\"Pose\u0142 na sejm RP &ndash; okr\u0119g nr 22\",\"publisher\":{\"@id\":\"https:\/\/marekkuchcinski.pl\/#organization\"},\"potentialAction\":[{\"@type\":\"SearchAction\",\"target\":{\"@type\":\"EntryPoint\",\"urlTemplate\":\"https:\/\/marekkuchcinski.pl\/?s={search_term_string}\"},\"query-input\":{\"@type\":\"PropertyValueSpecification\",\"valueRequired\":true,\"valueName\":\"search_term_string\"}}],\"inLanguage\":\"cs\"},{\"@type\":\"Organization\",\"@id\":\"https:\/\/marekkuchcinski.pl\/#organization\",\"name\":\"Marek Kuchci\u0144ski\",\"url\":\"https:\/\/marekkuchcinski.pl\/\",\"logo\":{\"@type\":\"ImageObject\",\"inLanguage\":\"cs\",\"@id\":\"https:\/\/marekkuchcinski.pl\/#\/schema\/logo\/image\/\",\"url\":\"https:\/\/marekkuchcinski.pl\/wp-content\/uploads\/2022\/09\/Marek.jpg\",\"contentUrl\":\"https:\/\/marekkuchcinski.pl\/wp-content\/uploads\/2022\/09\/Marek.jpg\",\"width\":1600,\"height\":971,\"caption\":\"Marek Kuchci\u0144ski\"},\"image\":{\"@id\":\"https:\/\/marekkuchcinski.pl\/#\/schema\/logo\/image\/\"}},{\"@type\":\"Person\",\"@id\":\"https:\/\/marekkuchcinski.pl\/#\/schema\/person\/6f62700996b4d950b6ea2d1183b6c6be\",\"name\":\"admin\",\"image\":{\"@type\":\"ImageObject\",\"inLanguage\":\"cs\",\"@id\":\"https:\/\/marekkuchcinski.pl\/#\/schema\/person\/image\/\",\"url\":\"https:\/\/secure.gravatar.com\/avatar\/4bab693b9d55c3d6b52c0296a8765085?s=96&d=mm&r=g\",\"contentUrl\":\"https:\/\/secure.gravatar.com\/avatar\/4bab693b9d55c3d6b52c0296a8765085?s=96&d=mm&r=g\",\"caption\":\"admin\"},\"url\":\"https:\/\/marekkuchcinski.pl\/cs\/author\/marta-olejnik\/\"}]}<\/script>\n<!-- \/ Yoast SEO plugin. -->","yoast_head_json":{"title":"Uroczyste obchody \u015awi\u0119ta Niepodleg\u0142o\u015bci &#8211; Marek Kuchci\u0144ski","robots":{"index":"index","follow":"follow","max-snippet":"max-snippet:-1","max-image-preview":"max-image-preview:large","max-video-preview":"max-video-preview:-1"},"canonical":"https:\/\/marekkuchcinski.pl\/cs\/wydarzenia\/uroczyste-obchody-swieta-niepodleglosci\/","og_locale":"cs_CZ","og_type":"article","og_title":"Uroczyste obchody \u015awi\u0119ta Niepodleg\u0142o\u015bci &#8211; Marek Kuchci\u0144ski","og_description":"Spo\u0142eczny Marsz Niepodleg\u0142o\u015bci, nominacje generalskie oraz wr\u0119czenie odznacze\u0144 pa\u0144stwowych w Belwederze, msza \u015bwi\u0119ta w \u015awi\u0105tyni Opatrzno\u015bci Bo\u017cej i\u00a0uroczysta zmiana warty przy Grobie Nieznanego \u017bo\u0142nierza to g\u0142\u00f3wne uroczysto\u015bci z okazji \u015awi\u0119ta Niepodleg\u0142o\u015bci, w jakich wzi\u0105\u0142 udzia\u0142 marsza\u0142ek Sejmu Marek Kuchci\u0144ski. Obchody \u015awi\u0119ta Niepodleg\u0142o\u015bci zainaugurowa\u0142 czwartkowy spo\u0142eczny marsz,\u00a0zako\u0144czonego z\u0142o\u017ceniem wie\u0144ca pod pomnikiem J\u00f3zefa Pi\u0142sudskiego. \u2013 Uczynili\u015bmy ju\u017c [&hellip;]","og_url":"https:\/\/marekkuchcinski.pl\/cs\/wydarzenia\/uroczyste-obchody-swieta-niepodleglosci\/","og_site_name":"Marek Kuchci\u0144ski","article_published_time":"2016-11-11T20:59:45+00:00","article_modified_time":"2016-11-14T19:14:44+00:00","og_image":[{"width":1212,"height":807,"url":"https:\/\/marekkuchcinski.pl\/wp-content\/uploads\/2016\/11\/1-KU073820.jpg","type":"image\/jpeg"}],"author":"admin","twitter_card":"summary_large_image","twitter_misc":{"Napsal(a)":"admin","Odhadovan\u00e1 doba \u010dten\u00ed":"2 minuty"},"schema":{"@context":"https:\/\/schema.org","@graph":[{"@type":"Article","@id":"https:\/\/marekkuchcinski.pl\/en\/wydarzenia\/uroczyste-obchody-swieta-niepodleglosci\/#article","isPartOf":{"@id":"https:\/\/marekkuchcinski.pl\/en\/wydarzenia\/uroczyste-obchody-swieta-niepodleglosci\/"},"author":{"name":"admin","@id":"https:\/\/marekkuchcinski.pl\/#\/schema\/person\/6f62700996b4d950b6ea2d1183b6c6be"},"headline":"Uroczyste obchody \u015awi\u0119ta Niepodleg\u0142o\u015bci","datePublished":"2016-11-11T20:59:45+00:00","dateModified":"2016-11-14T19:14:44+00:00","mainEntityOfPage":{"@id":"https:\/\/marekkuchcinski.pl\/en\/wydarzenia\/uroczyste-obchody-swieta-niepodleglosci\/"},"wordCount":420,"commentCount":0,"publisher":{"@id":"https:\/\/marekkuchcinski.pl\/#organization"},"image":{"@id":"https:\/\/marekkuchcinski.pl\/en\/wydarzenia\/uroczyste-obchody-swieta-niepodleglosci\/#primaryimage"},"thumbnailUrl":"https:\/\/marekkuchcinski.pl\/wp-content\/uploads\/2016\/11\/1-KU073820.jpg","articleSection":["Prawo i Sprawiedliwo\u015b\u0107","Wa\u017cne daty","Wydarzenia"],"inLanguage":"cs","potentialAction":[{"@type":"CommentAction","name":"Comment","target":["https:\/\/marekkuchcinski.pl\/en\/wydarzenia\/uroczyste-obchody-swieta-niepodleglosci\/#respond"]}]},{"@type":"WebPage","@id":"https:\/\/marekkuchcinski.pl\/en\/wydarzenia\/uroczyste-obchody-swieta-niepodleglosci\/","url":"https:\/\/marekkuchcinski.pl\/en\/wydarzenia\/uroczyste-obchody-swieta-niepodleglosci\/","name":"Uroczyste obchody \u015awi\u0119ta Niepodleg\u0142o\u015bci &#8211; Marek Kuchci\u0144ski","isPartOf":{"@id":"https:\/\/marekkuchcinski.pl\/#website"},"primaryImageOfPage":{"@id":"https:\/\/marekkuchcinski.pl\/en\/wydarzenia\/uroczyste-obchody-swieta-niepodleglosci\/#primaryimage"},"image":{"@id":"https:\/\/marekkuchcinski.pl\/en\/wydarzenia\/uroczyste-obchody-swieta-niepodleglosci\/#primaryimage"},"thumbnailUrl":"https:\/\/marekkuchcinski.pl\/wp-content\/uploads\/2016\/11\/1-KU073820.jpg","datePublished":"2016-11-11T20:59:45+00:00","dateModified":"2016-11-14T19:14:44+00:00","breadcrumb":{"@id":"https:\/\/marekkuchcinski.pl\/en\/wydarzenia\/uroczyste-obchody-swieta-niepodleglosci\/#breadcrumb"},"inLanguage":"cs","potentialAction":[{"@type":"ReadAction","target":["https:\/\/marekkuchcinski.pl\/en\/wydarzenia\/uroczyste-obchody-swieta-niepodleglosci\/"]}]},{"@type":"ImageObject","inLanguage":"cs","@id":"https:\/\/marekkuchcinski.pl\/en\/wydarzenia\/uroczyste-obchody-swieta-niepodleglosci\/#primaryimage","url":"https:\/\/marekkuchcinski.pl\/wp-content\/uploads\/2016\/11\/1-KU073820.jpg","contentUrl":"https:\/\/marekkuchcinski.pl\/wp-content\/uploads\/2016\/11\/1-KU073820.jpg","width":1212,"height":807},{"@type":"BreadcrumbList","@id":"https:\/\/marekkuchcinski.pl\/en\/wydarzenia\/uroczyste-obchody-swieta-niepodleglosci\/#breadcrumb","itemListElement":[{"@type":"ListItem","position":1,"name":"Strona g\u0142\u00f3wna","item":"https:\/\/marekkuchcinski.pl\/"},{"@type":"ListItem","position":2,"name":"Uroczyste obchody \u015awi\u0119ta Niepodleg\u0142o\u015bci"}]},{"@type":"WebSite","@id":"https:\/\/marekkuchcinski.pl\/#website","url":"https:\/\/marekkuchcinski.pl\/","name":"Marek Kuchci\u0144ski","description":"Pose\u0142 na sejm RP &ndash; okr\u0119g nr 22","publisher":{"@id":"https:\/\/marekkuchcinski.pl\/#organization"},"potentialAction":[{"@type":"SearchAction","target":{"@type":"EntryPoint","urlTemplate":"https:\/\/marekkuchcinski.pl\/?s={search_term_string}"},"query-input":{"@type":"PropertyValueSpecification","valueRequired":true,"valueName":"search_term_string"}}],"inLanguage":"cs"},{"@type":"Organization","@id":"https:\/\/marekkuchcinski.pl\/#organization","name":"Marek Kuchci\u0144ski","url":"https:\/\/marekkuchcinski.pl\/","logo":{"@type":"ImageObject","inLanguage":"cs","@id":"https:\/\/marekkuchcinski.pl\/#\/schema\/logo\/image\/","url":"https:\/\/marekkuchcinski.pl\/wp-content\/uploads\/2022\/09\/Marek.jpg","contentUrl":"https:\/\/marekkuchcinski.pl\/wp-content\/uploads\/2022\/09\/Marek.jpg","width":1600,"height":971,"caption":"Marek Kuchci\u0144ski"},"image":{"@id":"https:\/\/marekkuchcinski.pl\/#\/schema\/logo\/image\/"}},{"@type":"Person","@id":"https:\/\/marekkuchcinski.pl\/#\/schema\/person\/6f62700996b4d950b6ea2d1183b6c6be","name":"admin","image":{"@type":"ImageObject","inLanguage":"cs","@id":"https:\/\/marekkuchcinski.pl\/#\/schema\/person\/image\/","url":"https:\/\/secure.gravatar.com\/avatar\/4bab693b9d55c3d6b52c0296a8765085?s=96&d=mm&r=g","contentUrl":"https:\/\/secure.gravatar.com\/avatar\/4bab693b9d55c3d6b52c0296a8765085?s=96&d=mm&r=g","caption":"admin"},"url":"https:\/\/marekkuchcinski.pl\/cs\/author\/marta-olejnik\/"}]}},"_links":{"self":[{"href":"https:\/\/marekkuchcinski.pl\/cs\/wp-json\/wp\/v2\/posts\/4454","targetHints":{"allow":["GET"]}}],"collection":[{"href":"https:\/\/marekkuchcinski.pl\/cs\/wp-json\/wp\/v2\/posts"}],"about":[{"href":"https:\/\/marekkuchcinski.pl\/cs\/wp-json\/wp\/v2\/types\/post"}],"author":[{"embeddable":true,"href":"https:\/\/marekkuchcinski.pl\/cs\/wp-json\/wp\/v2\/users\/6"}],"replies":[{"embeddable":true,"href":"https:\/\/marekkuchcinski.pl\/cs\/wp-json\/wp\/v2\/comments?post=4454"}],"version-history":[{"count":10,"href":"https:\/\/marekkuchcinski.pl\/cs\/wp-json\/wp\/v2\/posts\/4454\/revisions"}],"predecessor-version":[{"id":4530,"href":"https:\/\/marekkuchcinski.pl\/cs\/wp-json\/wp\/v2\/posts\/4454\/revisions\/4530"}],"wp:featuredmedia":[{"embeddable":true,"href":"https:\/\/marekkuchcinski.pl\/cs\/wp-json\/wp\/v2\/media\/4534"}],"wp:attachment":[{"href":"https:\/\/marekkuchcinski.pl\/cs\/wp-json\/wp\/v2\/media?parent=4454"}],"wp:term":[{"taxonomy":"category","embeddable":true,"href":"https:\/\/marekkuchcinski.pl\/cs\/wp-json\/wp\/v2\/categories?post=4454"},{"taxonomy":"post_tag","embeddable":true,"href":"https:\/\/marekkuchcinski.pl\/cs\/wp-json\/wp\/v2\/tags?post=4454"}],"curies":[{"name":"wp","href":"https:\/\/api.w.org\/{rel}","templated":true}]}}