{"id":4373,"date":"2016-11-06T08:49:32","date_gmt":"2016-11-06T07:49:32","guid":{"rendered":"https:\/\/marekkuchcinski.pl\/?p=4373"},"modified":"2016-11-06T08:49:32","modified_gmt":"2016-11-06T07:49:32","slug":"krzyz-wschodni-dla-niosacych-pomoc-polakom-wschodzie","status":"publish","type":"post","link":"https:\/\/marekkuchcinski.pl\/cs\/wydarzenia\/krzyz-wschodni-dla-niosacych-pomoc-polakom-wschodzie\/","title":{"rendered":"V\u00fdchodn\u00ed k\u0159\u00ed\u017e pro pomoc Pol\u00e1k\u016fm na V\u00fdchod\u011b"},"content":{"rendered":"<header class=\"article-header\">\n<p class=\"lead\"><strong>Sejm v p\u00e1tek jednomysln\u011b schv\u00e1lil z\u00e1kon o z\u0159\u00edzen\u00ed V\u00fdchodn\u00edho k\u0159\u00ed\u017ee, vyznamen\u00e1n\u00ed pro cizince, kte\u0159\u00ed v letech 1937-1959 poskytovali pomoc Pol\u00e1k\u016fm na V\u00fdchod\u011b, kte\u0159\u00ed byli pron\u00e1sledov\u00e1ni kv\u016fli sv\u00e9 n\u00e1rodnosti.<\/strong><\/p>\n<\/header>\n<div class=\"article-content\">\n<div class=\"article-content-text\">\n<p>V\u00fdchodn\u00ed k\u0159\u00ed\u017e ud\u011bluje prezident na n\u00e1vrh ministra zahrani\u010dn\u00edch v\u011bc\u00ed. Vedouc\u00ed ministerstva zahrani\u010dn\u00edch v\u011bc\u00ed pod\u00e1v\u00e1 \u017e\u00e1dosti z vlastn\u00edho podn\u011btu nebo z podn\u011btu veter\u00e1nsk\u00fdch svaz\u016f a sdru\u017een\u00ed, spole\u010densk\u00fdch organizac\u00ed, vedouc\u00edho \u00da\u0159adu pro z\u00e1le\u017eitosti veter\u00e1n\u016f a soukrom\u00fdch osob po konzultaci s p\u0159edsedou \u00dastavu n\u00e1rodn\u00ed pam\u011bti. Vyznamenan\u00fd obdr\u017e\u00ed zdarma odznak k\u0159\u00ed\u017ee, kter\u00fd mu byl ud\u011blen, a pr\u016fkaz. K\u0159\u00ed\u017e mohl b\u00fdt ud\u011blen posmrtn\u011b.<\/p>\n<p>Sejm v p\u00e1tek mimo jin\u00e9 p\u0159ijal novelu, podle n\u00ed\u017e z\u00e1kon o z\u0159\u00edzen\u00ed V\u00fdchodn\u00edho k\u0159\u00ed\u017ee vstoup\u00ed v platnost \u0161est m\u011bs\u00edc\u016f po zve\u0159ejn\u011bn\u00ed ve Sb\u00edrce z\u00e1kon\u016f. P\u016fvodn\u00ed n\u00e1vrh uv\u00e1d\u011bl, \u017ee z\u00e1kon vstoup\u00ed v platnost dnem vyhl\u00e1\u0161en\u00ed.<\/p>\n<p>Micha\u0142 Dworczyk (Pr\u00e1vo a spravedlnost), p\u0159edseda V\u00fdboru Sejmu pro styk s Pol\u00e1ky v zahrani\u010d\u00ed, uvedl, \u017ee V\u00fdchodn\u00ed k\u0159\u00ed\u017e je vyznamen\u00e1n\u00edm pro cizince, kte\u0159\u00ed v letech 1937-1959 zachra\u0148ovali Pol\u00e1ky.<\/p>\n<p>Jak zd\u016fraznil, rok 1937 byl rokem operace Polsko, kterou provedla NKVD, po\u010d\u00e1tkem masov\u00fdch repres\u00ed, kter\u00e9 nejprve postihly Pol\u00e1ky v Sov\u011btsk\u00e9m svazu a po 17. z\u00e1\u0159\u00ed 1939 tak\u00e9 Pol\u00e1ky \u017eij\u00edc\u00ed ve v\u00fdchodn\u00edm pohrani\u010d\u00ed. V roce 1959 skon\u010dila druh\u00e1 repatriace Pol\u00e1k\u016f z Kres\u016f.<\/p>\n<p>\"Uct\u011bn\u00ed pam\u00e1tky lid\u00ed, kte\u0159\u00ed \u010dasto s nasazen\u00edm vlastn\u00edho \u017eivota zachr\u00e1nili na\u0161e krajany, je na\u0161\u00ed mor\u00e1ln\u00ed povinnost\u00ed, je to povinnost polsk\u00e9ho st\u00e1tu. Jejich \u010din byl aktem odvahy, p\u0159\u00edkladem k\u0159es\u0165ansk\u00e9ho milosrdenstv\u00ed a lidskosti v t\u00e9 nelidsk\u00e9 dob\u011b,\" zd\u016fraznil Dworczyk.<\/p>\n<p>Jak zd\u016fraznil, z\u0159\u00edzen\u00edm tohoto vyznamen\u00e1n\u00ed polsk\u00fd st\u00e1t uct\u00ed lidi, kte\u0159\u00ed v t\u011bchto tragick\u00fdch chv\u00edl\u00edch vynalo\u017eili hrdinsk\u00e9 \u00fasil\u00ed a pomohli na\u0161im krajan\u016fm. \"Tato dekorace bude nejen Pol\u00e1k\u016fm, ale i n\u00e1rod\u016fm na V\u00fdchod\u011b p\u0159ipom\u00ednat, \u017ee my Pol\u00e1ci pamatujeme, \u017ee jsme vd\u011b\u010dn\u00ed za pomoc, kterou jsme prok\u00e1zali ka\u017ed\u00e9mu z na\u0161ich krajan\u016f,\" \u0159ekl poslanec Pr\u00e1va a spravedlnosti.<\/p>\n<p>Zd\u016fraznil, \u017ee vyznamen\u00e1n\u00ed bude tak\u00e9 d\u016fkazem toho, \u017ee \"Pol\u00e1ci jsou schopni p\u0159ipom\u00ednat si sv\u00e9 dramatick\u00e9 d\u011bjiny bez nen\u00e1visti, bez uplat\u0148ov\u00e1n\u00ed kolektivn\u00ed odpov\u011bdnosti a obvi\u0148ov\u00e1n\u00ed cel\u00fdch n\u00e1rod\u016f a spole\u010denstv\u00ed ze zlo\u010din\u016f\".<\/p>\n<p>\"Zalo\u017een\u00edm V\u00fdchodn\u00edho k\u0159\u00ed\u017ee si nejen p\u0159ipom\u00edn\u00e1me tyto dramatick\u00e9 ud\u00e1losti, ale tak\u00e9 historii a d\u011bdictv\u00ed pohrani\u010d\u00ed prvn\u00ed a druh\u00e9 Polsk\u00e9 republiky. Je to velmi d\u016fle\u017eit\u00e9, je to sou\u010d\u00e1st na\u0161\u00ed polsk\u00e9 identity,\" \u0159ekl Dworczyk. Jak dodal, z\u0159\u00edzen\u00ed V\u00fdchodn\u00edho k\u0159\u00ed\u017ee bude tak\u00e9 \"d\u016fle\u017eit\u00fdm n\u00e1strojem pro prov\u00e1d\u011bn\u00ed historick\u00e9 politiky\".<\/p>\n<p><em>text: rp.pl<\/em><\/p>\n<p><a href=\"https:\/\/marekkuchcinski.pl\/wp-content\/uploads\/2016\/11\/AR-161109607.jpgMaxW980imageversionMainTopic1.jpeg\"><img fetchpriority=\"high\" decoding=\"async\" class=\"alignnone size-full wp-image-4374\" src=\"https:\/\/marekkuchcinski.pl\/wp-content\/uploads\/2016\/11\/AR-161109607.jpgMaxW980imageversionMainTopic1.jpeg\" alt=\"ar-161109607-jpgmaxw980imageversionmaintopic1\" width=\"766\" height=\"438\" srcset=\"https:\/\/marekkuchcinski.pl\/wp-content\/uploads\/2016\/11\/AR-161109607.jpgMaxW980imageversionMainTopic1.jpeg 766w, https:\/\/marekkuchcinski.pl\/wp-content\/uploads\/2016\/11\/AR-161109607.jpgMaxW980imageversionMainTopic1-300x172.jpeg 300w\" sizes=\"(max-width: 766px) 100vw, 766px\" \/><\/a><\/p>\n<\/div>\n<\/div>","protected":false},"excerpt":{"rendered":"<p>Sejm jednog\u0142o\u015bnie uchwali\u0142 w pi\u0105tek ustaw\u0119 ustanawiaj\u0105c\u0105 Krzy\u017c Wschodni \u2013 odznaczenie dla obcokrajowc\u00f3w, kt\u00f3rzy nie\u015bli pomoc Polakom na Wschodzie prze\u015bladowanym w latach 1937-1959 ze wzgl\u0119du na ich narodowo\u015b\u0107. Krzy\u017c Wschodni ma nadawa\u0107 prezydent na wniosek ministra spraw zagranicznych. Szef MSZ ma przedstawia\u0107 wnioski z w\u0142asnej inicjatywy lub z inicjatywy zwi\u0105zk\u00f3w i stowarzysze\u0144 kombatanckich, organizacji spo\u0142ecznych, [&hellip;]<\/p>\n","protected":false},"author":6,"featured_media":4374,"comment_status":"open","ping_status":"open","sticky":false,"template":"","format":"standard","meta":{"ngg_post_thumbnail":0,"footnotes":""},"categories":[81,3],"tags":[],"class_list":["post-4373","post","type-post","status-publish","format-standard","has-post-thumbnail","hentry","category-wiesci-z-sejmu","category-wydarzenia"],"_links":{"self":[{"href":"https:\/\/marekkuchcinski.pl\/cs\/wp-json\/wp\/v2\/posts\/4373","targetHints":{"allow":["GET"]}}],"collection":[{"href":"https:\/\/marekkuchcinski.pl\/cs\/wp-json\/wp\/v2\/posts"}],"about":[{"href":"https:\/\/marekkuchcinski.pl\/cs\/wp-json\/wp\/v2\/types\/post"}],"author":[{"embeddable":true,"href":"https:\/\/marekkuchcinski.pl\/cs\/wp-json\/wp\/v2\/users\/6"}],"replies":[{"embeddable":true,"href":"https:\/\/marekkuchcinski.pl\/cs\/wp-json\/wp\/v2\/comments?post=4373"}],"version-history":[{"count":1,"href":"https:\/\/marekkuchcinski.pl\/cs\/wp-json\/wp\/v2\/posts\/4373\/revisions"}],"predecessor-version":[{"id":4375,"href":"https:\/\/marekkuchcinski.pl\/cs\/wp-json\/wp\/v2\/posts\/4373\/revisions\/4375"}],"wp:featuredmedia":[{"embeddable":true,"href":"https:\/\/marekkuchcinski.pl\/cs\/wp-json\/wp\/v2\/media\/4374"}],"wp:attachment":[{"href":"https:\/\/marekkuchcinski.pl\/cs\/wp-json\/wp\/v2\/media?parent=4373"}],"wp:term":[{"taxonomy":"category","embeddable":true,"href":"https:\/\/marekkuchcinski.pl\/cs\/wp-json\/wp\/v2\/categories?post=4373"},{"taxonomy":"post_tag","embeddable":true,"href":"https:\/\/marekkuchcinski.pl\/cs\/wp-json\/wp\/v2\/tags?post=4373"}],"curies":[{"name":"wp","href":"https:\/\/api.w.org\/{rel}","templated":true}]}}