{"id":4071,"date":"2016-10-13T18:00:07","date_gmt":"2016-10-13T16:00:07","guid":{"rendered":"https:\/\/marekkuchcinski.pl\/?p=4071"},"modified":"2016-10-13T18:04:07","modified_gmt":"2016-10-13T16:04:07","slug":"wiceprzewodniczacy-parlamentu-wegier-polegajac-wzajemnie-mozemy-liczyc-sukces","status":"publish","type":"post","link":"https:\/\/marekkuchcinski.pl\/cs\/bez-kategorii\/wiceprzewodniczacy-parlamentu-wegier-polegajac-wzajemnie-mozemy-liczyc-sukces\/","title":{"rendered":"Latorcai: Polsko a Ma\u010farsko mohou po\u010d\u00edtat s \u00fasp\u011bchem, pokud se budou spol\u00e9hat jeden na druh\u00e9ho"},"content":{"rendered":"<p><strong>Sejm p\u0159ipomn\u011bl doby velk\u00e9 solidarity mezi Pol\u00e1ky a Ma\u010fary. \u010casy, kdy byly z\u00e1jmy bratrsk\u00e9ho n\u00e1roda nad\u0159azeny z\u00e1jm\u016fm vlastn\u00edm.<\/strong><\/p>\n<p>- Ma\u010farsk\u00e1 revoluce nebo, jak \u0159\u00edk\u00e1me v Polsku, povst\u00e1n\u00ed v roce 1956, byla tak\u00e9 p\u0159\u00edle\u017eitost\u00ed znovu potvrdit pravdivost lidov\u00e9 moudrosti: \"Prav\u00ed p\u0159\u00e1tel\u00e9 se z\u00edsk\u00e1vaj\u00ed v chudob\u011b,\" zah\u00e1jil sv\u016fj projev p\u0159edseda Sejmu Marek Kuchci\u0144ski. P\u0159ipomn\u011bl 23. \u0159\u00edjen 1956, kdy tis\u00edce ma\u010farsk\u00fdch student\u016f vy\u0161ly do ulic Budape\u0161ti, aby podpo\u0159ily snahy Pol\u00e1k\u016f, kte\u0159\u00ed cht\u011bli uvolnit okovy sov\u011btsk\u00e9ho jha, a tak\u00e9 shrom\u00e1\u017ed\u011bn\u00ed na podporu Ma\u010far\u016f, kte\u0159\u00ed se br\u00e1nili sov\u011btsk\u00e9mu n\u00e1poru, organizovan\u00e1 Pol\u00e1ky. Byly shrom\u00e1\u017ed\u011bny l\u00e9ky a potraviny. Darovala se krev a p\u0159ed ma\u010farsk\u00fdm velvyslanectv\u00edm a Kulturn\u00edm institutem st\u00e1ly \u010destn\u00e9 str\u00e1\u017ee.  - \"Nen\u00ed n\u00e1hoda,\" \u0159ekl p\u0159edseda parlamentu, \"\u017ee v den 25. v\u00fdro\u010d\u00ed ma\u010farsk\u00e9ho povst\u00e1n\u00ed za nez\u00e1vislost byla v Podkow\u011b Le\u015bn\u00e9 u Var\u0161avy odhalena prvn\u00ed \u017eulov\u00e1 deska v cel\u00e9m v\u00fdchodn\u00edm bloku s n\u00e1pisem: \"Na pam\u00e1tku padl\u00fdch a zavra\u017ed\u011bn\u00fdch v den v\u00fdro\u010d\u00ed ma\u010farsk\u00e9ho povst\u00e1n\u00ed\". Byla to tat\u00e1\u017e Podkowa Le\u015bna, v n\u00ed\u017e o n\u011bkolik let pozd\u011bji vznikne polsko-ma\u010farsk\u00e1 Solidarita, kter\u00e1 vedle mnoha dal\u0161\u00edch iniciativ tohoto druhu brzy p\u0159inese na\u0161im zem\u00edm: svobodu, demokracii, visegr\u00e1dskou spolupr\u00e1ci, \u010dlenstv\u00ed v NATO a Evropsk\u00e9 unii.<\/p>\n<p>- Byly to \u010dasy, kdy z\u00e1jmy bratrsk\u00e9ho n\u00e1roda byly nad\u0159azeny na\u0161im vlastn\u00edm,\" p\u0159ipomn\u011bl m\u00edstop\u0159edseda ma\u010farsk\u00e9ho parlamentu J\u00e1nos Latorcai. - Na\u0161e zem\u011b ne\u010dekaly na pomoc druh\u00fdch. Sympatie k Polsku st\u00e1ly na po\u010d\u00e1tku revoluce a b\u011bhem n\u00ed Pol\u00e1ci poskytli Ma\u010farsku duchovn\u00ed munici, \u0159ekl Latorcai. Zd\u016fraznil v\u00fdznam vzpom\u00ednek - na povst\u00e1n\u00ed za svobodu na\u0161ich zem\u00ed, na solidaritu a hrdiny, vzpom\u00ednek, kter\u00e9 ukazuj\u00ed cestu a dod\u00e1vaj\u00ed s\u00edlu do budoucna, abychom, vz\u00e1jemn\u011b se podporuj\u00edce, mohli spole\u010dn\u011b usp\u011bt.<\/p>\n<p>Konferenci \"Polsko-Ma\u010farsko 1956: souvislosti a vzpom\u00ednky\" uspo\u0159\u00e1dal Institut evropsk\u00e9 s\u00edt\u011b Pam\u011b\u0165 a solidarita Domu setk\u00e1v\u00e1n\u00ed s histori\u00ed a Ma\u010farsk\u00fd institut s c\u00edlem p\u0159ipomenout dramatick\u00e9 ud\u00e1losti v Polsku a Ma\u010farsku v roce 1956 a zd\u016fraznit spole\u010dn\u00e9 rysy na\u0161ich zem\u00ed.<\/p>\n<p>&nbsp;<\/p>\n<p><a href=\"https:\/\/marekkuchcinski.pl\/wp-content\/uploads\/2016\/10\/DSCF5046-001.jpg\"><img fetchpriority=\"high\" decoding=\"async\" class=\"alignnone size-full wp-image-4073\" src=\"https:\/\/marekkuchcinski.pl\/wp-content\/uploads\/2016\/10\/DSCF5046-001.jpg\" alt=\"dscf5046-001\" width=\"1944\" height=\"1296\" srcset=\"https:\/\/marekkuchcinski.pl\/wp-content\/uploads\/2016\/10\/DSCF5046-001.jpg 1944w, https:\/\/marekkuchcinski.pl\/wp-content\/uploads\/2016\/10\/DSCF5046-001-300x200.jpg 300w, https:\/\/marekkuchcinski.pl\/wp-content\/uploads\/2016\/10\/DSCF5046-001-768x512.jpg 768w, https:\/\/marekkuchcinski.pl\/wp-content\/uploads\/2016\/10\/DSCF5046-001-1024x683.jpg 1024w\" sizes=\"(max-width: 1944px) 100vw, 1944px\" \/><\/a><a href=\"https:\/\/marekkuchcinski.pl\/wp-content\/uploads\/2016\/10\/DSCF4999-001.jpg\"><img decoding=\"async\" class=\"alignnone size-full wp-image-4074\" src=\"https:\/\/marekkuchcinski.pl\/wp-content\/uploads\/2016\/10\/DSCF4999-001.jpg\" alt=\"dscf4999-001\" width=\"2076\" height=\"1380\" srcset=\"https:\/\/marekkuchcinski.pl\/wp-content\/uploads\/2016\/10\/DSCF4999-001.jpg 2048w, https:\/\/marekkuchcinski.pl\/wp-content\/uploads\/2016\/10\/DSCF4999-001-300x199.jpg 300w, https:\/\/marekkuchcinski.pl\/wp-content\/uploads\/2016\/10\/DSCF4999-001-768x511.jpg 768w, https:\/\/marekkuchcinski.pl\/wp-content\/uploads\/2016\/10\/DSCF4999-001-1024x681.jpg 1024w\" sizes=\"(max-width: 2076px) 100vw, 2076px\" \/><\/a> <a href=\"https:\/\/marekkuchcinski.pl\/wp-content\/uploads\/2016\/10\/DSCF5004.jpg\"><img decoding=\"async\" class=\"alignnone size-full wp-image-4075\" src=\"https:\/\/marekkuchcinski.pl\/wp-content\/uploads\/2016\/10\/DSCF5004.jpg\" alt=\"dscf5004\" width=\"3040\" height=\"2027\" srcset=\"https:\/\/marekkuchcinski.pl\/wp-content\/uploads\/2016\/10\/DSCF5004.jpg 2048w, https:\/\/marekkuchcinski.pl\/wp-content\/uploads\/2016\/10\/DSCF5004-300x200.jpg 300w, https:\/\/marekkuchcinski.pl\/wp-content\/uploads\/2016\/10\/DSCF5004-768x512.jpg 768w, https:\/\/marekkuchcinski.pl\/wp-content\/uploads\/2016\/10\/DSCF5004-1024x683.jpg 1024w\" sizes=\"(max-width: 3040px) 100vw, 3040px\" \/><\/a> <a href=\"https:\/\/marekkuchcinski.pl\/wp-content\/uploads\/2016\/10\/DSCF5021.jpg\"><img loading=\"lazy\" decoding=\"async\" class=\"alignnone size-full wp-image-4077\" src=\"https:\/\/marekkuchcinski.pl\/wp-content\/uploads\/2016\/10\/DSCF5021.jpg\" alt=\"dscf5021\" width=\"3697\" height=\"2466\" srcset=\"https:\/\/marekkuchcinski.pl\/wp-content\/uploads\/2016\/10\/DSCF5021.jpg 2048w, https:\/\/marekkuchcinski.pl\/wp-content\/uploads\/2016\/10\/DSCF5021-300x200.jpg 300w, https:\/\/marekkuchcinski.pl\/wp-content\/uploads\/2016\/10\/DSCF5021-768x512.jpg 768w, https:\/\/marekkuchcinski.pl\/wp-content\/uploads\/2016\/10\/DSCF5021-1024x683.jpg 1024w\" sizes=\"(max-width: 3697px) 100vw, 3697px\" \/><\/a> <a href=\"https:\/\/marekkuchcinski.pl\/wp-content\/uploads\/2016\/10\/DSCF5029.jpg\"><img loading=\"lazy\" decoding=\"async\" class=\"alignnone size-full wp-image-4078\" src=\"https:\/\/marekkuchcinski.pl\/wp-content\/uploads\/2016\/10\/DSCF5029.jpg\" alt=\"dscf5029\" width=\"4896\" height=\"2760\" srcset=\"https:\/\/marekkuchcinski.pl\/wp-content\/uploads\/2016\/10\/DSCF5029.jpg 2048w, https:\/\/marekkuchcinski.pl\/wp-content\/uploads\/2016\/10\/DSCF5029-300x169.jpg 300w, https:\/\/marekkuchcinski.pl\/wp-content\/uploads\/2016\/10\/DSCF5029-768x433.jpg 768w, https:\/\/marekkuchcinski.pl\/wp-content\/uploads\/2016\/10\/DSCF5029-1024x577.jpg 1024w\" sizes=\"(max-width: 4896px) 100vw, 4896px\" \/><\/a> <a href=\"https:\/\/marekkuchcinski.pl\/wp-content\/uploads\/2016\/10\/DSCF5054.jpg\"><img loading=\"lazy\" decoding=\"async\" class=\"alignnone size-full wp-image-4079\" src=\"https:\/\/marekkuchcinski.pl\/wp-content\/uploads\/2016\/10\/DSCF5054.jpg\" alt=\"dscf5054\" width=\"4896\" height=\"2760\" srcset=\"https:\/\/marekkuchcinski.pl\/wp-content\/uploads\/2016\/10\/DSCF5054.jpg 2048w, https:\/\/marekkuchcinski.pl\/wp-content\/uploads\/2016\/10\/DSCF5054-300x169.jpg 300w, https:\/\/marekkuchcinski.pl\/wp-content\/uploads\/2016\/10\/DSCF5054-768x433.jpg 768w, https:\/\/marekkuchcinski.pl\/wp-content\/uploads\/2016\/10\/DSCF5054-1024x577.jpg 1024w\" sizes=\"(max-width: 4896px) 100vw, 4896px\" \/><\/a><\/p>\n<p>&nbsp;<\/p>\n<p>&nbsp;<\/p>\n<p>&nbsp;<\/p>\n<p>&nbsp;<\/p>\n<p>&nbsp;<\/p>","protected":false},"excerpt":{"rendered":"<p>W\u00a0Sejmie wspominano czasy wielkiej solidarno\u015bci mi\u0119dzy Polakami a W\u0119grami. Czasy, w kt\u00f3rych \u00a0interesy bratniego narodu stawiano wy\u017cej ni\u017c w\u0142asne. \u2013 W\u0119gierska rewolucja, czyli jak m\u00f3wimy w Polsce powstanie 1956 roku, sta\u0142o si\u0119 zarazem okazj\u0105 do kolejnego potwierdzenia prawdziwo\u015bci ludowej m\u0105dro\u015bci: prawdziwych przyjaci\u00f3\u0142 poznaje si\u0119 w\u00a0biedzie \u2013 rozpocz\u0105\u0142 swoje przem\u00f3wienie marsza\u0142ek Sejmu Marek Kuchci\u0144ski. Przypomina\u0142 23 [&hellip;]<\/p>\n","protected":false},"author":6,"featured_media":4074,"comment_status":"open","ping_status":"open","sticky":false,"template":"","format":"standard","meta":{"ngg_post_thumbnail":0,"footnotes":""},"categories":[1,81,50,3],"tags":[],"class_list":["post-4071","post","type-post","status-publish","format-standard","has-post-thumbnail","hentry","category-bez-kategorii","category-wiesci-z-sejmu","category-wspolpraca-miedzynarodowa","category-wydarzenia"],"_links":{"self":[{"href":"https:\/\/marekkuchcinski.pl\/cs\/wp-json\/wp\/v2\/posts\/4071","targetHints":{"allow":["GET"]}}],"collection":[{"href":"https:\/\/marekkuchcinski.pl\/cs\/wp-json\/wp\/v2\/posts"}],"about":[{"href":"https:\/\/marekkuchcinski.pl\/cs\/wp-json\/wp\/v2\/types\/post"}],"author":[{"embeddable":true,"href":"https:\/\/marekkuchcinski.pl\/cs\/wp-json\/wp\/v2\/users\/6"}],"replies":[{"embeddable":true,"href":"https:\/\/marekkuchcinski.pl\/cs\/wp-json\/wp\/v2\/comments?post=4071"}],"version-history":[{"count":4,"href":"https:\/\/marekkuchcinski.pl\/cs\/wp-json\/wp\/v2\/posts\/4071\/revisions"}],"predecessor-version":[{"id":4083,"href":"https:\/\/marekkuchcinski.pl\/cs\/wp-json\/wp\/v2\/posts\/4071\/revisions\/4083"}],"wp:featuredmedia":[{"embeddable":true,"href":"https:\/\/marekkuchcinski.pl\/cs\/wp-json\/wp\/v2\/media\/4074"}],"wp:attachment":[{"href":"https:\/\/marekkuchcinski.pl\/cs\/wp-json\/wp\/v2\/media?parent=4071"}],"wp:term":[{"taxonomy":"category","embeddable":true,"href":"https:\/\/marekkuchcinski.pl\/cs\/wp-json\/wp\/v2\/categories?post=4071"},{"taxonomy":"post_tag","embeddable":true,"href":"https:\/\/marekkuchcinski.pl\/cs\/wp-json\/wp\/v2\/tags?post=4071"}],"curies":[{"name":"wp","href":"https:\/\/api.w.org\/{rel}","templated":true}]}}