{"id":3908,"date":"2016-10-03T16:01:29","date_gmt":"2016-10-03T14:01:29","guid":{"rendered":"https:\/\/marekkuchcinski.pl\/?p=3908"},"modified":"2016-10-03T16:01:29","modified_gmt":"2016-10-03T14:01:29","slug":"list-marszalka-sejmu-uczestnikow-konferencji-rady-seniorow-partnerstwo-samorzadami","status":"publish","type":"post","link":"https:\/\/marekkuchcinski.pl\/cs\/wiesci-z-sejmu\/list-marszalka-sejmu-uczestnikow-konferencji-rady-seniorow-partnerstwo-samorzadami\/","title":{"rendered":"Dopis p\u0159edsedy Sejmu \u00fa\u010dastn\u00edk\u016fm konference \"Rady senior\u016f - partnerstv\u00ed se samospr\u00e1vami\""},"content":{"rendered":"<p><em>D\u00e1my a p\u00e1nov\u00e9, <\/em><\/p>\n<p><em>R\u00e1d bych srde\u010dn\u011b p\u0159iv\u00edtal v\u0161echny \u00fa\u010dastn\u00edky dne\u0161n\u00ed konference na t\u00e9ma \"Rady pro seniory - partnerstv\u00ed s m\u00edstn\u00edmi \u00fa\u0159ady\". Cht\u011bl bych pod\u011bkovat organiz\u00e1tor\u016fm konference a host\u016fm osobn\u011b za to, \u017ee se zab\u00fdvali d\u016fle\u017eit\u00fdm t\u00e9matem zm\u011bn, kter\u00e9 prob\u00edhaj\u00ed v na\u0161\u00ed spole\u010dnosti. Ji\u017e mnoho let jsme sv\u011bdky demografick\u00e9ho poklesu v zemi a z\u00e1rove\u0148 rostouc\u00ed skupiny senior\u016f. Jedn\u00e1 se o skupinu - a to chci d\u016frazn\u011b zd\u016fraznit - lid\u00ed, kte\u0159\u00ed jsou duchem mlad\u00ed a st\u00e1le aktivn\u00ed a od nich\u017e se mlad\u0161\u00ed generace mohou st\u00e1le je\u0161t\u011b hodn\u011b nau\u010dit. <\/em><\/p>\n<p><em>Zm\u011bny by m\u011bly nastat nejen ve vn\u00edm\u00e1n\u00ed senior\u016f, ale p\u0159edev\u0161\u00edm v oblastech, jako je zdravotn\u00ed p\u00e9\u010de, prevence, soci\u00e1ln\u00ed p\u00e9\u010de, p\u0159\u00edstup ke kultu\u0159e a vzd\u011bl\u00e1v\u00e1n\u00ed. K tomu, aby bylo mo\u017en\u00e9 tyto v\u00fdzvy \u0159e\u0161it, je v\u0161ak nutn\u00e1 integrovan\u00e1 spolupr\u00e1ce mnoha subjekt\u016f - st\u00e1tn\u00edch a m\u00edstn\u00edch samospr\u00e1vn\u00fdch instituc\u00ed, z\u00e1stupc\u016f kulturn\u00edch a v\u011bdeck\u00fdch komunit, sdru\u017een\u00ed a nevl\u00e1dn\u00edch organizac\u00ed. Ve\u0161ker\u00e9 \u010dinnosti prov\u00e1d\u011bn\u00e9 na m\u00edstn\u00ed \u00farovni jsou velmi d\u016fle\u017eit\u00e9, nebo\u0165 reaguj\u00ed na aktu\u00e1ln\u00ed probl\u00e9my obyvatel a specifika regionu. Z toho vypl\u00fdv\u00e1 v\u00fdznamn\u00e1 a d\u016fle\u017eit\u00e1 role rad senior\u016f, kter\u00e9 jsou schopny identifikovat pot\u0159eby star\u0161\u00edch lid\u00ed na jedn\u00e9 stran\u011b a mo\u017enosti m\u00edstn\u00ed spr\u00e1vy na stran\u011b druh\u00e9.<\/em><\/p>\n<p><em>P\u0159eji v\u00e1m zaj\u00edmav\u00e9 jedn\u00e1n\u00ed. V\u011b\u0159\u00edm, \u017ee z dne\u0161n\u00ed diskuse vzejde \u0159ada n\u00e1vrh\u016f \u0159e\u0161en\u00ed, kter\u00e1 poslou\u017e\u00ed lidem na podzim jejich \u017eivota a budou z\u00e1kladem pro dal\u0161\u00ed spole\u010densky d\u016fle\u017eit\u00e9 \u00fakoly. <\/em><\/p>\n<p><em>Srde\u010dn\u011b v\u00e1s zdrav\u00edm a p\u0159eji v\u0161e nejlep\u0161\u00ed. <\/em><\/p>\n<p><em>\u00a0<\/em><\/p>\n<p>&nbsp;<\/p>\n<p><em>\u00a0<\/em><em>\u00a0<\/em><em>\u00a0<\/em><em>Marek Kuchci\u0144ski<\/em><\/p>","protected":false},"excerpt":{"rendered":"<p>Szanowni Pa\u0144stwo, pragn\u0119 serdecznie powita\u0107 wszystkich zgromadzonych na dzisiejszej konferencji \u201eRady senior\u00f3w \u2013 partnerstwo z samorz\u0105dami\u201d. \u017ba\u0142uj\u0119, \u017ce nie mog\u0119 wype\u0142ni\u0107 mi\u0142ej powinno\u015bci i osobi\u015bcie przekaza\u0107 organizatorom, a tak\u017ce zaproszonym go\u015bciom s\u0142\u00f3w podzi\u0119kowania za podj\u0119cie wa\u017cnego tematu, jakim s\u0105 zmiany zachodz\u0105ce w naszym spo\u0142ecze\u0144stwie. Od wielu lat odnotowujemy w\u00a0\u00a0kraju ni\u017c demograficzny, a zarazem rosn\u0105c\u0105 grup\u0119 [&hellip;]<\/p>\n","protected":false},"author":6,"featured_media":0,"comment_status":"open","ping_status":"open","sticky":false,"template":"","format":"standard","meta":{"ngg_post_thumbnail":0,"footnotes":""},"categories":[81],"tags":[],"class_list":["post-3908","post","type-post","status-publish","format-standard","hentry","category-wiesci-z-sejmu"],"_links":{"self":[{"href":"https:\/\/marekkuchcinski.pl\/cs\/wp-json\/wp\/v2\/posts\/3908","targetHints":{"allow":["GET"]}}],"collection":[{"href":"https:\/\/marekkuchcinski.pl\/cs\/wp-json\/wp\/v2\/posts"}],"about":[{"href":"https:\/\/marekkuchcinski.pl\/cs\/wp-json\/wp\/v2\/types\/post"}],"author":[{"embeddable":true,"href":"https:\/\/marekkuchcinski.pl\/cs\/wp-json\/wp\/v2\/users\/6"}],"replies":[{"embeddable":true,"href":"https:\/\/marekkuchcinski.pl\/cs\/wp-json\/wp\/v2\/comments?post=3908"}],"version-history":[{"count":1,"href":"https:\/\/marekkuchcinski.pl\/cs\/wp-json\/wp\/v2\/posts\/3908\/revisions"}],"predecessor-version":[{"id":3909,"href":"https:\/\/marekkuchcinski.pl\/cs\/wp-json\/wp\/v2\/posts\/3908\/revisions\/3909"}],"wp:attachment":[{"href":"https:\/\/marekkuchcinski.pl\/cs\/wp-json\/wp\/v2\/media?parent=3908"}],"wp:term":[{"taxonomy":"category","embeddable":true,"href":"https:\/\/marekkuchcinski.pl\/cs\/wp-json\/wp\/v2\/categories?post=3908"},{"taxonomy":"post_tag","embeddable":true,"href":"https:\/\/marekkuchcinski.pl\/cs\/wp-json\/wp\/v2\/tags?post=3908"}],"curies":[{"name":"wp","href":"https:\/\/api.w.org\/{rel}","templated":true}]}}