{"id":3839,"date":"2016-09-23T14:10:55","date_gmt":"2016-09-23T12:10:55","guid":{"rendered":"https:\/\/marekkuchcinski.pl\/?p=3839"},"modified":"2016-09-23T14:10:55","modified_gmt":"2016-09-23T12:10:55","slug":"94-rocznica-przyjecia-ustawy-o-budowie-portu-gdyni","status":"publish","type":"post","link":"https:\/\/marekkuchcinski.pl\/cs\/wazne-daty\/94-rocznica-przyjecia-ustawy-o-budowie-portu-gdyni\/","title":{"rendered":"94. v\u00fdro\u010d\u00ed vyd\u00e1n\u00ed z\u00e1kona o v\u00fdstavb\u011b p\u0159\u00edstavu Gdyn\u011b"},"content":{"rendered":"<p>23. z\u00e1\u0159\u00ed 1922. Podle \u010dl\u00e1nku 1 z\u00e1kona zmocnil Sejm vl\u00e1du, aby \"u\u010dinila v\u0161echna nezbytn\u00e1 opat\u0159en\u00ed pro v\u00fdstavbu n\u00e1mo\u0159n\u00edho p\u0159\u00edstavu v Gdyni\". B\u011bhem n\u011bkolika let se p\u0159\u00edstav stal jedn\u00edm z nejv\u011bt\u0161\u00edch a nejmodern\u011bj\u0161\u00edch v Evrop\u011b. M\u011bsto, kter\u00e9 kolem n\u011bj vyrostlo, m\u011blo v\u00edce ne\u017e 120 000 obyvatel.<\/p>\n<p>Kdy\u017e Polsko na z\u00e1klad\u011b pov\u00e1le\u010dn\u00e9 m\u00edrov\u00e9 smlouvy z\u00edskalo 147 km p\u0159\u00edstupu k Baltsk\u00e9mu mo\u0159i, nem\u011blo \u017e\u00e1dn\u00fd velk\u00fd p\u0159\u00edstav, proto\u017ee Gda\u0148sk m\u011bl b\u00fdt svobodn\u00fdm m\u011bstem pod protektor\u00e1tem Spole\u010dnosti n\u00e1rod\u016f. Bylo v\u0161ak p\u0159\u00edli\u0161 nutn\u00e9 vybudovat p\u0159\u00edstav.<\/p>\n<p>Tehdej\u0161\u00ed vesnice Gdyn\u011b je dnes polsk\u00fdm oknem do sv\u011bta<\/p>\n<p><b>\u00a0<\/b><\/p>\n<p>&nbsp;<\/p>","protected":false},"excerpt":{"rendered":"<p>23 wrze\u015bnia 1922 r. Sejm na mocy artyku\u0142u\u00a01. ustawy upowa\u017cni\u0142 rz\u0105d do \u201epoczynienia wszelkich niezb\u0119dnych zarz\u0105dze\u0144 celem wykonania budowy portu morskiego w\u00a0Gdyni\u201d. Port, w ci\u0105gu kilkunastu lat, sta\u0142 si\u0119 jednym z najwi\u0119kszych i najnowocze\u015bniejszych w Europie. Miasto, kt\u00f3re powsta\u0142o wok\u00f3\u0142 niego, liczy\u0142o\u00a0ponad 120 tys. mieszka\u0144c\u00f3w. Gdy\u00a0na mocy powojennego pokojowego traktatu\u00a0Polska uzyska\u0142a dost\u0119p do Morza Ba\u0142tyckiego [&hellip;]<\/p>\n","protected":false},"author":6,"featured_media":3840,"comment_status":"open","ping_status":"open","sticky":false,"template":"","format":"standard","meta":{"ngg_post_thumbnail":0,"footnotes":""},"categories":[77],"tags":[],"class_list":["post-3839","post","type-post","status-publish","format-standard","has-post-thumbnail","hentry","category-wazne-daty"],"_links":{"self":[{"href":"https:\/\/marekkuchcinski.pl\/cs\/wp-json\/wp\/v2\/posts\/3839","targetHints":{"allow":["GET"]}}],"collection":[{"href":"https:\/\/marekkuchcinski.pl\/cs\/wp-json\/wp\/v2\/posts"}],"about":[{"href":"https:\/\/marekkuchcinski.pl\/cs\/wp-json\/wp\/v2\/types\/post"}],"author":[{"embeddable":true,"href":"https:\/\/marekkuchcinski.pl\/cs\/wp-json\/wp\/v2\/users\/6"}],"replies":[{"embeddable":true,"href":"https:\/\/marekkuchcinski.pl\/cs\/wp-json\/wp\/v2\/comments?post=3839"}],"version-history":[{"count":1,"href":"https:\/\/marekkuchcinski.pl\/cs\/wp-json\/wp\/v2\/posts\/3839\/revisions"}],"predecessor-version":[{"id":3841,"href":"https:\/\/marekkuchcinski.pl\/cs\/wp-json\/wp\/v2\/posts\/3839\/revisions\/3841"}],"wp:featuredmedia":[{"embeddable":true,"href":"https:\/\/marekkuchcinski.pl\/cs\/wp-json\/wp\/v2\/media\/3840"}],"wp:attachment":[{"href":"https:\/\/marekkuchcinski.pl\/cs\/wp-json\/wp\/v2\/media?parent=3839"}],"wp:term":[{"taxonomy":"category","embeddable":true,"href":"https:\/\/marekkuchcinski.pl\/cs\/wp-json\/wp\/v2\/categories?post=3839"},{"taxonomy":"post_tag","embeddable":true,"href":"https:\/\/marekkuchcinski.pl\/cs\/wp-json\/wp\/v2\/tags?post=3839"}],"curies":[{"name":"wp","href":"https:\/\/api.w.org\/{rel}","templated":true}]}}