{"id":3810,"date":"2016-09-22T12:15:29","date_gmt":"2016-09-22T10:15:29","guid":{"rendered":"https:\/\/marekkuchcinski.pl\/?p=3810"},"modified":"2016-09-23T15:49:30","modified_gmt":"2016-09-23T13:49:30","slug":"26-posiedzenie-sejmu-rp","status":"publish","type":"post","link":"https:\/\/marekkuchcinski.pl\/cs\/wiesci-z-sejmu\/26-posiedzenie-sejmu-rp\/","title":{"rendered":"26. zased\u00e1n\u00ed polsk\u00e9ho Sejmu"},"content":{"rendered":"<p><strong>Prvn\u00ed den 26. sch\u016fze Sejmu:<\/strong><\/p>\n<ul>\n<li>na programu sch\u016fze bylo prvn\u00ed \u010dten\u00ed vl\u00e1dn\u00edho n\u00e1vrhu novely z\u00e1kona o Vojensk\u00e9 majetkov\u00e9 agentu\u0159e.<\/li>\n<li>byly zah\u00e1jeny pr\u00e1ce na n\u00e1vrhu z\u00e1kona o N\u00e1rodn\u00ed da\u0148ov\u00e9 spr\u00e1v\u011b, kter\u00fd p\u0159edlo\u017eila skupina poslanc\u016f za stranu Pr\u00e1vo a spravedlnost. n\u00e1vrh z\u00e1kona o KAS m\u00e1 za c\u00edl zlep\u0161it efektivitu da\u0148ov\u00fdch a celn\u00edch slu\u017eeb.<\/li>\n<li>N\u00e1vrh z\u00e1kona, kter\u00fdm se m\u011bn\u00ed n\u011bkter\u00e9 z\u00e1kony s c\u00edlem usnadnit kontrolu infek\u010dn\u00edch nemoc\u00ed, byl postoupen v\u00fdboru. Zav\u00e1d\u00ed nov\u00e9 povinnosti pro chovatele zv\u00ed\u0159at a umo\u017e\u0148uje veterin\u00e1rn\u00ed inspekci ukl\u00e1dat dal\u0161\u00ed p\u0159\u00edkazy, z\u00e1kazy a omezen\u00ed v souvislosti s tlumen\u00edm naka\u017eliv\u00fdch chorob zv\u00ed\u0159at.<\/li>\n<li>Byly zah\u00e1jeny pr\u00e1ce na vl\u00e1dn\u00edm n\u00e1vrhu novely z\u00e1kona o \u017eelezni\u010dn\u00ed doprav\u011b a n\u011bkter\u00fdch dal\u0161\u00edch z\u00e1kon\u016f. Podle vl\u00e1dy projekt vytv\u00e1\u0159\u00ed podm\u00ednky pro zlep\u0161en\u00ed fungov\u00e1n\u00ed \u017eelezni\u010dn\u00edch dopravc\u016f.<\/li>\n<li>N\u00e1vrh novely z\u00e1kona o ob\u010dansk\u00e9m z\u00e1kon\u00edku, z\u00e1kona o rodin\u011b a opatrovnictv\u00ed, ob\u010dansk\u00e9ho soudn\u00edho \u0159\u00e1du a novely dal\u0161\u00edch z\u00e1kon\u016f byl podroben prvn\u00edmu \u010dten\u00ed. N\u00e1vrh z\u00e1kona po\u010d\u00edt\u00e1 se zaveden\u00edm institutu z\u00e1konn\u00e9ho a zdravotn\u00edho opatrovn\u00edka. Vytv\u00e1\u0159\u00ed tak nov\u00e9 formy ochrany pro osoby s ment\u00e1ln\u00edm posti\u017een\u00edm nam\u00edsto v sou\u010dasnosti platn\u00e9ho zbaven\u00ed zp\u016fsobilosti k pr\u00e1vn\u00edm \u00fakon\u016fm. Podle n\u00e1vrhu z\u00e1kona bude moci b\u00fdt opatrovn\u00edk jmenov\u00e1n osob\u011b star\u0161\u00ed 16 let.<\/li>\n<li>Poslanci se v prvn\u00edm \u010dten\u00ed zab\u00fdvali sen\u00e1tn\u00edm n\u00e1vrhem novely ob\u010dansk\u00e9ho z\u00e1kon\u00edku. C\u00edlem n\u00e1vrhu je omezit rozsah solid\u00e1rn\u00ed odpov\u011bdnosti investora a zhotovitele za odm\u011bnu subdodavatele za stavebn\u00ed pr\u00e1ce na situaci, kdy investor ud\u011bl\u00ed p\u00edsemn\u00fd souhlas s uzav\u0159en\u00edm smlouvy mezi zhotovitelem a subdodavatelem.<\/li>\n<li>prob\u011bhlo druh\u00e9 \u010dten\u00ed vl\u00e1dn\u00edho n\u00e1vrhu z\u00e1kona o mimosoudn\u00edm \u0159e\u0161en\u00ed spot\u0159ebitelsk\u00fdch spor\u016f.<\/li>\n<li>Byl projedn\u00e1n vl\u00e1dn\u00ed n\u00e1vrh novely z\u00e1kona o Vojensk\u00e9 majetkov\u00e9 agentu\u0159e. N\u00e1vrhy zahrnuj\u00ed zm\u011bny pravidel pro p\u0159ij\u00edm\u00e1n\u00ed zam\u011bstnanc\u016f na vedouc\u00ed pozice v Agentu\u0159e pro vojensk\u00fd majetek. P\u0159edkladatel navrhuje, aby p\u0159edseda Agentury vojensk\u00e9ho majetku byl jmenov\u00e1n p\u0159edsedou vl\u00e1dy na n\u00e1vrh vedouc\u00edho MON a n\u00e1m\u011bstci p\u0159edsedy Agentury vojensk\u00e9ho majetku ministrem n\u00e1rodn\u00ed obrany.<\/li>\n<\/ul>\n<p><a href=\"https:\/\/marekkuchcinski.pl\/wp-content\/uploads\/2016\/09\/RZ__6705.jpg\"><img fetchpriority=\"high\" decoding=\"async\" class=\"alignnone size-full wp-image-3812\" src=\"https:\/\/marekkuchcinski.pl\/wp-content\/uploads\/2016\/09\/RZ__6705.jpg\" alt=\"rz__6705\" width=\"2835\" height=\"1890\" srcset=\"https:\/\/marekkuchcinski.pl\/wp-content\/uploads\/2016\/09\/RZ__6705.jpg 2048w, https:\/\/marekkuchcinski.pl\/wp-content\/uploads\/2016\/09\/RZ__6705-300x200.jpg 300w, https:\/\/marekkuchcinski.pl\/wp-content\/uploads\/2016\/09\/RZ__6705-768x512.jpg 768w, https:\/\/marekkuchcinski.pl\/wp-content\/uploads\/2016\/09\/RZ__6705-1024x683.jpg 1024w\" sizes=\"(max-width: 2835px) 100vw, 2835px\" \/><\/a><\/p>\n<p><strong>Druh\u00fd den 26. sch\u016fze Sejmu:<\/strong><\/p>\n<ul>\n<li>byla p\u0159ijata zm\u011bna, kter\u00e1 m\u00e1 zv\u00fd\u0161it \u00fa\u010dinnost boje proti AMP a dal\u0161\u00edm infek\u010dn\u00edm chorob\u00e1m zv\u00ed\u0159at.<\/li>\n<li>Byl projedn\u00e1n z\u00e1kon o zm\u011bn\u011b n\u011bkter\u00fdch z\u00e1kon\u016f s c\u00edlem usnadnit kontrolu infek\u010dn\u00edch nemoc\u00ed. Zv\u00fd\u0161\u00ed kontrolu zem\u011bd\u011blsk\u00fdch podnik\u016f, tr\u017ei\u0161\u0165 a sb\u011brn\u00fdch st\u0159edisek zv\u00ed\u0159at.<\/li>\n<li>n\u00e1vrh z\u00e1kona o N\u00e1rodn\u00ed da\u0148ov\u00e9 spr\u00e1v\u011b (V\u00fdboru pro ve\u0159ejn\u00e9 finance) a n\u00e1vrh novely z\u00e1kona o Agentu\u0159e vojensk\u00e9ho majetku (V\u00fdboru pro n\u00e1rodn\u00ed obranu) byly p\u0159ik\u00e1z\u00e1ny k dal\u0161\u00edmu projedn\u00e1n\u00ed ve v\u00fdborech.<\/li>\n<li>vzala na v\u011bdom\u00ed zpr\u00e1vu V\u00fdboru pro spr\u00e1vu a vnit\u0159n\u00ed v\u011bci a V\u00fdboru pro zahrani\u010dn\u00ed v\u011bci k vl\u00e1dn\u00edmu n\u00e1vrhu z\u00e1kona o ratifikaci Dohody mezi vl\u00e1dou Polsk\u00e9 republiky a vl\u00e1dou B\u011blorusk\u00e9 republiky o spolupr\u00e1ci p\u0159i p\u0159edch\u00e1zen\u00ed katastrof\u00e1m, \u017eiveln\u00edm pohrom\u00e1m, jin\u00fdm z\u00e1va\u017en\u00fdm hav\u00e1ri\u00edm a odstra\u0148ov\u00e1n\u00ed jejich n\u00e1sledk\u016f. Sejm v n\u00e1vrhu zmoc\u0148uje prezidenta k ratifikaci t\u00e9to dohody.<\/li>\n<li>Poslanci se zab\u00fdvali z\u00e1konn\u00fdm zmocn\u011bn\u00edm prezidenta k ratifikaci zm\u011bn \u00damluvy o pr\u00e1ci na mo\u0159i. M\u00e1 existovat syst\u00e9m finan\u010dn\u00ed podpory n\u00e1mo\u0159n\u00edk\u016f v p\u0159\u00edpad\u011b tzv. opu\u0161t\u011bn\u00ed lodi.<\/li>\n<li>projednala ob\u010dansk\u00fd n\u00e1vrh z\u00e1kona, kter\u00fdm se m\u011bn\u00ed z\u00e1kon o pl\u00e1nov\u00e1n\u00ed rodiny, ochran\u011b lidsk\u00e9ho plodu a podm\u00ednk\u00e1ch p\u0159\u00edpustnosti p\u0159eru\u0161en\u00ed t\u011bhotenstv\u00ed, a ob\u010dansk\u00fd n\u00e1vrh z\u00e1kona o pr\u00e1vech \u017een a v\u011bdom\u00e9m rodi\u010dovstv\u00ed, kter\u00fd stanov\u00ed, \u017ee ka\u017ed\u00fd m\u00e1 pr\u00e1vo na sebeur\u010den\u00ed v oblasti reprodukce, v\u010detn\u011b p\u0159\u00edstupu k prost\u0159edk\u016fm k v\u00fdkonu pr\u00e1va na v\u011bdom\u00e9 rodi\u010dovstv\u00ed.<\/li>\n<li>Sejm v prvn\u00edm \u010dten\u00ed projednal tak\u00e9 n\u00e1vrh z\u00e1kona na ochranu \u017eivota a zdrav\u00ed nenarozen\u00fdch d\u011bt\u00ed po\u010dat\u00fdch in vitro, kter\u00fdm se m\u011bn\u00ed z\u00e1kon o l\u00e9\u010db\u011b neplodnosti. N\u00e1vrh z\u00e1kona navrhuje zm\u011bnu definice \"embrya\", a to slad\u011bn\u00edm pojm\u016f z\u00e1kona o l\u00e9\u010db\u011b neplodnosti se z\u00e1konem o pl\u00e1nov\u00e1n\u00ed rodiny a z\u00e1konem o ombudsmanovi pro pr\u00e1va d\u011bt\u00ed.<\/li>\n<li>vyslechl informace o zm\u011bn\u011b vzd\u011bl\u00e1vac\u00edho syst\u00e9mu ozn\u00e1men\u00e9 16. z\u00e1\u0159\u00ed 2016, v\u010detn\u011b zru\u0161en\u00ed gymn\u00e1zi\u00ed a n\u00e1vratu k osmilet\u00e9 z\u00e1kladn\u00ed \u0161kole, \u010dty\u0159let\u00e9mu v\u0161eobecn\u00e9mu gymn\u00e1ziu a p\u011btilet\u00e9mu odborn\u00e9mu u\u010dili\u0161ti.<\/li>\n<\/ul>\n<p><a href=\"https:\/\/marekkuchcinski.pl\/wp-content\/uploads\/2016\/09\/29859267445_9649bee6b6_o.jpg\"><img decoding=\"async\" class=\"alignnone size-full wp-image-3849\" src=\"https:\/\/marekkuchcinski.pl\/wp-content\/uploads\/2016\/09\/29859267445_9649bee6b6_o.jpg\" alt=\"29859267445_9649bee6b6_o\" width=\"5760\" height=\"3840\" srcset=\"https:\/\/marekkuchcinski.pl\/wp-content\/uploads\/2016\/09\/29859267445_9649bee6b6_o.jpg 2048w, https:\/\/marekkuchcinski.pl\/wp-content\/uploads\/2016\/09\/29859267445_9649bee6b6_o-300x200.jpg 300w, https:\/\/marekkuchcinski.pl\/wp-content\/uploads\/2016\/09\/29859267445_9649bee6b6_o-768x512.jpg 768w, https:\/\/marekkuchcinski.pl\/wp-content\/uploads\/2016\/09\/29859267445_9649bee6b6_o-1024x683.jpg 1024w\" sizes=\"(max-width: 5760px) 100vw, 5760px\" \/><\/a>\u00a0<strong>T\u0159et\u00ed den 26. sch\u016fze Sejmu:<\/strong><\/p>\n<ul>\n<li>bylo rozhodnuto zav\u00e9st opat\u0159en\u00ed pro usnadn\u011bn\u00ed sm\u00edrn\u00e9ho \u0159e\u0161en\u00ed spor\u016f mezi spot\u0159ebiteli a obchodn\u00edky.<\/li>\n<li>Sejm p\u0159ijal usnesen\u00ed o p\u0159ipomenut\u00ed 40. v\u00fdro\u010d\u00ed vzniku V\u00fdboru na obranu d\u011bln\u00edk\u016f (Komitet Obrony Robotnik\u00f3w). Byl p\u0159ijat n\u00e1vrh z\u00e1kona o ratifikaci Dohody mezi vl\u00e1dou Polsk\u00e9 republiky a vl\u00e1dou B\u011blorusk\u00e9 republiky o spolupr\u00e1ci v oblasti prevence katastrof, \u017eiveln\u00edch pohrom a jin\u00fdch z\u00e1va\u017en\u00fdch hav\u00e1ri\u00ed a odstra\u0148ov\u00e1n\u00ed jejich n\u00e1sledk\u016f.<\/li>\n<li>vysloven\u00ed legislativn\u00edho souhlasu s ratifikac\u00ed zm\u011bn \u00damluvy o pr\u00e1ci na mo\u0159i, kter\u00e9 se t\u00fdkaj\u00ed mimo jin\u00e9 odpov\u011bdnosti majitel\u016f lod\u00ed za vytvo\u0159en\u00ed syst\u00e9mu finan\u010dn\u00edho zabezpe\u010den\u00ed n\u00e1mo\u0159n\u00edk\u016f v p\u0159\u00edpad\u011b tzv. opu\u0161t\u011bn\u00ed lodi.<\/li>\n<li>\u00a0Poslanci Evropsk\u00e9ho parlamentu schv\u00e1lili n\u00e1vrh z\u00e1kona o zm\u011bn\u011b n\u011bkter\u00fdch z\u00e1kon\u016f, kter\u00fd m\u00e1 usnadnit boj s infek\u010dn\u00edmi chorobami a pomoci v boji proti africk\u00e9mu moru prasat.<\/li>\n<li>\u00a0Sejm rozhodl, \u017ee mimo\u0159\u00e1dn\u00fd v\u00fdbor pro zm\u011bny ob\u010dansk\u00e9ho z\u00e1kon\u00edku bude pracovat na sen\u00e1tn\u00edm n\u00e1vrhu zm\u011bn ob\u010dansk\u00e9ho z\u00e1kon\u00edku.<\/li>\n<li>\u00a0Ob\u010dansk\u00fd n\u00e1vrh z\u00e1kona, kter\u00fdm se m\u011bn\u00ed z\u00e1kon ze dne 7. ledna 1993 o pl\u00e1nov\u00e1n\u00ed rodiny, ochran\u011b lidsk\u00e9ho plodu a podm\u00ednk\u00e1ch p\u0159\u00edpustnosti p\u0159eru\u0161en\u00ed t\u011bhotenstv\u00ed a z\u00e1kon ze dne 6. \u010dervna 1997, Sejm p\u0159ik\u00e1zal V\u00fdboru pro spravedlnost a lidsk\u00e1 pr\u00e1va.<\/li>\n<li>\u00a0Z rozhodnut\u00ed Sejmu bude ve zdravotn\u00edm v\u00fdboru pokra\u010dovat pr\u00e1ce na poslaneck\u00e9m n\u00e1vrhu z\u00e1kona na ochranu \u017eivota a zdrav\u00ed nenarozen\u00fdch d\u011bt\u00ed po\u010dat\u00fdch in vitro a l\u00e9\u010dby neplodnosti. Projekt p\u0159edpokl\u00e1d\u00e1 zm\u011bnu definice \"embrya\" na \"d\u00edt\u011b po\u010dat\u00e9 v nejran\u011bj\u0161\u00edm stadiu biologick\u00e9ho v\u00fdvoje, kter\u00e9 vzniklo splynut\u00edm mu\u017esk\u00e9 a \u017eensk\u00e9 gamety\".<\/li>\n<li>\u00a0Poslaneck\u00fd n\u00e1vrh z\u00e1kona, kter\u00fdm se m\u011bn\u00ed ob\u010dansk\u00fd z\u00e1kon\u00edk, z\u00e1kon o rodin\u011b a opatrovnictv\u00ed, ob\u010dansk\u00fd soudn\u00ed \u0159\u00e1d a dal\u0161\u00ed z\u00e1kony, byl zam\u00edtnut. Sn\u011bmovna rovn\u011b\u017e zam\u00edtla ob\u010dansk\u00fd n\u00e1vrh z\u00e1kona o pr\u00e1vech \u017een a informovan\u00e9m rodi\u010dovstv\u00ed.<\/li>\n<li>\u00a0Poslanci vzali na v\u011bdom\u00ed Informaci Rady ministr\u016f o stavu les\u016f a pln\u011bn\u00ed \"N\u00e1rodn\u00edho programu na zv\u00fd\u0161en\u00ed lesnatosti\" v roce 2014. Podle informac\u00ed se ve sledovan\u00e9m obdob\u00ed rozloha les\u016f v Polsku oproti roku 2013 zv\u00fd\u0161ila o 21 tis\u00edc hektar\u016f. Lesnatost na konci roku 2014 \u010dinila 29,4 %.<\/li>\n<li>\u00a0Sejm vyslechl Informaci ministra \u017eivotn\u00edho prost\u0159ed\u00ed o realizaci \"Programu v\u00fdstavby vodn\u00ed n\u00e1dr\u017ee \u015awinna Por\u0119ba v letech 2006-2015\" v roce 2015.<a href=\"https:\/\/marekkuchcinski.pl\/wp-content\/uploads\/2016\/09\/KKB_2256.jpg\"><img decoding=\"async\" class=\"alignnone size-full wp-image-3846\" src=\"https:\/\/marekkuchcinski.pl\/wp-content\/uploads\/2016\/09\/KKB_2256.jpg\" alt=\"kkb_2256\" width=\"1500\" height=\"1000\" srcset=\"https:\/\/marekkuchcinski.pl\/wp-content\/uploads\/2016\/09\/KKB_2256.jpg 1500w, https:\/\/marekkuchcinski.pl\/wp-content\/uploads\/2016\/09\/KKB_2256-300x200.jpg 300w, https:\/\/marekkuchcinski.pl\/wp-content\/uploads\/2016\/09\/KKB_2256-768x512.jpg 768w, https:\/\/marekkuchcinski.pl\/wp-content\/uploads\/2016\/09\/KKB_2256-1024x683.jpg 1024w\" sizes=\"(max-width: 1500px) 100vw, 1500px\" \/><\/a>\n<p>&nbsp;<\/p>\n<p>&nbsp;<\/li>\n<\/ul>","protected":false},"excerpt":{"rendered":"<p>Pierwszego dnia 26. posiedzenia Sejmu: w porz\u0105dku dziennym posiedzenia znalaz\u0142o si\u0119 pierwsze czytanie rz\u0105dowego projektu nowelizacji ustawy o Agencji Mienia Wojskowego rozpocz\u0119to prace nad projektem ustawy o Krajowej Administracji Skarbowej, wniesionym przez grup\u0119 pos\u0142\u00f3w KP Prawo i Sprawiedliwo\u015b\u0107.\u00a0projekt ustawy o KAS ma na celu popraw\u0119 skuteczno\u015bci s\u0142u\u017cb skarbowych i celnych projekt ustawy o zmianie niekt\u00f3rych [&hellip;]<\/p>","protected":false},"author":6,"featured_media":3812,"comment_status":"open","ping_status":"open","sticky":false,"template":"","format":"standard","meta":{"ngg_post_thumbnail":0,"footnotes":""},"categories":[81],"tags":[],"class_list":["post-3810","post","type-post","status-publish","format-standard","has-post-thumbnail","hentry","category-wiesci-z-sejmu"],"yoast_head":"<!-- This site is optimized with the Yoast SEO plugin v24.7 - https:\/\/yoast.com\/wordpress\/plugins\/seo\/ -->\n<title>26. posiedzenie Sejmu RP &#8211; Marek Kuchci\u0144ski<\/title>\n<meta name=\"robots\" content=\"index, follow, max-snippet:-1, max-image-preview:large, max-video-preview:-1\" \/>\n<link rel=\"canonical\" href=\"https:\/\/marekkuchcinski.pl\/cs\/wiesci-z-sejmu\/26-posiedzenie-sejmu-rp\/\" \/>\n<meta property=\"og:locale\" content=\"cs_CZ\" \/>\n<meta property=\"og:type\" content=\"article\" \/>\n<meta property=\"og:title\" content=\"26. posiedzenie Sejmu RP &#8211; Marek Kuchci\u0144ski\" \/>\n<meta property=\"og:description\" content=\"Pierwszego dnia 26. posiedzenia Sejmu: w porz\u0105dku dziennym posiedzenia znalaz\u0142o si\u0119 pierwsze czytanie rz\u0105dowego projektu nowelizacji ustawy o Agencji Mienia Wojskowego rozpocz\u0119to prace nad projektem ustawy o Krajowej Administracji Skarbowej, wniesionym przez grup\u0119 pos\u0142\u00f3w KP Prawo i Sprawiedliwo\u015b\u0107.\u00a0projekt ustawy o KAS ma na celu popraw\u0119 skuteczno\u015bci s\u0142u\u017cb skarbowych i celnych projekt ustawy o zmianie niekt\u00f3rych [&hellip;]\" \/>\n<meta property=\"og:url\" content=\"https:\/\/marekkuchcinski.pl\/cs\/wiesci-z-sejmu\/26-posiedzenie-sejmu-rp\/\" \/>\n<meta property=\"og:site_name\" content=\"Marek Kuchci\u0144ski\" \/>\n<meta property=\"article:published_time\" content=\"2016-09-22T10:15:29+00:00\" \/>\n<meta property=\"article:modified_time\" content=\"2016-09-23T13:49:30+00:00\" \/>\n<meta property=\"og:image\" content=\"https:\/\/marekkuchcinski.pl\/wp-content\/uploads\/2016\/09\/RZ__6705.jpg\" \/>\n\t<meta property=\"og:image:width\" content=\"2048\" \/>\n\t<meta property=\"og:image:height\" content=\"1365\" \/>\n\t<meta property=\"og:image:type\" content=\"image\/jpeg\" \/>\n<meta name=\"author\" content=\"admin\" \/>\n<meta name=\"twitter:card\" content=\"summary_large_image\" \/>\n<meta name=\"twitter:label1\" content=\"Napsal(a)\" \/>\n\t<meta name=\"twitter:data1\" content=\"admin\" \/>\n\t<meta name=\"twitter:label2\" content=\"Odhadovan\u00e1 doba \u010dten\u00ed\" \/>\n\t<meta name=\"twitter:data2\" content=\"5 minut\" \/>\n<script type=\"application\/ld+json\" class=\"yoast-schema-graph\">{\"@context\":\"https:\/\/schema.org\",\"@graph\":[{\"@type\":\"Article\",\"@id\":\"https:\/\/marekkuchcinski.pl\/en\/wiesci-z-sejmu\/26-posiedzenie-sejmu-rp\/#article\",\"isPartOf\":{\"@id\":\"https:\/\/marekkuchcinski.pl\/en\/wiesci-z-sejmu\/26-posiedzenie-sejmu-rp\/\"},\"author\":{\"name\":\"admin\",\"@id\":\"https:\/\/marekkuchcinski.pl\/#\/schema\/person\/6f62700996b4d950b6ea2d1183b6c6be\"},\"headline\":\"26. posiedzenie Sejmu RP\",\"datePublished\":\"2016-09-22T10:15:29+00:00\",\"dateModified\":\"2016-09-23T13:49:30+00:00\",\"mainEntityOfPage\":{\"@id\":\"https:\/\/marekkuchcinski.pl\/en\/wiesci-z-sejmu\/26-posiedzenie-sejmu-rp\/\"},\"wordCount\":1008,\"commentCount\":0,\"publisher\":{\"@id\":\"https:\/\/marekkuchcinski.pl\/#organization\"},\"image\":{\"@id\":\"https:\/\/marekkuchcinski.pl\/en\/wiesci-z-sejmu\/26-posiedzenie-sejmu-rp\/#primaryimage\"},\"thumbnailUrl\":\"https:\/\/marekkuchcinski.pl\/wp-content\/uploads\/2016\/09\/RZ__6705.jpg\",\"articleSection\":[\"Wie\u015bci z Sejmu\"],\"inLanguage\":\"cs\",\"potentialAction\":[{\"@type\":\"CommentAction\",\"name\":\"Comment\",\"target\":[\"https:\/\/marekkuchcinski.pl\/en\/wiesci-z-sejmu\/26-posiedzenie-sejmu-rp\/#respond\"]}]},{\"@type\":\"WebPage\",\"@id\":\"https:\/\/marekkuchcinski.pl\/en\/wiesci-z-sejmu\/26-posiedzenie-sejmu-rp\/\",\"url\":\"https:\/\/marekkuchcinski.pl\/en\/wiesci-z-sejmu\/26-posiedzenie-sejmu-rp\/\",\"name\":\"26. posiedzenie Sejmu RP &#8211; Marek Kuchci\u0144ski\",\"isPartOf\":{\"@id\":\"https:\/\/marekkuchcinski.pl\/#website\"},\"primaryImageOfPage\":{\"@id\":\"https:\/\/marekkuchcinski.pl\/en\/wiesci-z-sejmu\/26-posiedzenie-sejmu-rp\/#primaryimage\"},\"image\":{\"@id\":\"https:\/\/marekkuchcinski.pl\/en\/wiesci-z-sejmu\/26-posiedzenie-sejmu-rp\/#primaryimage\"},\"thumbnailUrl\":\"https:\/\/marekkuchcinski.pl\/wp-content\/uploads\/2016\/09\/RZ__6705.jpg\",\"datePublished\":\"2016-09-22T10:15:29+00:00\",\"dateModified\":\"2016-09-23T13:49:30+00:00\",\"breadcrumb\":{\"@id\":\"https:\/\/marekkuchcinski.pl\/en\/wiesci-z-sejmu\/26-posiedzenie-sejmu-rp\/#breadcrumb\"},\"inLanguage\":\"cs\",\"potentialAction\":[{\"@type\":\"ReadAction\",\"target\":[\"https:\/\/marekkuchcinski.pl\/en\/wiesci-z-sejmu\/26-posiedzenie-sejmu-rp\/\"]}]},{\"@type\":\"ImageObject\",\"inLanguage\":\"cs\",\"@id\":\"https:\/\/marekkuchcinski.pl\/en\/wiesci-z-sejmu\/26-posiedzenie-sejmu-rp\/#primaryimage\",\"url\":\"https:\/\/marekkuchcinski.pl\/wp-content\/uploads\/2016\/09\/RZ__6705.jpg\",\"contentUrl\":\"https:\/\/marekkuchcinski.pl\/wp-content\/uploads\/2016\/09\/RZ__6705.jpg\",\"width\":2048,\"height\":1365},{\"@type\":\"BreadcrumbList\",\"@id\":\"https:\/\/marekkuchcinski.pl\/en\/wiesci-z-sejmu\/26-posiedzenie-sejmu-rp\/#breadcrumb\",\"itemListElement\":[{\"@type\":\"ListItem\",\"position\":1,\"name\":\"Strona g\u0142\u00f3wna\",\"item\":\"https:\/\/marekkuchcinski.pl\/\"},{\"@type\":\"ListItem\",\"position\":2,\"name\":\"26. posiedzenie Sejmu RP\"}]},{\"@type\":\"WebSite\",\"@id\":\"https:\/\/marekkuchcinski.pl\/#website\",\"url\":\"https:\/\/marekkuchcinski.pl\/\",\"name\":\"Marek Kuchci\u0144ski\",\"description\":\"Pose\u0142 na sejm RP &ndash; okr\u0119g nr 22\",\"publisher\":{\"@id\":\"https:\/\/marekkuchcinski.pl\/#organization\"},\"potentialAction\":[{\"@type\":\"SearchAction\",\"target\":{\"@type\":\"EntryPoint\",\"urlTemplate\":\"https:\/\/marekkuchcinski.pl\/?s={search_term_string}\"},\"query-input\":{\"@type\":\"PropertyValueSpecification\",\"valueRequired\":true,\"valueName\":\"search_term_string\"}}],\"inLanguage\":\"cs\"},{\"@type\":\"Organization\",\"@id\":\"https:\/\/marekkuchcinski.pl\/#organization\",\"name\":\"Marek Kuchci\u0144ski\",\"url\":\"https:\/\/marekkuchcinski.pl\/\",\"logo\":{\"@type\":\"ImageObject\",\"inLanguage\":\"cs\",\"@id\":\"https:\/\/marekkuchcinski.pl\/#\/schema\/logo\/image\/\",\"url\":\"https:\/\/marekkuchcinski.pl\/wp-content\/uploads\/2022\/09\/Marek.jpg\",\"contentUrl\":\"https:\/\/marekkuchcinski.pl\/wp-content\/uploads\/2022\/09\/Marek.jpg\",\"width\":1600,\"height\":971,\"caption\":\"Marek Kuchci\u0144ski\"},\"image\":{\"@id\":\"https:\/\/marekkuchcinski.pl\/#\/schema\/logo\/image\/\"}},{\"@type\":\"Person\",\"@id\":\"https:\/\/marekkuchcinski.pl\/#\/schema\/person\/6f62700996b4d950b6ea2d1183b6c6be\",\"name\":\"admin\",\"image\":{\"@type\":\"ImageObject\",\"inLanguage\":\"cs\",\"@id\":\"https:\/\/marekkuchcinski.pl\/#\/schema\/person\/image\/\",\"url\":\"https:\/\/secure.gravatar.com\/avatar\/4bab693b9d55c3d6b52c0296a8765085?s=96&d=mm&r=g\",\"contentUrl\":\"https:\/\/secure.gravatar.com\/avatar\/4bab693b9d55c3d6b52c0296a8765085?s=96&d=mm&r=g\",\"caption\":\"admin\"},\"url\":\"https:\/\/marekkuchcinski.pl\/cs\/author\/marta-olejnik\/\"}]}<\/script>\n<!-- \/ Yoast SEO plugin. -->","yoast_head_json":{"title":"26. posiedzenie Sejmu RP &#8211; Marek Kuchci\u0144ski","robots":{"index":"index","follow":"follow","max-snippet":"max-snippet:-1","max-image-preview":"max-image-preview:large","max-video-preview":"max-video-preview:-1"},"canonical":"https:\/\/marekkuchcinski.pl\/cs\/wiesci-z-sejmu\/26-posiedzenie-sejmu-rp\/","og_locale":"cs_CZ","og_type":"article","og_title":"26. posiedzenie Sejmu RP &#8211; Marek Kuchci\u0144ski","og_description":"Pierwszego dnia 26. posiedzenia Sejmu: w porz\u0105dku dziennym posiedzenia znalaz\u0142o si\u0119 pierwsze czytanie rz\u0105dowego projektu nowelizacji ustawy o Agencji Mienia Wojskowego rozpocz\u0119to prace nad projektem ustawy o Krajowej Administracji Skarbowej, wniesionym przez grup\u0119 pos\u0142\u00f3w KP Prawo i Sprawiedliwo\u015b\u0107.\u00a0projekt ustawy o KAS ma na celu popraw\u0119 skuteczno\u015bci s\u0142u\u017cb skarbowych i celnych projekt ustawy o zmianie niekt\u00f3rych [&hellip;]","og_url":"https:\/\/marekkuchcinski.pl\/cs\/wiesci-z-sejmu\/26-posiedzenie-sejmu-rp\/","og_site_name":"Marek Kuchci\u0144ski","article_published_time":"2016-09-22T10:15:29+00:00","article_modified_time":"2016-09-23T13:49:30+00:00","og_image":[{"width":2048,"height":1365,"url":"https:\/\/marekkuchcinski.pl\/wp-content\/uploads\/2016\/09\/RZ__6705.jpg","type":"image\/jpeg"}],"author":"admin","twitter_card":"summary_large_image","twitter_misc":{"Napsal(a)":"admin","Odhadovan\u00e1 doba \u010dten\u00ed":"5 minut"},"schema":{"@context":"https:\/\/schema.org","@graph":[{"@type":"Article","@id":"https:\/\/marekkuchcinski.pl\/en\/wiesci-z-sejmu\/26-posiedzenie-sejmu-rp\/#article","isPartOf":{"@id":"https:\/\/marekkuchcinski.pl\/en\/wiesci-z-sejmu\/26-posiedzenie-sejmu-rp\/"},"author":{"name":"admin","@id":"https:\/\/marekkuchcinski.pl\/#\/schema\/person\/6f62700996b4d950b6ea2d1183b6c6be"},"headline":"26. posiedzenie Sejmu RP","datePublished":"2016-09-22T10:15:29+00:00","dateModified":"2016-09-23T13:49:30+00:00","mainEntityOfPage":{"@id":"https:\/\/marekkuchcinski.pl\/en\/wiesci-z-sejmu\/26-posiedzenie-sejmu-rp\/"},"wordCount":1008,"commentCount":0,"publisher":{"@id":"https:\/\/marekkuchcinski.pl\/#organization"},"image":{"@id":"https:\/\/marekkuchcinski.pl\/en\/wiesci-z-sejmu\/26-posiedzenie-sejmu-rp\/#primaryimage"},"thumbnailUrl":"https:\/\/marekkuchcinski.pl\/wp-content\/uploads\/2016\/09\/RZ__6705.jpg","articleSection":["Wie\u015bci z Sejmu"],"inLanguage":"cs","potentialAction":[{"@type":"CommentAction","name":"Comment","target":["https:\/\/marekkuchcinski.pl\/en\/wiesci-z-sejmu\/26-posiedzenie-sejmu-rp\/#respond"]}]},{"@type":"WebPage","@id":"https:\/\/marekkuchcinski.pl\/en\/wiesci-z-sejmu\/26-posiedzenie-sejmu-rp\/","url":"https:\/\/marekkuchcinski.pl\/en\/wiesci-z-sejmu\/26-posiedzenie-sejmu-rp\/","name":"26. posiedzenie Sejmu RP &#8211; Marek Kuchci\u0144ski","isPartOf":{"@id":"https:\/\/marekkuchcinski.pl\/#website"},"primaryImageOfPage":{"@id":"https:\/\/marekkuchcinski.pl\/en\/wiesci-z-sejmu\/26-posiedzenie-sejmu-rp\/#primaryimage"},"image":{"@id":"https:\/\/marekkuchcinski.pl\/en\/wiesci-z-sejmu\/26-posiedzenie-sejmu-rp\/#primaryimage"},"thumbnailUrl":"https:\/\/marekkuchcinski.pl\/wp-content\/uploads\/2016\/09\/RZ__6705.jpg","datePublished":"2016-09-22T10:15:29+00:00","dateModified":"2016-09-23T13:49:30+00:00","breadcrumb":{"@id":"https:\/\/marekkuchcinski.pl\/en\/wiesci-z-sejmu\/26-posiedzenie-sejmu-rp\/#breadcrumb"},"inLanguage":"cs","potentialAction":[{"@type":"ReadAction","target":["https:\/\/marekkuchcinski.pl\/en\/wiesci-z-sejmu\/26-posiedzenie-sejmu-rp\/"]}]},{"@type":"ImageObject","inLanguage":"cs","@id":"https:\/\/marekkuchcinski.pl\/en\/wiesci-z-sejmu\/26-posiedzenie-sejmu-rp\/#primaryimage","url":"https:\/\/marekkuchcinski.pl\/wp-content\/uploads\/2016\/09\/RZ__6705.jpg","contentUrl":"https:\/\/marekkuchcinski.pl\/wp-content\/uploads\/2016\/09\/RZ__6705.jpg","width":2048,"height":1365},{"@type":"BreadcrumbList","@id":"https:\/\/marekkuchcinski.pl\/en\/wiesci-z-sejmu\/26-posiedzenie-sejmu-rp\/#breadcrumb","itemListElement":[{"@type":"ListItem","position":1,"name":"Strona g\u0142\u00f3wna","item":"https:\/\/marekkuchcinski.pl\/"},{"@type":"ListItem","position":2,"name":"26. posiedzenie Sejmu RP"}]},{"@type":"WebSite","@id":"https:\/\/marekkuchcinski.pl\/#website","url":"https:\/\/marekkuchcinski.pl\/","name":"Marek Kuchci\u0144ski","description":"Pose\u0142 na sejm RP &ndash; okr\u0119g nr 22","publisher":{"@id":"https:\/\/marekkuchcinski.pl\/#organization"},"potentialAction":[{"@type":"SearchAction","target":{"@type":"EntryPoint","urlTemplate":"https:\/\/marekkuchcinski.pl\/?s={search_term_string}"},"query-input":{"@type":"PropertyValueSpecification","valueRequired":true,"valueName":"search_term_string"}}],"inLanguage":"cs"},{"@type":"Organization","@id":"https:\/\/marekkuchcinski.pl\/#organization","name":"Marek Kuchci\u0144ski","url":"https:\/\/marekkuchcinski.pl\/","logo":{"@type":"ImageObject","inLanguage":"cs","@id":"https:\/\/marekkuchcinski.pl\/#\/schema\/logo\/image\/","url":"https:\/\/marekkuchcinski.pl\/wp-content\/uploads\/2022\/09\/Marek.jpg","contentUrl":"https:\/\/marekkuchcinski.pl\/wp-content\/uploads\/2022\/09\/Marek.jpg","width":1600,"height":971,"caption":"Marek Kuchci\u0144ski"},"image":{"@id":"https:\/\/marekkuchcinski.pl\/#\/schema\/logo\/image\/"}},{"@type":"Person","@id":"https:\/\/marekkuchcinski.pl\/#\/schema\/person\/6f62700996b4d950b6ea2d1183b6c6be","name":"admin","image":{"@type":"ImageObject","inLanguage":"cs","@id":"https:\/\/marekkuchcinski.pl\/#\/schema\/person\/image\/","url":"https:\/\/secure.gravatar.com\/avatar\/4bab693b9d55c3d6b52c0296a8765085?s=96&d=mm&r=g","contentUrl":"https:\/\/secure.gravatar.com\/avatar\/4bab693b9d55c3d6b52c0296a8765085?s=96&d=mm&r=g","caption":"admin"},"url":"https:\/\/marekkuchcinski.pl\/cs\/author\/marta-olejnik\/"}]}},"_links":{"self":[{"href":"https:\/\/marekkuchcinski.pl\/cs\/wp-json\/wp\/v2\/posts\/3810","targetHints":{"allow":["GET"]}}],"collection":[{"href":"https:\/\/marekkuchcinski.pl\/cs\/wp-json\/wp\/v2\/posts"}],"about":[{"href":"https:\/\/marekkuchcinski.pl\/cs\/wp-json\/wp\/v2\/types\/post"}],"author":[{"embeddable":true,"href":"https:\/\/marekkuchcinski.pl\/cs\/wp-json\/wp\/v2\/users\/6"}],"replies":[{"embeddable":true,"href":"https:\/\/marekkuchcinski.pl\/cs\/wp-json\/wp\/v2\/comments?post=3810"}],"version-history":[{"count":6,"href":"https:\/\/marekkuchcinski.pl\/cs\/wp-json\/wp\/v2\/posts\/3810\/revisions"}],"predecessor-version":[{"id":3851,"href":"https:\/\/marekkuchcinski.pl\/cs\/wp-json\/wp\/v2\/posts\/3810\/revisions\/3851"}],"wp:featuredmedia":[{"embeddable":true,"href":"https:\/\/marekkuchcinski.pl\/cs\/wp-json\/wp\/v2\/media\/3812"}],"wp:attachment":[{"href":"https:\/\/marekkuchcinski.pl\/cs\/wp-json\/wp\/v2\/media?parent=3810"}],"wp:term":[{"taxonomy":"category","embeddable":true,"href":"https:\/\/marekkuchcinski.pl\/cs\/wp-json\/wp\/v2\/categories?post=3810"},{"taxonomy":"post_tag","embeddable":true,"href":"https:\/\/marekkuchcinski.pl\/cs\/wp-json\/wp\/v2\/tags?post=3810"}],"curies":[{"name":"wp","href":"https:\/\/api.w.org\/{rel}","templated":true}]}}