{"id":3802,"date":"2016-09-22T10:42:54","date_gmt":"2016-09-22T08:42:54","guid":{"rendered":"https:\/\/marekkuchcinski.pl\/?p=3802"},"modified":"2016-09-22T10:42:54","modified_gmt":"2016-09-22T08:42:54","slug":"36-lecie-niezaleznego-zrzeszenia-studentow","status":"publish","type":"post","link":"https:\/\/marekkuchcinski.pl\/cs\/wydarzenia\/36-lecie-niezaleznego-zrzeszenia-studentow\/","title":{"rendered":"36. v\u00fdro\u010d\u00ed zalo\u017een\u00ed Asociace nez\u00e1visl\u00fdch student\u016f"},"content":{"rendered":"<p><strong>1980, vzpoura polsk\u00fdch student\u016f proti komunistick\u00fdm \u00fa\u0159ad\u016fm. Spoj\u00ed sv\u00e9 s\u00edly, sjednot\u00ed se a vytvo\u0159\u00ed studentskou obdobu \"Solidarity\". Tak vznikl Nez\u00e1visl\u00fd svaz student\u016f, jeho\u017e \u010dlenov\u00e9 bojuj\u00ed proti zlo\u010dinn\u00e9mu komunistick\u00e9mu syst\u00e9mu.<\/strong><\/p>\n<p>NZS sdru\u017eovala mlad\u00e9 lidi, kte\u0159\u00ed cht\u011bli studentskou organizaci nez\u00e1vislou na st\u00e1tn\u00edch org\u00e1nech, demokratizaci akademick\u00e9ho \u017eivota, respektov\u00e1n\u00ed z\u00e1kladn\u00edch politick\u00fdch svobod a lidsk\u00fdch pr\u00e1v v zemi a \u00factu k polsk\u00e9 nez\u00e1vislosti a vlasteneck\u00fdm tradic\u00edm. Org\u00e1ny PRL dlouho odkl\u00e1daly registraci NZS.<\/p>\n<p>Teprve v d\u016fsledku studentsk\u00fdch st\u00e1vek, zejm\u00e9na v Lod\u017ei, souhlasila tehdej\u0161\u00ed vl\u00e1da s registrac\u00ed Svazu, k n\u00ed\u017e do\u0161lo 17. \u00fanora 1981. Krom\u011b typicky studentsk\u00fdch aktivit, v\u010detn\u011b po\u017eadavk\u016f na reformu vysok\u00e9ho \u0161kolstv\u00ed, se organizace pod\u00edlela tak\u00e9 na podpo\u0159e politick\u00fdch aktivit Solidarity.<\/p>\n<p>Po zaveden\u00ed stann\u00e9ho pr\u00e1va byla Unie zak\u00e1z\u00e1na a mnoho jej\u00edch aktivist\u016f zat\u010deno. V n\u011bkolika akademick\u00fdch centrech v\u0161ak NZS pokra\u010dovala ve sv\u00e9 podzemn\u00ed \u010dinnosti. Po roce 1989 byla NZS op\u011bt legalizov\u00e1na. Postupn\u011b zm\u011bnila profil sv\u00e9 \u010dinnosti, omezila politick\u00e9 iniciativy ve prosp\u011bch zastupov\u00e1n\u00ed z\u00e1jm\u016f student\u016f a po\u0159\u00e1d\u00e1n\u00ed kulturn\u00edch a z\u00e1bavn\u00edch akc\u00ed, \u010d\u00edm\u017e se stala typicky studentskou organizac\u00ed.<\/p>\n<p><em>Zdroj: nzs.org.pl<\/em><\/p>\n<p><a href=\"https:\/\/marekkuchcinski.pl\/wp-content\/uploads\/2016\/09\/NZS.jpg\"><img fetchpriority=\"high\" decoding=\"async\" class=\"alignnone  wp-image-3803\" src=\"https:\/\/marekkuchcinski.pl\/wp-content\/uploads\/2016\/09\/NZS.jpg\" alt=\"nzs\" width=\"1077\" height=\"686\" srcset=\"https:\/\/marekkuchcinski.pl\/wp-content\/uploads\/2016\/09\/NZS.jpg 625w, https:\/\/marekkuchcinski.pl\/wp-content\/uploads\/2016\/09\/NZS-300x191.jpg 300w\" sizes=\"(max-width: 1077px) 100vw, 1077px\" \/><\/a><\/p>","protected":false},"excerpt":{"rendered":"<p>Rok 1980. Polscy studenci buntuj\u0105 si\u0119 przeciwko dzia\u0142aniom komunistycznej w\u0142adzy. Zrzeszaj\u0105 si\u0119, jednocz\u0105c si\u0142y i tworz\u0105 studencki odpowiednik \u201eSolidarno\u015bci\u201d. Tak powstaje Niezale\u017cne Zrzeszenie Student\u00f3w, kt\u00f3rego cz\u0142onkowie walcz\u0105 ze zbrodniczym ustrojem komunistycznym. NZS skupia\u0142 m\u0142odych ludzi chc\u0105cych niezale\u017cnej od w\u0142adz pa\u0144stwowych organizacji studenckiej, a ponadto demokratyzacji \u017cycia akademickiego, przestrzegania podstawowych swob\u00f3d politycznych w kraju oraz praw [&hellip;]<\/p>","protected":false},"author":6,"featured_media":3803,"comment_status":"open","ping_status":"open","sticky":false,"template":"","format":"standard","meta":{"ngg_post_thumbnail":0,"footnotes":""},"categories":[77,3],"tags":[],"class_list":["post-3802","post","type-post","status-publish","format-standard","has-post-thumbnail","hentry","category-wazne-daty","category-wydarzenia"],"yoast_head":"<!-- This site is optimized with the Yoast SEO plugin v24.7 - https:\/\/yoast.com\/wordpress\/plugins\/seo\/ -->\n<title>36-lecie Niezale\u017cnego Zrzeszenia Student\u00f3w &#8211; Marek Kuchci\u0144ski<\/title>\n<meta name=\"robots\" content=\"index, follow, max-snippet:-1, max-image-preview:large, max-video-preview:-1\" \/>\n<link rel=\"canonical\" href=\"https:\/\/marekkuchcinski.pl\/cs\/wydarzenia\/36-lecie-niezaleznego-zrzeszenia-studentow\/\" \/>\n<meta property=\"og:locale\" content=\"cs_CZ\" \/>\n<meta property=\"og:type\" content=\"article\" \/>\n<meta property=\"og:title\" content=\"36-lecie Niezale\u017cnego Zrzeszenia Student\u00f3w &#8211; Marek Kuchci\u0144ski\" \/>\n<meta property=\"og:description\" content=\"Rok 1980. Polscy studenci buntuj\u0105 si\u0119 przeciwko dzia\u0142aniom komunistycznej w\u0142adzy. Zrzeszaj\u0105 si\u0119, jednocz\u0105c si\u0142y i tworz\u0105 studencki odpowiednik \u201eSolidarno\u015bci\u201d. Tak powstaje Niezale\u017cne Zrzeszenie Student\u00f3w, kt\u00f3rego cz\u0142onkowie walcz\u0105 ze zbrodniczym ustrojem komunistycznym. NZS skupia\u0142 m\u0142odych ludzi chc\u0105cych niezale\u017cnej od w\u0142adz pa\u0144stwowych organizacji studenckiej, a ponadto demokratyzacji \u017cycia akademickiego, przestrzegania podstawowych swob\u00f3d politycznych w kraju oraz praw [&hellip;]\" \/>\n<meta property=\"og:url\" content=\"https:\/\/marekkuchcinski.pl\/cs\/wydarzenia\/36-lecie-niezaleznego-zrzeszenia-studentow\/\" \/>\n<meta property=\"og:site_name\" content=\"Marek Kuchci\u0144ski\" \/>\n<meta property=\"article:published_time\" content=\"2016-09-22T08:42:54+00:00\" \/>\n<meta property=\"og:image\" content=\"https:\/\/marekkuchcinski.pl\/wp-content\/uploads\/2016\/09\/NZS.jpg\" \/>\n\t<meta property=\"og:image:width\" content=\"625\" \/>\n\t<meta property=\"og:image:height\" content=\"398\" \/>\n\t<meta property=\"og:image:type\" content=\"image\/jpeg\" \/>\n<meta name=\"author\" content=\"admin\" \/>\n<meta name=\"twitter:card\" content=\"summary_large_image\" \/>\n<meta name=\"twitter:label1\" content=\"Napsal(a)\" \/>\n\t<meta name=\"twitter:data1\" content=\"admin\" \/>\n\t<meta name=\"twitter:label2\" content=\"Odhadovan\u00e1 doba \u010dten\u00ed\" \/>\n\t<meta name=\"twitter:data2\" content=\"1 minuta\" \/>\n<script type=\"application\/ld+json\" class=\"yoast-schema-graph\">{\"@context\":\"https:\/\/schema.org\",\"@graph\":[{\"@type\":\"Article\",\"@id\":\"https:\/\/marekkuchcinski.pl\/ro\/wydarzenia\/36-lecie-niezaleznego-zrzeszenia-studentow\/#article\",\"isPartOf\":{\"@id\":\"https:\/\/marekkuchcinski.pl\/ro\/wydarzenia\/36-lecie-niezaleznego-zrzeszenia-studentow\/\"},\"author\":{\"name\":\"admin\",\"@id\":\"https:\/\/marekkuchcinski.pl\/#\/schema\/person\/6f62700996b4d950b6ea2d1183b6c6be\"},\"headline\":\"36-lecie Niezale\u017cnego Zrzeszenia Student\u00f3w\",\"datePublished\":\"2016-09-22T08:42:54+00:00\",\"mainEntityOfPage\":{\"@id\":\"https:\/\/marekkuchcinski.pl\/ro\/wydarzenia\/36-lecie-niezaleznego-zrzeszenia-studentow\/\"},\"wordCount\":231,\"commentCount\":0,\"publisher\":{\"@id\":\"https:\/\/marekkuchcinski.pl\/#organization\"},\"image\":{\"@id\":\"https:\/\/marekkuchcinski.pl\/ro\/wydarzenia\/36-lecie-niezaleznego-zrzeszenia-studentow\/#primaryimage\"},\"thumbnailUrl\":\"https:\/\/marekkuchcinski.pl\/wp-content\/uploads\/2016\/09\/NZS.jpg\",\"articleSection\":[\"Wa\u017cne daty\",\"Wydarzenia\"],\"inLanguage\":\"cs\",\"potentialAction\":[{\"@type\":\"CommentAction\",\"name\":\"Comment\",\"target\":[\"https:\/\/marekkuchcinski.pl\/ro\/wydarzenia\/36-lecie-niezaleznego-zrzeszenia-studentow\/#respond\"]}]},{\"@type\":\"WebPage\",\"@id\":\"https:\/\/marekkuchcinski.pl\/ro\/wydarzenia\/36-lecie-niezaleznego-zrzeszenia-studentow\/\",\"url\":\"https:\/\/marekkuchcinski.pl\/ro\/wydarzenia\/36-lecie-niezaleznego-zrzeszenia-studentow\/\",\"name\":\"36-lecie Niezale\u017cnego Zrzeszenia Student\u00f3w &#8211; Marek Kuchci\u0144ski\",\"isPartOf\":{\"@id\":\"https:\/\/marekkuchcinski.pl\/#website\"},\"primaryImageOfPage\":{\"@id\":\"https:\/\/marekkuchcinski.pl\/ro\/wydarzenia\/36-lecie-niezaleznego-zrzeszenia-studentow\/#primaryimage\"},\"image\":{\"@id\":\"https:\/\/marekkuchcinski.pl\/ro\/wydarzenia\/36-lecie-niezaleznego-zrzeszenia-studentow\/#primaryimage\"},\"thumbnailUrl\":\"https:\/\/marekkuchcinski.pl\/wp-content\/uploads\/2016\/09\/NZS.jpg\",\"datePublished\":\"2016-09-22T08:42:54+00:00\",\"breadcrumb\":{\"@id\":\"https:\/\/marekkuchcinski.pl\/ro\/wydarzenia\/36-lecie-niezaleznego-zrzeszenia-studentow\/#breadcrumb\"},\"inLanguage\":\"cs\",\"potentialAction\":[{\"@type\":\"ReadAction\",\"target\":[\"https:\/\/marekkuchcinski.pl\/ro\/wydarzenia\/36-lecie-niezaleznego-zrzeszenia-studentow\/\"]}]},{\"@type\":\"ImageObject\",\"inLanguage\":\"cs\",\"@id\":\"https:\/\/marekkuchcinski.pl\/ro\/wydarzenia\/36-lecie-niezaleznego-zrzeszenia-studentow\/#primaryimage\",\"url\":\"https:\/\/marekkuchcinski.pl\/wp-content\/uploads\/2016\/09\/NZS.jpg\",\"contentUrl\":\"https:\/\/marekkuchcinski.pl\/wp-content\/uploads\/2016\/09\/NZS.jpg\",\"width\":625,\"height\":398},{\"@type\":\"BreadcrumbList\",\"@id\":\"https:\/\/marekkuchcinski.pl\/ro\/wydarzenia\/36-lecie-niezaleznego-zrzeszenia-studentow\/#breadcrumb\",\"itemListElement\":[{\"@type\":\"ListItem\",\"position\":1,\"name\":\"Strona g\u0142\u00f3wna\",\"item\":\"https:\/\/marekkuchcinski.pl\/\"},{\"@type\":\"ListItem\",\"position\":2,\"name\":\"36-lecie Niezale\u017cnego Zrzeszenia Student\u00f3w\"}]},{\"@type\":\"WebSite\",\"@id\":\"https:\/\/marekkuchcinski.pl\/#website\",\"url\":\"https:\/\/marekkuchcinski.pl\/\",\"name\":\"Marek Kuchci\u0144ski\",\"description\":\"Pose\u0142 na sejm RP &ndash; okr\u0119g nr 22\",\"publisher\":{\"@id\":\"https:\/\/marekkuchcinski.pl\/#organization\"},\"potentialAction\":[{\"@type\":\"SearchAction\",\"target\":{\"@type\":\"EntryPoint\",\"urlTemplate\":\"https:\/\/marekkuchcinski.pl\/?s={search_term_string}\"},\"query-input\":{\"@type\":\"PropertyValueSpecification\",\"valueRequired\":true,\"valueName\":\"search_term_string\"}}],\"inLanguage\":\"cs\"},{\"@type\":\"Organization\",\"@id\":\"https:\/\/marekkuchcinski.pl\/#organization\",\"name\":\"Marek Kuchci\u0144ski\",\"url\":\"https:\/\/marekkuchcinski.pl\/\",\"logo\":{\"@type\":\"ImageObject\",\"inLanguage\":\"cs\",\"@id\":\"https:\/\/marekkuchcinski.pl\/#\/schema\/logo\/image\/\",\"url\":\"https:\/\/marekkuchcinski.pl\/wp-content\/uploads\/2022\/09\/Marek.jpg\",\"contentUrl\":\"https:\/\/marekkuchcinski.pl\/wp-content\/uploads\/2022\/09\/Marek.jpg\",\"width\":1600,\"height\":971,\"caption\":\"Marek Kuchci\u0144ski\"},\"image\":{\"@id\":\"https:\/\/marekkuchcinski.pl\/#\/schema\/logo\/image\/\"}},{\"@type\":\"Person\",\"@id\":\"https:\/\/marekkuchcinski.pl\/#\/schema\/person\/6f62700996b4d950b6ea2d1183b6c6be\",\"name\":\"admin\",\"image\":{\"@type\":\"ImageObject\",\"inLanguage\":\"cs\",\"@id\":\"https:\/\/marekkuchcinski.pl\/#\/schema\/person\/image\/\",\"url\":\"https:\/\/secure.gravatar.com\/avatar\/4bab693b9d55c3d6b52c0296a8765085?s=96&d=mm&r=g\",\"contentUrl\":\"https:\/\/secure.gravatar.com\/avatar\/4bab693b9d55c3d6b52c0296a8765085?s=96&d=mm&r=g\",\"caption\":\"admin\"},\"url\":\"https:\/\/marekkuchcinski.pl\/cs\/author\/marta-olejnik\/\"}]}<\/script>\n<!-- \/ Yoast SEO plugin. -->","yoast_head_json":{"title":"36-lecie Niezale\u017cnego Zrzeszenia Student\u00f3w &#8211; Marek Kuchci\u0144ski","robots":{"index":"index","follow":"follow","max-snippet":"max-snippet:-1","max-image-preview":"max-image-preview:large","max-video-preview":"max-video-preview:-1"},"canonical":"https:\/\/marekkuchcinski.pl\/cs\/wydarzenia\/36-lecie-niezaleznego-zrzeszenia-studentow\/","og_locale":"cs_CZ","og_type":"article","og_title":"36-lecie Niezale\u017cnego Zrzeszenia Student\u00f3w &#8211; Marek Kuchci\u0144ski","og_description":"Rok 1980. Polscy studenci buntuj\u0105 si\u0119 przeciwko dzia\u0142aniom komunistycznej w\u0142adzy. Zrzeszaj\u0105 si\u0119, jednocz\u0105c si\u0142y i tworz\u0105 studencki odpowiednik \u201eSolidarno\u015bci\u201d. Tak powstaje Niezale\u017cne Zrzeszenie Student\u00f3w, kt\u00f3rego cz\u0142onkowie walcz\u0105 ze zbrodniczym ustrojem komunistycznym. NZS skupia\u0142 m\u0142odych ludzi chc\u0105cych niezale\u017cnej od w\u0142adz pa\u0144stwowych organizacji studenckiej, a ponadto demokratyzacji \u017cycia akademickiego, przestrzegania podstawowych swob\u00f3d politycznych w kraju oraz praw [&hellip;]","og_url":"https:\/\/marekkuchcinski.pl\/cs\/wydarzenia\/36-lecie-niezaleznego-zrzeszenia-studentow\/","og_site_name":"Marek Kuchci\u0144ski","article_published_time":"2016-09-22T08:42:54+00:00","og_image":[{"width":625,"height":398,"url":"https:\/\/marekkuchcinski.pl\/wp-content\/uploads\/2016\/09\/NZS.jpg","type":"image\/jpeg"}],"author":"admin","twitter_card":"summary_large_image","twitter_misc":{"Napsal(a)":"admin","Odhadovan\u00e1 doba \u010dten\u00ed":"1 minuta"},"schema":{"@context":"https:\/\/schema.org","@graph":[{"@type":"Article","@id":"https:\/\/marekkuchcinski.pl\/ro\/wydarzenia\/36-lecie-niezaleznego-zrzeszenia-studentow\/#article","isPartOf":{"@id":"https:\/\/marekkuchcinski.pl\/ro\/wydarzenia\/36-lecie-niezaleznego-zrzeszenia-studentow\/"},"author":{"name":"admin","@id":"https:\/\/marekkuchcinski.pl\/#\/schema\/person\/6f62700996b4d950b6ea2d1183b6c6be"},"headline":"36-lecie Niezale\u017cnego Zrzeszenia Student\u00f3w","datePublished":"2016-09-22T08:42:54+00:00","mainEntityOfPage":{"@id":"https:\/\/marekkuchcinski.pl\/ro\/wydarzenia\/36-lecie-niezaleznego-zrzeszenia-studentow\/"},"wordCount":231,"commentCount":0,"publisher":{"@id":"https:\/\/marekkuchcinski.pl\/#organization"},"image":{"@id":"https:\/\/marekkuchcinski.pl\/ro\/wydarzenia\/36-lecie-niezaleznego-zrzeszenia-studentow\/#primaryimage"},"thumbnailUrl":"https:\/\/marekkuchcinski.pl\/wp-content\/uploads\/2016\/09\/NZS.jpg","articleSection":["Wa\u017cne daty","Wydarzenia"],"inLanguage":"cs","potentialAction":[{"@type":"CommentAction","name":"Comment","target":["https:\/\/marekkuchcinski.pl\/ro\/wydarzenia\/36-lecie-niezaleznego-zrzeszenia-studentow\/#respond"]}]},{"@type":"WebPage","@id":"https:\/\/marekkuchcinski.pl\/ro\/wydarzenia\/36-lecie-niezaleznego-zrzeszenia-studentow\/","url":"https:\/\/marekkuchcinski.pl\/ro\/wydarzenia\/36-lecie-niezaleznego-zrzeszenia-studentow\/","name":"36-lecie Niezale\u017cnego Zrzeszenia Student\u00f3w &#8211; Marek Kuchci\u0144ski","isPartOf":{"@id":"https:\/\/marekkuchcinski.pl\/#website"},"primaryImageOfPage":{"@id":"https:\/\/marekkuchcinski.pl\/ro\/wydarzenia\/36-lecie-niezaleznego-zrzeszenia-studentow\/#primaryimage"},"image":{"@id":"https:\/\/marekkuchcinski.pl\/ro\/wydarzenia\/36-lecie-niezaleznego-zrzeszenia-studentow\/#primaryimage"},"thumbnailUrl":"https:\/\/marekkuchcinski.pl\/wp-content\/uploads\/2016\/09\/NZS.jpg","datePublished":"2016-09-22T08:42:54+00:00","breadcrumb":{"@id":"https:\/\/marekkuchcinski.pl\/ro\/wydarzenia\/36-lecie-niezaleznego-zrzeszenia-studentow\/#breadcrumb"},"inLanguage":"cs","potentialAction":[{"@type":"ReadAction","target":["https:\/\/marekkuchcinski.pl\/ro\/wydarzenia\/36-lecie-niezaleznego-zrzeszenia-studentow\/"]}]},{"@type":"ImageObject","inLanguage":"cs","@id":"https:\/\/marekkuchcinski.pl\/ro\/wydarzenia\/36-lecie-niezaleznego-zrzeszenia-studentow\/#primaryimage","url":"https:\/\/marekkuchcinski.pl\/wp-content\/uploads\/2016\/09\/NZS.jpg","contentUrl":"https:\/\/marekkuchcinski.pl\/wp-content\/uploads\/2016\/09\/NZS.jpg","width":625,"height":398},{"@type":"BreadcrumbList","@id":"https:\/\/marekkuchcinski.pl\/ro\/wydarzenia\/36-lecie-niezaleznego-zrzeszenia-studentow\/#breadcrumb","itemListElement":[{"@type":"ListItem","position":1,"name":"Strona g\u0142\u00f3wna","item":"https:\/\/marekkuchcinski.pl\/"},{"@type":"ListItem","position":2,"name":"36-lecie Niezale\u017cnego Zrzeszenia Student\u00f3w"}]},{"@type":"WebSite","@id":"https:\/\/marekkuchcinski.pl\/#website","url":"https:\/\/marekkuchcinski.pl\/","name":"Marek Kuchci\u0144ski","description":"Pose\u0142 na sejm RP &ndash; okr\u0119g nr 22","publisher":{"@id":"https:\/\/marekkuchcinski.pl\/#organization"},"potentialAction":[{"@type":"SearchAction","target":{"@type":"EntryPoint","urlTemplate":"https:\/\/marekkuchcinski.pl\/?s={search_term_string}"},"query-input":{"@type":"PropertyValueSpecification","valueRequired":true,"valueName":"search_term_string"}}],"inLanguage":"cs"},{"@type":"Organization","@id":"https:\/\/marekkuchcinski.pl\/#organization","name":"Marek Kuchci\u0144ski","url":"https:\/\/marekkuchcinski.pl\/","logo":{"@type":"ImageObject","inLanguage":"cs","@id":"https:\/\/marekkuchcinski.pl\/#\/schema\/logo\/image\/","url":"https:\/\/marekkuchcinski.pl\/wp-content\/uploads\/2022\/09\/Marek.jpg","contentUrl":"https:\/\/marekkuchcinski.pl\/wp-content\/uploads\/2022\/09\/Marek.jpg","width":1600,"height":971,"caption":"Marek Kuchci\u0144ski"},"image":{"@id":"https:\/\/marekkuchcinski.pl\/#\/schema\/logo\/image\/"}},{"@type":"Person","@id":"https:\/\/marekkuchcinski.pl\/#\/schema\/person\/6f62700996b4d950b6ea2d1183b6c6be","name":"admin","image":{"@type":"ImageObject","inLanguage":"cs","@id":"https:\/\/marekkuchcinski.pl\/#\/schema\/person\/image\/","url":"https:\/\/secure.gravatar.com\/avatar\/4bab693b9d55c3d6b52c0296a8765085?s=96&d=mm&r=g","contentUrl":"https:\/\/secure.gravatar.com\/avatar\/4bab693b9d55c3d6b52c0296a8765085?s=96&d=mm&r=g","caption":"admin"},"url":"https:\/\/marekkuchcinski.pl\/cs\/author\/marta-olejnik\/"}]}},"_links":{"self":[{"href":"https:\/\/marekkuchcinski.pl\/cs\/wp-json\/wp\/v2\/posts\/3802","targetHints":{"allow":["GET"]}}],"collection":[{"href":"https:\/\/marekkuchcinski.pl\/cs\/wp-json\/wp\/v2\/posts"}],"about":[{"href":"https:\/\/marekkuchcinski.pl\/cs\/wp-json\/wp\/v2\/types\/post"}],"author":[{"embeddable":true,"href":"https:\/\/marekkuchcinski.pl\/cs\/wp-json\/wp\/v2\/users\/6"}],"replies":[{"embeddable":true,"href":"https:\/\/marekkuchcinski.pl\/cs\/wp-json\/wp\/v2\/comments?post=3802"}],"version-history":[{"count":1,"href":"https:\/\/marekkuchcinski.pl\/cs\/wp-json\/wp\/v2\/posts\/3802\/revisions"}],"predecessor-version":[{"id":3804,"href":"https:\/\/marekkuchcinski.pl\/cs\/wp-json\/wp\/v2\/posts\/3802\/revisions\/3804"}],"wp:featuredmedia":[{"embeddable":true,"href":"https:\/\/marekkuchcinski.pl\/cs\/wp-json\/wp\/v2\/media\/3803"}],"wp:attachment":[{"href":"https:\/\/marekkuchcinski.pl\/cs\/wp-json\/wp\/v2\/media?parent=3802"}],"wp:term":[{"taxonomy":"category","embeddable":true,"href":"https:\/\/marekkuchcinski.pl\/cs\/wp-json\/wp\/v2\/categories?post=3802"},{"taxonomy":"post_tag","embeddable":true,"href":"https:\/\/marekkuchcinski.pl\/cs\/wp-json\/wp\/v2\/tags?post=3802"}],"curies":[{"name":"wp","href":"https:\/\/api.w.org\/{rel}","templated":true}]}}