{"id":3779,"date":"2016-09-20T20:19:33","date_gmt":"2016-09-20T18:19:33","guid":{"rendered":"https:\/\/marekkuchcinski.pl\/?p=3779"},"modified":"2016-09-23T14:14:03","modified_gmt":"2016-09-23T12:14:03","slug":"20-wrzesnia","status":"publish","type":"post","link":"https:\/\/marekkuchcinski.pl\/cs\/wazne-daty\/20-wrzesnia\/","title":{"rendered":"20. z\u00e1\u0159\u00ed dnem polsk\u00e9 sl\u00e1vy"},"content":{"rendered":"<p style=\"text-align: left;\">20. z\u00e1\u0159\u00ed p\u0159ipom\u00edn\u00e1 slavn\u00e9 \u010dasy prvn\u00ed a druh\u00e9 republiky. Utv\u00e1\u0159ely lidi, d\u011bjiny, identitu a vlastenectv\u00ed. V roce 1580 se polsk\u00e1 j\u00edzda pod veden\u00edm<br \/>\npod velen\u00edm kn\u00ed\u017eete Janusze Zbarask\u00e9ho rozbila rusk\u00e9 jezdectvo.<strong> w\u00a0<\/strong><strong>bitva u Toropecu<\/strong>. Z\u00fa\u010dastnily se j\u00ed nejlep\u0161\u00ed prapory kr\u00e1lovsk\u00fdch kapit\u00e1n\u016f. Pol\u0161t\u00ed husa\u0159i, kter\u00e9 na z\u00e1klad\u011b usnesen\u00ed Sejmu prvn\u00ed republiky z po\u010d\u00e1tku 16. stolet\u00ed p\u0159ivedl k \u017eivotu, p\u0159edvedli velkolepou pod\u00edvanou a zv\u00edt\u011bzili. Dodnes je pova\u017eov\u00e1n za jeden z nejpozoruhodn\u011bj\u0161\u00edch \u00fatvar\u016f v d\u011bjin\u00e1ch sv\u011bta.<\/p>\n<p style=\"text-align: left;\"><a href=\"https:\/\/marekkuchcinski.pl\/wp-content\/uploads\/2016\/09\/husaria.jpg\"><img fetchpriority=\"high\" decoding=\"async\" class=\"alignnone size-full wp-image-3780\" src=\"https:\/\/marekkuchcinski.pl\/wp-content\/uploads\/2016\/09\/husaria.jpg\" alt=\"husaria\" width=\"1920\" height=\"1152\" srcset=\"https:\/\/marekkuchcinski.pl\/wp-content\/uploads\/2016\/09\/husaria.jpg 1920w, https:\/\/marekkuchcinski.pl\/wp-content\/uploads\/2016\/09\/husaria-300x180.jpg 300w, https:\/\/marekkuchcinski.pl\/wp-content\/uploads\/2016\/09\/husaria-768x461.jpg 768w, https:\/\/marekkuchcinski.pl\/wp-content\/uploads\/2016\/09\/husaria-1024x614.jpg 1024w\" sizes=\"(max-width: 1920px) 100vw, 1920px\" \/><\/a><\/p>\n<p>V roce 1920 zasadil znovuzrozen\u00fd polsk\u00fd st\u00e1t rozhoduj\u00edc\u00ed \u00fader polsko-bol\u0161evick\u00e9mu hnut\u00ed. <strong>bitva u N\u011bmenu<\/strong>. Strategie vrchn\u00edho velitele J\u00f3zefa Pi\u0142sudsk\u00e9ho se vyzna\u010dovala odvahou, inovacemi a p\u0159ekvapen\u00edm nep\u0159\u00edtele.<\/p>\n<p><a href=\"https:\/\/marekkuchcinski.pl\/wp-content\/uploads\/2016\/09\/images.jpg\"><img decoding=\"async\" class=\"alignnone wp-image-3781\" src=\"https:\/\/marekkuchcinski.pl\/wp-content\/uploads\/2016\/09\/images.jpg\" alt=\"images\" width=\"654\" height=\"385\" \/><\/a><\/p>\n<p>V roce 1939 za\u010dala\u00a0<strong>obrana m\u011bsta Grodno<\/strong>\u00a0proti postupuj\u00edc\u00ed Rud\u00e9 arm\u00e1d\u011b<strong>.<\/strong>\u00a0 Gener\u00e1l W\u0142adys\u0142aw Sikorski p\u0159i inspekci 6. p\u011b\u0161\u00ed divize v SSSR v prosinci 1941 v rozhovoru s p\u0159e\u017eiv\u0161\u00edmi obr\u00e1nci Grodna \u0159ekl:\u00a0<em>Vy jste nov\u00ed Eagles. Budu se sna\u017eit zajistit, aby va\u0161e m\u011bsto dostalo\u00a0<\/em><em>Virtuti Militari<\/em><em>\u00a0<\/em><em>a titul Ever Faithful<\/em>. Boje polsk\u00fdch voj\u00e1k\u016f p\u0159i obran\u011b Grodna za druh\u00e9 sv\u011btov\u00e9 v\u00e1lky byly po roce 1990 p\u0159ipomenuty na Hrob\u011b nezn\u00e1m\u00e9ho voj\u00edna ve Var\u0161av\u011b n\u00e1pisem na jedn\u00e9 z desek GRODNO 2 - 22. z\u00e1\u0159\u00ed 1939.<\/p>\n<p><a href=\"https:\/\/marekkuchcinski.pl\/wp-content\/uploads\/2016\/09\/grodno1939.jpg\"><img decoding=\"async\" class=\"alignnone size-full wp-image-3782\" src=\"https:\/\/marekkuchcinski.pl\/wp-content\/uploads\/2016\/09\/grodno1939.jpg\" alt=\"grodno1939\" width=\"600\" height=\"292\" srcset=\"https:\/\/marekkuchcinski.pl\/wp-content\/uploads\/2016\/09\/grodno1939.jpg 600w, https:\/\/marekkuchcinski.pl\/wp-content\/uploads\/2016\/09\/grodno1939-300x146.jpg 300w\" sizes=\"(max-width: 600px) 100vw, 600px\" \/><\/a><\/p>\n<p>V tento den je tak\u00e9 vhodn\u00e9 p\u0159ipomenout ob\u011b pobaltsk\u00e9 zem\u011b a jejich dosa\u017een\u00ed nez\u00e1vislosti, kter\u00e1 je pro n\u011b stejn\u011b velkou hodnotou jako pro Pol\u00e1ky. 20. z\u00e1\u0159\u00ed 1992 se v Estonsku konaly prvn\u00ed svobodn\u00e9 volby po rozpadu SSSR. V roce 2003 se loty\u0161\u0161t\u00ed ob\u010dan\u00e9 v referendu vyslovili pro vstup do Evropsk\u00e9 unie.<\/p>\n<p>21. z\u00e1\u0159\u00ed 1991 se ob\u010dan\u00e9 Arm\u00e9nie v referendu rozhodli odd\u011blit od SSSR.<\/p>","protected":false},"excerpt":{"rendered":"<p>20 wrze\u015bnia przypomina o dniach chwa\u0142y I i II Rzeczpospolitej. Kszta\u0142towa\u0142y one ludzi, histori\u0119, to\u017csamo\u015b\u0107, patriotyzm. W 1580\u00a0r. polska jazda pod dow\u00f3dztwem ksi\u0119cia\u00a0Janusza Zbaraskiego\u00a0rozbi\u0142a kawaleri\u0119 rosyjsk\u0105 w\u00a0bitwie pod Toropcem. Wzi\u0119\u0142y w niej udzia\u0142 najlepsze\u00a0chor\u0105gwie\u00a0rotmistrz\u00f3w\u00a0kr\u00f3lewskich. Husaria polska, kt\u00f3r\u0105\u00a0Sejm I Rzeczpospolitej powo\u0142a\u0142 do \u017cycia uchwal\u0105 na pocz\u0105tku XVI wieku, r\u00f3wnie\u017c wtedy da\u0142a spektakularny popis i odnios\u0142a zwyci\u0119stwo. [&hellip;]<\/p>","protected":false},"author":6,"featured_media":3780,"comment_status":"open","ping_status":"open","sticky":false,"template":"","format":"standard","meta":{"ngg_post_thumbnail":0,"footnotes":""},"categories":[77],"tags":[],"class_list":["post-3779","post","type-post","status-publish","format-standard","has-post-thumbnail","hentry","category-wazne-daty"],"yoast_head":"<!-- This site is optimized with the Yoast SEO plugin v24.7 - https:\/\/yoast.com\/wordpress\/plugins\/seo\/ -->\n<title>20 wrze\u015bnia dniem polskiej chwa\u0142y &#8211; Marek Kuchci\u0144ski<\/title>\n<meta name=\"robots\" content=\"index, follow, max-snippet:-1, max-image-preview:large, max-video-preview:-1\" \/>\n<link rel=\"canonical\" href=\"https:\/\/marekkuchcinski.pl\/cs\/wazne-daty\/20-wrzesnia\/\" \/>\n<meta property=\"og:locale\" content=\"cs_CZ\" \/>\n<meta property=\"og:type\" content=\"article\" \/>\n<meta property=\"og:title\" content=\"20 wrze\u015bnia dniem polskiej chwa\u0142y &#8211; Marek Kuchci\u0144ski\" \/>\n<meta property=\"og:description\" content=\"20 wrze\u015bnia przypomina o dniach chwa\u0142y I i II Rzeczpospolitej. Kszta\u0142towa\u0142y one ludzi, histori\u0119, to\u017csamo\u015b\u0107, patriotyzm. W 1580\u00a0r. polska jazda pod dow\u00f3dztwem ksi\u0119cia\u00a0Janusza Zbaraskiego\u00a0rozbi\u0142a kawaleri\u0119 rosyjsk\u0105 w\u00a0bitwie pod Toropcem. Wzi\u0119\u0142y w niej udzia\u0142 najlepsze\u00a0chor\u0105gwie\u00a0rotmistrz\u00f3w\u00a0kr\u00f3lewskich. Husaria polska, kt\u00f3r\u0105\u00a0Sejm I Rzeczpospolitej powo\u0142a\u0142 do \u017cycia uchwal\u0105 na pocz\u0105tku XVI wieku, r\u00f3wnie\u017c wtedy da\u0142a spektakularny popis i odnios\u0142a zwyci\u0119stwo. [&hellip;]\" \/>\n<meta property=\"og:url\" content=\"https:\/\/marekkuchcinski.pl\/cs\/wazne-daty\/20-wrzesnia\/\" \/>\n<meta property=\"og:site_name\" content=\"Marek Kuchci\u0144ski\" \/>\n<meta property=\"article:published_time\" content=\"2016-09-20T18:19:33+00:00\" \/>\n<meta property=\"article:modified_time\" content=\"2016-09-23T12:14:03+00:00\" \/>\n<meta property=\"og:image\" content=\"https:\/\/marekkuchcinski.pl\/wp-content\/uploads\/2016\/09\/husaria.jpg\" \/>\n\t<meta property=\"og:image:width\" content=\"1920\" \/>\n\t<meta property=\"og:image:height\" content=\"1152\" \/>\n\t<meta property=\"og:image:type\" content=\"image\/jpeg\" \/>\n<meta name=\"author\" content=\"admin\" \/>\n<meta name=\"twitter:card\" content=\"summary_large_image\" \/>\n<meta name=\"twitter:label1\" content=\"Napsal(a)\" \/>\n\t<meta name=\"twitter:data1\" content=\"admin\" \/>\n\t<meta name=\"twitter:label2\" content=\"Odhadovan\u00e1 doba \u010dten\u00ed\" \/>\n\t<meta name=\"twitter:data2\" content=\"1 minuta\" \/>\n<script type=\"application\/ld+json\" class=\"yoast-schema-graph\">{\"@context\":\"https:\/\/schema.org\",\"@graph\":[{\"@type\":\"Article\",\"@id\":\"https:\/\/marekkuchcinski.pl\/wazne-daty\/20-wrzesnia\/#article\",\"isPartOf\":{\"@id\":\"https:\/\/marekkuchcinski.pl\/wazne-daty\/20-wrzesnia\/\"},\"author\":{\"name\":\"admin\",\"@id\":\"https:\/\/marekkuchcinski.pl\/#\/schema\/person\/6f62700996b4d950b6ea2d1183b6c6be\"},\"headline\":\"20 wrze\u015bnia dniem polskiej chwa\u0142y\",\"datePublished\":\"2016-09-20T18:19:33+00:00\",\"dateModified\":\"2016-09-23T12:14:03+00:00\",\"mainEntityOfPage\":{\"@id\":\"https:\/\/marekkuchcinski.pl\/wazne-daty\/20-wrzesnia\/\"},\"wordCount\":291,\"commentCount\":0,\"publisher\":{\"@id\":\"https:\/\/marekkuchcinski.pl\/#organization\"},\"image\":{\"@id\":\"https:\/\/marekkuchcinski.pl\/wazne-daty\/20-wrzesnia\/#primaryimage\"},\"thumbnailUrl\":\"https:\/\/marekkuchcinski.pl\/wp-content\/uploads\/2016\/09\/husaria.jpg\",\"articleSection\":[\"Wa\u017cne daty\"],\"inLanguage\":\"cs\",\"potentialAction\":[{\"@type\":\"CommentAction\",\"name\":\"Comment\",\"target\":[\"https:\/\/marekkuchcinski.pl\/wazne-daty\/20-wrzesnia\/#respond\"]}]},{\"@type\":\"WebPage\",\"@id\":\"https:\/\/marekkuchcinski.pl\/wazne-daty\/20-wrzesnia\/\",\"url\":\"https:\/\/marekkuchcinski.pl\/wazne-daty\/20-wrzesnia\/\",\"name\":\"20 wrze\u015bnia dniem polskiej chwa\u0142y &#8211; Marek Kuchci\u0144ski\",\"isPartOf\":{\"@id\":\"https:\/\/marekkuchcinski.pl\/#website\"},\"primaryImageOfPage\":{\"@id\":\"https:\/\/marekkuchcinski.pl\/wazne-daty\/20-wrzesnia\/#primaryimage\"},\"image\":{\"@id\":\"https:\/\/marekkuchcinski.pl\/wazne-daty\/20-wrzesnia\/#primaryimage\"},\"thumbnailUrl\":\"https:\/\/marekkuchcinski.pl\/wp-content\/uploads\/2016\/09\/husaria.jpg\",\"datePublished\":\"2016-09-20T18:19:33+00:00\",\"dateModified\":\"2016-09-23T12:14:03+00:00\",\"breadcrumb\":{\"@id\":\"https:\/\/marekkuchcinski.pl\/wazne-daty\/20-wrzesnia\/#breadcrumb\"},\"inLanguage\":\"cs\",\"potentialAction\":[{\"@type\":\"ReadAction\",\"target\":[\"https:\/\/marekkuchcinski.pl\/wazne-daty\/20-wrzesnia\/\"]}]},{\"@type\":\"ImageObject\",\"inLanguage\":\"cs\",\"@id\":\"https:\/\/marekkuchcinski.pl\/wazne-daty\/20-wrzesnia\/#primaryimage\",\"url\":\"https:\/\/marekkuchcinski.pl\/wp-content\/uploads\/2016\/09\/husaria.jpg\",\"contentUrl\":\"https:\/\/marekkuchcinski.pl\/wp-content\/uploads\/2016\/09\/husaria.jpg\",\"width\":1920,\"height\":1152},{\"@type\":\"BreadcrumbList\",\"@id\":\"https:\/\/marekkuchcinski.pl\/wazne-daty\/20-wrzesnia\/#breadcrumb\",\"itemListElement\":[{\"@type\":\"ListItem\",\"position\":1,\"name\":\"Strona g\u0142\u00f3wna\",\"item\":\"https:\/\/marekkuchcinski.pl\/\"},{\"@type\":\"ListItem\",\"position\":2,\"name\":\"20 wrze\u015bnia dniem polskiej chwa\u0142y\"}]},{\"@type\":\"WebSite\",\"@id\":\"https:\/\/marekkuchcinski.pl\/#website\",\"url\":\"https:\/\/marekkuchcinski.pl\/\",\"name\":\"Marek Kuchci\u0144ski\",\"description\":\"Pose\u0142 na sejm RP &ndash; okr\u0119g nr 22\",\"publisher\":{\"@id\":\"https:\/\/marekkuchcinski.pl\/#organization\"},\"potentialAction\":[{\"@type\":\"SearchAction\",\"target\":{\"@type\":\"EntryPoint\",\"urlTemplate\":\"https:\/\/marekkuchcinski.pl\/?s={search_term_string}\"},\"query-input\":{\"@type\":\"PropertyValueSpecification\",\"valueRequired\":true,\"valueName\":\"search_term_string\"}}],\"inLanguage\":\"cs\"},{\"@type\":\"Organization\",\"@id\":\"https:\/\/marekkuchcinski.pl\/#organization\",\"name\":\"Marek Kuchci\u0144ski\",\"url\":\"https:\/\/marekkuchcinski.pl\/\",\"logo\":{\"@type\":\"ImageObject\",\"inLanguage\":\"cs\",\"@id\":\"https:\/\/marekkuchcinski.pl\/#\/schema\/logo\/image\/\",\"url\":\"https:\/\/marekkuchcinski.pl\/wp-content\/uploads\/2022\/09\/Marek.jpg\",\"contentUrl\":\"https:\/\/marekkuchcinski.pl\/wp-content\/uploads\/2022\/09\/Marek.jpg\",\"width\":1600,\"height\":971,\"caption\":\"Marek Kuchci\u0144ski\"},\"image\":{\"@id\":\"https:\/\/marekkuchcinski.pl\/#\/schema\/logo\/image\/\"}},{\"@type\":\"Person\",\"@id\":\"https:\/\/marekkuchcinski.pl\/#\/schema\/person\/6f62700996b4d950b6ea2d1183b6c6be\",\"name\":\"admin\",\"image\":{\"@type\":\"ImageObject\",\"inLanguage\":\"cs\",\"@id\":\"https:\/\/marekkuchcinski.pl\/#\/schema\/person\/image\/\",\"url\":\"https:\/\/secure.gravatar.com\/avatar\/4bab693b9d55c3d6b52c0296a8765085?s=96&d=mm&r=g\",\"contentUrl\":\"https:\/\/secure.gravatar.com\/avatar\/4bab693b9d55c3d6b52c0296a8765085?s=96&d=mm&r=g\",\"caption\":\"admin\"},\"url\":\"https:\/\/marekkuchcinski.pl\/cs\/author\/marta-olejnik\/\"}]}<\/script>\n<!-- \/ Yoast SEO plugin. -->","yoast_head_json":{"title":"20 wrze\u015bnia dniem polskiej chwa\u0142y &#8211; Marek Kuchci\u0144ski","robots":{"index":"index","follow":"follow","max-snippet":"max-snippet:-1","max-image-preview":"max-image-preview:large","max-video-preview":"max-video-preview:-1"},"canonical":"https:\/\/marekkuchcinski.pl\/cs\/wazne-daty\/20-wrzesnia\/","og_locale":"cs_CZ","og_type":"article","og_title":"20 wrze\u015bnia dniem polskiej chwa\u0142y &#8211; Marek Kuchci\u0144ski","og_description":"20 wrze\u015bnia przypomina o dniach chwa\u0142y I i II Rzeczpospolitej. Kszta\u0142towa\u0142y one ludzi, histori\u0119, to\u017csamo\u015b\u0107, patriotyzm. W 1580\u00a0r. polska jazda pod dow\u00f3dztwem ksi\u0119cia\u00a0Janusza Zbaraskiego\u00a0rozbi\u0142a kawaleri\u0119 rosyjsk\u0105 w\u00a0bitwie pod Toropcem. Wzi\u0119\u0142y w niej udzia\u0142 najlepsze\u00a0chor\u0105gwie\u00a0rotmistrz\u00f3w\u00a0kr\u00f3lewskich. Husaria polska, kt\u00f3r\u0105\u00a0Sejm I Rzeczpospolitej powo\u0142a\u0142 do \u017cycia uchwal\u0105 na pocz\u0105tku XVI wieku, r\u00f3wnie\u017c wtedy da\u0142a spektakularny popis i odnios\u0142a zwyci\u0119stwo. [&hellip;]","og_url":"https:\/\/marekkuchcinski.pl\/cs\/wazne-daty\/20-wrzesnia\/","og_site_name":"Marek Kuchci\u0144ski","article_published_time":"2016-09-20T18:19:33+00:00","article_modified_time":"2016-09-23T12:14:03+00:00","og_image":[{"width":1920,"height":1152,"url":"https:\/\/marekkuchcinski.pl\/wp-content\/uploads\/2016\/09\/husaria.jpg","type":"image\/jpeg"}],"author":"admin","twitter_card":"summary_large_image","twitter_misc":{"Napsal(a)":"admin","Odhadovan\u00e1 doba \u010dten\u00ed":"1 minuta"},"schema":{"@context":"https:\/\/schema.org","@graph":[{"@type":"Article","@id":"https:\/\/marekkuchcinski.pl\/wazne-daty\/20-wrzesnia\/#article","isPartOf":{"@id":"https:\/\/marekkuchcinski.pl\/wazne-daty\/20-wrzesnia\/"},"author":{"name":"admin","@id":"https:\/\/marekkuchcinski.pl\/#\/schema\/person\/6f62700996b4d950b6ea2d1183b6c6be"},"headline":"20 wrze\u015bnia dniem polskiej chwa\u0142y","datePublished":"2016-09-20T18:19:33+00:00","dateModified":"2016-09-23T12:14:03+00:00","mainEntityOfPage":{"@id":"https:\/\/marekkuchcinski.pl\/wazne-daty\/20-wrzesnia\/"},"wordCount":291,"commentCount":0,"publisher":{"@id":"https:\/\/marekkuchcinski.pl\/#organization"},"image":{"@id":"https:\/\/marekkuchcinski.pl\/wazne-daty\/20-wrzesnia\/#primaryimage"},"thumbnailUrl":"https:\/\/marekkuchcinski.pl\/wp-content\/uploads\/2016\/09\/husaria.jpg","articleSection":["Wa\u017cne daty"],"inLanguage":"cs","potentialAction":[{"@type":"CommentAction","name":"Comment","target":["https:\/\/marekkuchcinski.pl\/wazne-daty\/20-wrzesnia\/#respond"]}]},{"@type":"WebPage","@id":"https:\/\/marekkuchcinski.pl\/wazne-daty\/20-wrzesnia\/","url":"https:\/\/marekkuchcinski.pl\/wazne-daty\/20-wrzesnia\/","name":"20 wrze\u015bnia dniem polskiej chwa\u0142y &#8211; Marek Kuchci\u0144ski","isPartOf":{"@id":"https:\/\/marekkuchcinski.pl\/#website"},"primaryImageOfPage":{"@id":"https:\/\/marekkuchcinski.pl\/wazne-daty\/20-wrzesnia\/#primaryimage"},"image":{"@id":"https:\/\/marekkuchcinski.pl\/wazne-daty\/20-wrzesnia\/#primaryimage"},"thumbnailUrl":"https:\/\/marekkuchcinski.pl\/wp-content\/uploads\/2016\/09\/husaria.jpg","datePublished":"2016-09-20T18:19:33+00:00","dateModified":"2016-09-23T12:14:03+00:00","breadcrumb":{"@id":"https:\/\/marekkuchcinski.pl\/wazne-daty\/20-wrzesnia\/#breadcrumb"},"inLanguage":"cs","potentialAction":[{"@type":"ReadAction","target":["https:\/\/marekkuchcinski.pl\/wazne-daty\/20-wrzesnia\/"]}]},{"@type":"ImageObject","inLanguage":"cs","@id":"https:\/\/marekkuchcinski.pl\/wazne-daty\/20-wrzesnia\/#primaryimage","url":"https:\/\/marekkuchcinski.pl\/wp-content\/uploads\/2016\/09\/husaria.jpg","contentUrl":"https:\/\/marekkuchcinski.pl\/wp-content\/uploads\/2016\/09\/husaria.jpg","width":1920,"height":1152},{"@type":"BreadcrumbList","@id":"https:\/\/marekkuchcinski.pl\/wazne-daty\/20-wrzesnia\/#breadcrumb","itemListElement":[{"@type":"ListItem","position":1,"name":"Strona g\u0142\u00f3wna","item":"https:\/\/marekkuchcinski.pl\/"},{"@type":"ListItem","position":2,"name":"20 wrze\u015bnia dniem polskiej chwa\u0142y"}]},{"@type":"WebSite","@id":"https:\/\/marekkuchcinski.pl\/#website","url":"https:\/\/marekkuchcinski.pl\/","name":"Marek Kuchci\u0144ski","description":"Pose\u0142 na sejm RP &ndash; okr\u0119g nr 22","publisher":{"@id":"https:\/\/marekkuchcinski.pl\/#organization"},"potentialAction":[{"@type":"SearchAction","target":{"@type":"EntryPoint","urlTemplate":"https:\/\/marekkuchcinski.pl\/?s={search_term_string}"},"query-input":{"@type":"PropertyValueSpecification","valueRequired":true,"valueName":"search_term_string"}}],"inLanguage":"cs"},{"@type":"Organization","@id":"https:\/\/marekkuchcinski.pl\/#organization","name":"Marek Kuchci\u0144ski","url":"https:\/\/marekkuchcinski.pl\/","logo":{"@type":"ImageObject","inLanguage":"cs","@id":"https:\/\/marekkuchcinski.pl\/#\/schema\/logo\/image\/","url":"https:\/\/marekkuchcinski.pl\/wp-content\/uploads\/2022\/09\/Marek.jpg","contentUrl":"https:\/\/marekkuchcinski.pl\/wp-content\/uploads\/2022\/09\/Marek.jpg","width":1600,"height":971,"caption":"Marek Kuchci\u0144ski"},"image":{"@id":"https:\/\/marekkuchcinski.pl\/#\/schema\/logo\/image\/"}},{"@type":"Person","@id":"https:\/\/marekkuchcinski.pl\/#\/schema\/person\/6f62700996b4d950b6ea2d1183b6c6be","name":"admin","image":{"@type":"ImageObject","inLanguage":"cs","@id":"https:\/\/marekkuchcinski.pl\/#\/schema\/person\/image\/","url":"https:\/\/secure.gravatar.com\/avatar\/4bab693b9d55c3d6b52c0296a8765085?s=96&d=mm&r=g","contentUrl":"https:\/\/secure.gravatar.com\/avatar\/4bab693b9d55c3d6b52c0296a8765085?s=96&d=mm&r=g","caption":"admin"},"url":"https:\/\/marekkuchcinski.pl\/cs\/author\/marta-olejnik\/"}]}},"_links":{"self":[{"href":"https:\/\/marekkuchcinski.pl\/cs\/wp-json\/wp\/v2\/posts\/3779","targetHints":{"allow":["GET"]}}],"collection":[{"href":"https:\/\/marekkuchcinski.pl\/cs\/wp-json\/wp\/v2\/posts"}],"about":[{"href":"https:\/\/marekkuchcinski.pl\/cs\/wp-json\/wp\/v2\/types\/post"}],"author":[{"embeddable":true,"href":"https:\/\/marekkuchcinski.pl\/cs\/wp-json\/wp\/v2\/users\/6"}],"replies":[{"embeddable":true,"href":"https:\/\/marekkuchcinski.pl\/cs\/wp-json\/wp\/v2\/comments?post=3779"}],"version-history":[{"count":6,"href":"https:\/\/marekkuchcinski.pl\/cs\/wp-json\/wp\/v2\/posts\/3779\/revisions"}],"predecessor-version":[{"id":3842,"href":"https:\/\/marekkuchcinski.pl\/cs\/wp-json\/wp\/v2\/posts\/3779\/revisions\/3842"}],"wp:featuredmedia":[{"embeddable":true,"href":"https:\/\/marekkuchcinski.pl\/cs\/wp-json\/wp\/v2\/media\/3780"}],"wp:attachment":[{"href":"https:\/\/marekkuchcinski.pl\/cs\/wp-json\/wp\/v2\/media?parent=3779"}],"wp:term":[{"taxonomy":"category","embeddable":true,"href":"https:\/\/marekkuchcinski.pl\/cs\/wp-json\/wp\/v2\/categories?post=3779"},{"taxonomy":"post_tag","embeddable":true,"href":"https:\/\/marekkuchcinski.pl\/cs\/wp-json\/wp\/v2\/tags?post=3779"}],"curies":[{"name":"wp","href":"https:\/\/api.w.org\/{rel}","templated":true}]}}