{"id":3699,"date":"2016-09-12T13:14:59","date_gmt":"2016-09-12T11:14:59","guid":{"rendered":"https:\/\/marekkuchcinski.pl\/?p=3699"},"modified":"2016-09-12T13:14:59","modified_gmt":"2016-09-12T11:14:59","slug":"szymanowski-orban-nieliczny-polityk-europejski-wyznajacy-zasade-bog-honor-ojczyzna","status":"publish","type":"post","link":"https:\/\/marekkuchcinski.pl\/cs\/europa-karpat\/szymanowski-orban-nieliczny-polityk-europejski-wyznajacy-zasade-bog-honor-ojczyzna\/","title":{"rendered":"Szymanowski: Orb\u00e1n je vz\u00e1cn\u00fdm evropsk\u00fdm politikem, kter\u00fd se dr\u017e\u00ed z\u00e1sady B\u016fh-\u010cest-vlasti"},"content":{"rendered":"<p>- O Krynici se n\u011bkdy mluv\u00ed s lehce zlomysln\u00fdm polsk\u00fdm Davosem. Jedn\u00e1 se o v\u00fdznamn\u00e9 st\u0159edoevropsk\u00e9 setk\u00e1n\u00ed, a to dokonce v\u00edce, ne\u017e si mysl\u00edme, proto\u017ee sem p\u0159ij\u00ed\u017ed\u011bj\u00ed lid\u00e9 ze zem\u00ed Kavkazu, st\u0159edn\u00ed Evropy, Visegr\u00e1dsk\u00e9 skupiny, N\u011bmecka a Francie. T\u0159i tis\u00edce lid\u00ed, nepochopiteln\u00fd po\u010det panel\u016f.<br \/>\nFantastick\u00e1 je promen\u00e1da uprost\u0159ed, kde maj\u00ed lid\u00e9 mo\u017enost prohodit p\u00e1r v\u011bt s lidmi, kte\u0159\u00ed zast\u00e1vaj\u00ed v\u00fdznamn\u00e9 funkce ve sv\u00fdch zem\u00edch,\" poznamen\u00e1v\u00e1 doktor Maciej Szymanowski z Katolick\u00e9 univerzity v Budape\u0161ti a poradce p\u0159edsedy polsk\u00e9ho Sejmu v rozhovoru s Marcinem B\u0105kem v po\u0159adu \"Roz\u0161ifrujme Polsko\".<\/p>\n<p>- D\u016fle\u017eit\u00e1 ujedn\u00e1n\u00ed se \u010dasto odehr\u00e1vaj\u00ed v rozhovorech, kter\u00e9 prob\u00edhaj\u00ed neform\u00e1ln\u011b, \u010dasto v pozdn\u00edch hodin\u00e1ch, \u010dasto v uvoln\u011bn\u011bj\u0161\u00ed atmosf\u00e9\u0159e. Ka\u017ed\u00fd z n\u00e1s, a\u0165 u\u017e jsme \u0161\u00e9fem velk\u00e9 banky, premi\u00e9rem nebo zam\u011bstnancem univerzity, se mus\u00ed pod\u00edvat do zrcadla. Vid\u00edme sv\u00e9 ruce, vid\u00edme sv\u00e9 nohy, ale pokud chceme vid\u011bt t\u011blo, mus\u00edme se pod\u00edvat do zrcadla. Tyto rozhovory jsou takov\u00fdm pohledem do zrcadla. Po takov\u00fdch setk\u00e1n\u00edch na promen\u00e1d\u011b se otev\u00edraj\u00ed nov\u00e9 mozkov\u00e9 ventily a my za\u010d\u00edn\u00e1me konfrontovat sv\u00e9 dosavadn\u00ed my\u0161lenky a roz\u0161i\u0159ovat je o znalosti a moudrost ostatn\u00edch. Pak jsme schopni l\u00e9pe realizovat n\u00e1rodn\u00ed z\u00e1jmy - dod\u00e1v\u00e1 host po\u0159adu.<\/p>\n<p>- Viktor Orb\u00e1n asi nejd\u016fle\u017eit\u011bj\u0161\u00ed v\u011bc \u0159ekl v posledn\u00ed v\u011bt\u011b sv\u00e9ho projevu, kdy\u017e v ma\u010far\u0161tin\u011b parafr\u00e1zoval polsk\u00e9 p\u0159\u00edslov\u00ed o tom, \u017ee n\u011bkdy lze s n\u011bk\u00fdm kr\u00e1st kon\u011b, nebo s n\u011bk\u00fdm kon\u011b nekr\u00e1st. Odvol\u00e1val se na princip d\u016fv\u011bry, princip solidarity a princip cti, jakkoli to m\u016f\u017ee zn\u00edt podivn\u011b. Orb\u00e1n je jedn\u00edm z m\u00e1la evropsk\u00fdch politik\u016f, kte\u0159\u00ed se dr\u017e\u00ed z\u00e1sady \"B\u016fh, \u010dest, vlast\". Orb\u00e1n se neboj\u00ed odvol\u00e1n\u00ed k Bohu, \u010dest ch\u00e1pe jako dodr\u017eov\u00e1n\u00ed dohod, na rozd\u00edl od n\u011bkter\u00fdch z\u00e1padn\u00edch mocnost\u00ed, kter\u00e9 kdysi Ukrajin\u011b sl\u00edbily, \u017ee pokud se vzd\u00e1 jadern\u00fdch hlavic, bude zachov\u00e1na st\u00e1lost jej\u00edch hranic a kone\u010dn\u011b vlast, n\u00e1rod ch\u00e1pe jako velkou rodinu.<\/p>\n<p>&nbsp;<\/p>\n<p>zdroj: http:\/\/telewizjarepublika.pl\/<\/p>","protected":false},"excerpt":{"rendered":"<p>\u2013 O Krynicy czasem m\u00f3wi si\u0119 nieco z\u0142o\u015bliwie polskie Davos. To wa\u017cne spotkanie \u015brodkowo-europejskie, a nawet bardziej ni\u017c si\u0119 nam wydaje, bo przyje\u017cd\u017caj\u0105 osoby z pa\u0144stw zakaukaskich, Europy \u015arodkowej, Grupy Wyszehradzkiej, z Niemiec, z Francji. Trzy tysi\u0105ce os\u00f3b, ilo\u015b\u0107 paneli nie do ogarni\u0119cia. Fantastyczny jest ten deptak po\u015brodku, gdzie cz\u0142owiek ma mo\u017cliwo\u015b\u0107 zamienienia kilku zda\u0144 [&hellip;]<\/p>","protected":false},"author":6,"featured_media":0,"comment_status":"open","ping_status":"open","sticky":false,"template":"","format":"standard","meta":{"ngg_post_thumbnail":0,"footnotes":""},"categories":[78],"tags":[],"class_list":["post-3699","post","type-post","status-publish","format-standard","hentry","category-europa-karpat"],"yoast_head":"<!-- This site is optimized with the Yoast SEO plugin v24.7 - https:\/\/yoast.com\/wordpress\/plugins\/seo\/ -->\n<title>Szymanowski: Orban to nieliczny polityk europejski wyznaj\u0105cy zasad\u0119 B\u00f3g - Honor - Ojczyzna &#8211; Marek Kuchci\u0144ski<\/title>\n<meta name=\"robots\" content=\"index, follow, max-snippet:-1, max-image-preview:large, max-video-preview:-1\" \/>\n<link rel=\"canonical\" href=\"https:\/\/marekkuchcinski.pl\/cs\/europa-karpat\/szymanowski-orban-nieliczny-polityk-europejski-wyznajacy-zasade-bog-honor-ojczyzna\/\" \/>\n<meta property=\"og:locale\" content=\"cs_CZ\" \/>\n<meta property=\"og:type\" content=\"article\" \/>\n<meta property=\"og:title\" content=\"Szymanowski: Orban to nieliczny polityk europejski wyznaj\u0105cy zasad\u0119 B\u00f3g - Honor - Ojczyzna &#8211; Marek Kuchci\u0144ski\" \/>\n<meta property=\"og:description\" content=\"\u2013 O Krynicy czasem m\u00f3wi si\u0119 nieco z\u0142o\u015bliwie polskie Davos. To wa\u017cne spotkanie \u015brodkowo-europejskie, a nawet bardziej ni\u017c si\u0119 nam wydaje, bo przyje\u017cd\u017caj\u0105 osoby z pa\u0144stw zakaukaskich, Europy \u015arodkowej, Grupy Wyszehradzkiej, z Niemiec, z Francji. Trzy tysi\u0105ce os\u00f3b, ilo\u015b\u0107 paneli nie do ogarni\u0119cia. Fantastyczny jest ten deptak po\u015brodku, gdzie cz\u0142owiek ma mo\u017cliwo\u015b\u0107 zamienienia kilku zda\u0144 [&hellip;]\" \/>\n<meta property=\"og:url\" content=\"https:\/\/marekkuchcinski.pl\/cs\/europa-karpat\/szymanowski-orban-nieliczny-polityk-europejski-wyznajacy-zasade-bog-honor-ojczyzna\/\" \/>\n<meta property=\"og:site_name\" content=\"Marek Kuchci\u0144ski\" \/>\n<meta property=\"article:published_time\" content=\"2016-09-12T11:14:59+00:00\" \/>\n<meta property=\"og:image\" content=\"https:\/\/marekkuchcinski.pl\/wp-content\/uploads\/2022\/09\/Marek.jpg\" \/>\n\t<meta property=\"og:image:width\" content=\"1600\" \/>\n\t<meta property=\"og:image:height\" content=\"971\" \/>\n\t<meta property=\"og:image:type\" content=\"image\/jpeg\" \/>\n<meta name=\"author\" content=\"admin\" \/>\n<meta name=\"twitter:card\" content=\"summary_large_image\" \/>\n<meta name=\"twitter:label1\" content=\"Napsal(a)\" \/>\n\t<meta name=\"twitter:data1\" content=\"admin\" \/>\n\t<meta name=\"twitter:label2\" content=\"Odhadovan\u00e1 doba \u010dten\u00ed\" \/>\n\t<meta name=\"twitter:data2\" content=\"2 minuty\" \/>\n<script type=\"application\/ld+json\" class=\"yoast-schema-graph\">{\"@context\":\"https:\/\/schema.org\",\"@graph\":[{\"@type\":\"Article\",\"@id\":\"https:\/\/marekkuchcinski.pl\/en\/europa-karpat\/szymanowski-orban-nieliczny-polityk-europejski-wyznajacy-zasade-bog-honor-ojczyzna\/#article\",\"isPartOf\":{\"@id\":\"https:\/\/marekkuchcinski.pl\/en\/europa-karpat\/szymanowski-orban-nieliczny-polityk-europejski-wyznajacy-zasade-bog-honor-ojczyzna\/\"},\"author\":{\"name\":\"admin\",\"@id\":\"https:\/\/marekkuchcinski.pl\/#\/schema\/person\/6f62700996b4d950b6ea2d1183b6c6be\"},\"headline\":\"Szymanowski: Orban to nieliczny polityk europejski wyznaj\u0105cy zasad\u0119 B\u00f3g &#8211; Honor &#8211; Ojczyzna\",\"datePublished\":\"2016-09-12T11:14:59+00:00\",\"mainEntityOfPage\":{\"@id\":\"https:\/\/marekkuchcinski.pl\/en\/europa-karpat\/szymanowski-orban-nieliczny-polityk-europejski-wyznajacy-zasade-bog-honor-ojczyzna\/\"},\"wordCount\":356,\"commentCount\":0,\"publisher\":{\"@id\":\"https:\/\/marekkuchcinski.pl\/#organization\"},\"articleSection\":[\"Europa Karpat\"],\"inLanguage\":\"cs\",\"potentialAction\":[{\"@type\":\"CommentAction\",\"name\":\"Comment\",\"target\":[\"https:\/\/marekkuchcinski.pl\/en\/europa-karpat\/szymanowski-orban-nieliczny-polityk-europejski-wyznajacy-zasade-bog-honor-ojczyzna\/#respond\"]}]},{\"@type\":\"WebPage\",\"@id\":\"https:\/\/marekkuchcinski.pl\/en\/europa-karpat\/szymanowski-orban-nieliczny-polityk-europejski-wyznajacy-zasade-bog-honor-ojczyzna\/\",\"url\":\"https:\/\/marekkuchcinski.pl\/en\/europa-karpat\/szymanowski-orban-nieliczny-polityk-europejski-wyznajacy-zasade-bog-honor-ojczyzna\/\",\"name\":\"Szymanowski: Orban to nieliczny polityk europejski wyznaj\u0105cy zasad\u0119 B\u00f3g - Honor - Ojczyzna &#8211; Marek Kuchci\u0144ski\",\"isPartOf\":{\"@id\":\"https:\/\/marekkuchcinski.pl\/#website\"},\"datePublished\":\"2016-09-12T11:14:59+00:00\",\"breadcrumb\":{\"@id\":\"https:\/\/marekkuchcinski.pl\/en\/europa-karpat\/szymanowski-orban-nieliczny-polityk-europejski-wyznajacy-zasade-bog-honor-ojczyzna\/#breadcrumb\"},\"inLanguage\":\"cs\",\"potentialAction\":[{\"@type\":\"ReadAction\",\"target\":[\"https:\/\/marekkuchcinski.pl\/en\/europa-karpat\/szymanowski-orban-nieliczny-polityk-europejski-wyznajacy-zasade-bog-honor-ojczyzna\/\"]}]},{\"@type\":\"BreadcrumbList\",\"@id\":\"https:\/\/marekkuchcinski.pl\/en\/europa-karpat\/szymanowski-orban-nieliczny-polityk-europejski-wyznajacy-zasade-bog-honor-ojczyzna\/#breadcrumb\",\"itemListElement\":[{\"@type\":\"ListItem\",\"position\":1,\"name\":\"Strona g\u0142\u00f3wna\",\"item\":\"https:\/\/marekkuchcinski.pl\/\"},{\"@type\":\"ListItem\",\"position\":2,\"name\":\"Szymanowski: Orban to nieliczny polityk europejski wyznaj\u0105cy zasad\u0119 B\u00f3g &#8211; Honor &#8211; Ojczyzna\"}]},{\"@type\":\"WebSite\",\"@id\":\"https:\/\/marekkuchcinski.pl\/#website\",\"url\":\"https:\/\/marekkuchcinski.pl\/\",\"name\":\"Marek Kuchci\u0144ski\",\"description\":\"Pose\u0142 na sejm RP &ndash; okr\u0119g nr 22\",\"publisher\":{\"@id\":\"https:\/\/marekkuchcinski.pl\/#organization\"},\"potentialAction\":[{\"@type\":\"SearchAction\",\"target\":{\"@type\":\"EntryPoint\",\"urlTemplate\":\"https:\/\/marekkuchcinski.pl\/?s={search_term_string}\"},\"query-input\":{\"@type\":\"PropertyValueSpecification\",\"valueRequired\":true,\"valueName\":\"search_term_string\"}}],\"inLanguage\":\"cs\"},{\"@type\":\"Organization\",\"@id\":\"https:\/\/marekkuchcinski.pl\/#organization\",\"name\":\"Marek Kuchci\u0144ski\",\"url\":\"https:\/\/marekkuchcinski.pl\/\",\"logo\":{\"@type\":\"ImageObject\",\"inLanguage\":\"cs\",\"@id\":\"https:\/\/marekkuchcinski.pl\/#\/schema\/logo\/image\/\",\"url\":\"https:\/\/marekkuchcinski.pl\/wp-content\/uploads\/2022\/09\/Marek.jpg\",\"contentUrl\":\"https:\/\/marekkuchcinski.pl\/wp-content\/uploads\/2022\/09\/Marek.jpg\",\"width\":1600,\"height\":971,\"caption\":\"Marek Kuchci\u0144ski\"},\"image\":{\"@id\":\"https:\/\/marekkuchcinski.pl\/#\/schema\/logo\/image\/\"}},{\"@type\":\"Person\",\"@id\":\"https:\/\/marekkuchcinski.pl\/#\/schema\/person\/6f62700996b4d950b6ea2d1183b6c6be\",\"name\":\"admin\",\"image\":{\"@type\":\"ImageObject\",\"inLanguage\":\"cs\",\"@id\":\"https:\/\/marekkuchcinski.pl\/#\/schema\/person\/image\/\",\"url\":\"https:\/\/secure.gravatar.com\/avatar\/4bab693b9d55c3d6b52c0296a8765085?s=96&d=mm&r=g\",\"contentUrl\":\"https:\/\/secure.gravatar.com\/avatar\/4bab693b9d55c3d6b52c0296a8765085?s=96&d=mm&r=g\",\"caption\":\"admin\"},\"url\":\"https:\/\/marekkuchcinski.pl\/cs\/author\/marta-olejnik\/\"}]}<\/script>\n<!-- \/ Yoast SEO plugin. -->","yoast_head_json":{"title":"Szymanowski: Orban to nieliczny polityk europejski wyznaj\u0105cy zasad\u0119 B\u00f3g - Honor - Ojczyzna &#8211; Marek Kuchci\u0144ski","robots":{"index":"index","follow":"follow","max-snippet":"max-snippet:-1","max-image-preview":"max-image-preview:large","max-video-preview":"max-video-preview:-1"},"canonical":"https:\/\/marekkuchcinski.pl\/cs\/europa-karpat\/szymanowski-orban-nieliczny-polityk-europejski-wyznajacy-zasade-bog-honor-ojczyzna\/","og_locale":"cs_CZ","og_type":"article","og_title":"Szymanowski: Orban to nieliczny polityk europejski wyznaj\u0105cy zasad\u0119 B\u00f3g - Honor - Ojczyzna &#8211; Marek Kuchci\u0144ski","og_description":"\u2013 O Krynicy czasem m\u00f3wi si\u0119 nieco z\u0142o\u015bliwie polskie Davos. To wa\u017cne spotkanie \u015brodkowo-europejskie, a nawet bardziej ni\u017c si\u0119 nam wydaje, bo przyje\u017cd\u017caj\u0105 osoby z pa\u0144stw zakaukaskich, Europy \u015arodkowej, Grupy Wyszehradzkiej, z Niemiec, z Francji. Trzy tysi\u0105ce os\u00f3b, ilo\u015b\u0107 paneli nie do ogarni\u0119cia. Fantastyczny jest ten deptak po\u015brodku, gdzie cz\u0142owiek ma mo\u017cliwo\u015b\u0107 zamienienia kilku zda\u0144 [&hellip;]","og_url":"https:\/\/marekkuchcinski.pl\/cs\/europa-karpat\/szymanowski-orban-nieliczny-polityk-europejski-wyznajacy-zasade-bog-honor-ojczyzna\/","og_site_name":"Marek Kuchci\u0144ski","article_published_time":"2016-09-12T11:14:59+00:00","og_image":[{"width":1600,"height":971,"url":"https:\/\/marekkuchcinski.pl\/wp-content\/uploads\/2022\/09\/Marek.jpg","type":"image\/jpeg"}],"author":"admin","twitter_card":"summary_large_image","twitter_misc":{"Napsal(a)":"admin","Odhadovan\u00e1 doba \u010dten\u00ed":"2 minuty"},"schema":{"@context":"https:\/\/schema.org","@graph":[{"@type":"Article","@id":"https:\/\/marekkuchcinski.pl\/en\/europa-karpat\/szymanowski-orban-nieliczny-polityk-europejski-wyznajacy-zasade-bog-honor-ojczyzna\/#article","isPartOf":{"@id":"https:\/\/marekkuchcinski.pl\/en\/europa-karpat\/szymanowski-orban-nieliczny-polityk-europejski-wyznajacy-zasade-bog-honor-ojczyzna\/"},"author":{"name":"admin","@id":"https:\/\/marekkuchcinski.pl\/#\/schema\/person\/6f62700996b4d950b6ea2d1183b6c6be"},"headline":"Szymanowski: Orban to nieliczny polityk europejski wyznaj\u0105cy zasad\u0119 B\u00f3g &#8211; Honor &#8211; Ojczyzna","datePublished":"2016-09-12T11:14:59+00:00","mainEntityOfPage":{"@id":"https:\/\/marekkuchcinski.pl\/en\/europa-karpat\/szymanowski-orban-nieliczny-polityk-europejski-wyznajacy-zasade-bog-honor-ojczyzna\/"},"wordCount":356,"commentCount":0,"publisher":{"@id":"https:\/\/marekkuchcinski.pl\/#organization"},"articleSection":["Europa Karpat"],"inLanguage":"cs","potentialAction":[{"@type":"CommentAction","name":"Comment","target":["https:\/\/marekkuchcinski.pl\/en\/europa-karpat\/szymanowski-orban-nieliczny-polityk-europejski-wyznajacy-zasade-bog-honor-ojczyzna\/#respond"]}]},{"@type":"WebPage","@id":"https:\/\/marekkuchcinski.pl\/en\/europa-karpat\/szymanowski-orban-nieliczny-polityk-europejski-wyznajacy-zasade-bog-honor-ojczyzna\/","url":"https:\/\/marekkuchcinski.pl\/en\/europa-karpat\/szymanowski-orban-nieliczny-polityk-europejski-wyznajacy-zasade-bog-honor-ojczyzna\/","name":"Szymanowski: Orban to nieliczny polityk europejski wyznaj\u0105cy zasad\u0119 B\u00f3g - Honor - Ojczyzna &#8211; Marek Kuchci\u0144ski","isPartOf":{"@id":"https:\/\/marekkuchcinski.pl\/#website"},"datePublished":"2016-09-12T11:14:59+00:00","breadcrumb":{"@id":"https:\/\/marekkuchcinski.pl\/en\/europa-karpat\/szymanowski-orban-nieliczny-polityk-europejski-wyznajacy-zasade-bog-honor-ojczyzna\/#breadcrumb"},"inLanguage":"cs","potentialAction":[{"@type":"ReadAction","target":["https:\/\/marekkuchcinski.pl\/en\/europa-karpat\/szymanowski-orban-nieliczny-polityk-europejski-wyznajacy-zasade-bog-honor-ojczyzna\/"]}]},{"@type":"BreadcrumbList","@id":"https:\/\/marekkuchcinski.pl\/en\/europa-karpat\/szymanowski-orban-nieliczny-polityk-europejski-wyznajacy-zasade-bog-honor-ojczyzna\/#breadcrumb","itemListElement":[{"@type":"ListItem","position":1,"name":"Strona g\u0142\u00f3wna","item":"https:\/\/marekkuchcinski.pl\/"},{"@type":"ListItem","position":2,"name":"Szymanowski: Orban to nieliczny polityk europejski wyznaj\u0105cy zasad\u0119 B\u00f3g &#8211; Honor &#8211; Ojczyzna"}]},{"@type":"WebSite","@id":"https:\/\/marekkuchcinski.pl\/#website","url":"https:\/\/marekkuchcinski.pl\/","name":"Marek Kuchci\u0144ski","description":"Pose\u0142 na sejm RP &ndash; okr\u0119g nr 22","publisher":{"@id":"https:\/\/marekkuchcinski.pl\/#organization"},"potentialAction":[{"@type":"SearchAction","target":{"@type":"EntryPoint","urlTemplate":"https:\/\/marekkuchcinski.pl\/?s={search_term_string}"},"query-input":{"@type":"PropertyValueSpecification","valueRequired":true,"valueName":"search_term_string"}}],"inLanguage":"cs"},{"@type":"Organization","@id":"https:\/\/marekkuchcinski.pl\/#organization","name":"Marek Kuchci\u0144ski","url":"https:\/\/marekkuchcinski.pl\/","logo":{"@type":"ImageObject","inLanguage":"cs","@id":"https:\/\/marekkuchcinski.pl\/#\/schema\/logo\/image\/","url":"https:\/\/marekkuchcinski.pl\/wp-content\/uploads\/2022\/09\/Marek.jpg","contentUrl":"https:\/\/marekkuchcinski.pl\/wp-content\/uploads\/2022\/09\/Marek.jpg","width":1600,"height":971,"caption":"Marek Kuchci\u0144ski"},"image":{"@id":"https:\/\/marekkuchcinski.pl\/#\/schema\/logo\/image\/"}},{"@type":"Person","@id":"https:\/\/marekkuchcinski.pl\/#\/schema\/person\/6f62700996b4d950b6ea2d1183b6c6be","name":"admin","image":{"@type":"ImageObject","inLanguage":"cs","@id":"https:\/\/marekkuchcinski.pl\/#\/schema\/person\/image\/","url":"https:\/\/secure.gravatar.com\/avatar\/4bab693b9d55c3d6b52c0296a8765085?s=96&d=mm&r=g","contentUrl":"https:\/\/secure.gravatar.com\/avatar\/4bab693b9d55c3d6b52c0296a8765085?s=96&d=mm&r=g","caption":"admin"},"url":"https:\/\/marekkuchcinski.pl\/cs\/author\/marta-olejnik\/"}]}},"_links":{"self":[{"href":"https:\/\/marekkuchcinski.pl\/cs\/wp-json\/wp\/v2\/posts\/3699","targetHints":{"allow":["GET"]}}],"collection":[{"href":"https:\/\/marekkuchcinski.pl\/cs\/wp-json\/wp\/v2\/posts"}],"about":[{"href":"https:\/\/marekkuchcinski.pl\/cs\/wp-json\/wp\/v2\/types\/post"}],"author":[{"embeddable":true,"href":"https:\/\/marekkuchcinski.pl\/cs\/wp-json\/wp\/v2\/users\/6"}],"replies":[{"embeddable":true,"href":"https:\/\/marekkuchcinski.pl\/cs\/wp-json\/wp\/v2\/comments?post=3699"}],"version-history":[{"count":1,"href":"https:\/\/marekkuchcinski.pl\/cs\/wp-json\/wp\/v2\/posts\/3699\/revisions"}],"predecessor-version":[{"id":3700,"href":"https:\/\/marekkuchcinski.pl\/cs\/wp-json\/wp\/v2\/posts\/3699\/revisions\/3700"}],"wp:attachment":[{"href":"https:\/\/marekkuchcinski.pl\/cs\/wp-json\/wp\/v2\/media?parent=3699"}],"wp:term":[{"taxonomy":"category","embeddable":true,"href":"https:\/\/marekkuchcinski.pl\/cs\/wp-json\/wp\/v2\/categories?post=3699"},{"taxonomy":"post_tag","embeddable":true,"href":"https:\/\/marekkuchcinski.pl\/cs\/wp-json\/wp\/v2\/tags?post=3699"}],"curies":[{"name":"wp","href":"https:\/\/api.w.org\/{rel}","templated":true}]}}