{"id":365,"date":"2013-09-17T05:09:30","date_gmt":"2013-09-17T03:09:30","guid":{"rendered":"https:\/\/marekkuchcinski.pl\/?p=365"},"modified":"2016-08-25T16:59:27","modified_gmt":"2016-08-25T14:59:27","slug":"marszalek-kuchcinski-w-zdunskiej-woli","status":"publish","type":"post","link":"https:\/\/marekkuchcinski.pl\/cs\/wydarzenia\/marszalek-kuchcinski-w-zdunskiej-woli\/","title":{"rendered":"Mar\u0161\u00e1l Kuchci\u0144ski ve Zdu\u0144sk\u00e9 Woli"},"content":{"rendered":"<p style=\"text-align: justify;\">ezdunska.pl: M\u00edstop\u0159edseda Sejmu Marek Kuchci\u0144ski a poslanci Grzegorz Schreiber a Marek Matuszewski se 9. z\u00e1\u0159\u00ed setkali ve Zdu\u0144sk\u00e9 Woli v r\u00e1mci setk\u00e1n\u00ed, kter\u00e1 po cel\u00e9 zemi po\u0159\u00e1d\u00e1 strana Pr\u00e1vo a spravedlnost pod heslem \"Mluvme o Polsku\". P\u0159\u00edtomni byli tak\u00e9 m\u00edstn\u00ed strani\u010dt\u00ed aktivist\u00e9. Setk\u00e1n\u00ed s obyvateli m\u011bsta spojen\u00e9 s tiskov\u00fdm br\u00edfinkem uspo\u0159\u00e1dali aktivist\u00e9 Pr\u00e1va a spravedlnosti v pam\u011btn\u00edm centru svat\u00e9ho Maxmili\u00e1na.<\/p>\n<p style=\"text-align: justify;\">- Z\u00e1kladn\u00edm probl\u00e9mem, se kter\u00fdm se zde ve st\u0159edn\u00edm Polsku pot\u00fdk\u00e1me, je probl\u00e9m pr\u00e1ce. Nejde v\u0161ak jen o pracovn\u00ed m\u00edsta ve smyslu nezam\u011bstnanosti, ale tak\u00e9 o kvalitu pr\u00e1ce, dobrou a slu\u0161nou mzdu, s t\u00edm spojen\u00e9 \u017eivotn\u00ed n\u00e1klady a celou \u0159adu dal\u0161\u00edch ot\u00e1zek. Za druh\u00e9 je to ot\u00e1zka udr\u017een\u00ed rodiny a s n\u00ed spojen\u00e9 z\u00e1kladn\u00ed ot\u00e1zky, kter\u00e9 by podle n\u00e1s m\u011bly b\u00fdt v kompetenci \u00fast\u0159edn\u00edch st\u00e1tn\u00edch org\u00e1n\u016f, jako je \u0161kolstv\u00ed nebo zdravotnictv\u00ed - zm\u00ednil Marek Kuchci\u0144ski.<\/p>\n<p style=\"text-align: justify;\">V\u00edce: <a href=\"http:\/\/ezdunska.pl\/index.php\/wiadomosci-aktualnosci\/4553-porozmawiali-o-polsce\">ezdunska.pl<\/a>.<\/p>","protected":false},"excerpt":{"rendered":"<p>ezdunska.pl: 9 wrze\u015bnia wicemarsza\u0142ek Sejmu Marek Kuchci\u0144ski oraz pos\u0142owie Grzegorz Schreiber i Marek Matuszewski spotkali si\u0119 w Zdu\u0144skiej Woli w ramach organizowanych w ca\u0142ym kraju przez Prawo i Sprawiedliwo\u015b\u0107 spotka\u0144 pod has\u0142em \u201ePorozmawiajmy o Polsce\u201d. Obecni byli tak\u017ce lokalni dzia\u0142acze tej partii. Spotkanie z mieszka\u0144cami miasta po\u0142\u0105czone z briefingiem prasowym dzia\u0142acze Prawa i Sprawiedliwo\u015bci zorganizowali [&hellip;]<\/p>","protected":false},"author":6,"featured_media":0,"comment_status":"open","ping_status":"open","sticky":false,"template":"","format":"standard","meta":{"ngg_post_thumbnail":0,"footnotes":""},"categories":[3],"tags":[],"class_list":["post-365","post","type-post","status-publish","format-standard","hentry","category-wydarzenia"],"yoast_head":"<!-- This site is optimized with the Yoast SEO plugin v24.7 - https:\/\/yoast.com\/wordpress\/plugins\/seo\/ -->\n<title>Marsza\u0142ek Kuchci\u0144ski w Zdu\u0144skiej Woli &#8211; Marek Kuchci\u0144ski<\/title>\n<meta name=\"robots\" content=\"index, follow, max-snippet:-1, max-image-preview:large, max-video-preview:-1\" \/>\n<link rel=\"canonical\" href=\"https:\/\/marekkuchcinski.pl\/cs\/wydarzenia\/marszalek-kuchcinski-w-zdunskiej-woli\/\" \/>\n<meta property=\"og:locale\" content=\"cs_CZ\" \/>\n<meta property=\"og:type\" content=\"article\" \/>\n<meta property=\"og:title\" content=\"Marsza\u0142ek Kuchci\u0144ski w Zdu\u0144skiej Woli &#8211; Marek Kuchci\u0144ski\" \/>\n<meta property=\"og:description\" content=\"ezdunska.pl: 9 wrze\u015bnia wicemarsza\u0142ek Sejmu Marek Kuchci\u0144ski oraz pos\u0142owie Grzegorz Schreiber i Marek Matuszewski spotkali si\u0119 w Zdu\u0144skiej Woli w ramach organizowanych w ca\u0142ym kraju przez Prawo i Sprawiedliwo\u015b\u0107 spotka\u0144 pod has\u0142em \u201ePorozmawiajmy o Polsce\u201d. Obecni byli tak\u017ce lokalni dzia\u0142acze tej partii. Spotkanie z mieszka\u0144cami miasta po\u0142\u0105czone z briefingiem prasowym dzia\u0142acze Prawa i Sprawiedliwo\u015bci zorganizowali [&hellip;]\" \/>\n<meta property=\"og:url\" content=\"https:\/\/marekkuchcinski.pl\/cs\/wydarzenia\/marszalek-kuchcinski-w-zdunskiej-woli\/\" \/>\n<meta property=\"og:site_name\" content=\"Marek Kuchci\u0144ski\" \/>\n<meta property=\"article:published_time\" content=\"2013-09-17T03:09:30+00:00\" \/>\n<meta property=\"article:modified_time\" content=\"2016-08-25T14:59:27+00:00\" \/>\n<meta property=\"og:image\" content=\"https:\/\/marekkuchcinski.pl\/wp-content\/uploads\/2022\/09\/Marek.jpg\" \/>\n\t<meta property=\"og:image:width\" content=\"1600\" \/>\n\t<meta property=\"og:image:height\" content=\"971\" \/>\n\t<meta property=\"og:image:type\" content=\"image\/jpeg\" \/>\n<meta name=\"author\" content=\"admin\" \/>\n<meta name=\"twitter:card\" content=\"summary_large_image\" \/>\n<meta name=\"twitter:label1\" content=\"Napsal(a)\" \/>\n\t<meta name=\"twitter:data1\" content=\"admin\" \/>\n\t<meta name=\"twitter:label2\" content=\"Odhadovan\u00e1 doba \u010dten\u00ed\" \/>\n\t<meta name=\"twitter:data2\" content=\"1 minuta\" \/>\n<script type=\"application\/ld+json\" class=\"yoast-schema-graph\">{\"@context\":\"https:\/\/schema.org\",\"@graph\":[{\"@type\":\"Article\",\"@id\":\"https:\/\/marekkuchcinski.pl\/hu\/wydarzenia\/marszalek-kuchcinski-w-zdunskiej-woli\/#article\",\"isPartOf\":{\"@id\":\"https:\/\/marekkuchcinski.pl\/hu\/wydarzenia\/marszalek-kuchcinski-w-zdunskiej-woli\/\"},\"author\":{\"name\":\"admin\",\"@id\":\"https:\/\/marekkuchcinski.pl\/#\/schema\/person\/6f62700996b4d950b6ea2d1183b6c6be\"},\"headline\":\"Marsza\u0142ek Kuchci\u0144ski w Zdu\u0144skiej Woli\",\"datePublished\":\"2013-09-17T03:09:30+00:00\",\"dateModified\":\"2016-08-25T14:59:27+00:00\",\"mainEntityOfPage\":{\"@id\":\"https:\/\/marekkuchcinski.pl\/hu\/wydarzenia\/marszalek-kuchcinski-w-zdunskiej-woli\/\"},\"wordCount\":170,\"commentCount\":0,\"publisher\":{\"@id\":\"https:\/\/marekkuchcinski.pl\/#organization\"},\"articleSection\":[\"Wydarzenia\"],\"inLanguage\":\"cs\",\"potentialAction\":[{\"@type\":\"CommentAction\",\"name\":\"Comment\",\"target\":[\"https:\/\/marekkuchcinski.pl\/hu\/wydarzenia\/marszalek-kuchcinski-w-zdunskiej-woli\/#respond\"]}]},{\"@type\":\"WebPage\",\"@id\":\"https:\/\/marekkuchcinski.pl\/hu\/wydarzenia\/marszalek-kuchcinski-w-zdunskiej-woli\/\",\"url\":\"https:\/\/marekkuchcinski.pl\/hu\/wydarzenia\/marszalek-kuchcinski-w-zdunskiej-woli\/\",\"name\":\"Marsza\u0142ek Kuchci\u0144ski w Zdu\u0144skiej Woli &#8211; Marek Kuchci\u0144ski\",\"isPartOf\":{\"@id\":\"https:\/\/marekkuchcinski.pl\/#website\"},\"datePublished\":\"2013-09-17T03:09:30+00:00\",\"dateModified\":\"2016-08-25T14:59:27+00:00\",\"breadcrumb\":{\"@id\":\"https:\/\/marekkuchcinski.pl\/hu\/wydarzenia\/marszalek-kuchcinski-w-zdunskiej-woli\/#breadcrumb\"},\"inLanguage\":\"cs\",\"potentialAction\":[{\"@type\":\"ReadAction\",\"target\":[\"https:\/\/marekkuchcinski.pl\/hu\/wydarzenia\/marszalek-kuchcinski-w-zdunskiej-woli\/\"]}]},{\"@type\":\"BreadcrumbList\",\"@id\":\"https:\/\/marekkuchcinski.pl\/hu\/wydarzenia\/marszalek-kuchcinski-w-zdunskiej-woli\/#breadcrumb\",\"itemListElement\":[{\"@type\":\"ListItem\",\"position\":1,\"name\":\"Strona g\u0142\u00f3wna\",\"item\":\"https:\/\/marekkuchcinski.pl\/\"},{\"@type\":\"ListItem\",\"position\":2,\"name\":\"Marsza\u0142ek Kuchci\u0144ski w Zdu\u0144skiej Woli\"}]},{\"@type\":\"WebSite\",\"@id\":\"https:\/\/marekkuchcinski.pl\/#website\",\"url\":\"https:\/\/marekkuchcinski.pl\/\",\"name\":\"Marek Kuchci\u0144ski\",\"description\":\"Pose\u0142 na sejm RP &ndash; okr\u0119g nr 22\",\"publisher\":{\"@id\":\"https:\/\/marekkuchcinski.pl\/#organization\"},\"potentialAction\":[{\"@type\":\"SearchAction\",\"target\":{\"@type\":\"EntryPoint\",\"urlTemplate\":\"https:\/\/marekkuchcinski.pl\/?s={search_term_string}\"},\"query-input\":{\"@type\":\"PropertyValueSpecification\",\"valueRequired\":true,\"valueName\":\"search_term_string\"}}],\"inLanguage\":\"cs\"},{\"@type\":\"Organization\",\"@id\":\"https:\/\/marekkuchcinski.pl\/#organization\",\"name\":\"Marek Kuchci\u0144ski\",\"url\":\"https:\/\/marekkuchcinski.pl\/\",\"logo\":{\"@type\":\"ImageObject\",\"inLanguage\":\"cs\",\"@id\":\"https:\/\/marekkuchcinski.pl\/#\/schema\/logo\/image\/\",\"url\":\"https:\/\/marekkuchcinski.pl\/wp-content\/uploads\/2022\/09\/Marek.jpg\",\"contentUrl\":\"https:\/\/marekkuchcinski.pl\/wp-content\/uploads\/2022\/09\/Marek.jpg\",\"width\":1600,\"height\":971,\"caption\":\"Marek Kuchci\u0144ski\"},\"image\":{\"@id\":\"https:\/\/marekkuchcinski.pl\/#\/schema\/logo\/image\/\"}},{\"@type\":\"Person\",\"@id\":\"https:\/\/marekkuchcinski.pl\/#\/schema\/person\/6f62700996b4d950b6ea2d1183b6c6be\",\"name\":\"admin\",\"image\":{\"@type\":\"ImageObject\",\"inLanguage\":\"cs\",\"@id\":\"https:\/\/marekkuchcinski.pl\/#\/schema\/person\/image\/\",\"url\":\"https:\/\/secure.gravatar.com\/avatar\/4bab693b9d55c3d6b52c0296a8765085?s=96&d=mm&r=g\",\"contentUrl\":\"https:\/\/secure.gravatar.com\/avatar\/4bab693b9d55c3d6b52c0296a8765085?s=96&d=mm&r=g\",\"caption\":\"admin\"},\"url\":\"https:\/\/marekkuchcinski.pl\/cs\/author\/marta-olejnik\/\"}]}<\/script>\n<!-- \/ Yoast SEO plugin. -->","yoast_head_json":{"title":"Marsza\u0142ek Kuchci\u0144ski w Zdu\u0144skiej Woli &#8211; Marek Kuchci\u0144ski","robots":{"index":"index","follow":"follow","max-snippet":"max-snippet:-1","max-image-preview":"max-image-preview:large","max-video-preview":"max-video-preview:-1"},"canonical":"https:\/\/marekkuchcinski.pl\/cs\/wydarzenia\/marszalek-kuchcinski-w-zdunskiej-woli\/","og_locale":"cs_CZ","og_type":"article","og_title":"Marsza\u0142ek Kuchci\u0144ski w Zdu\u0144skiej Woli &#8211; Marek Kuchci\u0144ski","og_description":"ezdunska.pl: 9 wrze\u015bnia wicemarsza\u0142ek Sejmu Marek Kuchci\u0144ski oraz pos\u0142owie Grzegorz Schreiber i Marek Matuszewski spotkali si\u0119 w Zdu\u0144skiej Woli w ramach organizowanych w ca\u0142ym kraju przez Prawo i Sprawiedliwo\u015b\u0107 spotka\u0144 pod has\u0142em \u201ePorozmawiajmy o Polsce\u201d. Obecni byli tak\u017ce lokalni dzia\u0142acze tej partii. Spotkanie z mieszka\u0144cami miasta po\u0142\u0105czone z briefingiem prasowym dzia\u0142acze Prawa i Sprawiedliwo\u015bci zorganizowali [&hellip;]","og_url":"https:\/\/marekkuchcinski.pl\/cs\/wydarzenia\/marszalek-kuchcinski-w-zdunskiej-woli\/","og_site_name":"Marek Kuchci\u0144ski","article_published_time":"2013-09-17T03:09:30+00:00","article_modified_time":"2016-08-25T14:59:27+00:00","og_image":[{"width":1600,"height":971,"url":"https:\/\/marekkuchcinski.pl\/wp-content\/uploads\/2022\/09\/Marek.jpg","type":"image\/jpeg"}],"author":"admin","twitter_card":"summary_large_image","twitter_misc":{"Napsal(a)":"admin","Odhadovan\u00e1 doba \u010dten\u00ed":"1 minuta"},"schema":{"@context":"https:\/\/schema.org","@graph":[{"@type":"Article","@id":"https:\/\/marekkuchcinski.pl\/hu\/wydarzenia\/marszalek-kuchcinski-w-zdunskiej-woli\/#article","isPartOf":{"@id":"https:\/\/marekkuchcinski.pl\/hu\/wydarzenia\/marszalek-kuchcinski-w-zdunskiej-woli\/"},"author":{"name":"admin","@id":"https:\/\/marekkuchcinski.pl\/#\/schema\/person\/6f62700996b4d950b6ea2d1183b6c6be"},"headline":"Marsza\u0142ek Kuchci\u0144ski w Zdu\u0144skiej Woli","datePublished":"2013-09-17T03:09:30+00:00","dateModified":"2016-08-25T14:59:27+00:00","mainEntityOfPage":{"@id":"https:\/\/marekkuchcinski.pl\/hu\/wydarzenia\/marszalek-kuchcinski-w-zdunskiej-woli\/"},"wordCount":170,"commentCount":0,"publisher":{"@id":"https:\/\/marekkuchcinski.pl\/#organization"},"articleSection":["Wydarzenia"],"inLanguage":"cs","potentialAction":[{"@type":"CommentAction","name":"Comment","target":["https:\/\/marekkuchcinski.pl\/hu\/wydarzenia\/marszalek-kuchcinski-w-zdunskiej-woli\/#respond"]}]},{"@type":"WebPage","@id":"https:\/\/marekkuchcinski.pl\/hu\/wydarzenia\/marszalek-kuchcinski-w-zdunskiej-woli\/","url":"https:\/\/marekkuchcinski.pl\/hu\/wydarzenia\/marszalek-kuchcinski-w-zdunskiej-woli\/","name":"Marsza\u0142ek Kuchci\u0144ski w Zdu\u0144skiej Woli &#8211; Marek Kuchci\u0144ski","isPartOf":{"@id":"https:\/\/marekkuchcinski.pl\/#website"},"datePublished":"2013-09-17T03:09:30+00:00","dateModified":"2016-08-25T14:59:27+00:00","breadcrumb":{"@id":"https:\/\/marekkuchcinski.pl\/hu\/wydarzenia\/marszalek-kuchcinski-w-zdunskiej-woli\/#breadcrumb"},"inLanguage":"cs","potentialAction":[{"@type":"ReadAction","target":["https:\/\/marekkuchcinski.pl\/hu\/wydarzenia\/marszalek-kuchcinski-w-zdunskiej-woli\/"]}]},{"@type":"BreadcrumbList","@id":"https:\/\/marekkuchcinski.pl\/hu\/wydarzenia\/marszalek-kuchcinski-w-zdunskiej-woli\/#breadcrumb","itemListElement":[{"@type":"ListItem","position":1,"name":"Strona g\u0142\u00f3wna","item":"https:\/\/marekkuchcinski.pl\/"},{"@type":"ListItem","position":2,"name":"Marsza\u0142ek Kuchci\u0144ski w Zdu\u0144skiej Woli"}]},{"@type":"WebSite","@id":"https:\/\/marekkuchcinski.pl\/#website","url":"https:\/\/marekkuchcinski.pl\/","name":"Marek Kuchci\u0144ski","description":"Pose\u0142 na sejm RP &ndash; okr\u0119g nr 22","publisher":{"@id":"https:\/\/marekkuchcinski.pl\/#organization"},"potentialAction":[{"@type":"SearchAction","target":{"@type":"EntryPoint","urlTemplate":"https:\/\/marekkuchcinski.pl\/?s={search_term_string}"},"query-input":{"@type":"PropertyValueSpecification","valueRequired":true,"valueName":"search_term_string"}}],"inLanguage":"cs"},{"@type":"Organization","@id":"https:\/\/marekkuchcinski.pl\/#organization","name":"Marek Kuchci\u0144ski","url":"https:\/\/marekkuchcinski.pl\/","logo":{"@type":"ImageObject","inLanguage":"cs","@id":"https:\/\/marekkuchcinski.pl\/#\/schema\/logo\/image\/","url":"https:\/\/marekkuchcinski.pl\/wp-content\/uploads\/2022\/09\/Marek.jpg","contentUrl":"https:\/\/marekkuchcinski.pl\/wp-content\/uploads\/2022\/09\/Marek.jpg","width":1600,"height":971,"caption":"Marek Kuchci\u0144ski"},"image":{"@id":"https:\/\/marekkuchcinski.pl\/#\/schema\/logo\/image\/"}},{"@type":"Person","@id":"https:\/\/marekkuchcinski.pl\/#\/schema\/person\/6f62700996b4d950b6ea2d1183b6c6be","name":"admin","image":{"@type":"ImageObject","inLanguage":"cs","@id":"https:\/\/marekkuchcinski.pl\/#\/schema\/person\/image\/","url":"https:\/\/secure.gravatar.com\/avatar\/4bab693b9d55c3d6b52c0296a8765085?s=96&d=mm&r=g","contentUrl":"https:\/\/secure.gravatar.com\/avatar\/4bab693b9d55c3d6b52c0296a8765085?s=96&d=mm&r=g","caption":"admin"},"url":"https:\/\/marekkuchcinski.pl\/cs\/author\/marta-olejnik\/"}]}},"_links":{"self":[{"href":"https:\/\/marekkuchcinski.pl\/cs\/wp-json\/wp\/v2\/posts\/365","targetHints":{"allow":["GET"]}}],"collection":[{"href":"https:\/\/marekkuchcinski.pl\/cs\/wp-json\/wp\/v2\/posts"}],"about":[{"href":"https:\/\/marekkuchcinski.pl\/cs\/wp-json\/wp\/v2\/types\/post"}],"author":[{"embeddable":true,"href":"https:\/\/marekkuchcinski.pl\/cs\/wp-json\/wp\/v2\/users\/6"}],"replies":[{"embeddable":true,"href":"https:\/\/marekkuchcinski.pl\/cs\/wp-json\/wp\/v2\/comments?post=365"}],"version-history":[{"count":1,"href":"https:\/\/marekkuchcinski.pl\/cs\/wp-json\/wp\/v2\/posts\/365\/revisions"}],"predecessor-version":[{"id":1377,"href":"https:\/\/marekkuchcinski.pl\/cs\/wp-json\/wp\/v2\/posts\/365\/revisions\/1377"}],"wp:attachment":[{"href":"https:\/\/marekkuchcinski.pl\/cs\/wp-json\/wp\/v2\/media?parent=365"}],"wp:term":[{"taxonomy":"category","embeddable":true,"href":"https:\/\/marekkuchcinski.pl\/cs\/wp-json\/wp\/v2\/categories?post=365"},{"taxonomy":"post_tag","embeddable":true,"href":"https:\/\/marekkuchcinski.pl\/cs\/wp-json\/wp\/v2\/tags?post=365"}],"curies":[{"name":"wp","href":"https:\/\/api.w.org\/{rel}","templated":true}]}}