{"id":3555,"date":"2016-09-01T22:55:15","date_gmt":"2016-09-01T20:55:15","guid":{"rendered":"https:\/\/marekkuchcinski.pl\/?p=3555"},"modified":"2016-09-01T22:56:49","modified_gmt":"2016-09-01T20:56:49","slug":"minister-edukacji-rodzice-dokonali-wyboru-80-proc-szesciolatkow-zostanie-w-przedszkolach","status":"publish","type":"post","link":"https:\/\/marekkuchcinski.pl\/cs\/prawo-i-sprawiedliwosc\/minister-edukacji-rodzice-dokonali-wyboru-80-proc-szesciolatkow-zostanie-w-przedszkolach\/","title":{"rendered":"Ministr \u0161kolstv\u00ed: Rodi\u010de se rozhodli. 80 procent \u0161estilet\u00fdch d\u011bt\u00ed z\u016fstane v mate\u0159sk\u00fdch \u0161kol\u00e1ch."},"content":{"rendered":"<p><strong>1. z\u00e1\u0159\u00ed nastoup\u00ed 200 000 d\u011bt\u00ed do prvn\u00edho ro\u010dn\u00edku z\u00e1kladn\u00ed \u0161koly. Z \u00fadaj\u016f ministerstva \u0161kolstv\u00ed vypl\u00fdv\u00e1, \u017ee a\u017e 80 procent d\u011bt\u00ed z\u016fstane v mate\u0159sk\u00fdch \u0161kol\u00e1ch. Program, kter\u00fd je sou\u010d\u00e1st\u00ed p\u0159edvolebn\u00ed kampan\u011b Pr\u00e1va a spravedlnosti, vych\u00e1z\u00ed z pr\u016fzkum\u016f, anket, n\u00e1zor\u016f v\u011bdc\u016f a tak\u00e9 ze srovn\u00e1n\u00ed se zem\u011bmi, jako je Velk\u00e1 Brit\u00e1nie.\u00a0<\/strong><\/p>\n<p><iframe title=\"Volba rodi\u010d\u016f. Dr\u017e\u00edme slovo\" width=\"800\" height=\"450\" src=\"https:\/\/www.youtube.com\/embed\/bhAFcK9G8DE?feature=oembed\" frameborder=\"0\" allow=\"accelerometer; autoplay; clipboard-write; encrypted-media; gyroscope; picture-in-picture\" allowfullscreen><\/iframe><\/p>","protected":false},"excerpt":{"rendered":"<p>1. z\u00e1\u0159\u00ed nastoup\u00ed 200 000 d\u011bt\u00ed do prvn\u00edho ro\u010dn\u00edku z\u00e1kladn\u00ed \u0161koly. Z \u00fadaj\u016f ministerstva \u0161kolstv\u00ed vypl\u00fdv\u00e1, \u017ee a\u017e 80 procent d\u011bt\u00ed z\u016fstane v mate\u0159sk\u00fdch \u0161kol\u00e1ch. Program, kter\u00fd je sou\u010d\u00e1st\u00ed p\u0159edvolebn\u00ed kampan\u011b Pr\u00e1va a spravedlnosti, vych\u00e1z\u00ed z pr\u016fzkum\u016f, anket, n\u00e1zor\u016f v\u011bdc\u016f a tak\u00e9 ze srovn\u00e1n\u00ed se zem\u011bmi, jako je Velk\u00e1 Brit\u00e1nie.\u00a0<\/p>","protected":false},"author":6,"featured_media":0,"comment_status":"open","ping_status":"open","sticky":false,"template":"","format":"standard","meta":{"ngg_post_thumbnail":0,"footnotes":""},"categories":[82],"tags":[],"class_list":["post-3555","post","type-post","status-publish","format-standard","hentry","category-prawo-i-sprawiedliwosc"],"_links":{"self":[{"href":"https:\/\/marekkuchcinski.pl\/cs\/wp-json\/wp\/v2\/posts\/3555","targetHints":{"allow":["GET"]}}],"collection":[{"href":"https:\/\/marekkuchcinski.pl\/cs\/wp-json\/wp\/v2\/posts"}],"about":[{"href":"https:\/\/marekkuchcinski.pl\/cs\/wp-json\/wp\/v2\/types\/post"}],"author":[{"embeddable":true,"href":"https:\/\/marekkuchcinski.pl\/cs\/wp-json\/wp\/v2\/users\/6"}],"replies":[{"embeddable":true,"href":"https:\/\/marekkuchcinski.pl\/cs\/wp-json\/wp\/v2\/comments?post=3555"}],"version-history":[{"count":2,"href":"https:\/\/marekkuchcinski.pl\/cs\/wp-json\/wp\/v2\/posts\/3555\/revisions"}],"predecessor-version":[{"id":3557,"href":"https:\/\/marekkuchcinski.pl\/cs\/wp-json\/wp\/v2\/posts\/3555\/revisions\/3557"}],"wp:attachment":[{"href":"https:\/\/marekkuchcinski.pl\/cs\/wp-json\/wp\/v2\/media?parent=3555"}],"wp:term":[{"taxonomy":"category","embeddable":true,"href":"https:\/\/marekkuchcinski.pl\/cs\/wp-json\/wp\/v2\/categories?post=3555"},{"taxonomy":"post_tag","embeddable":true,"href":"https:\/\/marekkuchcinski.pl\/cs\/wp-json\/wp\/v2\/tags?post=3555"}],"curies":[{"name":"wp","href":"https:\/\/api.w.org\/{rel}","templated":true}]}}