{"id":3546,"date":"2016-09-01T13:04:25","date_gmt":"2016-09-01T11:04:25","guid":{"rendered":"https:\/\/marekkuchcinski.pl\/?p=3546"},"modified":"2016-09-01T15:24:52","modified_gmt":"2016-09-01T13:24:52","slug":"odnowa-unii-europejskiej-i-bezpieczenstwo","status":"publish","type":"post","link":"https:\/\/marekkuchcinski.pl\/cs\/wydarzenia\/odnowa-unii-europejskiej-i-bezpieczenstwo\/","title":{"rendered":"Obnova a bezpe\u010dnost Evropsk\u00e9 unie"},"content":{"rendered":"<p>Hlavn\u00edmi t\u00e9maty konference \"Solidarita a suverenita: setk\u00e1n\u00ed parlament\u016f st\u0159edn\u00ed a v\u00fdchodn\u00ed Evropy\" byly: obnova Evropsk\u00e9 unie s p\u0159ihl\u00e9dnut\u00edm k region\u00e1ln\u00ed spolupr\u00e1ci ve st\u0159edn\u00ed a v\u00fdchodn\u00ed Evrop\u011b a pos\u00edlen\u00ed mnohostrann\u00e9 spolupr\u00e1ce mezi n\u00e1rodn\u00edmi parlamenty v regionu. \u0158e\u0161ila se krize euroz\u00f3ny, bezpe\u010dnostn\u00ed krize a krize schengensk\u00e9ho prostoru zp\u016fsoben\u00e1 p\u0159\u00edlivem milion\u016f p\u0159ist\u011bhovalc\u016f do Evropy a dopady brexitu.<br \/>\nJe nutn\u00e9 <span class=\"text_exposed_show\">vypracovat spole\u010dn\u00fd postoj zem\u00ed st\u0159edn\u00ed a v\u00fdchodn\u00ed Evropy k t\u00e9to ot\u00e1zce. Evropa je \u0161ir\u0161\u00ed pojem ne\u017e Evropsk\u00e1 unie a Evropsk\u00e1 unie je sou\u010d\u00e1st\u00ed Evropy. Na\u0161\u00edm c\u00edlem je pos\u00edlit Evropskou unii jej\u00edm obnoven\u00edm.<\/span><\/p>\n<div class=\"text_exposed_show\">\n<p>Polsko chce rozv\u00edjet v\u00fdchodn\u00ed a jihov\u00fdchodn\u00ed pohrani\u010d\u00ed Evropsk\u00e9 unie a Organizace Severoatlantick\u00e9 smlouvy.<\/p>\n<p>- Nechceme stav\u011bt zdi, kter\u00e9 by znovu rozd\u011blily st\u0159edn\u00ed a v\u00fdchodn\u00ed Evropu. Navrhuji, aby Evropa solid\u00e1rn\u00edch st\u00e1t\u016f<br \/>\n- spojen\u00ed svobodn\u00e9ho se svobodn\u00fdm, rovn\u00e9ho s rovn\u00fdm - se stalo z\u00e1kladn\u00edm modelem pro na\u0161e jedn\u00e1n\u00ed a diskuse.<\/p>\n<p>&nbsp;<\/p>\n<p><a href=\"https:\/\/marekkuchcinski.pl\/wp-content\/uploads\/2016\/09\/DSCF3154.jpg\"><img fetchpriority=\"high\" decoding=\"async\" class=\"alignnone size-full wp-image-3539\" src=\"https:\/\/marekkuchcinski.pl\/wp-content\/uploads\/2016\/09\/DSCF3154.jpg\" alt=\"DSCF3154\" width=\"4140\" height=\"2760\" srcset=\"https:\/\/marekkuchcinski.pl\/wp-content\/uploads\/2016\/09\/DSCF3154.jpg 2048w, https:\/\/marekkuchcinski.pl\/wp-content\/uploads\/2016\/09\/DSCF3154-300x200.jpg 300w, https:\/\/marekkuchcinski.pl\/wp-content\/uploads\/2016\/09\/DSCF3154-768x512.jpg 768w, https:\/\/marekkuchcinski.pl\/wp-content\/uploads\/2016\/09\/DSCF3154-1024x683.jpg 1024w\" sizes=\"(max-width: 4140px) 100vw, 4140px\" \/><\/a> <a href=\"https:\/\/marekkuchcinski.pl\/wp-content\/uploads\/2016\/09\/KU026289-1.jpg\"><img decoding=\"async\" class=\"alignnone size-full wp-image-3545\" src=\"https:\/\/marekkuchcinski.pl\/wp-content\/uploads\/2016\/09\/KU026289-1.jpg\" alt=\"KU026289\" width=\"1800\" height=\"1200\" srcset=\"https:\/\/marekkuchcinski.pl\/wp-content\/uploads\/2016\/09\/KU026289-1.jpg 1800w, https:\/\/marekkuchcinski.pl\/wp-content\/uploads\/2016\/09\/KU026289-1-300x200.jpg 300w, https:\/\/marekkuchcinski.pl\/wp-content\/uploads\/2016\/09\/KU026289-1-768x512.jpg 768w, https:\/\/marekkuchcinski.pl\/wp-content\/uploads\/2016\/09\/KU026289-1-1024x683.jpg 1024w\" sizes=\"(max-width: 1800px) 100vw, 1800px\" \/><\/a> <a href=\"https:\/\/marekkuchcinski.pl\/wp-content\/uploads\/2016\/09\/KU024260.jpg\"><img decoding=\"async\" class=\"alignnone size-full wp-image-3541\" src=\"https:\/\/marekkuchcinski.pl\/wp-content\/uploads\/2016\/09\/KU024260.jpg\" alt=\"KU024260\" width=\"1800\" height=\"1200\" srcset=\"https:\/\/marekkuchcinski.pl\/wp-content\/uploads\/2016\/09\/KU024260.jpg 1800w, https:\/\/marekkuchcinski.pl\/wp-content\/uploads\/2016\/09\/KU024260-300x200.jpg 300w, https:\/\/marekkuchcinski.pl\/wp-content\/uploads\/2016\/09\/KU024260-768x512.jpg 768w, https:\/\/marekkuchcinski.pl\/wp-content\/uploads\/2016\/09\/KU024260-1024x683.jpg 1024w\" sizes=\"(max-width: 1800px) 100vw, 1800px\" \/><\/a> <a href=\"https:\/\/marekkuchcinski.pl\/wp-content\/uploads\/2016\/09\/KU023831.jpg\"><img loading=\"lazy\" decoding=\"async\" class=\"alignnone size-full wp-image-3540\" src=\"https:\/\/marekkuchcinski.pl\/wp-content\/uploads\/2016\/09\/KU023831.jpg\" alt=\"KU023831\" width=\"1800\" height=\"1200\" srcset=\"https:\/\/marekkuchcinski.pl\/wp-content\/uploads\/2016\/09\/KU023831.jpg 1800w, https:\/\/marekkuchcinski.pl\/wp-content\/uploads\/2016\/09\/KU023831-300x200.jpg 300w, https:\/\/marekkuchcinski.pl\/wp-content\/uploads\/2016\/09\/KU023831-768x512.jpg 768w, https:\/\/marekkuchcinski.pl\/wp-content\/uploads\/2016\/09\/KU023831-1024x683.jpg 1024w\" sizes=\"(max-width: 1800px) 100vw, 1800px\" \/><\/a> <a href=\"https:\/\/marekkuchcinski.pl\/wp-content\/uploads\/2016\/09\/KU026563.jpg\"><img loading=\"lazy\" decoding=\"async\" class=\"alignnone size-full wp-image-3547\" src=\"https:\/\/marekkuchcinski.pl\/wp-content\/uploads\/2016\/09\/KU026563.jpg\" alt=\"KU026563\" width=\"1800\" height=\"1200\" srcset=\"https:\/\/marekkuchcinski.pl\/wp-content\/uploads\/2016\/09\/KU026563.jpg 1800w, https:\/\/marekkuchcinski.pl\/wp-content\/uploads\/2016\/09\/KU026563-300x200.jpg 300w, https:\/\/marekkuchcinski.pl\/wp-content\/uploads\/2016\/09\/KU026563-768x512.jpg 768w, https:\/\/marekkuchcinski.pl\/wp-content\/uploads\/2016\/09\/KU026563-1024x683.jpg 1024w\" sizes=\"(max-width: 1800px) 100vw, 1800px\" \/><\/a><a href=\"https:\/\/marekkuchcinski.pl\/wp-content\/uploads\/2016\/09\/KU023956.jpg\"><img loading=\"lazy\" decoding=\"async\" class=\"alignnone size-full wp-image-3543\" src=\"https:\/\/marekkuchcinski.pl\/wp-content\/uploads\/2016\/09\/KU023956.jpg\" alt=\"KU023956\" width=\"1800\" height=\"1200\" srcset=\"https:\/\/marekkuchcinski.pl\/wp-content\/uploads\/2016\/09\/KU023956.jpg 1800w, https:\/\/marekkuchcinski.pl\/wp-content\/uploads\/2016\/09\/KU023956-300x200.jpg 300w, https:\/\/marekkuchcinski.pl\/wp-content\/uploads\/2016\/09\/KU023956-768x512.jpg 768w, https:\/\/marekkuchcinski.pl\/wp-content\/uploads\/2016\/09\/KU023956-1024x683.jpg 1024w\" sizes=\"(max-width: 1800px) 100vw, 1800px\" \/><\/a><\/p>\n<\/div>","protected":false},"excerpt":{"rendered":"<p>Najwa\u017cniejsze tematy konferencji \u201eSolidarno\u015b\u0107 i suwerenno\u015b\u0107: Spotkanie parlamentarne pa\u0144stw Europy \u015arodkowo-Wschodniej&#8221; to: odnowa Unii Europejskiej uwzgl\u0119dniaj\u0105ca wsp\u00f3\u0142prac\u0119 regionaln\u0105 w Europie \u015arodkowo-Wschodniej oraz wzmocnienie wielostronnej wsp\u00f3\u0142pracy parlament\u00f3w narodowych w tym regionie. Poruszony zosta\u0142 problem kryzysu strefy euro, a tak\u017ce o kryzys bezpiecze\u0144stwa i strefy Schengen spowodowany nap\u0142ywem do Europy milion\u00f3w imigrant\u00f3w czy skutki Brexitu. Konieczne jest [&hellip;]<\/p>\n","protected":false},"author":6,"featured_media":3539,"comment_status":"open","ping_status":"open","sticky":false,"template":"","format":"standard","meta":{"ngg_post_thumbnail":0,"footnotes":""},"categories":[50,3],"tags":[],"class_list":["post-3546","post","type-post","status-publish","format-standard","has-post-thumbnail","hentry","category-wspolpraca-miedzynarodowa","category-wydarzenia"],"_links":{"self":[{"href":"https:\/\/marekkuchcinski.pl\/cs\/wp-json\/wp\/v2\/posts\/3546","targetHints":{"allow":["GET"]}}],"collection":[{"href":"https:\/\/marekkuchcinski.pl\/cs\/wp-json\/wp\/v2\/posts"}],"about":[{"href":"https:\/\/marekkuchcinski.pl\/cs\/wp-json\/wp\/v2\/types\/post"}],"author":[{"embeddable":true,"href":"https:\/\/marekkuchcinski.pl\/cs\/wp-json\/wp\/v2\/users\/6"}],"replies":[{"embeddable":true,"href":"https:\/\/marekkuchcinski.pl\/cs\/wp-json\/wp\/v2\/comments?post=3546"}],"version-history":[{"count":2,"href":"https:\/\/marekkuchcinski.pl\/cs\/wp-json\/wp\/v2\/posts\/3546\/revisions"}],"predecessor-version":[{"id":3554,"href":"https:\/\/marekkuchcinski.pl\/cs\/wp-json\/wp\/v2\/posts\/3546\/revisions\/3554"}],"wp:attachment":[{"href":"https:\/\/marekkuchcinski.pl\/cs\/wp-json\/wp\/v2\/media?parent=3546"}],"wp:term":[{"taxonomy":"category","embeddable":true,"href":"https:\/\/marekkuchcinski.pl\/cs\/wp-json\/wp\/v2\/categories?post=3546"},{"taxonomy":"post_tag","embeddable":true,"href":"https:\/\/marekkuchcinski.pl\/cs\/wp-json\/wp\/v2\/tags?post=3546"}],"curies":[{"name":"wp","href":"https:\/\/api.w.org\/{rel}","templated":true}]}}