{"id":340,"date":"2013-05-24T04:42:18","date_gmt":"2013-05-24T02:42:18","guid":{"rendered":"https:\/\/marekkuchcinski.pl\/?p=340"},"modified":"2016-08-25T16:59:27","modified_gmt":"2016-08-25T14:59:27","slug":"relacja-ze-spotkania-w-nysie","status":"publish","type":"post","link":"https:\/\/marekkuchcinski.pl\/cs\/wydarzenia\/relacja-ze-spotkania-w-nysie\/","title":{"rendered":"Zpr\u00e1va o setk\u00e1n\u00ed v Nise"},"content":{"rendered":"<p class=\"art-postcontent\" style=\"text-align: justify;\">nowinynyskie.com.pl: V ned\u011bli (12. kv\u011btna - pozn. red.) hostila Nysa m\u00edstodr\u017eitele Sejmu Marka Kuchci\u0144sk\u00e9ho. S\u00e1l nysk\u00e9ho muzea, kde se setk\u00e1n\u00ed konalo, byl zapln\u011bn do posledn\u00edho m\u00edsta. Mezi p\u0159\u00edtomn\u00fdmi byli p\u0159edev\u0161\u00edm p\u0159\u00edznivci a \u010dlenov\u00e9 strany Pr\u00e1vo a spravedlnost. Setk\u00e1n\u00ed se konalo v r\u00e1mci kampan\u011b \"Hovory s Pol\u00e1ky o Polsku\".<\/p>\n<p class=\"art-postcontent\" style=\"text-align: justify;\">M\u00edstop\u0159edseda Sejmu p\u0159edstavil sou\u010dasnou politickou situaci v zemi. Jak prozradil, je to je\u0161t\u011b hor\u0161\u00ed, ne\u017e se zd\u00e1, proto\u017ee centr\u00e1ln\u00ed m\u00e9dia neinformuj\u00ed o v\u0161em.<\/p>\n<p> <!--more--> <\/p>\n<p class=\"art-postcontent\" style=\"text-align: justify;\">Podle jeho n\u00e1zoru vede vl\u00e1da Platformy Polsko do propasti, co\u017e nejv\u00edce poci\u0165uj\u00ed oby\u010dejn\u00ed ob\u010dan\u00e9. Kuchci\u0144ski rovn\u011b\u017e p\u0159edstavil program PiS a p\u0159edstavy strany do budoucna. - P\u0159edev\u0161\u00edm sn\u00ed\u017een\u00ed da\u0148ov\u00e9 z\u00e1t\u011b\u017ee, kter\u00e1 brzd\u00ed rozvoj zem\u011b a dopad\u00e1 na nejchud\u0161\u00ed. Donald Tusk sl\u00edbil, \u017ee p\u0159\u00ed\u0161t\u00ed rok sn\u00ed\u017e\u00ed DPH, ale tyto sliby nehodl\u00e1 splnit - \u0159ekl. Tvrdil, \u017ee PiS zavede da\u0148ov\u00e9 \u00falevy pro podnikatele, kte\u0159\u00ed zam\u011bstn\u00e1vaj\u00ed nov\u00e9 pracovn\u00edky, zejm\u00e9na mlad\u00e9 lidi.<\/p>\n<p class=\"art-postcontent\" style=\"text-align: justify;\">D\u016fle\u017eit\u00fdm prvkem hospod\u00e1\u0159sk\u00e9ho rozvoje bude tak\u00e9 ochrana mal\u00fdch podnik\u016f a \u0159emesel. Ozn\u00e1mil, \u017ee po n\u00e1stupu PiS k moci skon\u010d\u00ed neplacen\u00ed dan\u00ed nejbohat\u0161\u00edmi. - Banky a hypermarkety mus\u00ed b\u00fdt zdan\u011bny - \u0159ekl.<\/p>\n<p class=\"art-postcontent\" style=\"text-align: justify;\">Ozn\u00e1mil tak\u00e9, \u017ee prvn\u00edm rozhodnut\u00edm jeho strany po v\u00edt\u011bzstv\u00ed ve volb\u00e1ch bude zm\u011bna v\u011bku odchodu do d\u016fchodu a n\u00e1vrat ke star\u00fdm pravidl\u016fm. Manipulaci vl\u00e1dy s pen\u011bzi otev\u0159en\u00fdch penzijn\u00edch fond\u016f ozna\u010dil za skand\u00e1l. Podle jeho n\u00e1zoru se uk\u00e1zaly b\u00fdt v\u011bt\u0161\u00edm podvodem ne\u017e N\u00e1rodn\u00ed investi\u010dn\u00ed fondy, kter\u00e9 promrhaly n\u00e1rodn\u00ed bohatstv\u00ed.<\/p>\n<p class=\"art-postcontent\" style=\"text-align: justify;\">- Od roku 1999 vybraly OFE od Pol\u00e1k\u016f 470 miliard zlot\u00fdch,\" zd\u016fraznil. - Kdy\u017e n\u011bkomu \u0159eknou, \u017ee po letech spo\u0159en\u00ed dostane d\u016fchod 80 zlot\u00fdch, je to jeden velk\u00fd podvod,\" \u0159ekl. P\u0159ipomn\u011bl, \u017ee otev\u0159en\u00e9 penzijn\u00ed fondy byly zavedeny v dob\u011b, kdy byl premi\u00e9rem Jerzy Buzek, v sou\u010dasnosti p\u0159edn\u00ed politik strany Platforma. - Strana Pr\u00e1vo a spravedlnost bude cht\u00edt o t\u00e9to ot\u00e1zce uspo\u0159\u00e1dat referendum, aby ve\u0159ejnost rozhodla, jak by m\u011bl d\u016fchodov\u00fd syst\u00e9m vypadat.<\/p>\n<p class=\"art-postcontent\" style=\"text-align: justify;\">Kuchci\u0144ski se rovn\u011b\u017e vyslovil pro program boje proti demografick\u00e9 krizi, kter\u00fd navrhl odborn\u00edk profesor Piotr Gli\u0144ski (kandid\u00e1t PiS na premi\u00e9ra).<\/p>\n<p class=\"art-postcontent\" style=\"text-align: justify;\">- N\u00e1vrh 1 000 zlot\u00fdch na ka\u017ed\u00e9 d\u00edt\u011b v rodin\u011b je rozumn\u00fd n\u00e1pad, kter\u00fd je re\u00e1lnou cestou, jak zastavit pokles po\u010dtu d\u011bt\u00ed v na\u0161\u00ed zemi. St\u00e1t by m\u011bl tyto pen\u00edze zaplatit, proto\u017ee je to v jeho z\u00e1jmu - zd\u016fraznil.<\/p>\n<p class=\"art-postcontent\" style=\"text-align: justify;\">Obyvatel\u00e9 nysk\u00e9 \u010dtvrti tak\u00e9 kladli z\u00e1stupci mar\u0161\u00e1la ot\u00e1zky t\u00fdkaj\u00edc\u00ed se m\u00edstn\u00edch i celost\u00e1tn\u00edch probl\u00e9m\u016f.<\/p>","protected":false},"excerpt":{"rendered":"<p>nowinynyskie.com.pl: W niedziel\u0119 (12 maja &#8211; przyp.admina) w Nysie go\u015bci\u0142 wicemarsza\u0142ek Sejmu Marek Kuchci\u0144ski. Sala nyskiego muzeum, w kt\u00f3rej odbywa\u0142o si\u0119 spotkanie, by\u0142a wype\u0142niona po brzegi. W\u015br\u00f3d obecnych dominowali sympatycy i cz\u0142onkowie PiS. Spotkanie odby\u0142o si\u0119 w ramach akcji \u201eRozmowy z Polakami o Polsce\u201d. Wicemarsza\u0142ek sejmu przedstawi\u0142 obecn\u0105 sytuacj\u0119 polityczn\u0105 w kraju. Jak zdradzi\u0142, jest [&hellip;]<\/p>","protected":false},"author":6,"featured_media":0,"comment_status":"open","ping_status":"open","sticky":false,"template":"","format":"standard","meta":{"ngg_post_thumbnail":0,"footnotes":""},"categories":[3],"tags":[],"class_list":["post-340","post","type-post","status-publish","format-standard","hentry","category-wydarzenia"],"yoast_head":"<!-- This site is optimized with the Yoast SEO plugin v24.7 - https:\/\/yoast.com\/wordpress\/plugins\/seo\/ -->\n<title>Relacja ze spotkania w Nysie &#8211; Marek Kuchci\u0144ski<\/title>\n<meta name=\"robots\" content=\"index, follow, max-snippet:-1, max-image-preview:large, max-video-preview:-1\" \/>\n<link rel=\"canonical\" href=\"https:\/\/marekkuchcinski.pl\/cs\/wydarzenia\/relacja-ze-spotkania-w-nysie\/\" \/>\n<meta property=\"og:locale\" content=\"cs_CZ\" \/>\n<meta property=\"og:type\" content=\"article\" \/>\n<meta property=\"og:title\" content=\"Relacja ze spotkania w Nysie &#8211; Marek Kuchci\u0144ski\" \/>\n<meta property=\"og:description\" content=\"nowinynyskie.com.pl: W niedziel\u0119 (12 maja &#8211; przyp.admina) w Nysie go\u015bci\u0142 wicemarsza\u0142ek Sejmu Marek Kuchci\u0144ski. Sala nyskiego muzeum, w kt\u00f3rej odbywa\u0142o si\u0119 spotkanie, by\u0142a wype\u0142niona po brzegi. W\u015br\u00f3d obecnych dominowali sympatycy i cz\u0142onkowie PiS. Spotkanie odby\u0142o si\u0119 w ramach akcji \u201eRozmowy z Polakami o Polsce\u201d. Wicemarsza\u0142ek sejmu przedstawi\u0142 obecn\u0105 sytuacj\u0119 polityczn\u0105 w kraju. Jak zdradzi\u0142, jest [&hellip;]\" \/>\n<meta property=\"og:url\" content=\"https:\/\/marekkuchcinski.pl\/cs\/wydarzenia\/relacja-ze-spotkania-w-nysie\/\" \/>\n<meta property=\"og:site_name\" content=\"Marek Kuchci\u0144ski\" \/>\n<meta property=\"article:published_time\" content=\"2013-05-24T02:42:18+00:00\" \/>\n<meta property=\"article:modified_time\" content=\"2016-08-25T14:59:27+00:00\" \/>\n<meta property=\"og:image\" content=\"https:\/\/marekkuchcinski.pl\/wp-content\/uploads\/2022\/09\/Marek.jpg\" \/>\n\t<meta property=\"og:image:width\" content=\"1600\" \/>\n\t<meta property=\"og:image:height\" content=\"971\" \/>\n\t<meta property=\"og:image:type\" content=\"image\/jpeg\" \/>\n<meta name=\"author\" content=\"admin\" \/>\n<meta name=\"twitter:card\" content=\"summary_large_image\" \/>\n<meta name=\"twitter:label1\" content=\"Napsal(a)\" \/>\n\t<meta name=\"twitter:data1\" content=\"admin\" \/>\n\t<meta name=\"twitter:label2\" content=\"Odhadovan\u00e1 doba \u010dten\u00ed\" \/>\n\t<meta name=\"twitter:data2\" content=\"2 minuty\" \/>\n<script type=\"application\/ld+json\" class=\"yoast-schema-graph\">{\"@context\":\"https:\/\/schema.org\",\"@graph\":[{\"@type\":\"Article\",\"@id\":\"https:\/\/marekkuchcinski.pl\/uk\/wydarzenia\/relacja-ze-spotkania-w-nysie\/#article\",\"isPartOf\":{\"@id\":\"https:\/\/marekkuchcinski.pl\/uk\/wydarzenia\/relacja-ze-spotkania-w-nysie\/\"},\"author\":{\"name\":\"admin\",\"@id\":\"https:\/\/marekkuchcinski.pl\/#\/schema\/person\/6f62700996b4d950b6ea2d1183b6c6be\"},\"headline\":\"Relacja ze spotkania w Nysie\",\"datePublished\":\"2013-05-24T02:42:18+00:00\",\"dateModified\":\"2016-08-25T14:59:27+00:00\",\"mainEntityOfPage\":{\"@id\":\"https:\/\/marekkuchcinski.pl\/uk\/wydarzenia\/relacja-ze-spotkania-w-nysie\/\"},\"wordCount\":438,\"commentCount\":0,\"publisher\":{\"@id\":\"https:\/\/marekkuchcinski.pl\/#organization\"},\"articleSection\":[\"Wydarzenia\"],\"inLanguage\":\"cs\",\"potentialAction\":[{\"@type\":\"CommentAction\",\"name\":\"Comment\",\"target\":[\"https:\/\/marekkuchcinski.pl\/uk\/wydarzenia\/relacja-ze-spotkania-w-nysie\/#respond\"]}]},{\"@type\":\"WebPage\",\"@id\":\"https:\/\/marekkuchcinski.pl\/uk\/wydarzenia\/relacja-ze-spotkania-w-nysie\/\",\"url\":\"https:\/\/marekkuchcinski.pl\/uk\/wydarzenia\/relacja-ze-spotkania-w-nysie\/\",\"name\":\"Relacja ze spotkania w Nysie &#8211; Marek Kuchci\u0144ski\",\"isPartOf\":{\"@id\":\"https:\/\/marekkuchcinski.pl\/#website\"},\"datePublished\":\"2013-05-24T02:42:18+00:00\",\"dateModified\":\"2016-08-25T14:59:27+00:00\",\"breadcrumb\":{\"@id\":\"https:\/\/marekkuchcinski.pl\/uk\/wydarzenia\/relacja-ze-spotkania-w-nysie\/#breadcrumb\"},\"inLanguage\":\"cs\",\"potentialAction\":[{\"@type\":\"ReadAction\",\"target\":[\"https:\/\/marekkuchcinski.pl\/uk\/wydarzenia\/relacja-ze-spotkania-w-nysie\/\"]}]},{\"@type\":\"BreadcrumbList\",\"@id\":\"https:\/\/marekkuchcinski.pl\/uk\/wydarzenia\/relacja-ze-spotkania-w-nysie\/#breadcrumb\",\"itemListElement\":[{\"@type\":\"ListItem\",\"position\":1,\"name\":\"Strona g\u0142\u00f3wna\",\"item\":\"https:\/\/marekkuchcinski.pl\/\"},{\"@type\":\"ListItem\",\"position\":2,\"name\":\"Relacja ze spotkania w Nysie\"}]},{\"@type\":\"WebSite\",\"@id\":\"https:\/\/marekkuchcinski.pl\/#website\",\"url\":\"https:\/\/marekkuchcinski.pl\/\",\"name\":\"Marek Kuchci\u0144ski\",\"description\":\"Pose\u0142 na sejm RP &ndash; okr\u0119g nr 22\",\"publisher\":{\"@id\":\"https:\/\/marekkuchcinski.pl\/#organization\"},\"potentialAction\":[{\"@type\":\"SearchAction\",\"target\":{\"@type\":\"EntryPoint\",\"urlTemplate\":\"https:\/\/marekkuchcinski.pl\/?s={search_term_string}\"},\"query-input\":{\"@type\":\"PropertyValueSpecification\",\"valueRequired\":true,\"valueName\":\"search_term_string\"}}],\"inLanguage\":\"cs\"},{\"@type\":\"Organization\",\"@id\":\"https:\/\/marekkuchcinski.pl\/#organization\",\"name\":\"Marek Kuchci\u0144ski\",\"url\":\"https:\/\/marekkuchcinski.pl\/\",\"logo\":{\"@type\":\"ImageObject\",\"inLanguage\":\"cs\",\"@id\":\"https:\/\/marekkuchcinski.pl\/#\/schema\/logo\/image\/\",\"url\":\"https:\/\/marekkuchcinski.pl\/wp-content\/uploads\/2022\/09\/Marek.jpg\",\"contentUrl\":\"https:\/\/marekkuchcinski.pl\/wp-content\/uploads\/2022\/09\/Marek.jpg\",\"width\":1600,\"height\":971,\"caption\":\"Marek Kuchci\u0144ski\"},\"image\":{\"@id\":\"https:\/\/marekkuchcinski.pl\/#\/schema\/logo\/image\/\"}},{\"@type\":\"Person\",\"@id\":\"https:\/\/marekkuchcinski.pl\/#\/schema\/person\/6f62700996b4d950b6ea2d1183b6c6be\",\"name\":\"admin\",\"image\":{\"@type\":\"ImageObject\",\"inLanguage\":\"cs\",\"@id\":\"https:\/\/marekkuchcinski.pl\/#\/schema\/person\/image\/\",\"url\":\"https:\/\/secure.gravatar.com\/avatar\/4bab693b9d55c3d6b52c0296a8765085?s=96&d=mm&r=g\",\"contentUrl\":\"https:\/\/secure.gravatar.com\/avatar\/4bab693b9d55c3d6b52c0296a8765085?s=96&d=mm&r=g\",\"caption\":\"admin\"},\"url\":\"https:\/\/marekkuchcinski.pl\/cs\/author\/marta-olejnik\/\"}]}<\/script>\n<!-- \/ Yoast SEO plugin. -->","yoast_head_json":{"title":"Relacja ze spotkania w Nysie &#8211; Marek Kuchci\u0144ski","robots":{"index":"index","follow":"follow","max-snippet":"max-snippet:-1","max-image-preview":"max-image-preview:large","max-video-preview":"max-video-preview:-1"},"canonical":"https:\/\/marekkuchcinski.pl\/cs\/wydarzenia\/relacja-ze-spotkania-w-nysie\/","og_locale":"cs_CZ","og_type":"article","og_title":"Relacja ze spotkania w Nysie &#8211; Marek Kuchci\u0144ski","og_description":"nowinynyskie.com.pl: W niedziel\u0119 (12 maja &#8211; przyp.admina) w Nysie go\u015bci\u0142 wicemarsza\u0142ek Sejmu Marek Kuchci\u0144ski. Sala nyskiego muzeum, w kt\u00f3rej odbywa\u0142o si\u0119 spotkanie, by\u0142a wype\u0142niona po brzegi. W\u015br\u00f3d obecnych dominowali sympatycy i cz\u0142onkowie PiS. Spotkanie odby\u0142o si\u0119 w ramach akcji \u201eRozmowy z Polakami o Polsce\u201d. Wicemarsza\u0142ek sejmu przedstawi\u0142 obecn\u0105 sytuacj\u0119 polityczn\u0105 w kraju. Jak zdradzi\u0142, jest [&hellip;]","og_url":"https:\/\/marekkuchcinski.pl\/cs\/wydarzenia\/relacja-ze-spotkania-w-nysie\/","og_site_name":"Marek Kuchci\u0144ski","article_published_time":"2013-05-24T02:42:18+00:00","article_modified_time":"2016-08-25T14:59:27+00:00","og_image":[{"width":1600,"height":971,"url":"https:\/\/marekkuchcinski.pl\/wp-content\/uploads\/2022\/09\/Marek.jpg","type":"image\/jpeg"}],"author":"admin","twitter_card":"summary_large_image","twitter_misc":{"Napsal(a)":"admin","Odhadovan\u00e1 doba \u010dten\u00ed":"2 minuty"},"schema":{"@context":"https:\/\/schema.org","@graph":[{"@type":"Article","@id":"https:\/\/marekkuchcinski.pl\/uk\/wydarzenia\/relacja-ze-spotkania-w-nysie\/#article","isPartOf":{"@id":"https:\/\/marekkuchcinski.pl\/uk\/wydarzenia\/relacja-ze-spotkania-w-nysie\/"},"author":{"name":"admin","@id":"https:\/\/marekkuchcinski.pl\/#\/schema\/person\/6f62700996b4d950b6ea2d1183b6c6be"},"headline":"Relacja ze spotkania w Nysie","datePublished":"2013-05-24T02:42:18+00:00","dateModified":"2016-08-25T14:59:27+00:00","mainEntityOfPage":{"@id":"https:\/\/marekkuchcinski.pl\/uk\/wydarzenia\/relacja-ze-spotkania-w-nysie\/"},"wordCount":438,"commentCount":0,"publisher":{"@id":"https:\/\/marekkuchcinski.pl\/#organization"},"articleSection":["Wydarzenia"],"inLanguage":"cs","potentialAction":[{"@type":"CommentAction","name":"Comment","target":["https:\/\/marekkuchcinski.pl\/uk\/wydarzenia\/relacja-ze-spotkania-w-nysie\/#respond"]}]},{"@type":"WebPage","@id":"https:\/\/marekkuchcinski.pl\/uk\/wydarzenia\/relacja-ze-spotkania-w-nysie\/","url":"https:\/\/marekkuchcinski.pl\/uk\/wydarzenia\/relacja-ze-spotkania-w-nysie\/","name":"Relacja ze spotkania w Nysie &#8211; Marek Kuchci\u0144ski","isPartOf":{"@id":"https:\/\/marekkuchcinski.pl\/#website"},"datePublished":"2013-05-24T02:42:18+00:00","dateModified":"2016-08-25T14:59:27+00:00","breadcrumb":{"@id":"https:\/\/marekkuchcinski.pl\/uk\/wydarzenia\/relacja-ze-spotkania-w-nysie\/#breadcrumb"},"inLanguage":"cs","potentialAction":[{"@type":"ReadAction","target":["https:\/\/marekkuchcinski.pl\/uk\/wydarzenia\/relacja-ze-spotkania-w-nysie\/"]}]},{"@type":"BreadcrumbList","@id":"https:\/\/marekkuchcinski.pl\/uk\/wydarzenia\/relacja-ze-spotkania-w-nysie\/#breadcrumb","itemListElement":[{"@type":"ListItem","position":1,"name":"Strona g\u0142\u00f3wna","item":"https:\/\/marekkuchcinski.pl\/"},{"@type":"ListItem","position":2,"name":"Relacja ze spotkania w Nysie"}]},{"@type":"WebSite","@id":"https:\/\/marekkuchcinski.pl\/#website","url":"https:\/\/marekkuchcinski.pl\/","name":"Marek Kuchci\u0144ski","description":"Pose\u0142 na sejm RP &ndash; okr\u0119g nr 22","publisher":{"@id":"https:\/\/marekkuchcinski.pl\/#organization"},"potentialAction":[{"@type":"SearchAction","target":{"@type":"EntryPoint","urlTemplate":"https:\/\/marekkuchcinski.pl\/?s={search_term_string}"},"query-input":{"@type":"PropertyValueSpecification","valueRequired":true,"valueName":"search_term_string"}}],"inLanguage":"cs"},{"@type":"Organization","@id":"https:\/\/marekkuchcinski.pl\/#organization","name":"Marek Kuchci\u0144ski","url":"https:\/\/marekkuchcinski.pl\/","logo":{"@type":"ImageObject","inLanguage":"cs","@id":"https:\/\/marekkuchcinski.pl\/#\/schema\/logo\/image\/","url":"https:\/\/marekkuchcinski.pl\/wp-content\/uploads\/2022\/09\/Marek.jpg","contentUrl":"https:\/\/marekkuchcinski.pl\/wp-content\/uploads\/2022\/09\/Marek.jpg","width":1600,"height":971,"caption":"Marek Kuchci\u0144ski"},"image":{"@id":"https:\/\/marekkuchcinski.pl\/#\/schema\/logo\/image\/"}},{"@type":"Person","@id":"https:\/\/marekkuchcinski.pl\/#\/schema\/person\/6f62700996b4d950b6ea2d1183b6c6be","name":"admin","image":{"@type":"ImageObject","inLanguage":"cs","@id":"https:\/\/marekkuchcinski.pl\/#\/schema\/person\/image\/","url":"https:\/\/secure.gravatar.com\/avatar\/4bab693b9d55c3d6b52c0296a8765085?s=96&d=mm&r=g","contentUrl":"https:\/\/secure.gravatar.com\/avatar\/4bab693b9d55c3d6b52c0296a8765085?s=96&d=mm&r=g","caption":"admin"},"url":"https:\/\/marekkuchcinski.pl\/cs\/author\/marta-olejnik\/"}]}},"_links":{"self":[{"href":"https:\/\/marekkuchcinski.pl\/cs\/wp-json\/wp\/v2\/posts\/340","targetHints":{"allow":["GET"]}}],"collection":[{"href":"https:\/\/marekkuchcinski.pl\/cs\/wp-json\/wp\/v2\/posts"}],"about":[{"href":"https:\/\/marekkuchcinski.pl\/cs\/wp-json\/wp\/v2\/types\/post"}],"author":[{"embeddable":true,"href":"https:\/\/marekkuchcinski.pl\/cs\/wp-json\/wp\/v2\/users\/6"}],"replies":[{"embeddable":true,"href":"https:\/\/marekkuchcinski.pl\/cs\/wp-json\/wp\/v2\/comments?post=340"}],"version-history":[{"count":1,"href":"https:\/\/marekkuchcinski.pl\/cs\/wp-json\/wp\/v2\/posts\/340\/revisions"}],"predecessor-version":[{"id":1236,"href":"https:\/\/marekkuchcinski.pl\/cs\/wp-json\/wp\/v2\/posts\/340\/revisions\/1236"}],"wp:attachment":[{"href":"https:\/\/marekkuchcinski.pl\/cs\/wp-json\/wp\/v2\/media?parent=340"}],"wp:term":[{"taxonomy":"category","embeddable":true,"href":"https:\/\/marekkuchcinski.pl\/cs\/wp-json\/wp\/v2\/categories?post=340"},{"taxonomy":"post_tag","embeddable":true,"href":"https:\/\/marekkuchcinski.pl\/cs\/wp-json\/wp\/v2\/tags?post=340"}],"curies":[{"name":"wp","href":"https:\/\/api.w.org\/{rel}","templated":true}]}}