{"id":29400,"date":"2023-09-26T17:02:36","date_gmt":"2023-09-26T15:02:36","guid":{"rendered":"https:\/\/marekkuchcinski.pl\/?p=29400"},"modified":"2023-09-26T17:02:37","modified_gmt":"2023-09-26T15:02:37","slug":"odnowimy-jeszcze-wiecej-zabytkow-na-podkarpaciu","status":"publish","type":"post","link":"https:\/\/marekkuchcinski.pl\/cs\/wydarzenia\/odnowimy-jeszcze-wiecej-zabytkow-na-podkarpaciu\/","title":{"rendered":"Odnowimy jeszcze wi\u0119cej zabytk\u00f3w na Podkarpaciu"},"content":{"rendered":"<figure class=\"wp-block-image size-large\"><a href=\"https:\/\/marekkuchcinski.pl\/wp-content\/uploads\/2023\/04\/186984207_5536767209729594_7726537174968580524_n.jpg\"><img fetchpriority=\"high\" decoding=\"async\" width=\"1024\" height=\"683\" src=\"https:\/\/marekkuchcinski.pl\/wp-content\/uploads\/2023\/04\/186984207_5536767209729594_7726537174968580524_n-1024x683.jpg\" alt=\"\" class=\"wp-image-28313\" srcset=\"https:\/\/marekkuchcinski.pl\/wp-content\/uploads\/2023\/04\/186984207_5536767209729594_7726537174968580524_n-1024x683.jpg 1024w, https:\/\/marekkuchcinski.pl\/wp-content\/uploads\/2023\/04\/186984207_5536767209729594_7726537174968580524_n-300x200.jpg 300w, https:\/\/marekkuchcinski.pl\/wp-content\/uploads\/2023\/04\/186984207_5536767209729594_7726537174968580524_n-768x512.jpg 768w, https:\/\/marekkuchcinski.pl\/wp-content\/uploads\/2023\/04\/186984207_5536767209729594_7726537174968580524_n-1536x1024.jpg 1536w, https:\/\/marekkuchcinski.pl\/wp-content\/uploads\/2023\/04\/186984207_5536767209729594_7726537174968580524_n-18x12.jpg 18w, https:\/\/marekkuchcinski.pl\/wp-content\/uploads\/2023\/04\/186984207_5536767209729594_7726537174968580524_n.jpg 1600w\" sizes=\"(max-width: 1024px) 100vw, 1024px\" \/><\/a><\/figure>\n\n\n\n<p><strong>Rz\u0105d Prawa i Sprawiedliwo\u015bci inwestuje w lokalne spo\u0142eczno\u015bci. Dzi\u0119ki rz\u0105dowym programom zrealizowali\u015bmy ju\u017c ogromne <a href=\"https:\/\/marekkuchcinski.pl\/cs\/wydarzenia\/pis-dla-podkarpacia-ogromne-inwestycje-w-regionie\/\">inwestycje na Podkarpaciu<\/a>. W II edycji Rz\u0105dowego Programu Odbudowy Zabytk\u00f3w blisko 102 mln z\u0142 trafi do <\/strong>naszego wojew\u00f3dztwa.<strong>Skorzystaj\u0105 na tym nasi mieszka\u0144cy oraz tury\u015bci.<\/strong><\/p>\n\n\n\n<h2 class=\"wp-block-heading\"><strong>Zabytki to nasza przesz\u0142o\u015b\u0107 i przysz\u0142o\u015b\u0107<\/strong><\/h2>\n\n\n\n<p>Historyczne budynki to nie tylko nasza przesz\u0142o\u015b\u0107, ale i przysz\u0142o\u015b\u0107 \u2013 pozwalaj\u0105 piel\u0119gnowa\u0107 dziedzictwo kulturowe i zachowa\u0107 nasz\u0105 to\u017csamo\u015b\u0107.&nbsp;<\/p>\n\n\n\n<p>Jednocze\u015bnie cz\u0119sto pe\u0142ni\u0105 wa\u017cne funkcje publiczne \u2013 to szko\u0142y, domy kultury, ko\u015bcio\u0142y czy domy opieki. Ich renowacja b\u0105d\u017a odbudowa pozytywnie wp\u0142ywa na codzienne \u017cycie mieszka\u0144c\u00f3w, ale tak\u017ce wspiera turystyk\u0119 i nap\u0119dza rozw\u00f3j lokalny.<\/p>\n\n\n\n<h2 class=\"wp-block-heading\">Przemy\u015bl ju\u017c wykorzysta\u0142 \u015brodki na kultur\u0119 i zabytki<\/h2>\n\n\n\n<p><a href=\"https:\/\/marekkuchcinski.pl\/cs\/wydarzenia\/pis-dla-przemysla-2-mld-939-mln-zl-na-inwestycje-i-wsparcie-mieszkancow\/\">W samym Przemy\u015blu na kultur\u0119 i zabytki pozyskali\u015bmy 97,8 milion\u00f3w z\u0142otych.<\/a> Dzi\u0119ki tym \u015brodkom  otaczamy trosk\u0105 dziedzictwo kulturowe miasta, zapewniamy szeroki dost\u0119p do nowoczesnych instytucji kultury, muze\u00f3w, bibliotek. W 2018 r. dzi\u0119ki staraniom marsza\u0142ka Marka Kuchci\u0144skiego przemyska Star\u00f3wka i Forty Twierdzy Przemy\u015bl zosta\u0142y wpisane na list\u0119 Pomnik\u00f3w<br>Historii, a Muzeum Narodowe Ziemi Przemyskiej \u2013 na list\u0119 jednostek wsp\u00f3\u0142prowadzonych przez Ministra Kultury<\/p>\n\n\n\n<h2 class=\"wp-block-heading\"><strong>Rz\u0105dowy Program Odbudowy Zabytk\u00f3w<\/strong><\/h2>\n\n\n\n<p>Pieni\u0105dze z programu przeznaczone s\u0105 na prace konserwatorskie i restauratorskie oraz roboty budowlane. Dzi\u0119ki tym funduszom mo\u017cemy przywr\u00f3ci\u0107 zabytkom ich dawny blask.<br>W ramach naboru samorz\u0105dy od 26 lipca br. do 18 sierpnia br. mog\u0142y sk\u0142ada\u0107 wnioski o<br>bezzwrotne dofinansowanie realizowanych inwestycji. <\/p>\n\n\n\n<p><strong>Samorz\u0105dy w ramach tej edycji otrzymaj\u0105 1,82 mld z\u0142 na 3248 inwestycji.<\/strong><\/p>\n\n\n\n<p>Na stronie Kancelarii Prezesa Rady Ministr\u00f3w mo\u017cna zobaczy\u0107 pe\u0142n\u0105 list\u0119 dotacji z <strong>Rz\u0105dowego Programu Odbudowy Zabytk\u00f3w<\/strong> dla Podkarpacia. [<a href=\"https:\/\/www.gov.pl\/attachment\/fc296714-d766-4676-b535-9ed8353e8d69\">ZOBACZ<\/a>] <\/p>","protected":false},"excerpt":{"rendered":"<p>Rz\u0105d Prawa i Sprawiedliwo\u015bci inwestuje w lokalne spo\u0142eczno\u015bci. Dzi\u0119ki rz\u0105dowym programom zrealizowali\u015bmy ju\u017c ogromne inwestycje na Podkarpaciu. W II edycji Rz\u0105dowego Programu Odbudowy Zabytk\u00f3w blisko 102 mln z\u0142 trafi do naszego wojew\u00f3dztwa.Skorzystaj\u0105 na tym nasi mieszka\u0144cy oraz tury\u015bci. Zabytki to nasza przesz\u0142o\u015b\u0107 i przysz\u0142o\u015b\u0107 Historyczne budynki to nie tylko nasza przesz\u0142o\u015b\u0107, ale i przysz\u0142o\u015b\u0107 \u2013 [&hellip;]<\/p>","protected":false},"author":21,"featured_media":28313,"comment_status":"closed","ping_status":"open","sticky":false,"template":"","format":"standard","meta":{"ngg_post_thumbnail":0,"footnotes":""},"categories":[3],"tags":[],"class_list":["post-29400","post","type-post","status-publish","format-standard","has-post-thumbnail","hentry","category-wydarzenia"],"yoast_head":"<!-- This site is optimized with the Yoast SEO plugin v24.7 - https:\/\/yoast.com\/wordpress\/plugins\/seo\/ -->\n<title>Odnowimy jeszcze wi\u0119cej zabytk\u00f3w na Podkarpaciu &#8211; Marek Kuchci\u0144ski<\/title>\n<meta name=\"robots\" content=\"index, follow, max-snippet:-1, max-image-preview:large, max-video-preview:-1\" \/>\n<link rel=\"canonical\" href=\"https:\/\/marekkuchcinski.pl\/cs\/wydarzenia\/odnowimy-jeszcze-wiecej-zabytkow-na-podkarpaciu\/\" \/>\n<meta property=\"og:locale\" content=\"cs_CZ\" \/>\n<meta property=\"og:type\" content=\"article\" \/>\n<meta property=\"og:title\" content=\"Odnowimy jeszcze wi\u0119cej zabytk\u00f3w na Podkarpaciu &#8211; Marek Kuchci\u0144ski\" \/>\n<meta property=\"og:description\" content=\"Rz\u0105d Prawa i Sprawiedliwo\u015bci inwestuje w lokalne spo\u0142eczno\u015bci. Dzi\u0119ki rz\u0105dowym programom zrealizowali\u015bmy ju\u017c ogromne inwestycje na Podkarpaciu. W II edycji Rz\u0105dowego Programu Odbudowy Zabytk\u00f3w blisko 102 mln z\u0142 trafi do naszego wojew\u00f3dztwa.Skorzystaj\u0105 na tym nasi mieszka\u0144cy oraz tury\u015bci. Zabytki to nasza przesz\u0142o\u015b\u0107 i przysz\u0142o\u015b\u0107 Historyczne budynki to nie tylko nasza przesz\u0142o\u015b\u0107, ale i przysz\u0142o\u015b\u0107 \u2013 [&hellip;]\" \/>\n<meta property=\"og:url\" content=\"https:\/\/marekkuchcinski.pl\/cs\/wydarzenia\/odnowimy-jeszcze-wiecej-zabytkow-na-podkarpaciu\/\" \/>\n<meta property=\"og:site_name\" content=\"Marek Kuchci\u0144ski\" \/>\n<meta property=\"article:published_time\" content=\"2023-09-26T15:02:36+00:00\" \/>\n<meta property=\"article:modified_time\" content=\"2023-09-26T15:02:37+00:00\" \/>\n<meta property=\"og:image\" content=\"https:\/\/marekkuchcinski.pl\/wp-content\/uploads\/2023\/04\/186984207_5536767209729594_7726537174968580524_n.jpg\" \/>\n\t<meta property=\"og:image:width\" content=\"1600\" \/>\n\t<meta property=\"og:image:height\" content=\"1067\" \/>\n\t<meta property=\"og:image:type\" content=\"image\/jpeg\" \/>\n<meta name=\"author\" content=\"Marta Olejnik\" \/>\n<meta name=\"twitter:card\" content=\"summary_large_image\" \/>\n<meta name=\"twitter:label1\" content=\"Napsal(a)\" \/>\n\t<meta name=\"twitter:data1\" content=\"Marta Olejnik\" \/>\n\t<meta name=\"twitter:label2\" content=\"Odhadovan\u00e1 doba \u010dten\u00ed\" \/>\n\t<meta name=\"twitter:data2\" content=\"2 minuty\" \/>\n<script type=\"application\/ld+json\" class=\"yoast-schema-graph\">{\"@context\":\"https:\/\/schema.org\",\"@graph\":[{\"@type\":\"Article\",\"@id\":\"https:\/\/marekkuchcinski.pl\/wydarzenia\/odnowimy-jeszcze-wiecej-zabytkow-na-podkarpaciu\/#article\",\"isPartOf\":{\"@id\":\"https:\/\/marekkuchcinski.pl\/wydarzenia\/odnowimy-jeszcze-wiecej-zabytkow-na-podkarpaciu\/\"},\"author\":{\"name\":\"Marta Olejnik\",\"@id\":\"https:\/\/marekkuchcinski.pl\/#\/schema\/person\/51d5d4ee3b5317b8e4dd2b48af359229\"},\"headline\":\"Odnowimy jeszcze wi\u0119cej zabytk\u00f3w na Podkarpaciu\",\"datePublished\":\"2023-09-26T15:02:36+00:00\",\"dateModified\":\"2023-09-26T15:02:37+00:00\",\"mainEntityOfPage\":{\"@id\":\"https:\/\/marekkuchcinski.pl\/wydarzenia\/odnowimy-jeszcze-wiecej-zabytkow-na-podkarpaciu\/\"},\"wordCount\":303,\"publisher\":{\"@id\":\"https:\/\/marekkuchcinski.pl\/#organization\"},\"image\":{\"@id\":\"https:\/\/marekkuchcinski.pl\/wydarzenia\/odnowimy-jeszcze-wiecej-zabytkow-na-podkarpaciu\/#primaryimage\"},\"thumbnailUrl\":\"https:\/\/marekkuchcinski.pl\/wp-content\/uploads\/2023\/04\/186984207_5536767209729594_7726537174968580524_n.jpg\",\"articleSection\":[\"Wydarzenia\"],\"inLanguage\":\"cs\"},{\"@type\":\"WebPage\",\"@id\":\"https:\/\/marekkuchcinski.pl\/wydarzenia\/odnowimy-jeszcze-wiecej-zabytkow-na-podkarpaciu\/\",\"url\":\"https:\/\/marekkuchcinski.pl\/wydarzenia\/odnowimy-jeszcze-wiecej-zabytkow-na-podkarpaciu\/\",\"name\":\"Odnowimy jeszcze wi\u0119cej zabytk\u00f3w na Podkarpaciu &#8211; Marek Kuchci\u0144ski\",\"isPartOf\":{\"@id\":\"https:\/\/marekkuchcinski.pl\/#website\"},\"primaryImageOfPage\":{\"@id\":\"https:\/\/marekkuchcinski.pl\/wydarzenia\/odnowimy-jeszcze-wiecej-zabytkow-na-podkarpaciu\/#primaryimage\"},\"image\":{\"@id\":\"https:\/\/marekkuchcinski.pl\/wydarzenia\/odnowimy-jeszcze-wiecej-zabytkow-na-podkarpaciu\/#primaryimage\"},\"thumbnailUrl\":\"https:\/\/marekkuchcinski.pl\/wp-content\/uploads\/2023\/04\/186984207_5536767209729594_7726537174968580524_n.jpg\",\"datePublished\":\"2023-09-26T15:02:36+00:00\",\"dateModified\":\"2023-09-26T15:02:37+00:00\",\"breadcrumb\":{\"@id\":\"https:\/\/marekkuchcinski.pl\/wydarzenia\/odnowimy-jeszcze-wiecej-zabytkow-na-podkarpaciu\/#breadcrumb\"},\"inLanguage\":\"cs\",\"potentialAction\":[{\"@type\":\"ReadAction\",\"target\":[\"https:\/\/marekkuchcinski.pl\/wydarzenia\/odnowimy-jeszcze-wiecej-zabytkow-na-podkarpaciu\/\"]}]},{\"@type\":\"ImageObject\",\"inLanguage\":\"cs\",\"@id\":\"https:\/\/marekkuchcinski.pl\/wydarzenia\/odnowimy-jeszcze-wiecej-zabytkow-na-podkarpaciu\/#primaryimage\",\"url\":\"https:\/\/marekkuchcinski.pl\/wp-content\/uploads\/2023\/04\/186984207_5536767209729594_7726537174968580524_n.jpg\",\"contentUrl\":\"https:\/\/marekkuchcinski.pl\/wp-content\/uploads\/2023\/04\/186984207_5536767209729594_7726537174968580524_n.jpg\",\"width\":1600,\"height\":1067},{\"@type\":\"BreadcrumbList\",\"@id\":\"https:\/\/marekkuchcinski.pl\/wydarzenia\/odnowimy-jeszcze-wiecej-zabytkow-na-podkarpaciu\/#breadcrumb\",\"itemListElement\":[{\"@type\":\"ListItem\",\"position\":1,\"name\":\"Strona g\u0142\u00f3wna\",\"item\":\"https:\/\/marekkuchcinski.pl\/\"},{\"@type\":\"ListItem\",\"position\":2,\"name\":\"Odnowimy jeszcze wi\u0119cej zabytk\u00f3w na Podkarpaciu\"}]},{\"@type\":\"WebSite\",\"@id\":\"https:\/\/marekkuchcinski.pl\/#website\",\"url\":\"https:\/\/marekkuchcinski.pl\/\",\"name\":\"Marek Kuchci\u0144ski\",\"description\":\"Pose\u0142 na sejm RP &ndash; okr\u0119g nr 22\",\"publisher\":{\"@id\":\"https:\/\/marekkuchcinski.pl\/#organization\"},\"potentialAction\":[{\"@type\":\"SearchAction\",\"target\":{\"@type\":\"EntryPoint\",\"urlTemplate\":\"https:\/\/marekkuchcinski.pl\/?s={search_term_string}\"},\"query-input\":{\"@type\":\"PropertyValueSpecification\",\"valueRequired\":true,\"valueName\":\"search_term_string\"}}],\"inLanguage\":\"cs\"},{\"@type\":\"Organization\",\"@id\":\"https:\/\/marekkuchcinski.pl\/#organization\",\"name\":\"Marek Kuchci\u0144ski\",\"url\":\"https:\/\/marekkuchcinski.pl\/\",\"logo\":{\"@type\":\"ImageObject\",\"inLanguage\":\"cs\",\"@id\":\"https:\/\/marekkuchcinski.pl\/#\/schema\/logo\/image\/\",\"url\":\"https:\/\/marekkuchcinski.pl\/wp-content\/uploads\/2022\/09\/Marek.jpg\",\"contentUrl\":\"https:\/\/marekkuchcinski.pl\/wp-content\/uploads\/2022\/09\/Marek.jpg\",\"width\":1600,\"height\":971,\"caption\":\"Marek Kuchci\u0144ski\"},\"image\":{\"@id\":\"https:\/\/marekkuchcinski.pl\/#\/schema\/logo\/image\/\"}},{\"@type\":\"Person\",\"@id\":\"https:\/\/marekkuchcinski.pl\/#\/schema\/person\/51d5d4ee3b5317b8e4dd2b48af359229\",\"name\":\"Marta Olejnik\",\"image\":{\"@type\":\"ImageObject\",\"inLanguage\":\"cs\",\"@id\":\"https:\/\/marekkuchcinski.pl\/#\/schema\/person\/image\/\",\"url\":\"https:\/\/secure.gravatar.com\/avatar\/e39914b2aa6a48959e24d475b5dc9793?s=96&d=mm&r=g\",\"contentUrl\":\"https:\/\/secure.gravatar.com\/avatar\/e39914b2aa6a48959e24d475b5dc9793?s=96&d=mm&r=g\",\"caption\":\"Marta Olejnik\"},\"url\":\"https:\/\/marekkuchcinski.pl\/cs\/author\/marta\/\"}]}<\/script>\n<!-- \/ Yoast SEO plugin. -->","yoast_head_json":{"title":"Odnowimy jeszcze wi\u0119cej zabytk\u00f3w na Podkarpaciu &#8211; Marek Kuchci\u0144ski","robots":{"index":"index","follow":"follow","max-snippet":"max-snippet:-1","max-image-preview":"max-image-preview:large","max-video-preview":"max-video-preview:-1"},"canonical":"https:\/\/marekkuchcinski.pl\/cs\/wydarzenia\/odnowimy-jeszcze-wiecej-zabytkow-na-podkarpaciu\/","og_locale":"cs_CZ","og_type":"article","og_title":"Odnowimy jeszcze wi\u0119cej zabytk\u00f3w na Podkarpaciu &#8211; Marek Kuchci\u0144ski","og_description":"Rz\u0105d Prawa i Sprawiedliwo\u015bci inwestuje w lokalne spo\u0142eczno\u015bci. Dzi\u0119ki rz\u0105dowym programom zrealizowali\u015bmy ju\u017c ogromne inwestycje na Podkarpaciu. W II edycji Rz\u0105dowego Programu Odbudowy Zabytk\u00f3w blisko 102 mln z\u0142 trafi do naszego wojew\u00f3dztwa.Skorzystaj\u0105 na tym nasi mieszka\u0144cy oraz tury\u015bci. Zabytki to nasza przesz\u0142o\u015b\u0107 i przysz\u0142o\u015b\u0107 Historyczne budynki to nie tylko nasza przesz\u0142o\u015b\u0107, ale i przysz\u0142o\u015b\u0107 \u2013 [&hellip;]","og_url":"https:\/\/marekkuchcinski.pl\/cs\/wydarzenia\/odnowimy-jeszcze-wiecej-zabytkow-na-podkarpaciu\/","og_site_name":"Marek Kuchci\u0144ski","article_published_time":"2023-09-26T15:02:36+00:00","article_modified_time":"2023-09-26T15:02:37+00:00","og_image":[{"width":1600,"height":1067,"url":"https:\/\/marekkuchcinski.pl\/wp-content\/uploads\/2023\/04\/186984207_5536767209729594_7726537174968580524_n.jpg","type":"image\/jpeg"}],"author":"Marta Olejnik","twitter_card":"summary_large_image","twitter_misc":{"Napsal(a)":"Marta Olejnik","Odhadovan\u00e1 doba \u010dten\u00ed":"2 minuty"},"schema":{"@context":"https:\/\/schema.org","@graph":[{"@type":"Article","@id":"https:\/\/marekkuchcinski.pl\/wydarzenia\/odnowimy-jeszcze-wiecej-zabytkow-na-podkarpaciu\/#article","isPartOf":{"@id":"https:\/\/marekkuchcinski.pl\/wydarzenia\/odnowimy-jeszcze-wiecej-zabytkow-na-podkarpaciu\/"},"author":{"name":"Marta Olejnik","@id":"https:\/\/marekkuchcinski.pl\/#\/schema\/person\/51d5d4ee3b5317b8e4dd2b48af359229"},"headline":"Odnowimy jeszcze wi\u0119cej zabytk\u00f3w na Podkarpaciu","datePublished":"2023-09-26T15:02:36+00:00","dateModified":"2023-09-26T15:02:37+00:00","mainEntityOfPage":{"@id":"https:\/\/marekkuchcinski.pl\/wydarzenia\/odnowimy-jeszcze-wiecej-zabytkow-na-podkarpaciu\/"},"wordCount":303,"publisher":{"@id":"https:\/\/marekkuchcinski.pl\/#organization"},"image":{"@id":"https:\/\/marekkuchcinski.pl\/wydarzenia\/odnowimy-jeszcze-wiecej-zabytkow-na-podkarpaciu\/#primaryimage"},"thumbnailUrl":"https:\/\/marekkuchcinski.pl\/wp-content\/uploads\/2023\/04\/186984207_5536767209729594_7726537174968580524_n.jpg","articleSection":["Wydarzenia"],"inLanguage":"cs"},{"@type":"WebPage","@id":"https:\/\/marekkuchcinski.pl\/wydarzenia\/odnowimy-jeszcze-wiecej-zabytkow-na-podkarpaciu\/","url":"https:\/\/marekkuchcinski.pl\/wydarzenia\/odnowimy-jeszcze-wiecej-zabytkow-na-podkarpaciu\/","name":"Odnowimy jeszcze wi\u0119cej zabytk\u00f3w na Podkarpaciu &#8211; Marek Kuchci\u0144ski","isPartOf":{"@id":"https:\/\/marekkuchcinski.pl\/#website"},"primaryImageOfPage":{"@id":"https:\/\/marekkuchcinski.pl\/wydarzenia\/odnowimy-jeszcze-wiecej-zabytkow-na-podkarpaciu\/#primaryimage"},"image":{"@id":"https:\/\/marekkuchcinski.pl\/wydarzenia\/odnowimy-jeszcze-wiecej-zabytkow-na-podkarpaciu\/#primaryimage"},"thumbnailUrl":"https:\/\/marekkuchcinski.pl\/wp-content\/uploads\/2023\/04\/186984207_5536767209729594_7726537174968580524_n.jpg","datePublished":"2023-09-26T15:02:36+00:00","dateModified":"2023-09-26T15:02:37+00:00","breadcrumb":{"@id":"https:\/\/marekkuchcinski.pl\/wydarzenia\/odnowimy-jeszcze-wiecej-zabytkow-na-podkarpaciu\/#breadcrumb"},"inLanguage":"cs","potentialAction":[{"@type":"ReadAction","target":["https:\/\/marekkuchcinski.pl\/wydarzenia\/odnowimy-jeszcze-wiecej-zabytkow-na-podkarpaciu\/"]}]},{"@type":"ImageObject","inLanguage":"cs","@id":"https:\/\/marekkuchcinski.pl\/wydarzenia\/odnowimy-jeszcze-wiecej-zabytkow-na-podkarpaciu\/#primaryimage","url":"https:\/\/marekkuchcinski.pl\/wp-content\/uploads\/2023\/04\/186984207_5536767209729594_7726537174968580524_n.jpg","contentUrl":"https:\/\/marekkuchcinski.pl\/wp-content\/uploads\/2023\/04\/186984207_5536767209729594_7726537174968580524_n.jpg","width":1600,"height":1067},{"@type":"BreadcrumbList","@id":"https:\/\/marekkuchcinski.pl\/wydarzenia\/odnowimy-jeszcze-wiecej-zabytkow-na-podkarpaciu\/#breadcrumb","itemListElement":[{"@type":"ListItem","position":1,"name":"Strona g\u0142\u00f3wna","item":"https:\/\/marekkuchcinski.pl\/"},{"@type":"ListItem","position":2,"name":"Odnowimy jeszcze wi\u0119cej zabytk\u00f3w na Podkarpaciu"}]},{"@type":"WebSite","@id":"https:\/\/marekkuchcinski.pl\/#website","url":"https:\/\/marekkuchcinski.pl\/","name":"Marek Kuchci\u0144ski","description":"Pose\u0142 na sejm RP &ndash; okr\u0119g nr 22","publisher":{"@id":"https:\/\/marekkuchcinski.pl\/#organization"},"potentialAction":[{"@type":"SearchAction","target":{"@type":"EntryPoint","urlTemplate":"https:\/\/marekkuchcinski.pl\/?s={search_term_string}"},"query-input":{"@type":"PropertyValueSpecification","valueRequired":true,"valueName":"search_term_string"}}],"inLanguage":"cs"},{"@type":"Organization","@id":"https:\/\/marekkuchcinski.pl\/#organization","name":"Marek Kuchci\u0144ski","url":"https:\/\/marekkuchcinski.pl\/","logo":{"@type":"ImageObject","inLanguage":"cs","@id":"https:\/\/marekkuchcinski.pl\/#\/schema\/logo\/image\/","url":"https:\/\/marekkuchcinski.pl\/wp-content\/uploads\/2022\/09\/Marek.jpg","contentUrl":"https:\/\/marekkuchcinski.pl\/wp-content\/uploads\/2022\/09\/Marek.jpg","width":1600,"height":971,"caption":"Marek Kuchci\u0144ski"},"image":{"@id":"https:\/\/marekkuchcinski.pl\/#\/schema\/logo\/image\/"}},{"@type":"Person","@id":"https:\/\/marekkuchcinski.pl\/#\/schema\/person\/51d5d4ee3b5317b8e4dd2b48af359229","name":"Marta Olejnik","image":{"@type":"ImageObject","inLanguage":"cs","@id":"https:\/\/marekkuchcinski.pl\/#\/schema\/person\/image\/","url":"https:\/\/secure.gravatar.com\/avatar\/e39914b2aa6a48959e24d475b5dc9793?s=96&d=mm&r=g","contentUrl":"https:\/\/secure.gravatar.com\/avatar\/e39914b2aa6a48959e24d475b5dc9793?s=96&d=mm&r=g","caption":"Marta Olejnik"},"url":"https:\/\/marekkuchcinski.pl\/cs\/author\/marta\/"}]}},"_links":{"self":[{"href":"https:\/\/marekkuchcinski.pl\/cs\/wp-json\/wp\/v2\/posts\/29400","targetHints":{"allow":["GET"]}}],"collection":[{"href":"https:\/\/marekkuchcinski.pl\/cs\/wp-json\/wp\/v2\/posts"}],"about":[{"href":"https:\/\/marekkuchcinski.pl\/cs\/wp-json\/wp\/v2\/types\/post"}],"author":[{"embeddable":true,"href":"https:\/\/marekkuchcinski.pl\/cs\/wp-json\/wp\/v2\/users\/21"}],"replies":[{"embeddable":true,"href":"https:\/\/marekkuchcinski.pl\/cs\/wp-json\/wp\/v2\/comments?post=29400"}],"version-history":[{"count":3,"href":"https:\/\/marekkuchcinski.pl\/cs\/wp-json\/wp\/v2\/posts\/29400\/revisions"}],"predecessor-version":[{"id":29404,"href":"https:\/\/marekkuchcinski.pl\/cs\/wp-json\/wp\/v2\/posts\/29400\/revisions\/29404"}],"wp:featuredmedia":[{"embeddable":true,"href":"https:\/\/marekkuchcinski.pl\/cs\/wp-json\/wp\/v2\/media\/28313"}],"wp:attachment":[{"href":"https:\/\/marekkuchcinski.pl\/cs\/wp-json\/wp\/v2\/media?parent=29400"}],"wp:term":[{"taxonomy":"category","embeddable":true,"href":"https:\/\/marekkuchcinski.pl\/cs\/wp-json\/wp\/v2\/categories?post=29400"},{"taxonomy":"post_tag","embeddable":true,"href":"https:\/\/marekkuchcinski.pl\/cs\/wp-json\/wp\/v2\/tags?post=29400"}],"curies":[{"name":"wp","href":"https:\/\/api.w.org\/{rel}","templated":true}]}}