{"id":29226,"date":"2023-09-06T11:36:37","date_gmt":"2023-09-06T09:36:37","guid":{"rendered":"https:\/\/marekkuchcinski.pl\/?p=29226"},"modified":"2023-09-10T18:54:40","modified_gmt":"2023-09-10T16:54:40","slug":"biografia-polityczna-marka-kuchcinskiego","status":"publish","type":"post","link":"https:\/\/marekkuchcinski.pl\/cs\/wydarzenia\/biografia-polityczna-marka-kuchcinskiego\/","title":{"rendered":"Biografia polityczna Marka Kuchci\u0144skiego"},"content":{"rendered":"<p><strong>Z Przemy\u015bla do wielkiej polityki. Biografia polityczna Marka Kuchci\u0144skiego. To ksi\u0105\u017cka, kt\u00f3ra jest biografi\u0105 szczeg\u00f3ln\u0105. Opisuje losy cz\u0142owieka, ale jest jednocze\u015bnie niezwyk\u0142\u0105 ilustracj\u0119 podkarpackiego \u015brodowiska. Ludzi i idei, kt\u00f3rzy stworzyli wyj\u0105tkowy rozdzia\u0142 w polskiej i europejskiej polityce.<\/strong><\/p>\n\n\n\n<figure class=\"wp-block-image size-large\"><a href=\"https:\/\/marekkuchcinski.pl\/wp-content\/uploads\/2023\/09\/IMGL9322.jpg\"><img fetchpriority=\"high\" decoding=\"async\" width=\"1024\" height=\"683\" src=\"https:\/\/marekkuchcinski.pl\/wp-content\/uploads\/2023\/09\/IMGL9322-1024x683.jpg\" alt=\"\" class=\"wp-image-29288\" srcset=\"https:\/\/marekkuchcinski.pl\/wp-content\/uploads\/2023\/09\/IMGL9322-1024x683.jpg 1024w, https:\/\/marekkuchcinski.pl\/wp-content\/uploads\/2023\/09\/IMGL9322-300x200.jpg 300w, https:\/\/marekkuchcinski.pl\/wp-content\/uploads\/2023\/09\/IMGL9322-768x512.jpg 768w, https:\/\/marekkuchcinski.pl\/wp-content\/uploads\/2023\/09\/IMGL9322-1536x1024.jpg 1536w, https:\/\/marekkuchcinski.pl\/wp-content\/uploads\/2023\/09\/IMGL9322-18x12.jpg 18w, https:\/\/marekkuchcinski.pl\/wp-content\/uploads\/2023\/09\/IMGL9322.jpg 1600w\" sizes=\"(max-width: 1024px) 100vw, 1024px\" \/><\/a><\/figure>\n\n\n\n<p>Nie bez znaczenia jest fakt, \u017ce premiera biografii Marka Kuchci\u0144skiego ma miejsce podczas Europy Karpat. Dzi\u015b konferencja ta kszta\u0142tuje mi\u0119dzynarodowe idee dotycz\u0105ce rozwoju Europy \u015arodkowej. Dokona\u0142 tego cz\u0142owiek pochodz\u0105cy z niewielkiego miasta na Podkarpaciu.<\/p>\n\n\n\n<p>&#8211; Ta droga jest fascynuj\u0105ca dla ka\u017cdego historyka. Podkarpacie mia\u0142o dw\u00f3ch Marsza\u0142k\u00f3w Sejmu: Andrzeja Maksymiliana Fredr\u0119 z Pleszowic i Marka Kuchci\u0144skiego z Przemy\u015bl\u0105. Czy to nie jest wystarczaj\u0105cy argument za tym by napisa\u0107 powa\u017cn\u0105 ksi\u0105\u017ck\u0119? &#8211; zastanawia\u0142 si\u0119 podczas spotkania autorskiego w Karpaczu profesor Jan Draus.<\/p>\n\n\n\n<p>Marek Kuchci\u0144ski przyzna\u0142, \u017ce mia\u0142 obiekcje, gdy us\u0142ysza\u0142 o pomy\u015ble napisania jego biografii. Jest bardzo aktywnym politykiem, kt\u00f3ry sam nie napisa\u0142 jeszcze swojego ostatniego rozdzia\u0142u na polskiej i europejskiej scenie.<\/p>\n\n\n\n<p>&#8211; Przekona\u0142y mnie nazwiska profesora Drausa i doktora Iwaneczko. To praca, w gruncie rzeczy naukowa, z powa\u017cnymi przypisami, literatur\u0105 i naukow\u0105 faktografi\u0105. No i nie jestem tam sam: s\u0105 w niej ludzie, kt\u00f3rzy tworzyli \u015brodowisko kszta\u0142tuj\u0105ce moj\u0105 drog\u0119 i drog\u0119 wielu Polak\u00f3w &#8211; wyja\u015bnia\u0142 Marek Kuchci\u0144ski.<\/p>\n\n\n\n<p>Dariusz Iwaneczko nie kry\u0142, \u017ce jest to biografia otwarta. &#8211; Piszemy o cz\u0142owieku, kt\u00f3ry jest w biegu. Odkrywamy fenomen \u015brodowiska i dokonujemy jego wiwisekcji. Niezwyk\u0142e jest to, \u017ce najsilniejsze ugrupowanie polityczne w regionie stworzy\u0142 cz\u0142owiek, kt\u00f3ry nie mia\u0142 na pocz\u0105tku ambicji politycznych. Wybra\u0142 drog\u0119 rozwoju kultury niezale\u017cnej. Stworzenia \u015brodowiska my\u015blicieli, artyst\u00f3w, ludzi wolnych, zbuntowanych w mrocznych czasach komunizmu. Potem zaanga\u017cowa\u0142 si\u0119 w dzia\u0142alno\u015b\u0107 spo\u0142eczn\u0105 w Komitetach Obywatelskich, a konsekwencj\u0105 tego by\u0142o wej\u015bcie do polityki &#8211; wyja\u015bnia\u0142 Dariusz Iwaneczko.<\/p>\n\n\n\n<p>Marek Kuchci\u0144ski nie ukrywa\u0142, \u017ce jego polityczne pogl\u0105dy ukszta\u0142towali braci Kaczy\u0144scy. &#8211; Najpierw pozna\u0142em Jaros\u0142awa. Na pocz\u0105tku 1990 roku zaproponowa\u0142 nam co\u015b co by\u0142o sp\u00f3jn\u0105 wizj\u0105 uporz\u0105dkowanej Polski. Wtedy g\u0142\u00f3wn\u0105 ide\u0105 by\u0142o obalanie komuny, a Jaros\u0142aw Kaczy\u0144ski pokazywa\u0142 now\u0105 drog\u0119. Potem na mojej drodze pojawi\u0142 si\u0119 Lech Kaczy\u0144ski i jego poj\u0119cie bezpiecze\u0144stwa jako kierunku rozwoju kraju &#8211; opowiada\u0142 Marek Kuchci\u0144ski.<\/p>\n\n\n\n<p>Aby pozna\u0107 lepiej fenomen podkarpackiego \u015brodowiska politycznego zorganizowanego dzisiaj wok\u00f3\u0142 Prawa i Sprawiedliwo\u015bci, a tak\u017ce prze\u015bledzi\u0107 losy ludzi buduj\u0105cych niezale\u017cn\u0105 Polsk\u0119 &#8222;na peryferiach&#8221; wielkiej polityki, bo tak jest postrzegany przemy\u015bl, warto si\u0119gn\u0105\u0107 po biografi\u0119 wydan\u0105 przez Instytut Wschodni. Bogato ilustrowana z pieczo\u0142owicie opracowan\u0105 bibliografi\u0105, jest wa\u017cn\u0105 pozycj\u0105 w historycznej bibliotece polskiej polityki i kultury.<\/p>\n\n\n\n<p><em>Foto: M. Olejnik<\/em><\/p>\n\n\n\n<figure class=\"wp-block-image size-large\"><a href=\"https:\/\/marekkuchcinski.pl\/wp-content\/uploads\/2023\/09\/IMGL9271.jpg\"><img decoding=\"async\" width=\"1024\" height=\"685\" src=\"https:\/\/marekkuchcinski.pl\/wp-content\/uploads\/2023\/09\/IMGL9271-1024x685.jpg\" alt=\"\" class=\"wp-image-29289\" srcset=\"https:\/\/marekkuchcinski.pl\/wp-content\/uploads\/2023\/09\/IMGL9271-1024x685.jpg 1024w, https:\/\/marekkuchcinski.pl\/wp-content\/uploads\/2023\/09\/IMGL9271-300x201.jpg 300w, https:\/\/marekkuchcinski.pl\/wp-content\/uploads\/2023\/09\/IMGL9271-768x514.jpg 768w, https:\/\/marekkuchcinski.pl\/wp-content\/uploads\/2023\/09\/IMGL9271-1536x1028.jpg 1536w, https:\/\/marekkuchcinski.pl\/wp-content\/uploads\/2023\/09\/IMGL9271-18x12.jpg 18w, https:\/\/marekkuchcinski.pl\/wp-content\/uploads\/2023\/09\/IMGL9271.jpg 1600w\" sizes=\"(max-width: 1024px) 100vw, 1024px\" \/><\/a><\/figure>\n\n\n\n<figure class=\"wp-block-image size-large\"><a href=\"https:\/\/marekkuchcinski.pl\/wp-content\/uploads\/2023\/09\/IMGL9331.jpg\"><img decoding=\"async\" width=\"1024\" height=\"678\" src=\"https:\/\/marekkuchcinski.pl\/wp-content\/uploads\/2023\/09\/IMGL9331-1024x678.jpg\" alt=\"\" class=\"wp-image-29290\" srcset=\"https:\/\/marekkuchcinski.pl\/wp-content\/uploads\/2023\/09\/IMGL9331-1024x678.jpg 1024w, https:\/\/marekkuchcinski.pl\/wp-content\/uploads\/2023\/09\/IMGL9331-300x199.jpg 300w, https:\/\/marekkuchcinski.pl\/wp-content\/uploads\/2023\/09\/IMGL9331-768x509.jpg 768w, https:\/\/marekkuchcinski.pl\/wp-content\/uploads\/2023\/09\/IMGL9331-1536x1018.jpg 1536w, https:\/\/marekkuchcinski.pl\/wp-content\/uploads\/2023\/09\/IMGL9331-18x12.jpg 18w, https:\/\/marekkuchcinski.pl\/wp-content\/uploads\/2023\/09\/IMGL9331.jpg 1600w\" sizes=\"(max-width: 1024px) 100vw, 1024px\" \/><\/a><\/figure>\n\n\n\n<figure class=\"wp-block-image size-large\"><a href=\"https:\/\/marekkuchcinski.pl\/wp-content\/uploads\/2023\/09\/IMGL9273.jpg\"><img loading=\"lazy\" decoding=\"async\" width=\"1024\" height=\"743\" src=\"https:\/\/marekkuchcinski.pl\/wp-content\/uploads\/2023\/09\/IMGL9273-1024x743.jpg\" alt=\"\" class=\"wp-image-29291\" srcset=\"https:\/\/marekkuchcinski.pl\/wp-content\/uploads\/2023\/09\/IMGL9273-1024x743.jpg 1024w, https:\/\/marekkuchcinski.pl\/wp-content\/uploads\/2023\/09\/IMGL9273-300x218.jpg 300w, https:\/\/marekkuchcinski.pl\/wp-content\/uploads\/2023\/09\/IMGL9273-768x557.jpg 768w, https:\/\/marekkuchcinski.pl\/wp-content\/uploads\/2023\/09\/IMGL9273-1536x1115.jpg 1536w, https:\/\/marekkuchcinski.pl\/wp-content\/uploads\/2023\/09\/IMGL9273-18x12.jpg 18w, https:\/\/marekkuchcinski.pl\/wp-content\/uploads\/2023\/09\/IMGL9273.jpg 1600w\" sizes=\"(max-width: 1024px) 100vw, 1024px\" \/><\/a><\/figure>\n\n\n\n<figure class=\"wp-block-image size-large\"><a href=\"https:\/\/marekkuchcinski.pl\/wp-content\/uploads\/2023\/09\/IMGL9382-1.jpg\"><img loading=\"lazy\" decoding=\"async\" width=\"1024\" height=\"683\" src=\"https:\/\/marekkuchcinski.pl\/wp-content\/uploads\/2023\/09\/IMGL9382-1-1024x683.jpg\" alt=\"\" class=\"wp-image-29304\" srcset=\"https:\/\/marekkuchcinski.pl\/wp-content\/uploads\/2023\/09\/IMGL9382-1-1024x683.jpg 1024w, https:\/\/marekkuchcinski.pl\/wp-content\/uploads\/2023\/09\/IMGL9382-1-300x200.jpg 300w, https:\/\/marekkuchcinski.pl\/wp-content\/uploads\/2023\/09\/IMGL9382-1-768x512.jpg 768w, https:\/\/marekkuchcinski.pl\/wp-content\/uploads\/2023\/09\/IMGL9382-1-1536x1024.jpg 1536w, https:\/\/marekkuchcinski.pl\/wp-content\/uploads\/2023\/09\/IMGL9382-1-18x12.jpg 18w, https:\/\/marekkuchcinski.pl\/wp-content\/uploads\/2023\/09\/IMGL9382-1.jpg 1600w\" sizes=\"(max-width: 1024px) 100vw, 1024px\" \/><\/a><\/figure>\n\n\n\n<figure class=\"wp-block-image size-large\"><a href=\"https:\/\/marekkuchcinski.pl\/wp-content\/uploads\/2023\/09\/IMGL9375-1.jpg\"><img loading=\"lazy\" decoding=\"async\" width=\"1024\" height=\"660\" src=\"https:\/\/marekkuchcinski.pl\/wp-content\/uploads\/2023\/09\/IMGL9375-1-1024x660.jpg\" alt=\"\" class=\"wp-image-29306\" srcset=\"https:\/\/marekkuchcinski.pl\/wp-content\/uploads\/2023\/09\/IMGL9375-1-1024x660.jpg 1024w, https:\/\/marekkuchcinski.pl\/wp-content\/uploads\/2023\/09\/IMGL9375-1-300x194.jpg 300w, https:\/\/marekkuchcinski.pl\/wp-content\/uploads\/2023\/09\/IMGL9375-1-768x495.jpg 768w, https:\/\/marekkuchcinski.pl\/wp-content\/uploads\/2023\/09\/IMGL9375-1-1536x991.jpg 1536w, https:\/\/marekkuchcinski.pl\/wp-content\/uploads\/2023\/09\/IMGL9375-1-18x12.jpg 18w, https:\/\/marekkuchcinski.pl\/wp-content\/uploads\/2023\/09\/IMGL9375-1.jpg 1600w\" sizes=\"(max-width: 1024px) 100vw, 1024px\" \/><\/a><\/figure>\n\n\n\n<figure class=\"wp-block-image size-large\"><a href=\"https:\/\/marekkuchcinski.pl\/wp-content\/uploads\/2023\/09\/IMGL9281.jpg\"><img loading=\"lazy\" decoding=\"async\" width=\"1024\" height=\"683\" src=\"https:\/\/marekkuchcinski.pl\/wp-content\/uploads\/2023\/09\/IMGL9281-1024x683.jpg\" alt=\"\" class=\"wp-image-29292\" srcset=\"https:\/\/marekkuchcinski.pl\/wp-content\/uploads\/2023\/09\/IMGL9281-1024x683.jpg 1024w, https:\/\/marekkuchcinski.pl\/wp-content\/uploads\/2023\/09\/IMGL9281-300x200.jpg 300w, https:\/\/marekkuchcinski.pl\/wp-content\/uploads\/2023\/09\/IMGL9281-768x512.jpg 768w, https:\/\/marekkuchcinski.pl\/wp-content\/uploads\/2023\/09\/IMGL9281-1536x1024.jpg 1536w, https:\/\/marekkuchcinski.pl\/wp-content\/uploads\/2023\/09\/IMGL9281-18x12.jpg 18w, https:\/\/marekkuchcinski.pl\/wp-content\/uploads\/2023\/09\/IMGL9281.jpg 1600w\" sizes=\"(max-width: 1024px) 100vw, 1024px\" \/><\/a><\/figure>\n\n\n\n<figure class=\"wp-block-image size-large\"><a href=\"https:\/\/marekkuchcinski.pl\/wp-content\/uploads\/2023\/09\/IMGL9285.jpg\"><img loading=\"lazy\" decoding=\"async\" width=\"1024\" height=\"687\" src=\"https:\/\/marekkuchcinski.pl\/wp-content\/uploads\/2023\/09\/IMGL9285-1024x687.jpg\" alt=\"\" class=\"wp-image-29294\" srcset=\"https:\/\/marekkuchcinski.pl\/wp-content\/uploads\/2023\/09\/IMGL9285-1024x687.jpg 1024w, https:\/\/marekkuchcinski.pl\/wp-content\/uploads\/2023\/09\/IMGL9285-300x201.jpg 300w, https:\/\/marekkuchcinski.pl\/wp-content\/uploads\/2023\/09\/IMGL9285-768x516.jpg 768w, https:\/\/marekkuchcinski.pl\/wp-content\/uploads\/2023\/09\/IMGL9285-1536x1031.jpg 1536w, https:\/\/marekkuchcinski.pl\/wp-content\/uploads\/2023\/09\/IMGL9285-18x12.jpg 18w, https:\/\/marekkuchcinski.pl\/wp-content\/uploads\/2023\/09\/IMGL9285.jpg 1600w\" sizes=\"(max-width: 1024px) 100vw, 1024px\" \/><\/a><\/figure>\n\n\n\n<figure class=\"wp-block-image size-large\"><a href=\"https:\/\/marekkuchcinski.pl\/wp-content\/uploads\/2023\/09\/IMGL9261.jpg\"><img loading=\"lazy\" decoding=\"async\" width=\"1024\" height=\"683\" src=\"https:\/\/marekkuchcinski.pl\/wp-content\/uploads\/2023\/09\/IMGL9261-1024x683.jpg\" alt=\"\" class=\"wp-image-29295\" srcset=\"https:\/\/marekkuchcinski.pl\/wp-content\/uploads\/2023\/09\/IMGL9261-1024x683.jpg 1024w, https:\/\/marekkuchcinski.pl\/wp-content\/uploads\/2023\/09\/IMGL9261-300x200.jpg 300w, https:\/\/marekkuchcinski.pl\/wp-content\/uploads\/2023\/09\/IMGL9261-768x512.jpg 768w, https:\/\/marekkuchcinski.pl\/wp-content\/uploads\/2023\/09\/IMGL9261-1536x1024.jpg 1536w, https:\/\/marekkuchcinski.pl\/wp-content\/uploads\/2023\/09\/IMGL9261-18x12.jpg 18w, https:\/\/marekkuchcinski.pl\/wp-content\/uploads\/2023\/09\/IMGL9261.jpg 1600w\" sizes=\"(max-width: 1024px) 100vw, 1024px\" \/><\/a><\/figure>\n\n\n\n<figure class=\"wp-block-image size-large\"><a href=\"https:\/\/marekkuchcinski.pl\/wp-content\/uploads\/2023\/09\/IMGL9397.jpg\"><img loading=\"lazy\" decoding=\"async\" width=\"1024\" height=\"684\" src=\"https:\/\/marekkuchcinski.pl\/wp-content\/uploads\/2023\/09\/IMGL9397-1024x684.jpg\" alt=\"\" class=\"wp-image-29296\" srcset=\"https:\/\/marekkuchcinski.pl\/wp-content\/uploads\/2023\/09\/IMGL9397-1024x684.jpg 1024w, https:\/\/marekkuchcinski.pl\/wp-content\/uploads\/2023\/09\/IMGL9397-300x200.jpg 300w, https:\/\/marekkuchcinski.pl\/wp-content\/uploads\/2023\/09\/IMGL9397-768x513.jpg 768w, https:\/\/marekkuchcinski.pl\/wp-content\/uploads\/2023\/09\/IMGL9397-1536x1025.jpg 1536w, https:\/\/marekkuchcinski.pl\/wp-content\/uploads\/2023\/09\/IMGL9397-18x12.jpg 18w, https:\/\/marekkuchcinski.pl\/wp-content\/uploads\/2023\/09\/IMGL9397.jpg 1600w\" sizes=\"(max-width: 1024px) 100vw, 1024px\" \/><\/a><\/figure>\n\n\n\n<figure class=\"wp-block-image size-large\"><a href=\"https:\/\/marekkuchcinski.pl\/wp-content\/uploads\/2023\/09\/IMGL9414.jpg\"><img loading=\"lazy\" decoding=\"async\" width=\"1024\" height=\"681\" src=\"https:\/\/marekkuchcinski.pl\/wp-content\/uploads\/2023\/09\/IMGL9414-1024x681.jpg\" alt=\"\" class=\"wp-image-29297\" srcset=\"https:\/\/marekkuchcinski.pl\/wp-content\/uploads\/2023\/09\/IMGL9414-1024x681.jpg 1024w, https:\/\/marekkuchcinski.pl\/wp-content\/uploads\/2023\/09\/IMGL9414-300x200.jpg 300w, https:\/\/marekkuchcinski.pl\/wp-content\/uploads\/2023\/09\/IMGL9414-768x511.jpg 768w, https:\/\/marekkuchcinski.pl\/wp-content\/uploads\/2023\/09\/IMGL9414-1536x1021.jpg 1536w, https:\/\/marekkuchcinski.pl\/wp-content\/uploads\/2023\/09\/IMGL9414-18x12.jpg 18w, https:\/\/marekkuchcinski.pl\/wp-content\/uploads\/2023\/09\/IMGL9414.jpg 1600w\" sizes=\"(max-width: 1024px) 100vw, 1024px\" \/><\/a><\/figure>\n\n\n\n<figure class=\"wp-block-image size-large\"><a href=\"https:\/\/marekkuchcinski.pl\/wp-content\/uploads\/2023\/09\/IMGL9568-2.jpg\"><img loading=\"lazy\" decoding=\"async\" width=\"1024\" height=\"683\" src=\"https:\/\/marekkuchcinski.pl\/wp-content\/uploads\/2023\/09\/IMGL9568-2-1024x683.jpg\" alt=\"\" class=\"wp-image-29300\" srcset=\"https:\/\/marekkuchcinski.pl\/wp-content\/uploads\/2023\/09\/IMGL9568-2-1024x683.jpg 1024w, https:\/\/marekkuchcinski.pl\/wp-content\/uploads\/2023\/09\/IMGL9568-2-300x200.jpg 300w, https:\/\/marekkuchcinski.pl\/wp-content\/uploads\/2023\/09\/IMGL9568-2-768x512.jpg 768w, https:\/\/marekkuchcinski.pl\/wp-content\/uploads\/2023\/09\/IMGL9568-2-1536x1024.jpg 1536w, https:\/\/marekkuchcinski.pl\/wp-content\/uploads\/2023\/09\/IMGL9568-2-18x12.jpg 18w, https:\/\/marekkuchcinski.pl\/wp-content\/uploads\/2023\/09\/IMGL9568-2.jpg 1600w\" sizes=\"(max-width: 1024px) 100vw, 1024px\" \/><\/a><\/figure>\n\n\n\n<figure class=\"wp-block-image size-large\"><a href=\"https:\/\/marekkuchcinski.pl\/wp-content\/uploads\/2023\/09\/1-1.jpg\"><img loading=\"lazy\" decoding=\"async\" width=\"1024\" height=\"704\" src=\"https:\/\/marekkuchcinski.pl\/wp-content\/uploads\/2023\/09\/1-1-1024x704.jpg\" alt=\"\" class=\"wp-image-29301\" srcset=\"https:\/\/marekkuchcinski.pl\/wp-content\/uploads\/2023\/09\/1-1-1024x704.jpg 1024w, https:\/\/marekkuchcinski.pl\/wp-content\/uploads\/2023\/09\/1-1-300x206.jpg 300w, https:\/\/marekkuchcinski.pl\/wp-content\/uploads\/2023\/09\/1-1-768x528.jpg 768w, https:\/\/marekkuchcinski.pl\/wp-content\/uploads\/2023\/09\/1-1-1536x1056.jpg 1536w, https:\/\/marekkuchcinski.pl\/wp-content\/uploads\/2023\/09\/1-1-18x12.jpg 18w, https:\/\/marekkuchcinski.pl\/wp-content\/uploads\/2023\/09\/1-1.jpg 1600w\" sizes=\"(max-width: 1024px) 100vw, 1024px\" \/><\/a><\/figure>\n\n\n\n<figure class=\"wp-block-image size-large\"><a href=\"https:\/\/marekkuchcinski.pl\/wp-content\/uploads\/2023\/09\/IMGL9283.jpg\"><img loading=\"lazy\" decoding=\"async\" width=\"1024\" height=\"717\" src=\"https:\/\/marekkuchcinski.pl\/wp-content\/uploads\/2023\/09\/IMGL9283-1024x717.jpg\" alt=\"\" class=\"wp-image-29302\" srcset=\"https:\/\/marekkuchcinski.pl\/wp-content\/uploads\/2023\/09\/IMGL9283-1024x717.jpg 1024w, https:\/\/marekkuchcinski.pl\/wp-content\/uploads\/2023\/09\/IMGL9283-300x210.jpg 300w, https:\/\/marekkuchcinski.pl\/wp-content\/uploads\/2023\/09\/IMGL9283-768x538.jpg 768w, https:\/\/marekkuchcinski.pl\/wp-content\/uploads\/2023\/09\/IMGL9283-1536x1076.jpg 1536w, https:\/\/marekkuchcinski.pl\/wp-content\/uploads\/2023\/09\/IMGL9283-18x12.jpg 18w, https:\/\/marekkuchcinski.pl\/wp-content\/uploads\/2023\/09\/IMGL9283.jpg 1600w\" sizes=\"(max-width: 1024px) 100vw, 1024px\" \/><\/a><\/figure>\n\n\n\n<figure class=\"wp-block-image size-large\"><a href=\"https:\/\/marekkuchcinski.pl\/wp-content\/uploads\/2023\/09\/IMGL9587.jpg\"><img loading=\"lazy\" decoding=\"async\" width=\"1024\" height=\"683\" src=\"https:\/\/marekkuchcinski.pl\/wp-content\/uploads\/2023\/09\/IMGL9587-1024x683.jpg\" alt=\"\" class=\"wp-image-29303\" srcset=\"https:\/\/marekkuchcinski.pl\/wp-content\/uploads\/2023\/09\/IMGL9587-1024x683.jpg 1024w, https:\/\/marekkuchcinski.pl\/wp-content\/uploads\/2023\/09\/IMGL9587-300x200.jpg 300w, https:\/\/marekkuchcinski.pl\/wp-content\/uploads\/2023\/09\/IMGL9587-768x512.jpg 768w, https:\/\/marekkuchcinski.pl\/wp-content\/uploads\/2023\/09\/IMGL9587-1536x1024.jpg 1536w, https:\/\/marekkuchcinski.pl\/wp-content\/uploads\/2023\/09\/IMGL9587-18x12.jpg 18w, https:\/\/marekkuchcinski.pl\/wp-content\/uploads\/2023\/09\/IMGL9587.jpg 1600w\" sizes=\"(max-width: 1024px) 100vw, 1024px\" \/><\/a><\/figure>","protected":false},"excerpt":{"rendered":"<p>Z Przemy\u015bla do wielkiej polityki. Biografia polityczna Marka Kuchci\u0144skiego. To ksi\u0105\u017cka, kt\u00f3ra jest biografi\u0105 szczeg\u00f3ln\u0105. Opisuje losy cz\u0142owieka, ale jest jednocze\u015bnie niezwyk\u0142\u0105 ilustracj\u0119 podkarpackiego \u015brodowiska. Ludzi i idei, kt\u00f3rzy stworzyli wyj\u0105tkowy rozdzia\u0142 w polskiej i europejskiej polityce. Nie bez znaczenia jest fakt, \u017ce premiera biografii Marka Kuchci\u0144skiego ma miejsce podczas Europy Karpat. Dzi\u015b konferencja ta [&hellip;]<\/p>","protected":false},"author":21,"featured_media":29285,"comment_status":"closed","ping_status":"open","sticky":false,"template":"","format":"standard","meta":{"ngg_post_thumbnail":0,"footnotes":""},"categories":[144,3],"tags":[],"class_list":["post-29226","post","type-post","status-publish","format-standard","has-post-thumbnail","hentry","category-biografia","category-wydarzenia"],"yoast_head":"<!-- This site is optimized with the Yoast SEO plugin v24.7 - https:\/\/yoast.com\/wordpress\/plugins\/seo\/ -->\n<title>Biografia polityczna Marka Kuchci\u0144skiego &#8211; Marek Kuchci\u0144ski<\/title>\n<meta name=\"robots\" content=\"index, follow, max-snippet:-1, max-image-preview:large, max-video-preview:-1\" \/>\n<link rel=\"canonical\" href=\"https:\/\/marekkuchcinski.pl\/cs\/wydarzenia\/biografia-polityczna-marka-kuchcinskiego\/\" \/>\n<meta property=\"og:locale\" content=\"cs_CZ\" \/>\n<meta property=\"og:type\" content=\"article\" \/>\n<meta property=\"og:title\" content=\"Biografia polityczna Marka Kuchci\u0144skiego &#8211; Marek Kuchci\u0144ski\" \/>\n<meta property=\"og:description\" content=\"Z Przemy\u015bla do wielkiej polityki. Biografia polityczna Marka Kuchci\u0144skiego. To ksi\u0105\u017cka, kt\u00f3ra jest biografi\u0105 szczeg\u00f3ln\u0105. Opisuje losy cz\u0142owieka, ale jest jednocze\u015bnie niezwyk\u0142\u0105 ilustracj\u0119 podkarpackiego \u015brodowiska. Ludzi i idei, kt\u00f3rzy stworzyli wyj\u0105tkowy rozdzia\u0142 w polskiej i europejskiej polityce. Nie bez znaczenia jest fakt, \u017ce premiera biografii Marka Kuchci\u0144skiego ma miejsce podczas Europy Karpat. Dzi\u015b konferencja ta [&hellip;]\" \/>\n<meta property=\"og:url\" content=\"https:\/\/marekkuchcinski.pl\/cs\/wydarzenia\/biografia-polityczna-marka-kuchcinskiego\/\" \/>\n<meta property=\"og:site_name\" content=\"Marek Kuchci\u0144ski\" \/>\n<meta property=\"article:published_time\" content=\"2023-09-06T09:36:37+00:00\" \/>\n<meta property=\"article:modified_time\" content=\"2023-09-10T16:54:40+00:00\" \/>\n<meta property=\"og:image\" content=\"https:\/\/marekkuchcinski.pl\/wp-content\/uploads\/2023\/09\/IMGL9382.jpg\" \/>\n\t<meta property=\"og:image:width\" content=\"1600\" \/>\n\t<meta property=\"og:image:height\" content=\"1067\" \/>\n\t<meta property=\"og:image:type\" content=\"image\/jpeg\" \/>\n<meta name=\"author\" content=\"Marta Olejnik\" \/>\n<meta name=\"twitter:card\" content=\"summary_large_image\" \/>\n<meta name=\"twitter:label1\" content=\"Napsal(a)\" \/>\n\t<meta name=\"twitter:data1\" content=\"Marta Olejnik\" \/>\n\t<meta name=\"twitter:label2\" content=\"Odhadovan\u00e1 doba \u010dten\u00ed\" \/>\n\t<meta name=\"twitter:data2\" content=\"6 minut\" \/>\n<script type=\"application\/ld+json\" class=\"yoast-schema-graph\">{\"@context\":\"https:\/\/schema.org\",\"@graph\":[{\"@type\":\"Article\",\"@id\":\"https:\/\/marekkuchcinski.pl\/wydarzenia\/biografia-polityczna-marka-kuchcinskiego\/#article\",\"isPartOf\":{\"@id\":\"https:\/\/marekkuchcinski.pl\/wydarzenia\/biografia-polityczna-marka-kuchcinskiego\/\"},\"author\":{\"name\":\"Marta Olejnik\",\"@id\":\"https:\/\/marekkuchcinski.pl\/#\/schema\/person\/51d5d4ee3b5317b8e4dd2b48af359229\"},\"headline\":\"Biografia polityczna Marka Kuchci\u0144skiego\",\"datePublished\":\"2023-09-06T09:36:37+00:00\",\"dateModified\":\"2023-09-10T16:54:40+00:00\",\"mainEntityOfPage\":{\"@id\":\"https:\/\/marekkuchcinski.pl\/wydarzenia\/biografia-polityczna-marka-kuchcinskiego\/\"},\"wordCount\":473,\"publisher\":{\"@id\":\"https:\/\/marekkuchcinski.pl\/#organization\"},\"image\":{\"@id\":\"https:\/\/marekkuchcinski.pl\/wydarzenia\/biografia-polityczna-marka-kuchcinskiego\/#primaryimage\"},\"thumbnailUrl\":\"https:\/\/marekkuchcinski.pl\/wp-content\/uploads\/2023\/09\/IMGL9382.jpg\",\"articleSection\":[\"Biografia\",\"Wydarzenia\"],\"inLanguage\":\"cs\"},{\"@type\":\"WebPage\",\"@id\":\"https:\/\/marekkuchcinski.pl\/wydarzenia\/biografia-polityczna-marka-kuchcinskiego\/\",\"url\":\"https:\/\/marekkuchcinski.pl\/wydarzenia\/biografia-polityczna-marka-kuchcinskiego\/\",\"name\":\"Biografia polityczna Marka Kuchci\u0144skiego &#8211; Marek Kuchci\u0144ski\",\"isPartOf\":{\"@id\":\"https:\/\/marekkuchcinski.pl\/#website\"},\"primaryImageOfPage\":{\"@id\":\"https:\/\/marekkuchcinski.pl\/wydarzenia\/biografia-polityczna-marka-kuchcinskiego\/#primaryimage\"},\"image\":{\"@id\":\"https:\/\/marekkuchcinski.pl\/wydarzenia\/biografia-polityczna-marka-kuchcinskiego\/#primaryimage\"},\"thumbnailUrl\":\"https:\/\/marekkuchcinski.pl\/wp-content\/uploads\/2023\/09\/IMGL9382.jpg\",\"datePublished\":\"2023-09-06T09:36:37+00:00\",\"dateModified\":\"2023-09-10T16:54:40+00:00\",\"breadcrumb\":{\"@id\":\"https:\/\/marekkuchcinski.pl\/wydarzenia\/biografia-polityczna-marka-kuchcinskiego\/#breadcrumb\"},\"inLanguage\":\"cs\",\"potentialAction\":[{\"@type\":\"ReadAction\",\"target\":[\"https:\/\/marekkuchcinski.pl\/wydarzenia\/biografia-polityczna-marka-kuchcinskiego\/\"]}]},{\"@type\":\"ImageObject\",\"inLanguage\":\"cs\",\"@id\":\"https:\/\/marekkuchcinski.pl\/wydarzenia\/biografia-polityczna-marka-kuchcinskiego\/#primaryimage\",\"url\":\"https:\/\/marekkuchcinski.pl\/wp-content\/uploads\/2023\/09\/IMGL9382.jpg\",\"contentUrl\":\"https:\/\/marekkuchcinski.pl\/wp-content\/uploads\/2023\/09\/IMGL9382.jpg\",\"width\":1600,\"height\":1067},{\"@type\":\"BreadcrumbList\",\"@id\":\"https:\/\/marekkuchcinski.pl\/wydarzenia\/biografia-polityczna-marka-kuchcinskiego\/#breadcrumb\",\"itemListElement\":[{\"@type\":\"ListItem\",\"position\":1,\"name\":\"Strona g\u0142\u00f3wna\",\"item\":\"https:\/\/marekkuchcinski.pl\/\"},{\"@type\":\"ListItem\",\"position\":2,\"name\":\"Biografia polityczna Marka Kuchci\u0144skiego\"}]},{\"@type\":\"WebSite\",\"@id\":\"https:\/\/marekkuchcinski.pl\/#website\",\"url\":\"https:\/\/marekkuchcinski.pl\/\",\"name\":\"Marek Kuchci\u0144ski\",\"description\":\"Pose\u0142 na sejm RP &ndash; okr\u0119g nr 22\",\"publisher\":{\"@id\":\"https:\/\/marekkuchcinski.pl\/#organization\"},\"potentialAction\":[{\"@type\":\"SearchAction\",\"target\":{\"@type\":\"EntryPoint\",\"urlTemplate\":\"https:\/\/marekkuchcinski.pl\/?s={search_term_string}\"},\"query-input\":{\"@type\":\"PropertyValueSpecification\",\"valueRequired\":true,\"valueName\":\"search_term_string\"}}],\"inLanguage\":\"cs\"},{\"@type\":\"Organization\",\"@id\":\"https:\/\/marekkuchcinski.pl\/#organization\",\"name\":\"Marek Kuchci\u0144ski\",\"url\":\"https:\/\/marekkuchcinski.pl\/\",\"logo\":{\"@type\":\"ImageObject\",\"inLanguage\":\"cs\",\"@id\":\"https:\/\/marekkuchcinski.pl\/#\/schema\/logo\/image\/\",\"url\":\"https:\/\/marekkuchcinski.pl\/wp-content\/uploads\/2022\/09\/Marek.jpg\",\"contentUrl\":\"https:\/\/marekkuchcinski.pl\/wp-content\/uploads\/2022\/09\/Marek.jpg\",\"width\":1600,\"height\":971,\"caption\":\"Marek Kuchci\u0144ski\"},\"image\":{\"@id\":\"https:\/\/marekkuchcinski.pl\/#\/schema\/logo\/image\/\"}},{\"@type\":\"Person\",\"@id\":\"https:\/\/marekkuchcinski.pl\/#\/schema\/person\/51d5d4ee3b5317b8e4dd2b48af359229\",\"name\":\"Marta Olejnik\",\"image\":{\"@type\":\"ImageObject\",\"inLanguage\":\"cs\",\"@id\":\"https:\/\/marekkuchcinski.pl\/#\/schema\/person\/image\/\",\"url\":\"https:\/\/secure.gravatar.com\/avatar\/e39914b2aa6a48959e24d475b5dc9793?s=96&d=mm&r=g\",\"contentUrl\":\"https:\/\/secure.gravatar.com\/avatar\/e39914b2aa6a48959e24d475b5dc9793?s=96&d=mm&r=g\",\"caption\":\"Marta Olejnik\"},\"url\":\"https:\/\/marekkuchcinski.pl\/cs\/author\/marta\/\"}]}<\/script>\n<!-- \/ Yoast SEO plugin. -->","yoast_head_json":{"title":"Biografia polityczna Marka Kuchci\u0144skiego &#8211; Marek Kuchci\u0144ski","robots":{"index":"index","follow":"follow","max-snippet":"max-snippet:-1","max-image-preview":"max-image-preview:large","max-video-preview":"max-video-preview:-1"},"canonical":"https:\/\/marekkuchcinski.pl\/cs\/wydarzenia\/biografia-polityczna-marka-kuchcinskiego\/","og_locale":"cs_CZ","og_type":"article","og_title":"Biografia polityczna Marka Kuchci\u0144skiego &#8211; Marek Kuchci\u0144ski","og_description":"Z Przemy\u015bla do wielkiej polityki. Biografia polityczna Marka Kuchci\u0144skiego. To ksi\u0105\u017cka, kt\u00f3ra jest biografi\u0105 szczeg\u00f3ln\u0105. Opisuje losy cz\u0142owieka, ale jest jednocze\u015bnie niezwyk\u0142\u0105 ilustracj\u0119 podkarpackiego \u015brodowiska. Ludzi i idei, kt\u00f3rzy stworzyli wyj\u0105tkowy rozdzia\u0142 w polskiej i europejskiej polityce. Nie bez znaczenia jest fakt, \u017ce premiera biografii Marka Kuchci\u0144skiego ma miejsce podczas Europy Karpat. Dzi\u015b konferencja ta [&hellip;]","og_url":"https:\/\/marekkuchcinski.pl\/cs\/wydarzenia\/biografia-polityczna-marka-kuchcinskiego\/","og_site_name":"Marek Kuchci\u0144ski","article_published_time":"2023-09-06T09:36:37+00:00","article_modified_time":"2023-09-10T16:54:40+00:00","og_image":[{"width":1600,"height":1067,"url":"https:\/\/marekkuchcinski.pl\/wp-content\/uploads\/2023\/09\/IMGL9382.jpg","type":"image\/jpeg"}],"author":"Marta Olejnik","twitter_card":"summary_large_image","twitter_misc":{"Napsal(a)":"Marta Olejnik","Odhadovan\u00e1 doba \u010dten\u00ed":"6 minut"},"schema":{"@context":"https:\/\/schema.org","@graph":[{"@type":"Article","@id":"https:\/\/marekkuchcinski.pl\/wydarzenia\/biografia-polityczna-marka-kuchcinskiego\/#article","isPartOf":{"@id":"https:\/\/marekkuchcinski.pl\/wydarzenia\/biografia-polityczna-marka-kuchcinskiego\/"},"author":{"name":"Marta Olejnik","@id":"https:\/\/marekkuchcinski.pl\/#\/schema\/person\/51d5d4ee3b5317b8e4dd2b48af359229"},"headline":"Biografia polityczna Marka Kuchci\u0144skiego","datePublished":"2023-09-06T09:36:37+00:00","dateModified":"2023-09-10T16:54:40+00:00","mainEntityOfPage":{"@id":"https:\/\/marekkuchcinski.pl\/wydarzenia\/biografia-polityczna-marka-kuchcinskiego\/"},"wordCount":473,"publisher":{"@id":"https:\/\/marekkuchcinski.pl\/#organization"},"image":{"@id":"https:\/\/marekkuchcinski.pl\/wydarzenia\/biografia-polityczna-marka-kuchcinskiego\/#primaryimage"},"thumbnailUrl":"https:\/\/marekkuchcinski.pl\/wp-content\/uploads\/2023\/09\/IMGL9382.jpg","articleSection":["Biografia","Wydarzenia"],"inLanguage":"cs"},{"@type":"WebPage","@id":"https:\/\/marekkuchcinski.pl\/wydarzenia\/biografia-polityczna-marka-kuchcinskiego\/","url":"https:\/\/marekkuchcinski.pl\/wydarzenia\/biografia-polityczna-marka-kuchcinskiego\/","name":"Biografia polityczna Marka Kuchci\u0144skiego &#8211; Marek Kuchci\u0144ski","isPartOf":{"@id":"https:\/\/marekkuchcinski.pl\/#website"},"primaryImageOfPage":{"@id":"https:\/\/marekkuchcinski.pl\/wydarzenia\/biografia-polityczna-marka-kuchcinskiego\/#primaryimage"},"image":{"@id":"https:\/\/marekkuchcinski.pl\/wydarzenia\/biografia-polityczna-marka-kuchcinskiego\/#primaryimage"},"thumbnailUrl":"https:\/\/marekkuchcinski.pl\/wp-content\/uploads\/2023\/09\/IMGL9382.jpg","datePublished":"2023-09-06T09:36:37+00:00","dateModified":"2023-09-10T16:54:40+00:00","breadcrumb":{"@id":"https:\/\/marekkuchcinski.pl\/wydarzenia\/biografia-polityczna-marka-kuchcinskiego\/#breadcrumb"},"inLanguage":"cs","potentialAction":[{"@type":"ReadAction","target":["https:\/\/marekkuchcinski.pl\/wydarzenia\/biografia-polityczna-marka-kuchcinskiego\/"]}]},{"@type":"ImageObject","inLanguage":"cs","@id":"https:\/\/marekkuchcinski.pl\/wydarzenia\/biografia-polityczna-marka-kuchcinskiego\/#primaryimage","url":"https:\/\/marekkuchcinski.pl\/wp-content\/uploads\/2023\/09\/IMGL9382.jpg","contentUrl":"https:\/\/marekkuchcinski.pl\/wp-content\/uploads\/2023\/09\/IMGL9382.jpg","width":1600,"height":1067},{"@type":"BreadcrumbList","@id":"https:\/\/marekkuchcinski.pl\/wydarzenia\/biografia-polityczna-marka-kuchcinskiego\/#breadcrumb","itemListElement":[{"@type":"ListItem","position":1,"name":"Strona g\u0142\u00f3wna","item":"https:\/\/marekkuchcinski.pl\/"},{"@type":"ListItem","position":2,"name":"Biografia polityczna Marka Kuchci\u0144skiego"}]},{"@type":"WebSite","@id":"https:\/\/marekkuchcinski.pl\/#website","url":"https:\/\/marekkuchcinski.pl\/","name":"Marek Kuchci\u0144ski","description":"Pose\u0142 na sejm RP &ndash; okr\u0119g nr 22","publisher":{"@id":"https:\/\/marekkuchcinski.pl\/#organization"},"potentialAction":[{"@type":"SearchAction","target":{"@type":"EntryPoint","urlTemplate":"https:\/\/marekkuchcinski.pl\/?s={search_term_string}"},"query-input":{"@type":"PropertyValueSpecification","valueRequired":true,"valueName":"search_term_string"}}],"inLanguage":"cs"},{"@type":"Organization","@id":"https:\/\/marekkuchcinski.pl\/#organization","name":"Marek Kuchci\u0144ski","url":"https:\/\/marekkuchcinski.pl\/","logo":{"@type":"ImageObject","inLanguage":"cs","@id":"https:\/\/marekkuchcinski.pl\/#\/schema\/logo\/image\/","url":"https:\/\/marekkuchcinski.pl\/wp-content\/uploads\/2022\/09\/Marek.jpg","contentUrl":"https:\/\/marekkuchcinski.pl\/wp-content\/uploads\/2022\/09\/Marek.jpg","width":1600,"height":971,"caption":"Marek Kuchci\u0144ski"},"image":{"@id":"https:\/\/marekkuchcinski.pl\/#\/schema\/logo\/image\/"}},{"@type":"Person","@id":"https:\/\/marekkuchcinski.pl\/#\/schema\/person\/51d5d4ee3b5317b8e4dd2b48af359229","name":"Marta Olejnik","image":{"@type":"ImageObject","inLanguage":"cs","@id":"https:\/\/marekkuchcinski.pl\/#\/schema\/person\/image\/","url":"https:\/\/secure.gravatar.com\/avatar\/e39914b2aa6a48959e24d475b5dc9793?s=96&d=mm&r=g","contentUrl":"https:\/\/secure.gravatar.com\/avatar\/e39914b2aa6a48959e24d475b5dc9793?s=96&d=mm&r=g","caption":"Marta Olejnik"},"url":"https:\/\/marekkuchcinski.pl\/cs\/author\/marta\/"}]}},"_links":{"self":[{"href":"https:\/\/marekkuchcinski.pl\/cs\/wp-json\/wp\/v2\/posts\/29226","targetHints":{"allow":["GET"]}}],"collection":[{"href":"https:\/\/marekkuchcinski.pl\/cs\/wp-json\/wp\/v2\/posts"}],"about":[{"href":"https:\/\/marekkuchcinski.pl\/cs\/wp-json\/wp\/v2\/types\/post"}],"author":[{"embeddable":true,"href":"https:\/\/marekkuchcinski.pl\/cs\/wp-json\/wp\/v2\/users\/21"}],"replies":[{"embeddable":true,"href":"https:\/\/marekkuchcinski.pl\/cs\/wp-json\/wp\/v2\/comments?post=29226"}],"version-history":[{"count":3,"href":"https:\/\/marekkuchcinski.pl\/cs\/wp-json\/wp\/v2\/posts\/29226\/revisions"}],"predecessor-version":[{"id":29309,"href":"https:\/\/marekkuchcinski.pl\/cs\/wp-json\/wp\/v2\/posts\/29226\/revisions\/29309"}],"wp:featuredmedia":[{"embeddable":true,"href":"https:\/\/marekkuchcinski.pl\/cs\/wp-json\/wp\/v2\/media\/29285"}],"wp:attachment":[{"href":"https:\/\/marekkuchcinski.pl\/cs\/wp-json\/wp\/v2\/media?parent=29226"}],"wp:term":[{"taxonomy":"category","embeddable":true,"href":"https:\/\/marekkuchcinski.pl\/cs\/wp-json\/wp\/v2\/categories?post=29226"},{"taxonomy":"post_tag","embeddable":true,"href":"https:\/\/marekkuchcinski.pl\/cs\/wp-json\/wp\/v2\/tags?post=29226"}],"curies":[{"name":"wp","href":"https:\/\/api.w.org\/{rel}","templated":true}]}}