{"id":288,"date":"2012-12-14T11:29:43","date_gmt":"2012-12-14T10:29:43","guid":{"rendered":"https:\/\/marekkuchcinski.pl\/?p=288"},"modified":"2016-08-25T16:59:51","modified_gmt":"2016-08-25T14:59:51","slug":"poslowie-pis-i-eksperci-o-budzecie-samorzadow","status":"publish","type":"post","link":"https:\/\/marekkuchcinski.pl\/cs\/w-mediach\/informacje-prasowe\/poslowie-pis-i-eksperci-o-budzecie-samorzadow\/","title":{"rendered":"Poslanci a odborn\u00edci z oblasti pr\u00e1va a spravedlnosti o rozpo\u010dtech m\u00edstn\u00edch samospr\u00e1v"},"content":{"rendered":"<p style=\"text-align: center;\">V pond\u011bl\u00ed 29. \u0159\u00edjna ve Sloupov\u00e9m s\u00e1le Sejmu<br \/> se konala odborn\u00e1 konference:<br \/> \"M\u00edstn\u00ed samospr\u00e1va v Polsku ve sv\u011btle st\u00e1tn\u00edho rozpo\u010dtu na rok 2013\".<br \/> za \u00fa\u010dasti Jaroslawa Kaczy\u0144sk\u00e9ho, p\u0159edsedy strany Pr\u00e1vo a spravedlnost, Marka Kuchci\u0144sk\u00e9ho, m\u00edstop\u0159edsedy polsk\u00e9ho parlamentu.<br \/> a kandid\u00e1ta na premi\u00e9ra na doporu\u010den\u00ed strany Pr\u00e1vo a spravedlnost, profesora Piotra Gli\u0144sk\u00e9ho.<\/p>","protected":false},"excerpt":{"rendered":"<p>W poniedzia\u0142ek, 29 pa\u017adziernika w Sali Kolumnowej Sejmu odby\u0142a si\u0119 konferencja ekspercka: \u201eSamorz\u0105d terytorialny w Polsce w \u015bwietle bud\u017cetu pa\u0144stwa na 2013 rok&#8221; z udzia\u0142em prezesa PiS Jaros\u0142awa Kaczy\u0144skiego, wicemarsza\u0142ka Sejmu RP Marka Kuchci\u0144skiego oraz kandydata na premiera z rekomendacji PiS &#8211; prof. Piotra Gli\u0144skiego.<\/p>","protected":false},"author":6,"featured_media":0,"comment_status":"open","ping_status":"open","sticky":false,"template":"","format":"standard","meta":{"ngg_post_thumbnail":0,"footnotes":""},"categories":[46],"tags":[],"class_list":["post-288","post","type-post","status-publish","format-standard","hentry","category-informacje-prasowe"],"_links":{"self":[{"href":"https:\/\/marekkuchcinski.pl\/cs\/wp-json\/wp\/v2\/posts\/288","targetHints":{"allow":["GET"]}}],"collection":[{"href":"https:\/\/marekkuchcinski.pl\/cs\/wp-json\/wp\/v2\/posts"}],"about":[{"href":"https:\/\/marekkuchcinski.pl\/cs\/wp-json\/wp\/v2\/types\/post"}],"author":[{"embeddable":true,"href":"https:\/\/marekkuchcinski.pl\/cs\/wp-json\/wp\/v2\/users\/6"}],"replies":[{"embeddable":true,"href":"https:\/\/marekkuchcinski.pl\/cs\/wp-json\/wp\/v2\/comments?post=288"}],"version-history":[{"count":1,"href":"https:\/\/marekkuchcinski.pl\/cs\/wp-json\/wp\/v2\/posts\/288\/revisions"}],"predecessor-version":[{"id":1480,"href":"https:\/\/marekkuchcinski.pl\/cs\/wp-json\/wp\/v2\/posts\/288\/revisions\/1480"}],"wp:attachment":[{"href":"https:\/\/marekkuchcinski.pl\/cs\/wp-json\/wp\/v2\/media?parent=288"}],"wp:term":[{"taxonomy":"category","embeddable":true,"href":"https:\/\/marekkuchcinski.pl\/cs\/wp-json\/wp\/v2\/categories?post=288"},{"taxonomy":"post_tag","embeddable":true,"href":"https:\/\/marekkuchcinski.pl\/cs\/wp-json\/wp\/v2\/tags?post=288"}],"curies":[{"name":"wp","href":"https:\/\/api.w.org\/{rel}","templated":true}]}}