{"id":28659,"date":"2023-06-15T19:23:55","date_gmt":"2023-06-15T17:23:55","guid":{"rendered":"https:\/\/marekkuchcinski.pl\/?p=28659"},"modified":"2023-06-15T20:28:33","modified_gmt":"2023-06-15T18:28:33","slug":"benefis-prof-jana-drausa","status":"publish","type":"post","link":"https:\/\/marekkuchcinski.pl\/cs\/wydarzenia\/benefis-prof-jana-drausa\/","title":{"rendered":"Benefis prof. Jana Drausa"},"content":{"rendered":"<p>13 czerwca w Rzeszowie odby\u0142 si\u0119 benefis profesora Jana Drausa &#8211; historyka, by\u0142ego dzia\u0142acza opozycji antykomunistycznej i senatora , a obecnie cz\u0142onka Kolegium IPN. Podczas uroczysto\u015bci zaprezentowano dedykowan\u0105 mu z okazji 70. urodzin ksi\u0119g\u0119 jubileuszow\u0105 \u201eHistoryk i \u015bwiadek historii\u201d.<\/p>\n\n\n\n<blockquote class=\"wp-block-quote is-layout-flow wp-block-quote-is-layout-flow\">\n<p>Jan Draus nale\u017cy do tych ludzi, kt\u00f3rzy od wielu lat bardzo mocno zach\u0119cali, \u017ceby\u015bmy my, ludzie opozycji PRL, ale tak\u017ce i dzia\u0142acze my\u015bleli o przysz\u0142o\u015bci naszego kraju kategoriami szerszymi: to\u017csamo\u015bci Europy \u015arodkowej. Podczas mi\u0119dzynarodowych konferencji Europa Karpat czy Przemyskiego Towarzystwa Kulturalnego byli\u015bmy \u015bwiadkami wyk\u0142ad\u00f3w profesora o integracji europejskiej, warto\u015bciach, r\u00f3\u017cnorodno\u015bci, kulturze, historii &#8211; powiedzia\u0142 szef kancelarii premiera Marek Kuchci\u0144ski.<\/p>\n<\/blockquote>\n\n\n\n<p>Jan Draus urodzi\u0142 si\u0119 25 marca 1952 roku w Kolbuszowej. Histori\u0119 studiowa\u0142 na Uniwersytecie Jagiello\u0144skim. By\u0142 dzia\u0142aczem opozycji demokratycznej, zaanga\u017cowany w struktury Solidarno\u015bci. W dwutysi\u0119cznym roku otrzyma\u0142 tytu\u0142 profesora nauk humanistycznych. Przez lata profesor Draus by\u0142 zwi\u0105zany z wieloma uczelniami m.in. Pa\u0144stwow\u0105 Wy\u017csz\u0105 Szko\u0142\u0105 Wschodnioeuropejsk\u0105 w Przemy\u015blu.<br>Szalenie wa\u017cne jest i charakter cz\u0142owieka, czyli dobry ogl\u0105d rzeczywisto\u015bci je\u017celi si\u0119 popatrzy wstecz no to zawsze wida\u0107 jak\u0105\u015b ci\u0105g\u0142o\u015b\u0107 historyczn\u0105, czyli historia nigdy si\u0119 nie ko\u0144czy, historia ma zawsze ci\u0105g dalszy.<\/p>\n\n\n\n<p>W latach 90. by\u0142 cz\u0142onkiem G\u0142\u00f3wnej Komisji Badania Zbrodni przeciwko Narodowi Polskiemu. Nast\u0119pnie zasiada\u0142 w Kolegium Instytutu Pami\u0119ci Narodowej pierwszej i drugiej kadencji. Z okazji 70. urodziny profesora Jana Drausa IPN przygotowa\u0142 publikacj\u0119 zatytu\u0142owan\u0105 &#8222;Historyk i \u015bwiadek historii&#8221;. To zbi\u00f3r artyku\u0142\u00f3w dedykowanych Janowi Drausowi.<\/p>\n\n\n\n<p><em>fot. Miko\u0142aj Bujak, IPN<\/em><\/p>\n\n\n\n<figure class=\"wp-block-image size-large\"><a href=\"https:\/\/marekkuchcinski.pl\/wp-content\/uploads\/2023\/06\/1-876195.jpg\"><img fetchpriority=\"high\" decoding=\"async\" width=\"1024\" height=\"683\" src=\"https:\/\/marekkuchcinski.pl\/wp-content\/uploads\/2023\/06\/1-876195-1024x683.jpg\" alt=\"\" class=\"wp-image-28660\" srcset=\"https:\/\/marekkuchcinski.pl\/wp-content\/uploads\/2023\/06\/1-876195-1024x683.jpg 1024w, https:\/\/marekkuchcinski.pl\/wp-content\/uploads\/2023\/06\/1-876195-300x200.jpg 300w, https:\/\/marekkuchcinski.pl\/wp-content\/uploads\/2023\/06\/1-876195-768x512.jpg 768w, https:\/\/marekkuchcinski.pl\/wp-content\/uploads\/2023\/06\/1-876195-1536x1024.jpg 1536w, https:\/\/marekkuchcinski.pl\/wp-content\/uploads\/2023\/06\/1-876195-18x12.jpg 18w, https:\/\/marekkuchcinski.pl\/wp-content\/uploads\/2023\/06\/1-876195.jpg 1600w\" sizes=\"(max-width: 1024px) 100vw, 1024px\" \/><\/a><\/figure>\n\n\n\n<figure class=\"wp-block-image size-large\"><a href=\"https:\/\/marekkuchcinski.pl\/wp-content\/uploads\/2023\/06\/1-876216.jpg\"><img decoding=\"async\" width=\"1024\" height=\"683\" src=\"https:\/\/marekkuchcinski.pl\/wp-content\/uploads\/2023\/06\/1-876216-1024x683.jpg\" alt=\"\" class=\"wp-image-28661\" srcset=\"https:\/\/marekkuchcinski.pl\/wp-content\/uploads\/2023\/06\/1-876216-1024x683.jpg 1024w, https:\/\/marekkuchcinski.pl\/wp-content\/uploads\/2023\/06\/1-876216-300x200.jpg 300w, https:\/\/marekkuchcinski.pl\/wp-content\/uploads\/2023\/06\/1-876216-768x512.jpg 768w, https:\/\/marekkuchcinski.pl\/wp-content\/uploads\/2023\/06\/1-876216-1536x1024.jpg 1536w, https:\/\/marekkuchcinski.pl\/wp-content\/uploads\/2023\/06\/1-876216-18x12.jpg 18w, https:\/\/marekkuchcinski.pl\/wp-content\/uploads\/2023\/06\/1-876216.jpg 1600w\" sizes=\"(max-width: 1024px) 100vw, 1024px\" \/><\/a><\/figure>\n\n\n\n<figure class=\"wp-block-image size-large\"><a href=\"https:\/\/marekkuchcinski.pl\/wp-content\/uploads\/2023\/06\/1-876213.jpg\"><img decoding=\"async\" width=\"1024\" height=\"683\" src=\"https:\/\/marekkuchcinski.pl\/wp-content\/uploads\/2023\/06\/1-876213-1024x683.jpg\" alt=\"\" class=\"wp-image-28662\" srcset=\"https:\/\/marekkuchcinski.pl\/wp-content\/uploads\/2023\/06\/1-876213-1024x683.jpg 1024w, https:\/\/marekkuchcinski.pl\/wp-content\/uploads\/2023\/06\/1-876213-300x200.jpg 300w, https:\/\/marekkuchcinski.pl\/wp-content\/uploads\/2023\/06\/1-876213-768x512.jpg 768w, https:\/\/marekkuchcinski.pl\/wp-content\/uploads\/2023\/06\/1-876213-1536x1024.jpg 1536w, https:\/\/marekkuchcinski.pl\/wp-content\/uploads\/2023\/06\/1-876213-18x12.jpg 18w, https:\/\/marekkuchcinski.pl\/wp-content\/uploads\/2023\/06\/1-876213.jpg 1600w\" sizes=\"(max-width: 1024px) 100vw, 1024px\" \/><\/a><\/figure>","protected":false},"excerpt":{"rendered":"<p>13 czerwca w Rzeszowie odby\u0142 si\u0119 benefis profesora Jana Drausa &#8211; historyka, by\u0142ego dzia\u0142acza opozycji antykomunistycznej i senatora , a obecnie cz\u0142onka Kolegium IPN. Podczas uroczysto\u015bci zaprezentowano dedykowan\u0105 mu z okazji 70. urodzin ksi\u0119g\u0119 jubileuszow\u0105 \u201eHistoryk i \u015bwiadek historii\u201d. Jan Draus nale\u017cy do tych ludzi, kt\u00f3rzy od wielu lat bardzo mocno zach\u0119cali, \u017ceby\u015bmy my, ludzie [&hellip;]<\/p>","protected":false},"author":21,"featured_media":28660,"comment_status":"closed","ping_status":"open","sticky":false,"template":"","format":"standard","meta":{"ngg_post_thumbnail":0,"footnotes":""},"categories":[3],"tags":[],"class_list":["post-28659","post","type-post","status-publish","format-standard","has-post-thumbnail","hentry","category-wydarzenia"],"yoast_head":"<!-- This site is optimized with the Yoast SEO plugin v24.7 - https:\/\/yoast.com\/wordpress\/plugins\/seo\/ -->\n<title>Benefis prof. Jana Drausa &#8211; Marek Kuchci\u0144ski<\/title>\n<meta name=\"robots\" content=\"index, follow, max-snippet:-1, max-image-preview:large, max-video-preview:-1\" \/>\n<link rel=\"canonical\" href=\"https:\/\/marekkuchcinski.pl\/cs\/wydarzenia\/benefis-prof-jana-drausa\/\" \/>\n<meta property=\"og:locale\" content=\"cs_CZ\" \/>\n<meta property=\"og:type\" content=\"article\" \/>\n<meta property=\"og:title\" content=\"Benefis prof. Jana Drausa &#8211; Marek Kuchci\u0144ski\" \/>\n<meta property=\"og:description\" content=\"13 czerwca w Rzeszowie odby\u0142 si\u0119 benefis profesora Jana Drausa &#8211; historyka, by\u0142ego dzia\u0142acza opozycji antykomunistycznej i senatora , a obecnie cz\u0142onka Kolegium IPN. Podczas uroczysto\u015bci zaprezentowano dedykowan\u0105 mu z okazji 70. urodzin ksi\u0119g\u0119 jubileuszow\u0105 \u201eHistoryk i \u015bwiadek historii\u201d. Jan Draus nale\u017cy do tych ludzi, kt\u00f3rzy od wielu lat bardzo mocno zach\u0119cali, \u017ceby\u015bmy my, ludzie [&hellip;]\" \/>\n<meta property=\"og:url\" content=\"https:\/\/marekkuchcinski.pl\/cs\/wydarzenia\/benefis-prof-jana-drausa\/\" \/>\n<meta property=\"og:site_name\" content=\"Marek Kuchci\u0144ski\" \/>\n<meta property=\"article:published_time\" content=\"2023-06-15T17:23:55+00:00\" \/>\n<meta property=\"article:modified_time\" content=\"2023-06-15T18:28:33+00:00\" \/>\n<meta property=\"og:image\" content=\"https:\/\/marekkuchcinski.pl\/wp-content\/uploads\/2023\/06\/1-876195.jpg\" \/>\n\t<meta property=\"og:image:width\" content=\"1600\" \/>\n\t<meta property=\"og:image:height\" content=\"1067\" \/>\n\t<meta property=\"og:image:type\" content=\"image\/jpeg\" \/>\n<meta name=\"author\" content=\"Marta Olejnik\" \/>\n<meta name=\"twitter:card\" content=\"summary_large_image\" \/>\n<meta name=\"twitter:label1\" content=\"Napsal(a)\" \/>\n\t<meta name=\"twitter:data1\" content=\"Marta Olejnik\" \/>\n\t<meta name=\"twitter:label2\" content=\"Odhadovan\u00e1 doba \u010dten\u00ed\" \/>\n\t<meta name=\"twitter:data2\" content=\"2 minuty\" \/>\n<script type=\"application\/ld+json\" class=\"yoast-schema-graph\">{\"@context\":\"https:\/\/schema.org\",\"@graph\":[{\"@type\":\"Article\",\"@id\":\"https:\/\/marekkuchcinski.pl\/wydarzenia\/benefis-prof-jana-drausa\/#article\",\"isPartOf\":{\"@id\":\"https:\/\/marekkuchcinski.pl\/wydarzenia\/benefis-prof-jana-drausa\/\"},\"author\":{\"name\":\"Marta Olejnik\",\"@id\":\"https:\/\/marekkuchcinski.pl\/#\/schema\/person\/51d5d4ee3b5317b8e4dd2b48af359229\"},\"headline\":\"Benefis prof. Jana Drausa\",\"datePublished\":\"2023-06-15T17:23:55+00:00\",\"dateModified\":\"2023-06-15T18:28:33+00:00\",\"mainEntityOfPage\":{\"@id\":\"https:\/\/marekkuchcinski.pl\/wydarzenia\/benefis-prof-jana-drausa\/\"},\"wordCount\":273,\"publisher\":{\"@id\":\"https:\/\/marekkuchcinski.pl\/#organization\"},\"image\":{\"@id\":\"https:\/\/marekkuchcinski.pl\/wydarzenia\/benefis-prof-jana-drausa\/#primaryimage\"},\"thumbnailUrl\":\"https:\/\/marekkuchcinski.pl\/wp-content\/uploads\/2023\/06\/1-876195.jpg\",\"articleSection\":[\"Wydarzenia\"],\"inLanguage\":\"cs\"},{\"@type\":\"WebPage\",\"@id\":\"https:\/\/marekkuchcinski.pl\/wydarzenia\/benefis-prof-jana-drausa\/\",\"url\":\"https:\/\/marekkuchcinski.pl\/wydarzenia\/benefis-prof-jana-drausa\/\",\"name\":\"Benefis prof. Jana Drausa &#8211; Marek Kuchci\u0144ski\",\"isPartOf\":{\"@id\":\"https:\/\/marekkuchcinski.pl\/#website\"},\"primaryImageOfPage\":{\"@id\":\"https:\/\/marekkuchcinski.pl\/wydarzenia\/benefis-prof-jana-drausa\/#primaryimage\"},\"image\":{\"@id\":\"https:\/\/marekkuchcinski.pl\/wydarzenia\/benefis-prof-jana-drausa\/#primaryimage\"},\"thumbnailUrl\":\"https:\/\/marekkuchcinski.pl\/wp-content\/uploads\/2023\/06\/1-876195.jpg\",\"datePublished\":\"2023-06-15T17:23:55+00:00\",\"dateModified\":\"2023-06-15T18:28:33+00:00\",\"breadcrumb\":{\"@id\":\"https:\/\/marekkuchcinski.pl\/wydarzenia\/benefis-prof-jana-drausa\/#breadcrumb\"},\"inLanguage\":\"cs\",\"potentialAction\":[{\"@type\":\"ReadAction\",\"target\":[\"https:\/\/marekkuchcinski.pl\/wydarzenia\/benefis-prof-jana-drausa\/\"]}]},{\"@type\":\"ImageObject\",\"inLanguage\":\"cs\",\"@id\":\"https:\/\/marekkuchcinski.pl\/wydarzenia\/benefis-prof-jana-drausa\/#primaryimage\",\"url\":\"https:\/\/marekkuchcinski.pl\/wp-content\/uploads\/2023\/06\/1-876195.jpg\",\"contentUrl\":\"https:\/\/marekkuchcinski.pl\/wp-content\/uploads\/2023\/06\/1-876195.jpg\",\"width\":1600,\"height\":1067},{\"@type\":\"BreadcrumbList\",\"@id\":\"https:\/\/marekkuchcinski.pl\/wydarzenia\/benefis-prof-jana-drausa\/#breadcrumb\",\"itemListElement\":[{\"@type\":\"ListItem\",\"position\":1,\"name\":\"Strona g\u0142\u00f3wna\",\"item\":\"https:\/\/marekkuchcinski.pl\/\"},{\"@type\":\"ListItem\",\"position\":2,\"name\":\"Benefis prof. Jana Drausa\"}]},{\"@type\":\"WebSite\",\"@id\":\"https:\/\/marekkuchcinski.pl\/#website\",\"url\":\"https:\/\/marekkuchcinski.pl\/\",\"name\":\"Marek Kuchci\u0144ski\",\"description\":\"Pose\u0142 na sejm RP &ndash; okr\u0119g nr 22\",\"publisher\":{\"@id\":\"https:\/\/marekkuchcinski.pl\/#organization\"},\"potentialAction\":[{\"@type\":\"SearchAction\",\"target\":{\"@type\":\"EntryPoint\",\"urlTemplate\":\"https:\/\/marekkuchcinski.pl\/?s={search_term_string}\"},\"query-input\":{\"@type\":\"PropertyValueSpecification\",\"valueRequired\":true,\"valueName\":\"search_term_string\"}}],\"inLanguage\":\"cs\"},{\"@type\":\"Organization\",\"@id\":\"https:\/\/marekkuchcinski.pl\/#organization\",\"name\":\"Marek Kuchci\u0144ski\",\"url\":\"https:\/\/marekkuchcinski.pl\/\",\"logo\":{\"@type\":\"ImageObject\",\"inLanguage\":\"cs\",\"@id\":\"https:\/\/marekkuchcinski.pl\/#\/schema\/logo\/image\/\",\"url\":\"https:\/\/marekkuchcinski.pl\/wp-content\/uploads\/2022\/09\/Marek.jpg\",\"contentUrl\":\"https:\/\/marekkuchcinski.pl\/wp-content\/uploads\/2022\/09\/Marek.jpg\",\"width\":1600,\"height\":971,\"caption\":\"Marek Kuchci\u0144ski\"},\"image\":{\"@id\":\"https:\/\/marekkuchcinski.pl\/#\/schema\/logo\/image\/\"}},{\"@type\":\"Person\",\"@id\":\"https:\/\/marekkuchcinski.pl\/#\/schema\/person\/51d5d4ee3b5317b8e4dd2b48af359229\",\"name\":\"Marta Olejnik\",\"image\":{\"@type\":\"ImageObject\",\"inLanguage\":\"cs\",\"@id\":\"https:\/\/marekkuchcinski.pl\/#\/schema\/person\/image\/\",\"url\":\"https:\/\/secure.gravatar.com\/avatar\/e39914b2aa6a48959e24d475b5dc9793?s=96&d=mm&r=g\",\"contentUrl\":\"https:\/\/secure.gravatar.com\/avatar\/e39914b2aa6a48959e24d475b5dc9793?s=96&d=mm&r=g\",\"caption\":\"Marta Olejnik\"},\"url\":\"https:\/\/marekkuchcinski.pl\/cs\/author\/marta\/\"}]}<\/script>\n<!-- \/ Yoast SEO plugin. -->","yoast_head_json":{"title":"Benefis prof. Jana Drausa &#8211; Marek Kuchci\u0144ski","robots":{"index":"index","follow":"follow","max-snippet":"max-snippet:-1","max-image-preview":"max-image-preview:large","max-video-preview":"max-video-preview:-1"},"canonical":"https:\/\/marekkuchcinski.pl\/cs\/wydarzenia\/benefis-prof-jana-drausa\/","og_locale":"cs_CZ","og_type":"article","og_title":"Benefis prof. Jana Drausa &#8211; Marek Kuchci\u0144ski","og_description":"13 czerwca w Rzeszowie odby\u0142 si\u0119 benefis profesora Jana Drausa &#8211; historyka, by\u0142ego dzia\u0142acza opozycji antykomunistycznej i senatora , a obecnie cz\u0142onka Kolegium IPN. Podczas uroczysto\u015bci zaprezentowano dedykowan\u0105 mu z okazji 70. urodzin ksi\u0119g\u0119 jubileuszow\u0105 \u201eHistoryk i \u015bwiadek historii\u201d. Jan Draus nale\u017cy do tych ludzi, kt\u00f3rzy od wielu lat bardzo mocno zach\u0119cali, \u017ceby\u015bmy my, ludzie [&hellip;]","og_url":"https:\/\/marekkuchcinski.pl\/cs\/wydarzenia\/benefis-prof-jana-drausa\/","og_site_name":"Marek Kuchci\u0144ski","article_published_time":"2023-06-15T17:23:55+00:00","article_modified_time":"2023-06-15T18:28:33+00:00","og_image":[{"width":1600,"height":1067,"url":"https:\/\/marekkuchcinski.pl\/wp-content\/uploads\/2023\/06\/1-876195.jpg","type":"image\/jpeg"}],"author":"Marta Olejnik","twitter_card":"summary_large_image","twitter_misc":{"Napsal(a)":"Marta Olejnik","Odhadovan\u00e1 doba \u010dten\u00ed":"2 minuty"},"schema":{"@context":"https:\/\/schema.org","@graph":[{"@type":"Article","@id":"https:\/\/marekkuchcinski.pl\/wydarzenia\/benefis-prof-jana-drausa\/#article","isPartOf":{"@id":"https:\/\/marekkuchcinski.pl\/wydarzenia\/benefis-prof-jana-drausa\/"},"author":{"name":"Marta Olejnik","@id":"https:\/\/marekkuchcinski.pl\/#\/schema\/person\/51d5d4ee3b5317b8e4dd2b48af359229"},"headline":"Benefis prof. Jana Drausa","datePublished":"2023-06-15T17:23:55+00:00","dateModified":"2023-06-15T18:28:33+00:00","mainEntityOfPage":{"@id":"https:\/\/marekkuchcinski.pl\/wydarzenia\/benefis-prof-jana-drausa\/"},"wordCount":273,"publisher":{"@id":"https:\/\/marekkuchcinski.pl\/#organization"},"image":{"@id":"https:\/\/marekkuchcinski.pl\/wydarzenia\/benefis-prof-jana-drausa\/#primaryimage"},"thumbnailUrl":"https:\/\/marekkuchcinski.pl\/wp-content\/uploads\/2023\/06\/1-876195.jpg","articleSection":["Wydarzenia"],"inLanguage":"cs"},{"@type":"WebPage","@id":"https:\/\/marekkuchcinski.pl\/wydarzenia\/benefis-prof-jana-drausa\/","url":"https:\/\/marekkuchcinski.pl\/wydarzenia\/benefis-prof-jana-drausa\/","name":"Benefis prof. Jana Drausa &#8211; Marek Kuchci\u0144ski","isPartOf":{"@id":"https:\/\/marekkuchcinski.pl\/#website"},"primaryImageOfPage":{"@id":"https:\/\/marekkuchcinski.pl\/wydarzenia\/benefis-prof-jana-drausa\/#primaryimage"},"image":{"@id":"https:\/\/marekkuchcinski.pl\/wydarzenia\/benefis-prof-jana-drausa\/#primaryimage"},"thumbnailUrl":"https:\/\/marekkuchcinski.pl\/wp-content\/uploads\/2023\/06\/1-876195.jpg","datePublished":"2023-06-15T17:23:55+00:00","dateModified":"2023-06-15T18:28:33+00:00","breadcrumb":{"@id":"https:\/\/marekkuchcinski.pl\/wydarzenia\/benefis-prof-jana-drausa\/#breadcrumb"},"inLanguage":"cs","potentialAction":[{"@type":"ReadAction","target":["https:\/\/marekkuchcinski.pl\/wydarzenia\/benefis-prof-jana-drausa\/"]}]},{"@type":"ImageObject","inLanguage":"cs","@id":"https:\/\/marekkuchcinski.pl\/wydarzenia\/benefis-prof-jana-drausa\/#primaryimage","url":"https:\/\/marekkuchcinski.pl\/wp-content\/uploads\/2023\/06\/1-876195.jpg","contentUrl":"https:\/\/marekkuchcinski.pl\/wp-content\/uploads\/2023\/06\/1-876195.jpg","width":1600,"height":1067},{"@type":"BreadcrumbList","@id":"https:\/\/marekkuchcinski.pl\/wydarzenia\/benefis-prof-jana-drausa\/#breadcrumb","itemListElement":[{"@type":"ListItem","position":1,"name":"Strona g\u0142\u00f3wna","item":"https:\/\/marekkuchcinski.pl\/"},{"@type":"ListItem","position":2,"name":"Benefis prof. Jana Drausa"}]},{"@type":"WebSite","@id":"https:\/\/marekkuchcinski.pl\/#website","url":"https:\/\/marekkuchcinski.pl\/","name":"Marek Kuchci\u0144ski","description":"Pose\u0142 na sejm RP &ndash; okr\u0119g nr 22","publisher":{"@id":"https:\/\/marekkuchcinski.pl\/#organization"},"potentialAction":[{"@type":"SearchAction","target":{"@type":"EntryPoint","urlTemplate":"https:\/\/marekkuchcinski.pl\/?s={search_term_string}"},"query-input":{"@type":"PropertyValueSpecification","valueRequired":true,"valueName":"search_term_string"}}],"inLanguage":"cs"},{"@type":"Organization","@id":"https:\/\/marekkuchcinski.pl\/#organization","name":"Marek Kuchci\u0144ski","url":"https:\/\/marekkuchcinski.pl\/","logo":{"@type":"ImageObject","inLanguage":"cs","@id":"https:\/\/marekkuchcinski.pl\/#\/schema\/logo\/image\/","url":"https:\/\/marekkuchcinski.pl\/wp-content\/uploads\/2022\/09\/Marek.jpg","contentUrl":"https:\/\/marekkuchcinski.pl\/wp-content\/uploads\/2022\/09\/Marek.jpg","width":1600,"height":971,"caption":"Marek Kuchci\u0144ski"},"image":{"@id":"https:\/\/marekkuchcinski.pl\/#\/schema\/logo\/image\/"}},{"@type":"Person","@id":"https:\/\/marekkuchcinski.pl\/#\/schema\/person\/51d5d4ee3b5317b8e4dd2b48af359229","name":"Marta Olejnik","image":{"@type":"ImageObject","inLanguage":"cs","@id":"https:\/\/marekkuchcinski.pl\/#\/schema\/person\/image\/","url":"https:\/\/secure.gravatar.com\/avatar\/e39914b2aa6a48959e24d475b5dc9793?s=96&d=mm&r=g","contentUrl":"https:\/\/secure.gravatar.com\/avatar\/e39914b2aa6a48959e24d475b5dc9793?s=96&d=mm&r=g","caption":"Marta Olejnik"},"url":"https:\/\/marekkuchcinski.pl\/cs\/author\/marta\/"}]}},"_links":{"self":[{"href":"https:\/\/marekkuchcinski.pl\/cs\/wp-json\/wp\/v2\/posts\/28659","targetHints":{"allow":["GET"]}}],"collection":[{"href":"https:\/\/marekkuchcinski.pl\/cs\/wp-json\/wp\/v2\/posts"}],"about":[{"href":"https:\/\/marekkuchcinski.pl\/cs\/wp-json\/wp\/v2\/types\/post"}],"author":[{"embeddable":true,"href":"https:\/\/marekkuchcinski.pl\/cs\/wp-json\/wp\/v2\/users\/21"}],"replies":[{"embeddable":true,"href":"https:\/\/marekkuchcinski.pl\/cs\/wp-json\/wp\/v2\/comments?post=28659"}],"version-history":[{"count":6,"href":"https:\/\/marekkuchcinski.pl\/cs\/wp-json\/wp\/v2\/posts\/28659\/revisions"}],"predecessor-version":[{"id":28669,"href":"https:\/\/marekkuchcinski.pl\/cs\/wp-json\/wp\/v2\/posts\/28659\/revisions\/28669"}],"wp:featuredmedia":[{"embeddable":true,"href":"https:\/\/marekkuchcinski.pl\/cs\/wp-json\/wp\/v2\/media\/28660"}],"wp:attachment":[{"href":"https:\/\/marekkuchcinski.pl\/cs\/wp-json\/wp\/v2\/media?parent=28659"}],"wp:term":[{"taxonomy":"category","embeddable":true,"href":"https:\/\/marekkuchcinski.pl\/cs\/wp-json\/wp\/v2\/categories?post=28659"},{"taxonomy":"post_tag","embeddable":true,"href":"https:\/\/marekkuchcinski.pl\/cs\/wp-json\/wp\/v2\/tags?post=28659"}],"curies":[{"name":"wp","href":"https:\/\/api.w.org\/{rel}","templated":true}]}}