{"id":28632,"date":"2023-06-13T11:10:12","date_gmt":"2023-06-13T09:10:12","guid":{"rendered":"https:\/\/marekkuchcinski.pl\/?p=28632"},"modified":"2023-06-13T15:58:57","modified_gmt":"2023-06-13T13:58:57","slug":"wojna-realu-z-cyber-swiatem-z-podkarpackiej-perspektywy","status":"publish","type":"post","link":"https:\/\/marekkuchcinski.pl\/cs\/wydarzenia\/wojna-realu-z-cyber-swiatem-z-podkarpackiej-perspektywy\/","title":{"rendered":"Wojna realu z cyber-\u015bwiatem z podkarpackiej perspektywy"},"content":{"rendered":"<figure class=\"wp-block-image size-large\"><a href=\"https:\/\/marekkuchcinski.pl\/wp-content\/uploads\/2023\/06\/real-kontra-cyber.jpg\"><img fetchpriority=\"high\" decoding=\"async\" width=\"1024\" height=\"768\" src=\"https:\/\/marekkuchcinski.pl\/wp-content\/uploads\/2023\/06\/real-kontra-cyber-1024x768.jpg\" alt=\"real kontra cyber zybertowicz\" class=\"wp-image-28633\" srcset=\"https:\/\/marekkuchcinski.pl\/wp-content\/uploads\/2023\/06\/real-kontra-cyber-1024x768.jpg 1024w, https:\/\/marekkuchcinski.pl\/wp-content\/uploads\/2023\/06\/real-kontra-cyber-300x225.jpg 300w, https:\/\/marekkuchcinski.pl\/wp-content\/uploads\/2023\/06\/real-kontra-cyber-768x576.jpg 768w, https:\/\/marekkuchcinski.pl\/wp-content\/uploads\/2023\/06\/real-kontra-cyber-1536x1152.jpg 1536w, https:\/\/marekkuchcinski.pl\/wp-content\/uploads\/2023\/06\/real-kontra-cyber-16x12.jpg 16w, https:\/\/marekkuchcinski.pl\/wp-content\/uploads\/2023\/06\/real-kontra-cyber.jpg 1600w\" sizes=\"(max-width: 1024px) 100vw, 1024px\" \/><\/a><\/figure>\n\n\n\n<p><strong>Przemyskie Towarzystwo Kulturalne zn\u00f3w staje si\u0119 miejscem zderze\u0144 wybitnych osobowo\u015bci polskiej nauki. Tym razem profesorowie Andrzej Zybertowicz i Krzysztof Dybciak rozmawiali o wp\u0142ywie nowych technologii na nasz\u0105 rzeczywisto\u015b\u0107 w ramach pierwszego spotkania z cyklu \u201eWydarzenia i ludzie Europy Karpat&#8221;.&nbsp;<\/strong><\/p>\n\n\n\n<blockquote class=\"wp-block-quote is-layout-flow wp-block-quote-is-layout-flow\">\n<p>\u2013 To kontynuacja ubieg\u0142orocznych kilkunastu spotka\u0144 z tego cyklu, kt\u00f3re po\u015bwi\u0119cili\u015bmy bardziej \u015brodowisku lokalnemu, ale z oddechem \u015brodkowoeuropejskim. Teraz czas na dyskusje o tym, jak my, ludzie wsp\u00f3\u0142cze\u015bni, \u017cyj\u0105c tutaj w Europie Karpat, na Podkarpaciu, patrzymy na \u015bwiat globalnie. St\u0105d mowa o sztucznej inteligencji, o relacji kultury tradycyjnej i jej rozwoju, tak\u017ce w oparciu o nowe technologie. To pr\u00f3ba spojrzenia z perspektywy dw\u00f3ch wybitnych naukowc\u00f3w. Dzi\u0119ki ich do\u015bwiadczeniu mo\u017cemy w pe\u0142niejszy spos\u00f3b rozwa\u017ca\u0107 zalety i zagro\u017cenia przej\u015bcia z cywilizacji analogowej do cyfrowej \u2013 powiedzia\u0142, otwieraj\u0105c spotkanie szef kancelarii premiera Marek Kuchci\u0144ski.<\/p>\n<\/blockquote>\n\n\n\n<h2 class=\"wp-block-heading\">Sk\u0142onno\u015b\u0107 cz\u0142owieka do czynienia dobra<\/h2>\n\n\n\n<p>O transformacji analogowej m\u00f3wi\u0142 profesor Krzysztof Dybciak, historyk i teoretyk literatury. Wed\u0142ug niego, cho\u0107 perspektywy rozwoju nowych technologii s\u0105 do\u015b\u0107 przera\u017caj\u0105ce, to rol\u0105 badacza jest mi\u0119dzy innymi oswojenie z t\u0105 sytuacj\u0105. O przysz\u0142o\u015bci mo\u017cna bowiem ostro\u017cnie m\u00f3wi\u0107 na podstawie analizy przesz\u0142o\u015bci. Optymistycznym punktem odniesienia jest sk\u0142onno\u015b\u0107 cz\u0142owieka do czynienia dobra. Jednak czy dobro zatriumfuje?<\/p>\n\n\n\n<h2 class=\"wp-block-heading\">Prognoza ostrzegawcza<\/h2>\n\n\n\n<p>Doradca prezydenta Andrzeja Dudy, profesor Andrzej Zybertowicz, zaprezentowa\u0142 swoj\u0105 najnowsz\u0105 ksi\u0105\u017ck\u0119 \u201eCyber kontra real. Cywilizacja w techno-pu\u0142apce&#8221;.&nbsp;<\/p>\n\n\n\n<blockquote class=\"wp-block-quote is-layout-flow wp-block-quote-is-layout-flow\">\n<p>\u2013&nbsp; Jest to diagnoza cywilizacyjna, kt\u00f3ra pokazuje, \u017ce w procesie rozwoju techniki, techniki bez kt\u00f3rej ludzko\u015b\u0107 nie uzyska\u0142aby wielu sukces\u00f3w, nie wyd\u0142u\u017cyliby\u015bmy naszego \u017cycia. W tym rozwoju techniki pojawi\u0142o si\u0119 zjawisko \u2013 najpierw coraz wi\u0119kszego wyzwalania si\u0119 tej techniki spod kontroli naszej, a potem uzyskania przez technik\u0119 wp\u0142ywu nad nami. Urz\u0105dzenia cyfrowe, kt\u00f3rymi si\u0119 pos\u0142ugujemy, najpierw domagaj\u0105 si\u0119 od nas podania wielu danych, a nawet jak tego nie robimy, \u015bledz\u0105 nasze formy aktywno\u015bci, poznaj\u0105c tak\u017ce to, o czym my\u015blimy. Dlatego ksi\u0105\u017cka \u201eCyber kontra real. Cywilizacja w techno-pu\u0142apce&#8221; jest ostrzegawcz\u0105 prognoz\u0105, kt\u00f3ra m\u00f3wi, \u017ce je\u015bli nie zrobimy czego\u015b bardzo zdecydowanego, to technika nam si\u0119 wymknie spod kontroli i mo\u017cemy sobie wzajemnie, chc\u0105c nie chc\u0105c, wyrz\u0105dzi\u0107 powa\u017cne krzywdy \u2013 m\u00f3wi\u0142 podczas spotkania Andrzej Zybertowicz.<\/p>\n<\/blockquote>\n\n\n\n<p>Ksi\u0105\u017cka \u201eCyber kontra real. Cywilizacja w techno-pu\u0142apce&#8221; odpowiada na pytania, jak zatruta infosfera szkodzi pa\u0144stwu (polskiemu i nie tylko). Dowiemy si\u0119 z niej tak\u017ce, jak Putin prowadzi przeciwko Zachodowi walk\u0119 informacyjn\u0105 i jak wyzwoli\u0107 si\u0119 z panowania technologii i cybernetycznych w\u0142adc\u00f3w. O tym wszystkim opowiada profesor Zybertowicz w wywiadzie-rzece, a szczeg\u00f3\u0142ami dzieli\u0142 si\u0119 podczas spotkania w Przemyskim Towarzystwie Kulturalnym, kt\u00f3re prowadzi\u0142 dr Jan Musia\u0142.<\/p>\n\n\n\n<figure class=\"wp-block-image size-large\"><a href=\"https:\/\/marekkuchcinski.pl\/wp-content\/uploads\/2023\/06\/m9.jpg\"><img decoding=\"async\" width=\"1024\" height=\"768\" src=\"https:\/\/marekkuchcinski.pl\/wp-content\/uploads\/2023\/06\/m9-1024x768.jpg\" alt=\"\" class=\"wp-image-28647\" srcset=\"https:\/\/marekkuchcinski.pl\/wp-content\/uploads\/2023\/06\/m9-1024x768.jpg 1024w, https:\/\/marekkuchcinski.pl\/wp-content\/uploads\/2023\/06\/m9-300x225.jpg 300w, https:\/\/marekkuchcinski.pl\/wp-content\/uploads\/2023\/06\/m9-768x576.jpg 768w, https:\/\/marekkuchcinski.pl\/wp-content\/uploads\/2023\/06\/m9-1536x1152.jpg 1536w, https:\/\/marekkuchcinski.pl\/wp-content\/uploads\/2023\/06\/m9-16x12.jpg 16w, https:\/\/marekkuchcinski.pl\/wp-content\/uploads\/2023\/06\/m9.jpg 1600w\" sizes=\"(max-width: 1024px) 100vw, 1024px\" \/><\/a><\/figure>\n\n\n\n<figure class=\"wp-block-image size-large\"><a href=\"https:\/\/marekkuchcinski.pl\/wp-content\/uploads\/2023\/06\/m2.jpg\"><img decoding=\"async\" width=\"1024\" height=\"768\" src=\"https:\/\/marekkuchcinski.pl\/wp-content\/uploads\/2023\/06\/m2-1024x768.jpg\" alt=\"\" class=\"wp-image-28650\" srcset=\"https:\/\/marekkuchcinski.pl\/wp-content\/uploads\/2023\/06\/m2-1024x768.jpg 1024w, https:\/\/marekkuchcinski.pl\/wp-content\/uploads\/2023\/06\/m2-300x225.jpg 300w, https:\/\/marekkuchcinski.pl\/wp-content\/uploads\/2023\/06\/m2-768x576.jpg 768w, https:\/\/marekkuchcinski.pl\/wp-content\/uploads\/2023\/06\/m2-1536x1152.jpg 1536w, https:\/\/marekkuchcinski.pl\/wp-content\/uploads\/2023\/06\/m2-16x12.jpg 16w, https:\/\/marekkuchcinski.pl\/wp-content\/uploads\/2023\/06\/m2.jpg 1600w\" sizes=\"(max-width: 1024px) 100vw, 1024px\" \/><\/a><\/figure>\n\n\n\n<figure class=\"wp-block-image size-large\"><a href=\"https:\/\/marekkuchcinski.pl\/wp-content\/uploads\/2023\/06\/348923330_227235486750267_9181231199696282288_n.jpg\"><img loading=\"lazy\" decoding=\"async\" width=\"1024\" height=\"768\" src=\"https:\/\/marekkuchcinski.pl\/wp-content\/uploads\/2023\/06\/348923330_227235486750267_9181231199696282288_n-1024x768.jpg\" alt=\"\" class=\"wp-image-28652\" srcset=\"https:\/\/marekkuchcinski.pl\/wp-content\/uploads\/2023\/06\/348923330_227235486750267_9181231199696282288_n-1024x768.jpg 1024w, https:\/\/marekkuchcinski.pl\/wp-content\/uploads\/2023\/06\/348923330_227235486750267_9181231199696282288_n-300x225.jpg 300w, https:\/\/marekkuchcinski.pl\/wp-content\/uploads\/2023\/06\/348923330_227235486750267_9181231199696282288_n-768x576.jpg 768w, https:\/\/marekkuchcinski.pl\/wp-content\/uploads\/2023\/06\/348923330_227235486750267_9181231199696282288_n-1536x1152.jpg 1536w, https:\/\/marekkuchcinski.pl\/wp-content\/uploads\/2023\/06\/348923330_227235486750267_9181231199696282288_n-16x12.jpg 16w, https:\/\/marekkuchcinski.pl\/wp-content\/uploads\/2023\/06\/348923330_227235486750267_9181231199696282288_n.jpg 1600w\" sizes=\"(max-width: 1024px) 100vw, 1024px\" \/><\/a><\/figure>\n\n\n\n<figure class=\"wp-block-image size-large\"><a href=\"https:\/\/marekkuchcinski.pl\/wp-content\/uploads\/2023\/06\/m15.jpg\"><img loading=\"lazy\" decoding=\"async\" width=\"1024\" height=\"576\" src=\"https:\/\/marekkuchcinski.pl\/wp-content\/uploads\/2023\/06\/m15-1024x576.jpg\" alt=\"\" class=\"wp-image-28653\" srcset=\"https:\/\/marekkuchcinski.pl\/wp-content\/uploads\/2023\/06\/m15-1024x576.jpg 1024w, https:\/\/marekkuchcinski.pl\/wp-content\/uploads\/2023\/06\/m15-300x169.jpg 300w, https:\/\/marekkuchcinski.pl\/wp-content\/uploads\/2023\/06\/m15-768x432.jpg 768w, https:\/\/marekkuchcinski.pl\/wp-content\/uploads\/2023\/06\/m15-1536x864.jpg 1536w, https:\/\/marekkuchcinski.pl\/wp-content\/uploads\/2023\/06\/m15-18x10.jpg 18w, https:\/\/marekkuchcinski.pl\/wp-content\/uploads\/2023\/06\/m15.jpg 1600w\" sizes=\"(max-width: 1024px) 100vw, 1024px\" \/><\/a><\/figure>\n\n\n\n<figure class=\"wp-block-image size-large\"><a href=\"https:\/\/marekkuchcinski.pl\/wp-content\/uploads\/2023\/06\/349117677_3467127386875753_65687460106966983_n.jpg\"><img loading=\"lazy\" decoding=\"async\" width=\"1024\" height=\"768\" src=\"https:\/\/marekkuchcinski.pl\/wp-content\/uploads\/2023\/06\/349117677_3467127386875753_65687460106966983_n-1024x768.jpg\" alt=\"\" class=\"wp-image-28654\" srcset=\"https:\/\/marekkuchcinski.pl\/wp-content\/uploads\/2023\/06\/349117677_3467127386875753_65687460106966983_n-1024x768.jpg 1024w, https:\/\/marekkuchcinski.pl\/wp-content\/uploads\/2023\/06\/349117677_3467127386875753_65687460106966983_n-300x225.jpg 300w, https:\/\/marekkuchcinski.pl\/wp-content\/uploads\/2023\/06\/349117677_3467127386875753_65687460106966983_n-768x576.jpg 768w, https:\/\/marekkuchcinski.pl\/wp-content\/uploads\/2023\/06\/349117677_3467127386875753_65687460106966983_n-1536x1152.jpg 1536w, https:\/\/marekkuchcinski.pl\/wp-content\/uploads\/2023\/06\/349117677_3467127386875753_65687460106966983_n-16x12.jpg 16w, https:\/\/marekkuchcinski.pl\/wp-content\/uploads\/2023\/06\/349117677_3467127386875753_65687460106966983_n.jpg 1600w\" sizes=\"(max-width: 1024px) 100vw, 1024px\" \/><\/a><\/figure>\n\n\n\n<figure class=\"wp-block-image size-large is-resized\"><a href=\"https:\/\/marekkuchcinski.pl\/wp-content\/uploads\/2023\/06\/m11.jpg\"><img loading=\"lazy\" decoding=\"async\" src=\"https:\/\/marekkuchcinski.pl\/wp-content\/uploads\/2023\/06\/m11-768x1024.jpg\" alt=\"\" class=\"wp-image-28655\" width=\"838\" height=\"1117\" srcset=\"https:\/\/marekkuchcinski.pl\/wp-content\/uploads\/2023\/06\/m11-768x1024.jpg 768w, https:\/\/marekkuchcinski.pl\/wp-content\/uploads\/2023\/06\/m11-225x300.jpg 225w, https:\/\/marekkuchcinski.pl\/wp-content\/uploads\/2023\/06\/m11-1152x1536.jpg 1152w, https:\/\/marekkuchcinski.pl\/wp-content\/uploads\/2023\/06\/m11-9x12.jpg 9w, https:\/\/marekkuchcinski.pl\/wp-content\/uploads\/2023\/06\/m11.jpg 1200w\" sizes=\"(max-width: 838px) 100vw, 838px\" \/><\/a><\/figure>\n\n\n\n<figure class=\"wp-block-image size-large\"><a href=\"https:\/\/marekkuchcinski.pl\/wp-content\/uploads\/2023\/06\/z2.jpg\"><img loading=\"lazy\" decoding=\"async\" width=\"1024\" height=\"596\" src=\"https:\/\/marekkuchcinski.pl\/wp-content\/uploads\/2023\/06\/z2-1024x596.jpg\" alt=\"\" class=\"wp-image-28656\" srcset=\"https:\/\/marekkuchcinski.pl\/wp-content\/uploads\/2023\/06\/z2-1024x596.jpg 1024w, https:\/\/marekkuchcinski.pl\/wp-content\/uploads\/2023\/06\/z2-300x175.jpg 300w, https:\/\/marekkuchcinski.pl\/wp-content\/uploads\/2023\/06\/z2-768x447.jpg 768w, https:\/\/marekkuchcinski.pl\/wp-content\/uploads\/2023\/06\/z2-1536x894.jpg 1536w, https:\/\/marekkuchcinski.pl\/wp-content\/uploads\/2023\/06\/z2-18x10.jpg 18w, https:\/\/marekkuchcinski.pl\/wp-content\/uploads\/2023\/06\/z2.jpg 1803w\" sizes=\"(max-width: 1024px) 100vw, 1024px\" \/><\/a><\/figure>\n\n\n\n<figure class=\"wp-block-image size-large\"><a href=\"https:\/\/marekkuchcinski.pl\/wp-content\/uploads\/2023\/06\/z.jpg\"><img loading=\"lazy\" decoding=\"async\" width=\"1024\" height=\"632\" src=\"https:\/\/marekkuchcinski.pl\/wp-content\/uploads\/2023\/06\/z-1024x632.jpg\" alt=\"\" class=\"wp-image-28657\" srcset=\"https:\/\/marekkuchcinski.pl\/wp-content\/uploads\/2023\/06\/z-1024x632.jpg 1024w, https:\/\/marekkuchcinski.pl\/wp-content\/uploads\/2023\/06\/z-300x185.jpg 300w, https:\/\/marekkuchcinski.pl\/wp-content\/uploads\/2023\/06\/z-768x474.jpg 768w, https:\/\/marekkuchcinski.pl\/wp-content\/uploads\/2023\/06\/z-18x12.jpg 18w, https:\/\/marekkuchcinski.pl\/wp-content\/uploads\/2023\/06\/z.jpg 1340w\" sizes=\"(max-width: 1024px) 100vw, 1024px\" \/><\/a><\/figure>","protected":false},"excerpt":{"rendered":"<p>Przemyskie Towarzystwo Kulturalne zn\u00f3w staje si\u0119 miejscem zderze\u0144 wybitnych osobowo\u015bci polskiej nauki. Tym razem profesorowie Andrzej Zybertowicz i Krzysztof Dybciak rozmawiali o wp\u0142ywie nowych technologii na nasz\u0105 rzeczywisto\u015b\u0107 w ramach pierwszego spotkania z cyklu \u201eWydarzenia i ludzie Europy Karpat&#8221;.&nbsp; \u2013 To kontynuacja ubieg\u0142orocznych kilkunastu spotka\u0144 z tego cyklu, kt\u00f3re po\u015bwi\u0119cili\u015bmy bardziej \u015brodowisku lokalnemu, ale z [&hellip;]<\/p>","protected":false},"author":21,"featured_media":28633,"comment_status":"closed","ping_status":"open","sticky":false,"template":"","format":"standard","meta":{"ngg_post_thumbnail":0,"footnotes":""},"categories":[3],"tags":[],"class_list":["post-28632","post","type-post","status-publish","format-standard","has-post-thumbnail","hentry","category-wydarzenia"],"yoast_head":"<!-- This site is optimized with the Yoast SEO plugin v24.7 - https:\/\/yoast.com\/wordpress\/plugins\/seo\/ -->\n<title>Wojna realu z cyber-\u015bwiatem z podkarpackiej perspektywy &#8211; Marek Kuchci\u0144ski<\/title>\n<meta name=\"robots\" content=\"index, follow, max-snippet:-1, max-image-preview:large, max-video-preview:-1\" \/>\n<link rel=\"canonical\" href=\"https:\/\/marekkuchcinski.pl\/cs\/wydarzenia\/wojna-realu-z-cyber-swiatem-z-podkarpackiej-perspektywy\/\" \/>\n<meta property=\"og:locale\" content=\"cs_CZ\" \/>\n<meta property=\"og:type\" content=\"article\" \/>\n<meta property=\"og:title\" content=\"Wojna realu z cyber-\u015bwiatem z podkarpackiej perspektywy &#8211; Marek Kuchci\u0144ski\" \/>\n<meta property=\"og:description\" content=\"Przemyskie Towarzystwo Kulturalne zn\u00f3w staje si\u0119 miejscem zderze\u0144 wybitnych osobowo\u015bci polskiej nauki. Tym razem profesorowie Andrzej Zybertowicz i Krzysztof Dybciak rozmawiali o wp\u0142ywie nowych technologii na nasz\u0105 rzeczywisto\u015b\u0107 w ramach pierwszego spotkania z cyklu \u201eWydarzenia i ludzie Europy Karpat&#8221;.&nbsp; \u2013 To kontynuacja ubieg\u0142orocznych kilkunastu spotka\u0144 z tego cyklu, kt\u00f3re po\u015bwi\u0119cili\u015bmy bardziej \u015brodowisku lokalnemu, ale z [&hellip;]\" \/>\n<meta property=\"og:url\" content=\"https:\/\/marekkuchcinski.pl\/cs\/wydarzenia\/wojna-realu-z-cyber-swiatem-z-podkarpackiej-perspektywy\/\" \/>\n<meta property=\"og:site_name\" content=\"Marek Kuchci\u0144ski\" \/>\n<meta property=\"article:published_time\" content=\"2023-06-13T09:10:12+00:00\" \/>\n<meta property=\"article:modified_time\" content=\"2023-06-13T13:58:57+00:00\" \/>\n<meta property=\"og:image\" content=\"https:\/\/marekkuchcinski.pl\/wp-content\/uploads\/2023\/06\/real-kontra-cyber.jpg\" \/>\n\t<meta property=\"og:image:width\" content=\"1600\" \/>\n\t<meta property=\"og:image:height\" content=\"1200\" \/>\n\t<meta property=\"og:image:type\" content=\"image\/jpeg\" \/>\n<meta name=\"author\" content=\"Marta Olejnik\" \/>\n<meta name=\"twitter:card\" content=\"summary_large_image\" \/>\n<meta name=\"twitter:label1\" content=\"Napsal(a)\" \/>\n\t<meta name=\"twitter:data1\" content=\"Marta Olejnik\" \/>\n\t<meta name=\"twitter:label2\" content=\"Odhadovan\u00e1 doba \u010dten\u00ed\" \/>\n\t<meta name=\"twitter:data2\" content=\"5 minut\" \/>\n<script type=\"application\/ld+json\" class=\"yoast-schema-graph\">{\"@context\":\"https:\/\/schema.org\",\"@graph\":[{\"@type\":\"Article\",\"@id\":\"https:\/\/marekkuchcinski.pl\/wydarzenia\/wojna-realu-z-cyber-swiatem-z-podkarpackiej-perspektywy\/#article\",\"isPartOf\":{\"@id\":\"https:\/\/marekkuchcinski.pl\/wydarzenia\/wojna-realu-z-cyber-swiatem-z-podkarpackiej-perspektywy\/\"},\"author\":{\"name\":\"Marta Olejnik\",\"@id\":\"https:\/\/marekkuchcinski.pl\/#\/schema\/person\/51d5d4ee3b5317b8e4dd2b48af359229\"},\"headline\":\"Wojna realu z cyber-\u015bwiatem z podkarpackiej perspektywy\",\"datePublished\":\"2023-06-13T09:10:12+00:00\",\"dateModified\":\"2023-06-13T13:58:57+00:00\",\"mainEntityOfPage\":{\"@id\":\"https:\/\/marekkuchcinski.pl\/wydarzenia\/wojna-realu-z-cyber-swiatem-z-podkarpackiej-perspektywy\/\"},\"wordCount\":480,\"publisher\":{\"@id\":\"https:\/\/marekkuchcinski.pl\/#organization\"},\"image\":{\"@id\":\"https:\/\/marekkuchcinski.pl\/wydarzenia\/wojna-realu-z-cyber-swiatem-z-podkarpackiej-perspektywy\/#primaryimage\"},\"thumbnailUrl\":\"https:\/\/marekkuchcinski.pl\/wp-content\/uploads\/2023\/06\/real-kontra-cyber.jpg\",\"articleSection\":[\"Wydarzenia\"],\"inLanguage\":\"cs\"},{\"@type\":\"WebPage\",\"@id\":\"https:\/\/marekkuchcinski.pl\/wydarzenia\/wojna-realu-z-cyber-swiatem-z-podkarpackiej-perspektywy\/\",\"url\":\"https:\/\/marekkuchcinski.pl\/wydarzenia\/wojna-realu-z-cyber-swiatem-z-podkarpackiej-perspektywy\/\",\"name\":\"Wojna realu z cyber-\u015bwiatem z podkarpackiej perspektywy &#8211; Marek Kuchci\u0144ski\",\"isPartOf\":{\"@id\":\"https:\/\/marekkuchcinski.pl\/#website\"},\"primaryImageOfPage\":{\"@id\":\"https:\/\/marekkuchcinski.pl\/wydarzenia\/wojna-realu-z-cyber-swiatem-z-podkarpackiej-perspektywy\/#primaryimage\"},\"image\":{\"@id\":\"https:\/\/marekkuchcinski.pl\/wydarzenia\/wojna-realu-z-cyber-swiatem-z-podkarpackiej-perspektywy\/#primaryimage\"},\"thumbnailUrl\":\"https:\/\/marekkuchcinski.pl\/wp-content\/uploads\/2023\/06\/real-kontra-cyber.jpg\",\"datePublished\":\"2023-06-13T09:10:12+00:00\",\"dateModified\":\"2023-06-13T13:58:57+00:00\",\"breadcrumb\":{\"@id\":\"https:\/\/marekkuchcinski.pl\/wydarzenia\/wojna-realu-z-cyber-swiatem-z-podkarpackiej-perspektywy\/#breadcrumb\"},\"inLanguage\":\"cs\",\"potentialAction\":[{\"@type\":\"ReadAction\",\"target\":[\"https:\/\/marekkuchcinski.pl\/wydarzenia\/wojna-realu-z-cyber-swiatem-z-podkarpackiej-perspektywy\/\"]}]},{\"@type\":\"ImageObject\",\"inLanguage\":\"cs\",\"@id\":\"https:\/\/marekkuchcinski.pl\/wydarzenia\/wojna-realu-z-cyber-swiatem-z-podkarpackiej-perspektywy\/#primaryimage\",\"url\":\"https:\/\/marekkuchcinski.pl\/wp-content\/uploads\/2023\/06\/real-kontra-cyber.jpg\",\"contentUrl\":\"https:\/\/marekkuchcinski.pl\/wp-content\/uploads\/2023\/06\/real-kontra-cyber.jpg\",\"width\":1600,\"height\":1200,\"caption\":\"real kontra cyber zybertowicz\"},{\"@type\":\"BreadcrumbList\",\"@id\":\"https:\/\/marekkuchcinski.pl\/wydarzenia\/wojna-realu-z-cyber-swiatem-z-podkarpackiej-perspektywy\/#breadcrumb\",\"itemListElement\":[{\"@type\":\"ListItem\",\"position\":1,\"name\":\"Strona g\u0142\u00f3wna\",\"item\":\"https:\/\/marekkuchcinski.pl\/\"},{\"@type\":\"ListItem\",\"position\":2,\"name\":\"Wojna realu z cyber-\u015bwiatem z podkarpackiej perspektywy\"}]},{\"@type\":\"WebSite\",\"@id\":\"https:\/\/marekkuchcinski.pl\/#website\",\"url\":\"https:\/\/marekkuchcinski.pl\/\",\"name\":\"Marek Kuchci\u0144ski\",\"description\":\"Pose\u0142 na sejm RP &ndash; okr\u0119g nr 22\",\"publisher\":{\"@id\":\"https:\/\/marekkuchcinski.pl\/#organization\"},\"potentialAction\":[{\"@type\":\"SearchAction\",\"target\":{\"@type\":\"EntryPoint\",\"urlTemplate\":\"https:\/\/marekkuchcinski.pl\/?s={search_term_string}\"},\"query-input\":{\"@type\":\"PropertyValueSpecification\",\"valueRequired\":true,\"valueName\":\"search_term_string\"}}],\"inLanguage\":\"cs\"},{\"@type\":\"Organization\",\"@id\":\"https:\/\/marekkuchcinski.pl\/#organization\",\"name\":\"Marek Kuchci\u0144ski\",\"url\":\"https:\/\/marekkuchcinski.pl\/\",\"logo\":{\"@type\":\"ImageObject\",\"inLanguage\":\"cs\",\"@id\":\"https:\/\/marekkuchcinski.pl\/#\/schema\/logo\/image\/\",\"url\":\"https:\/\/marekkuchcinski.pl\/wp-content\/uploads\/2022\/09\/Marek.jpg\",\"contentUrl\":\"https:\/\/marekkuchcinski.pl\/wp-content\/uploads\/2022\/09\/Marek.jpg\",\"width\":1600,\"height\":971,\"caption\":\"Marek Kuchci\u0144ski\"},\"image\":{\"@id\":\"https:\/\/marekkuchcinski.pl\/#\/schema\/logo\/image\/\"}},{\"@type\":\"Person\",\"@id\":\"https:\/\/marekkuchcinski.pl\/#\/schema\/person\/51d5d4ee3b5317b8e4dd2b48af359229\",\"name\":\"Marta Olejnik\",\"image\":{\"@type\":\"ImageObject\",\"inLanguage\":\"cs\",\"@id\":\"https:\/\/marekkuchcinski.pl\/#\/schema\/person\/image\/\",\"url\":\"https:\/\/secure.gravatar.com\/avatar\/e39914b2aa6a48959e24d475b5dc9793?s=96&d=mm&r=g\",\"contentUrl\":\"https:\/\/secure.gravatar.com\/avatar\/e39914b2aa6a48959e24d475b5dc9793?s=96&d=mm&r=g\",\"caption\":\"Marta Olejnik\"},\"url\":\"https:\/\/marekkuchcinski.pl\/cs\/author\/marta\/\"}]}<\/script>\n<!-- \/ Yoast SEO plugin. -->","yoast_head_json":{"title":"Wojna realu z cyber-\u015bwiatem z podkarpackiej perspektywy &#8211; Marek Kuchci\u0144ski","robots":{"index":"index","follow":"follow","max-snippet":"max-snippet:-1","max-image-preview":"max-image-preview:large","max-video-preview":"max-video-preview:-1"},"canonical":"https:\/\/marekkuchcinski.pl\/cs\/wydarzenia\/wojna-realu-z-cyber-swiatem-z-podkarpackiej-perspektywy\/","og_locale":"cs_CZ","og_type":"article","og_title":"Wojna realu z cyber-\u015bwiatem z podkarpackiej perspektywy &#8211; Marek Kuchci\u0144ski","og_description":"Przemyskie Towarzystwo Kulturalne zn\u00f3w staje si\u0119 miejscem zderze\u0144 wybitnych osobowo\u015bci polskiej nauki. Tym razem profesorowie Andrzej Zybertowicz i Krzysztof Dybciak rozmawiali o wp\u0142ywie nowych technologii na nasz\u0105 rzeczywisto\u015b\u0107 w ramach pierwszego spotkania z cyklu \u201eWydarzenia i ludzie Europy Karpat&#8221;.&nbsp; \u2013 To kontynuacja ubieg\u0142orocznych kilkunastu spotka\u0144 z tego cyklu, kt\u00f3re po\u015bwi\u0119cili\u015bmy bardziej \u015brodowisku lokalnemu, ale z [&hellip;]","og_url":"https:\/\/marekkuchcinski.pl\/cs\/wydarzenia\/wojna-realu-z-cyber-swiatem-z-podkarpackiej-perspektywy\/","og_site_name":"Marek Kuchci\u0144ski","article_published_time":"2023-06-13T09:10:12+00:00","article_modified_time":"2023-06-13T13:58:57+00:00","og_image":[{"width":1600,"height":1200,"url":"https:\/\/marekkuchcinski.pl\/wp-content\/uploads\/2023\/06\/real-kontra-cyber.jpg","type":"image\/jpeg"}],"author":"Marta Olejnik","twitter_card":"summary_large_image","twitter_misc":{"Napsal(a)":"Marta Olejnik","Odhadovan\u00e1 doba \u010dten\u00ed":"5 minut"},"schema":{"@context":"https:\/\/schema.org","@graph":[{"@type":"Article","@id":"https:\/\/marekkuchcinski.pl\/wydarzenia\/wojna-realu-z-cyber-swiatem-z-podkarpackiej-perspektywy\/#article","isPartOf":{"@id":"https:\/\/marekkuchcinski.pl\/wydarzenia\/wojna-realu-z-cyber-swiatem-z-podkarpackiej-perspektywy\/"},"author":{"name":"Marta Olejnik","@id":"https:\/\/marekkuchcinski.pl\/#\/schema\/person\/51d5d4ee3b5317b8e4dd2b48af359229"},"headline":"Wojna realu z cyber-\u015bwiatem z podkarpackiej perspektywy","datePublished":"2023-06-13T09:10:12+00:00","dateModified":"2023-06-13T13:58:57+00:00","mainEntityOfPage":{"@id":"https:\/\/marekkuchcinski.pl\/wydarzenia\/wojna-realu-z-cyber-swiatem-z-podkarpackiej-perspektywy\/"},"wordCount":480,"publisher":{"@id":"https:\/\/marekkuchcinski.pl\/#organization"},"image":{"@id":"https:\/\/marekkuchcinski.pl\/wydarzenia\/wojna-realu-z-cyber-swiatem-z-podkarpackiej-perspektywy\/#primaryimage"},"thumbnailUrl":"https:\/\/marekkuchcinski.pl\/wp-content\/uploads\/2023\/06\/real-kontra-cyber.jpg","articleSection":["Wydarzenia"],"inLanguage":"cs"},{"@type":"WebPage","@id":"https:\/\/marekkuchcinski.pl\/wydarzenia\/wojna-realu-z-cyber-swiatem-z-podkarpackiej-perspektywy\/","url":"https:\/\/marekkuchcinski.pl\/wydarzenia\/wojna-realu-z-cyber-swiatem-z-podkarpackiej-perspektywy\/","name":"Wojna realu z cyber-\u015bwiatem z podkarpackiej perspektywy &#8211; Marek Kuchci\u0144ski","isPartOf":{"@id":"https:\/\/marekkuchcinski.pl\/#website"},"primaryImageOfPage":{"@id":"https:\/\/marekkuchcinski.pl\/wydarzenia\/wojna-realu-z-cyber-swiatem-z-podkarpackiej-perspektywy\/#primaryimage"},"image":{"@id":"https:\/\/marekkuchcinski.pl\/wydarzenia\/wojna-realu-z-cyber-swiatem-z-podkarpackiej-perspektywy\/#primaryimage"},"thumbnailUrl":"https:\/\/marekkuchcinski.pl\/wp-content\/uploads\/2023\/06\/real-kontra-cyber.jpg","datePublished":"2023-06-13T09:10:12+00:00","dateModified":"2023-06-13T13:58:57+00:00","breadcrumb":{"@id":"https:\/\/marekkuchcinski.pl\/wydarzenia\/wojna-realu-z-cyber-swiatem-z-podkarpackiej-perspektywy\/#breadcrumb"},"inLanguage":"cs","potentialAction":[{"@type":"ReadAction","target":["https:\/\/marekkuchcinski.pl\/wydarzenia\/wojna-realu-z-cyber-swiatem-z-podkarpackiej-perspektywy\/"]}]},{"@type":"ImageObject","inLanguage":"cs","@id":"https:\/\/marekkuchcinski.pl\/wydarzenia\/wojna-realu-z-cyber-swiatem-z-podkarpackiej-perspektywy\/#primaryimage","url":"https:\/\/marekkuchcinski.pl\/wp-content\/uploads\/2023\/06\/real-kontra-cyber.jpg","contentUrl":"https:\/\/marekkuchcinski.pl\/wp-content\/uploads\/2023\/06\/real-kontra-cyber.jpg","width":1600,"height":1200,"caption":"real kontra cyber zybertowicz"},{"@type":"BreadcrumbList","@id":"https:\/\/marekkuchcinski.pl\/wydarzenia\/wojna-realu-z-cyber-swiatem-z-podkarpackiej-perspektywy\/#breadcrumb","itemListElement":[{"@type":"ListItem","position":1,"name":"Strona g\u0142\u00f3wna","item":"https:\/\/marekkuchcinski.pl\/"},{"@type":"ListItem","position":2,"name":"Wojna realu z cyber-\u015bwiatem z podkarpackiej perspektywy"}]},{"@type":"WebSite","@id":"https:\/\/marekkuchcinski.pl\/#website","url":"https:\/\/marekkuchcinski.pl\/","name":"Marek Kuchci\u0144ski","description":"Pose\u0142 na sejm RP &ndash; okr\u0119g nr 22","publisher":{"@id":"https:\/\/marekkuchcinski.pl\/#organization"},"potentialAction":[{"@type":"SearchAction","target":{"@type":"EntryPoint","urlTemplate":"https:\/\/marekkuchcinski.pl\/?s={search_term_string}"},"query-input":{"@type":"PropertyValueSpecification","valueRequired":true,"valueName":"search_term_string"}}],"inLanguage":"cs"},{"@type":"Organization","@id":"https:\/\/marekkuchcinski.pl\/#organization","name":"Marek Kuchci\u0144ski","url":"https:\/\/marekkuchcinski.pl\/","logo":{"@type":"ImageObject","inLanguage":"cs","@id":"https:\/\/marekkuchcinski.pl\/#\/schema\/logo\/image\/","url":"https:\/\/marekkuchcinski.pl\/wp-content\/uploads\/2022\/09\/Marek.jpg","contentUrl":"https:\/\/marekkuchcinski.pl\/wp-content\/uploads\/2022\/09\/Marek.jpg","width":1600,"height":971,"caption":"Marek Kuchci\u0144ski"},"image":{"@id":"https:\/\/marekkuchcinski.pl\/#\/schema\/logo\/image\/"}},{"@type":"Person","@id":"https:\/\/marekkuchcinski.pl\/#\/schema\/person\/51d5d4ee3b5317b8e4dd2b48af359229","name":"Marta Olejnik","image":{"@type":"ImageObject","inLanguage":"cs","@id":"https:\/\/marekkuchcinski.pl\/#\/schema\/person\/image\/","url":"https:\/\/secure.gravatar.com\/avatar\/e39914b2aa6a48959e24d475b5dc9793?s=96&d=mm&r=g","contentUrl":"https:\/\/secure.gravatar.com\/avatar\/e39914b2aa6a48959e24d475b5dc9793?s=96&d=mm&r=g","caption":"Marta Olejnik"},"url":"https:\/\/marekkuchcinski.pl\/cs\/author\/marta\/"}]}},"_links":{"self":[{"href":"https:\/\/marekkuchcinski.pl\/cs\/wp-json\/wp\/v2\/posts\/28632","targetHints":{"allow":["GET"]}}],"collection":[{"href":"https:\/\/marekkuchcinski.pl\/cs\/wp-json\/wp\/v2\/posts"}],"about":[{"href":"https:\/\/marekkuchcinski.pl\/cs\/wp-json\/wp\/v2\/types\/post"}],"author":[{"embeddable":true,"href":"https:\/\/marekkuchcinski.pl\/cs\/wp-json\/wp\/v2\/users\/21"}],"replies":[{"embeddable":true,"href":"https:\/\/marekkuchcinski.pl\/cs\/wp-json\/wp\/v2\/comments?post=28632"}],"version-history":[{"count":3,"href":"https:\/\/marekkuchcinski.pl\/cs\/wp-json\/wp\/v2\/posts\/28632\/revisions"}],"predecessor-version":[{"id":28658,"href":"https:\/\/marekkuchcinski.pl\/cs\/wp-json\/wp\/v2\/posts\/28632\/revisions\/28658"}],"wp:featuredmedia":[{"embeddable":true,"href":"https:\/\/marekkuchcinski.pl\/cs\/wp-json\/wp\/v2\/media\/28633"}],"wp:attachment":[{"href":"https:\/\/marekkuchcinski.pl\/cs\/wp-json\/wp\/v2\/media?parent=28632"}],"wp:term":[{"taxonomy":"category","embeddable":true,"href":"https:\/\/marekkuchcinski.pl\/cs\/wp-json\/wp\/v2\/categories?post=28632"},{"taxonomy":"post_tag","embeddable":true,"href":"https:\/\/marekkuchcinski.pl\/cs\/wp-json\/wp\/v2\/tags?post=28632"}],"curies":[{"name":"wp","href":"https:\/\/api.w.org\/{rel}","templated":true}]}}