{"id":28180,"date":"2023-03-17T15:36:31","date_gmt":"2023-03-17T14:36:31","guid":{"rendered":"https:\/\/marekkuchcinski.pl\/?p=28180"},"modified":"2023-03-17T15:37:28","modified_gmt":"2023-03-17T14:37:28","slug":"17-marca-1994-r-zmarl-zbigniew-kuchcinski-zalozyciel-zalozyciel-stowarzyszenia-pamieci-orlat-przemyskich-oraz-pc-w-przemyslu","status":"publish","type":"post","link":"https:\/\/marekkuchcinski.pl\/cs\/wydarzenia\/17-marca-1994-r-zmarl-zbigniew-kuchcinski-zalozyciel-zalozyciel-stowarzyszenia-pamieci-orlat-przemyskich-oraz-pc-w-przemyslu\/","title":{"rendered":"17. b\u0159ezna 1994 zem\u0159el Zbigniew Kuchci\u0144ski, zakladatel Spolku pro pam\u00e1tku p\u0159emy\u0161lsk\u00fdch orl\u016f, Spole\u010dnosti milovn\u00edk\u016f Lvova a PC v Przemy\u015blu."},"content":{"rendered":"<p>Otec b\u00fdval\u00e9ho mar\u0161\u00e1la Sejmu a sou\u010dasn\u00e9ho \u0161\u00e9fa kancel\u00e1\u0159e p\u0159edsedy vl\u00e1dy Marka Kuchci\u0144sk\u00e9ho se narodil 25. ledna 1929 v Nowosi\u00f3\u0142ki v provincii Lvov.<\/p>\n\n\n\n<p>Bohu\u017eel jeho d\u011btstv\u00ed poznamenala v\u00e1le\u010dn\u00e1 trag\u00e9die, invaze sov\u011btsk\u00e9 arm\u00e1dy, no\u010dn\u00ed m\u016fra n\u011bmeck\u00e9 okupace a pot\u00e9 teror Ukrajinsk\u00e9 povstaleck\u00e9 arm\u00e1dy. Zbigniew Kuchci\u0144ski a jeho rodina byli nuceni hledat pomoc v bezpe\u010dn\u011bj\u0161\u00edch \u010d\u00e1stech zem\u011b.<\/p>\n\n\n\n<p>Pol\u00e1ci z vojvodstv\u00ed Druh\u00e9 polsk\u00e9 republiky (Lw\u00f3w, Stanis\u0142aw\u00f3w, Tarnopol) p\u0159ijeli vlakem do P\u0159emy\u0161lu, kde byla velk\u00e1 pobo\u010dka St\u00e1tn\u00edho repatria\u010dn\u00edho \u00fa\u0159adu. Po obdr\u017een\u00ed dokument\u016f n\u011bkte\u0159\u00ed pokra\u010dovali, jin\u00ed hledali \u00fakryt v Przemy\u015blu. Rodina Kuchci\u0144sk\u00fdch tam za\u010dala novou kapitolu \u017eivota. O n\u011bkolik let mlad\u0161\u00ed Zbigniew d\u00edky pad\u011blan\u00fdm dokument\u016fm nesd\u00edlel osud sv\u00e9ho star\u0161\u00edho bratra Mieczys\u0142awa, kter\u00fd byl jako teenager posl\u00e1n na pr\u00e1ci do N\u011bmecka. M\u016fj str\u00fdc odtud utekl do \u0160v\u00fdcarska, pak do It\u00e1lie, kde narukoval do arm\u00e1dy gener\u00e1la Anderse. Slou\u017eil tam a\u017e do konce v\u00e1lky. Zaj\u00edmav\u00e9 je, \u017ee druh\u00fd Zbigniew\u016fv nevlastn\u00ed bratr Marian Milewski (AK \u201eCzarny\u201c) po p\u00e1du Var\u0161avsk\u00e9ho povst\u00e1n\u00ed z Oflagu tak\u00e9 utekl a p\u0159es \u0160v\u00fdcarsko se dostal tak\u00e9 do Anderse. Oba brat\u0159i nev\u011bd\u011bli, \u017ee spole\u010dn\u011b slou\u017eili ve II. sboru.<\/p>\n\n\n\n<p>Zbigniew Kuchci\u0144ski byl zakl\u00e1daj\u00edc\u00edm \u010dlenem Spolku pro pam\u00e1tku p\u0159emy\u0161lsk\u00fdch orl\u016f, kter\u00fd byl zalo\u017een v lednu 1989, od 4. b\u0159ezna 1989 zakl\u00e1daj\u00edc\u00edm \u010dlenem Spole\u010dnosti milovn\u00edk\u016f Lvova a jihov\u00fdchodn\u00edho pohrani\u010d\u00ed a od poloviny roku 1989 - p\u0159edseda p\u0159edstavenstva TMLiKPW. Organizoval pomoc pro Pol\u00e1ky na v\u00fdchod\u011b, potravinov\u00e9 dary, sb\u00edrky na n\u00e1kup sv\u00ed\u010dek na hroby polsk\u00fdch hrdin\u016f na h\u0159bitov Orl\u016f, obr\u00e1nc\u016f Lvova. Inicioval v\u00fdm\u011bnu ml\u00e1de\u017ee mezi lvovsk\u00fdmi \u0161kolami s polsk\u00fdm vyu\u010dovac\u00edm jazykem. Byl tak\u00e9 zakladatelem Centra dohody v P\u0159emy\u0161lu.<\/p>\n\n\n\n<figure class=\"wp-block-image size-large\"><a href=\"https:\/\/marekkuchcinski.pl\/wp-content\/uploads\/2023\/03\/ZKu.png\"><img fetchpriority=\"high\" decoding=\"async\" width=\"1024\" height=\"694\" src=\"https:\/\/marekkuchcinski.pl\/wp-content\/uploads\/2023\/03\/ZKu-1024x694.png\" alt=\"\" class=\"wp-image-28182\" srcset=\"https:\/\/marekkuchcinski.pl\/wp-content\/uploads\/2023\/03\/ZKu-1024x694.png 1024w, https:\/\/marekkuchcinski.pl\/wp-content\/uploads\/2023\/03\/ZKu-300x203.png 300w, https:\/\/marekkuchcinski.pl\/wp-content\/uploads\/2023\/03\/ZKu-768x521.png 768w, https:\/\/marekkuchcinski.pl\/wp-content\/uploads\/2023\/03\/ZKu-1536x1042.png 1536w, https:\/\/marekkuchcinski.pl\/wp-content\/uploads\/2023\/03\/ZKu-18x12.png 18w, https:\/\/marekkuchcinski.pl\/wp-content\/uploads\/2023\/03\/ZKu.png 1600w\" sizes=\"(max-width: 1024px) 100vw, 1024px\" \/><\/a><figcaption class=\"wp-element-caption\">Zbigniew Kuchci\u0144ski, zima 1963. Pohled na Przemy\u015bl shora<\/figcaption><\/figure>\n\n\n\n<figure class=\"wp-block-image size-large is-resized\"><a href=\"https:\/\/marekkuchcinski.pl\/wp-content\/uploads\/2023\/03\/ZK.jpg\"><img decoding=\"async\" src=\"https:\/\/marekkuchcinski.pl\/wp-content\/uploads\/2023\/03\/ZK-1024x710.jpg\" alt=\"\" class=\"wp-image-28184\" width=\"840\" height=\"582\" srcset=\"https:\/\/marekkuchcinski.pl\/wp-content\/uploads\/2023\/03\/ZK-1024x710.jpg 1024w, https:\/\/marekkuchcinski.pl\/wp-content\/uploads\/2023\/03\/ZK-300x208.jpg 300w, https:\/\/marekkuchcinski.pl\/wp-content\/uploads\/2023\/03\/ZK-768x533.jpg 768w, https:\/\/marekkuchcinski.pl\/wp-content\/uploads\/2023\/03\/ZK-18x12.jpg 18w, https:\/\/marekkuchcinski.pl\/wp-content\/uploads\/2023\/03\/ZK.jpg 1448w\" sizes=\"(max-width: 840px) 100vw, 840px\" \/><\/a><figcaption class=\"wp-element-caption\">Veden\u00ed Spolku milovn\u00edk\u016f Lvova a jihov\u00fdchodn\u00edho pohrani\u010d\u00ed. Zbigniew Kuchci\u0144ski prvn\u00ed zleva<\/figcaption><\/figure>","protected":false},"excerpt":{"rendered":"<p>Ojciec b. marsza\u0142ka Sejmu i obecnego szefa KPRM Marka Kuchci\u0144skiego urodzi\u0142 si\u0119 25 stycznia 1929 roku w Nowosi\u00f3\u0142kach w woj. lwowskim. Niestety jego dzieci\u0144stwo zosta\u0142o naznaczone przez tragedi\u0119 wojny, inwazj\u0119 armii sowieckiej, koszmar niemieckiej okupacji, a potem terror Ukrai\u0144skiej Powsta\u0144czej Armii. Zbigniew Kuchci\u0144ski wraz z rodzin\u0105 zmuszony by\u0142 do szukania ratunku w bezpieczniejszych zak\u0105tkach kraju. [&hellip;]<\/p>","protected":false},"author":21,"featured_media":28182,"comment_status":"closed","ping_status":"open","sticky":false,"template":"","format":"standard","meta":{"ngg_post_thumbnail":0,"footnotes":""},"categories":[3],"tags":[],"class_list":["post-28180","post","type-post","status-publish","format-standard","has-post-thumbnail","hentry","category-wydarzenia"],"yoast_head":"<!-- This site is optimized with the Yoast SEO plugin v24.7 - https:\/\/yoast.com\/wordpress\/plugins\/seo\/ -->\n<title>17 marca 1994 r. zmar\u0142 Zbigniew Kuchci\u0144ski, za\u0142o\u017cyciel Stowarzyszenia Pami\u0119ci Orl\u0105t Przemyskich, Towarzystwa Mi\u0142o\u015bnik\u00f3w Lwowa oraz PC w Przemy\u015blu &#8211; Marek Kuchci\u0144ski<\/title>\n<meta name=\"robots\" content=\"index, follow, max-snippet:-1, max-image-preview:large, max-video-preview:-1\" \/>\n<link rel=\"canonical\" href=\"https:\/\/marekkuchcinski.pl\/cs\/wydarzenia\/17-marca-1994-r-zmarl-zbigniew-kuchcinski-zalozyciel-zalozyciel-stowarzyszenia-pamieci-orlat-przemyskich-oraz-pc-w-przemyslu\/\" \/>\n<meta property=\"og:locale\" content=\"cs_CZ\" \/>\n<meta property=\"og:type\" content=\"article\" \/>\n<meta property=\"og:title\" content=\"17 marca 1994 r. zmar\u0142 Zbigniew Kuchci\u0144ski, za\u0142o\u017cyciel Stowarzyszenia Pami\u0119ci Orl\u0105t Przemyskich, Towarzystwa Mi\u0142o\u015bnik\u00f3w Lwowa oraz PC w Przemy\u015blu &#8211; Marek Kuchci\u0144ski\" \/>\n<meta property=\"og:description\" content=\"Ojciec b. marsza\u0142ka Sejmu i obecnego szefa KPRM Marka Kuchci\u0144skiego urodzi\u0142 si\u0119 25 stycznia 1929 roku w Nowosi\u00f3\u0142kach w woj. lwowskim. Niestety jego dzieci\u0144stwo zosta\u0142o naznaczone przez tragedi\u0119 wojny, inwazj\u0119 armii sowieckiej, koszmar niemieckiej okupacji, a potem terror Ukrai\u0144skiej Powsta\u0144czej Armii. Zbigniew Kuchci\u0144ski wraz z rodzin\u0105 zmuszony by\u0142 do szukania ratunku w bezpieczniejszych zak\u0105tkach kraju. [&hellip;]\" \/>\n<meta property=\"og:url\" content=\"https:\/\/marekkuchcinski.pl\/cs\/wydarzenia\/17-marca-1994-r-zmarl-zbigniew-kuchcinski-zalozyciel-zalozyciel-stowarzyszenia-pamieci-orlat-przemyskich-oraz-pc-w-przemyslu\/\" \/>\n<meta property=\"og:site_name\" content=\"Marek Kuchci\u0144ski\" \/>\n<meta property=\"article:published_time\" content=\"2023-03-17T14:36:31+00:00\" \/>\n<meta property=\"article:modified_time\" content=\"2023-03-17T14:37:28+00:00\" \/>\n<meta property=\"og:image\" content=\"https:\/\/marekkuchcinski.pl\/wp-content\/uploads\/2023\/03\/ZKu.png\" \/>\n\t<meta property=\"og:image:width\" content=\"1600\" \/>\n\t<meta property=\"og:image:height\" content=\"1085\" \/>\n\t<meta property=\"og:image:type\" content=\"image\/png\" \/>\n<meta name=\"author\" content=\"Marta Olejnik\" \/>\n<meta name=\"twitter:card\" content=\"summary_large_image\" \/>\n<meta name=\"twitter:label1\" content=\"Napsal(a)\" \/>\n\t<meta name=\"twitter:data1\" content=\"Marta Olejnik\" \/>\n\t<meta name=\"twitter:label2\" content=\"Odhadovan\u00e1 doba \u010dten\u00ed\" \/>\n\t<meta name=\"twitter:data2\" content=\"3 minuty\" \/>\n<script type=\"application\/ld+json\" class=\"yoast-schema-graph\">{\"@context\":\"https:\/\/schema.org\",\"@graph\":[{\"@type\":\"Article\",\"@id\":\"https:\/\/marekkuchcinski.pl\/wydarzenia\/17-marca-1994-r-zmarl-zbigniew-kuchcinski-zalozyciel-zalozyciel-stowarzyszenia-pamieci-orlat-przemyskich-oraz-pc-w-przemyslu\/#article\",\"isPartOf\":{\"@id\":\"https:\/\/marekkuchcinski.pl\/wydarzenia\/17-marca-1994-r-zmarl-zbigniew-kuchcinski-zalozyciel-zalozyciel-stowarzyszenia-pamieci-orlat-przemyskich-oraz-pc-w-przemyslu\/\"},\"author\":{\"name\":\"Marta Olejnik\",\"@id\":\"https:\/\/marekkuchcinski.pl\/#\/schema\/person\/51d5d4ee3b5317b8e4dd2b48af359229\"},\"headline\":\"17 marca 1994 r. zmar\u0142 Zbigniew Kuchci\u0144ski, za\u0142o\u017cyciel Stowarzyszenia Pami\u0119ci Orl\u0105t Przemyskich, Towarzystwa Mi\u0142o\u015bnik\u00f3w Lwowa oraz PC w Przemy\u015blu\",\"datePublished\":\"2023-03-17T14:36:31+00:00\",\"dateModified\":\"2023-03-17T14:37:28+00:00\",\"mainEntityOfPage\":{\"@id\":\"https:\/\/marekkuchcinski.pl\/wydarzenia\/17-marca-1994-r-zmarl-zbigniew-kuchcinski-zalozyciel-zalozyciel-stowarzyszenia-pamieci-orlat-przemyskich-oraz-pc-w-przemyslu\/\"},\"wordCount\":372,\"publisher\":{\"@id\":\"https:\/\/marekkuchcinski.pl\/#organization\"},\"image\":{\"@id\":\"https:\/\/marekkuchcinski.pl\/wydarzenia\/17-marca-1994-r-zmarl-zbigniew-kuchcinski-zalozyciel-zalozyciel-stowarzyszenia-pamieci-orlat-przemyskich-oraz-pc-w-przemyslu\/#primaryimage\"},\"thumbnailUrl\":\"https:\/\/marekkuchcinski.pl\/wp-content\/uploads\/2023\/03\/ZKu.png\",\"articleSection\":[\"Wydarzenia\"],\"inLanguage\":\"cs\"},{\"@type\":\"WebPage\",\"@id\":\"https:\/\/marekkuchcinski.pl\/wydarzenia\/17-marca-1994-r-zmarl-zbigniew-kuchcinski-zalozyciel-zalozyciel-stowarzyszenia-pamieci-orlat-przemyskich-oraz-pc-w-przemyslu\/\",\"url\":\"https:\/\/marekkuchcinski.pl\/wydarzenia\/17-marca-1994-r-zmarl-zbigniew-kuchcinski-zalozyciel-zalozyciel-stowarzyszenia-pamieci-orlat-przemyskich-oraz-pc-w-przemyslu\/\",\"name\":\"17 marca 1994 r. zmar\u0142 Zbigniew Kuchci\u0144ski, za\u0142o\u017cyciel Stowarzyszenia Pami\u0119ci Orl\u0105t Przemyskich, Towarzystwa Mi\u0142o\u015bnik\u00f3w Lwowa oraz PC w Przemy\u015blu &#8211; Marek Kuchci\u0144ski\",\"isPartOf\":{\"@id\":\"https:\/\/marekkuchcinski.pl\/#website\"},\"primaryImageOfPage\":{\"@id\":\"https:\/\/marekkuchcinski.pl\/wydarzenia\/17-marca-1994-r-zmarl-zbigniew-kuchcinski-zalozyciel-zalozyciel-stowarzyszenia-pamieci-orlat-przemyskich-oraz-pc-w-przemyslu\/#primaryimage\"},\"image\":{\"@id\":\"https:\/\/marekkuchcinski.pl\/wydarzenia\/17-marca-1994-r-zmarl-zbigniew-kuchcinski-zalozyciel-zalozyciel-stowarzyszenia-pamieci-orlat-przemyskich-oraz-pc-w-przemyslu\/#primaryimage\"},\"thumbnailUrl\":\"https:\/\/marekkuchcinski.pl\/wp-content\/uploads\/2023\/03\/ZKu.png\",\"datePublished\":\"2023-03-17T14:36:31+00:00\",\"dateModified\":\"2023-03-17T14:37:28+00:00\",\"breadcrumb\":{\"@id\":\"https:\/\/marekkuchcinski.pl\/wydarzenia\/17-marca-1994-r-zmarl-zbigniew-kuchcinski-zalozyciel-zalozyciel-stowarzyszenia-pamieci-orlat-przemyskich-oraz-pc-w-przemyslu\/#breadcrumb\"},\"inLanguage\":\"cs\",\"potentialAction\":[{\"@type\":\"ReadAction\",\"target\":[\"https:\/\/marekkuchcinski.pl\/wydarzenia\/17-marca-1994-r-zmarl-zbigniew-kuchcinski-zalozyciel-zalozyciel-stowarzyszenia-pamieci-orlat-przemyskich-oraz-pc-w-przemyslu\/\"]}]},{\"@type\":\"ImageObject\",\"inLanguage\":\"cs\",\"@id\":\"https:\/\/marekkuchcinski.pl\/wydarzenia\/17-marca-1994-r-zmarl-zbigniew-kuchcinski-zalozyciel-zalozyciel-stowarzyszenia-pamieci-orlat-przemyskich-oraz-pc-w-przemyslu\/#primaryimage\",\"url\":\"https:\/\/marekkuchcinski.pl\/wp-content\/uploads\/2023\/03\/ZKu.png\",\"contentUrl\":\"https:\/\/marekkuchcinski.pl\/wp-content\/uploads\/2023\/03\/ZKu.png\",\"width\":1600,\"height\":1085},{\"@type\":\"BreadcrumbList\",\"@id\":\"https:\/\/marekkuchcinski.pl\/wydarzenia\/17-marca-1994-r-zmarl-zbigniew-kuchcinski-zalozyciel-zalozyciel-stowarzyszenia-pamieci-orlat-przemyskich-oraz-pc-w-przemyslu\/#breadcrumb\",\"itemListElement\":[{\"@type\":\"ListItem\",\"position\":1,\"name\":\"Strona g\u0142\u00f3wna\",\"item\":\"https:\/\/marekkuchcinski.pl\/\"},{\"@type\":\"ListItem\",\"position\":2,\"name\":\"17 marca 1994 r. zmar\u0142 Zbigniew Kuchci\u0144ski, za\u0142o\u017cyciel Stowarzyszenia Pami\u0119ci Orl\u0105t Przemyskich, Towarzystwa Mi\u0142o\u015bnik\u00f3w Lwowa oraz PC w Przemy\u015blu\"}]},{\"@type\":\"WebSite\",\"@id\":\"https:\/\/marekkuchcinski.pl\/#website\",\"url\":\"https:\/\/marekkuchcinski.pl\/\",\"name\":\"Marek Kuchci\u0144ski\",\"description\":\"Pose\u0142 na sejm RP &ndash; okr\u0119g nr 22\",\"publisher\":{\"@id\":\"https:\/\/marekkuchcinski.pl\/#organization\"},\"potentialAction\":[{\"@type\":\"SearchAction\",\"target\":{\"@type\":\"EntryPoint\",\"urlTemplate\":\"https:\/\/marekkuchcinski.pl\/?s={search_term_string}\"},\"query-input\":{\"@type\":\"PropertyValueSpecification\",\"valueRequired\":true,\"valueName\":\"search_term_string\"}}],\"inLanguage\":\"cs\"},{\"@type\":\"Organization\",\"@id\":\"https:\/\/marekkuchcinski.pl\/#organization\",\"name\":\"Marek Kuchci\u0144ski\",\"url\":\"https:\/\/marekkuchcinski.pl\/\",\"logo\":{\"@type\":\"ImageObject\",\"inLanguage\":\"cs\",\"@id\":\"https:\/\/marekkuchcinski.pl\/#\/schema\/logo\/image\/\",\"url\":\"https:\/\/marekkuchcinski.pl\/wp-content\/uploads\/2022\/09\/Marek.jpg\",\"contentUrl\":\"https:\/\/marekkuchcinski.pl\/wp-content\/uploads\/2022\/09\/Marek.jpg\",\"width\":1600,\"height\":971,\"caption\":\"Marek Kuchci\u0144ski\"},\"image\":{\"@id\":\"https:\/\/marekkuchcinski.pl\/#\/schema\/logo\/image\/\"}},{\"@type\":\"Person\",\"@id\":\"https:\/\/marekkuchcinski.pl\/#\/schema\/person\/51d5d4ee3b5317b8e4dd2b48af359229\",\"name\":\"Marta Olejnik\",\"image\":{\"@type\":\"ImageObject\",\"inLanguage\":\"cs\",\"@id\":\"https:\/\/marekkuchcinski.pl\/#\/schema\/person\/image\/\",\"url\":\"https:\/\/secure.gravatar.com\/avatar\/e39914b2aa6a48959e24d475b5dc9793?s=96&d=mm&r=g\",\"contentUrl\":\"https:\/\/secure.gravatar.com\/avatar\/e39914b2aa6a48959e24d475b5dc9793?s=96&d=mm&r=g\",\"caption\":\"Marta Olejnik\"},\"url\":\"https:\/\/marekkuchcinski.pl\/cs\/author\/marta\/\"}]}<\/script>\n<!-- \/ Yoast SEO plugin. -->","yoast_head_json":{"title":"17 marca 1994 r. zmar\u0142 Zbigniew Kuchci\u0144ski, za\u0142o\u017cyciel Stowarzyszenia Pami\u0119ci Orl\u0105t Przemyskich, Towarzystwa Mi\u0142o\u015bnik\u00f3w Lwowa oraz PC w Przemy\u015blu &#8211; Marek Kuchci\u0144ski","robots":{"index":"index","follow":"follow","max-snippet":"max-snippet:-1","max-image-preview":"max-image-preview:large","max-video-preview":"max-video-preview:-1"},"canonical":"https:\/\/marekkuchcinski.pl\/cs\/wydarzenia\/17-marca-1994-r-zmarl-zbigniew-kuchcinski-zalozyciel-zalozyciel-stowarzyszenia-pamieci-orlat-przemyskich-oraz-pc-w-przemyslu\/","og_locale":"cs_CZ","og_type":"article","og_title":"17 marca 1994 r. zmar\u0142 Zbigniew Kuchci\u0144ski, za\u0142o\u017cyciel Stowarzyszenia Pami\u0119ci Orl\u0105t Przemyskich, Towarzystwa Mi\u0142o\u015bnik\u00f3w Lwowa oraz PC w Przemy\u015blu &#8211; Marek Kuchci\u0144ski","og_description":"Ojciec b. marsza\u0142ka Sejmu i obecnego szefa KPRM Marka Kuchci\u0144skiego urodzi\u0142 si\u0119 25 stycznia 1929 roku w Nowosi\u00f3\u0142kach w woj. lwowskim. Niestety jego dzieci\u0144stwo zosta\u0142o naznaczone przez tragedi\u0119 wojny, inwazj\u0119 armii sowieckiej, koszmar niemieckiej okupacji, a potem terror Ukrai\u0144skiej Powsta\u0144czej Armii. Zbigniew Kuchci\u0144ski wraz z rodzin\u0105 zmuszony by\u0142 do szukania ratunku w bezpieczniejszych zak\u0105tkach kraju. [&hellip;]","og_url":"https:\/\/marekkuchcinski.pl\/cs\/wydarzenia\/17-marca-1994-r-zmarl-zbigniew-kuchcinski-zalozyciel-zalozyciel-stowarzyszenia-pamieci-orlat-przemyskich-oraz-pc-w-przemyslu\/","og_site_name":"Marek Kuchci\u0144ski","article_published_time":"2023-03-17T14:36:31+00:00","article_modified_time":"2023-03-17T14:37:28+00:00","og_image":[{"width":1600,"height":1085,"url":"https:\/\/marekkuchcinski.pl\/wp-content\/uploads\/2023\/03\/ZKu.png","type":"image\/png"}],"author":"Marta Olejnik","twitter_card":"summary_large_image","twitter_misc":{"Napsal(a)":"Marta Olejnik","Odhadovan\u00e1 doba \u010dten\u00ed":"3 minuty"},"schema":{"@context":"https:\/\/schema.org","@graph":[{"@type":"Article","@id":"https:\/\/marekkuchcinski.pl\/wydarzenia\/17-marca-1994-r-zmarl-zbigniew-kuchcinski-zalozyciel-zalozyciel-stowarzyszenia-pamieci-orlat-przemyskich-oraz-pc-w-przemyslu\/#article","isPartOf":{"@id":"https:\/\/marekkuchcinski.pl\/wydarzenia\/17-marca-1994-r-zmarl-zbigniew-kuchcinski-zalozyciel-zalozyciel-stowarzyszenia-pamieci-orlat-przemyskich-oraz-pc-w-przemyslu\/"},"author":{"name":"Marta Olejnik","@id":"https:\/\/marekkuchcinski.pl\/#\/schema\/person\/51d5d4ee3b5317b8e4dd2b48af359229"},"headline":"17 marca 1994 r. zmar\u0142 Zbigniew Kuchci\u0144ski, za\u0142o\u017cyciel Stowarzyszenia Pami\u0119ci Orl\u0105t Przemyskich, Towarzystwa Mi\u0142o\u015bnik\u00f3w Lwowa oraz PC w Przemy\u015blu","datePublished":"2023-03-17T14:36:31+00:00","dateModified":"2023-03-17T14:37:28+00:00","mainEntityOfPage":{"@id":"https:\/\/marekkuchcinski.pl\/wydarzenia\/17-marca-1994-r-zmarl-zbigniew-kuchcinski-zalozyciel-zalozyciel-stowarzyszenia-pamieci-orlat-przemyskich-oraz-pc-w-przemyslu\/"},"wordCount":372,"publisher":{"@id":"https:\/\/marekkuchcinski.pl\/#organization"},"image":{"@id":"https:\/\/marekkuchcinski.pl\/wydarzenia\/17-marca-1994-r-zmarl-zbigniew-kuchcinski-zalozyciel-zalozyciel-stowarzyszenia-pamieci-orlat-przemyskich-oraz-pc-w-przemyslu\/#primaryimage"},"thumbnailUrl":"https:\/\/marekkuchcinski.pl\/wp-content\/uploads\/2023\/03\/ZKu.png","articleSection":["Wydarzenia"],"inLanguage":"cs"},{"@type":"WebPage","@id":"https:\/\/marekkuchcinski.pl\/wydarzenia\/17-marca-1994-r-zmarl-zbigniew-kuchcinski-zalozyciel-zalozyciel-stowarzyszenia-pamieci-orlat-przemyskich-oraz-pc-w-przemyslu\/","url":"https:\/\/marekkuchcinski.pl\/wydarzenia\/17-marca-1994-r-zmarl-zbigniew-kuchcinski-zalozyciel-zalozyciel-stowarzyszenia-pamieci-orlat-przemyskich-oraz-pc-w-przemyslu\/","name":"17 marca 1994 r. zmar\u0142 Zbigniew Kuchci\u0144ski, za\u0142o\u017cyciel Stowarzyszenia Pami\u0119ci Orl\u0105t Przemyskich, Towarzystwa Mi\u0142o\u015bnik\u00f3w Lwowa oraz PC w Przemy\u015blu &#8211; Marek Kuchci\u0144ski","isPartOf":{"@id":"https:\/\/marekkuchcinski.pl\/#website"},"primaryImageOfPage":{"@id":"https:\/\/marekkuchcinski.pl\/wydarzenia\/17-marca-1994-r-zmarl-zbigniew-kuchcinski-zalozyciel-zalozyciel-stowarzyszenia-pamieci-orlat-przemyskich-oraz-pc-w-przemyslu\/#primaryimage"},"image":{"@id":"https:\/\/marekkuchcinski.pl\/wydarzenia\/17-marca-1994-r-zmarl-zbigniew-kuchcinski-zalozyciel-zalozyciel-stowarzyszenia-pamieci-orlat-przemyskich-oraz-pc-w-przemyslu\/#primaryimage"},"thumbnailUrl":"https:\/\/marekkuchcinski.pl\/wp-content\/uploads\/2023\/03\/ZKu.png","datePublished":"2023-03-17T14:36:31+00:00","dateModified":"2023-03-17T14:37:28+00:00","breadcrumb":{"@id":"https:\/\/marekkuchcinski.pl\/wydarzenia\/17-marca-1994-r-zmarl-zbigniew-kuchcinski-zalozyciel-zalozyciel-stowarzyszenia-pamieci-orlat-przemyskich-oraz-pc-w-przemyslu\/#breadcrumb"},"inLanguage":"cs","potentialAction":[{"@type":"ReadAction","target":["https:\/\/marekkuchcinski.pl\/wydarzenia\/17-marca-1994-r-zmarl-zbigniew-kuchcinski-zalozyciel-zalozyciel-stowarzyszenia-pamieci-orlat-przemyskich-oraz-pc-w-przemyslu\/"]}]},{"@type":"ImageObject","inLanguage":"cs","@id":"https:\/\/marekkuchcinski.pl\/wydarzenia\/17-marca-1994-r-zmarl-zbigniew-kuchcinski-zalozyciel-zalozyciel-stowarzyszenia-pamieci-orlat-przemyskich-oraz-pc-w-przemyslu\/#primaryimage","url":"https:\/\/marekkuchcinski.pl\/wp-content\/uploads\/2023\/03\/ZKu.png","contentUrl":"https:\/\/marekkuchcinski.pl\/wp-content\/uploads\/2023\/03\/ZKu.png","width":1600,"height":1085},{"@type":"BreadcrumbList","@id":"https:\/\/marekkuchcinski.pl\/wydarzenia\/17-marca-1994-r-zmarl-zbigniew-kuchcinski-zalozyciel-zalozyciel-stowarzyszenia-pamieci-orlat-przemyskich-oraz-pc-w-przemyslu\/#breadcrumb","itemListElement":[{"@type":"ListItem","position":1,"name":"Strona g\u0142\u00f3wna","item":"https:\/\/marekkuchcinski.pl\/"},{"@type":"ListItem","position":2,"name":"17 marca 1994 r. zmar\u0142 Zbigniew Kuchci\u0144ski, za\u0142o\u017cyciel Stowarzyszenia Pami\u0119ci Orl\u0105t Przemyskich, Towarzystwa Mi\u0142o\u015bnik\u00f3w Lwowa oraz PC w Przemy\u015blu"}]},{"@type":"WebSite","@id":"https:\/\/marekkuchcinski.pl\/#website","url":"https:\/\/marekkuchcinski.pl\/","name":"Marek Kuchci\u0144ski","description":"Pose\u0142 na sejm RP &ndash; okr\u0119g nr 22","publisher":{"@id":"https:\/\/marekkuchcinski.pl\/#organization"},"potentialAction":[{"@type":"SearchAction","target":{"@type":"EntryPoint","urlTemplate":"https:\/\/marekkuchcinski.pl\/?s={search_term_string}"},"query-input":{"@type":"PropertyValueSpecification","valueRequired":true,"valueName":"search_term_string"}}],"inLanguage":"cs"},{"@type":"Organization","@id":"https:\/\/marekkuchcinski.pl\/#organization","name":"Marek Kuchci\u0144ski","url":"https:\/\/marekkuchcinski.pl\/","logo":{"@type":"ImageObject","inLanguage":"cs","@id":"https:\/\/marekkuchcinski.pl\/#\/schema\/logo\/image\/","url":"https:\/\/marekkuchcinski.pl\/wp-content\/uploads\/2022\/09\/Marek.jpg","contentUrl":"https:\/\/marekkuchcinski.pl\/wp-content\/uploads\/2022\/09\/Marek.jpg","width":1600,"height":971,"caption":"Marek Kuchci\u0144ski"},"image":{"@id":"https:\/\/marekkuchcinski.pl\/#\/schema\/logo\/image\/"}},{"@type":"Person","@id":"https:\/\/marekkuchcinski.pl\/#\/schema\/person\/51d5d4ee3b5317b8e4dd2b48af359229","name":"Marta Olejnik","image":{"@type":"ImageObject","inLanguage":"cs","@id":"https:\/\/marekkuchcinski.pl\/#\/schema\/person\/image\/","url":"https:\/\/secure.gravatar.com\/avatar\/e39914b2aa6a48959e24d475b5dc9793?s=96&d=mm&r=g","contentUrl":"https:\/\/secure.gravatar.com\/avatar\/e39914b2aa6a48959e24d475b5dc9793?s=96&d=mm&r=g","caption":"Marta Olejnik"},"url":"https:\/\/marekkuchcinski.pl\/cs\/author\/marta\/"}]}},"_links":{"self":[{"href":"https:\/\/marekkuchcinski.pl\/cs\/wp-json\/wp\/v2\/posts\/28180","targetHints":{"allow":["GET"]}}],"collection":[{"href":"https:\/\/marekkuchcinski.pl\/cs\/wp-json\/wp\/v2\/posts"}],"about":[{"href":"https:\/\/marekkuchcinski.pl\/cs\/wp-json\/wp\/v2\/types\/post"}],"author":[{"embeddable":true,"href":"https:\/\/marekkuchcinski.pl\/cs\/wp-json\/wp\/v2\/users\/21"}],"replies":[{"embeddable":true,"href":"https:\/\/marekkuchcinski.pl\/cs\/wp-json\/wp\/v2\/comments?post=28180"}],"version-history":[{"count":4,"href":"https:\/\/marekkuchcinski.pl\/cs\/wp-json\/wp\/v2\/posts\/28180\/revisions"}],"predecessor-version":[{"id":28186,"href":"https:\/\/marekkuchcinski.pl\/cs\/wp-json\/wp\/v2\/posts\/28180\/revisions\/28186"}],"wp:featuredmedia":[{"embeddable":true,"href":"https:\/\/marekkuchcinski.pl\/cs\/wp-json\/wp\/v2\/media\/28182"}],"wp:attachment":[{"href":"https:\/\/marekkuchcinski.pl\/cs\/wp-json\/wp\/v2\/media?parent=28180"}],"wp:term":[{"taxonomy":"category","embeddable":true,"href":"https:\/\/marekkuchcinski.pl\/cs\/wp-json\/wp\/v2\/categories?post=28180"},{"taxonomy":"post_tag","embeddable":true,"href":"https:\/\/marekkuchcinski.pl\/cs\/wp-json\/wp\/v2\/tags?post=28180"}],"curies":[{"name":"wp","href":"https:\/\/api.w.org\/{rel}","templated":true}]}}