{"id":28171,"date":"2023-03-14T15:04:26","date_gmt":"2023-03-14T14:04:26","guid":{"rendered":"https:\/\/marekkuchcinski.pl\/?p=28171"},"modified":"2023-03-15T09:05:14","modified_gmt":"2023-03-15T08:05:14","slug":"marek-kuchcinski-dla-tv-republika-dzis-mamy-analogiczna-sytuacje-do-czasow-dzialania-iv-departamentu-sb-przeciw-kosciolowi","status":"publish","type":"post","link":"https:\/\/marekkuchcinski.pl\/cs\/wydarzenia\/marek-kuchcinski-dla-tv-republika-dzis-mamy-analogiczna-sytuacje-do-czasow-dzialania-iv-departamentu-sb-przeciw-kosciolowi\/","title":{"rendered":"Marek Kuchci\u0144ski: Dnes m\u00e1me podobnou situaci jako v dob\u00e1ch, kdy 4. odd\u011blen\u00ed bezpe\u010dnostn\u00ed slu\u017eby zasahovalo proti c\u00edrkvi"},"content":{"rendered":"<p>Vedouc\u00ed kancel\u00e1\u0159e premi\u00e9ra v TV Republika na dotaz ohledn\u011b \u00fatok\u016f na Jana Pavla II. p\u0159ipomn\u011bl, \u017ee v dob\u00e1ch Polsk\u00e9 lidov\u00e9 republiky existovalo 4. odd\u011blen\u00ed bezpe\u010dnostn\u00ed slu\u017eby, kter\u00e9 se zab\u00fdvalo bojem proti c\u00edrkvi. . \u2013 Vzpom\u00edn\u00e1me na mnoho vynikaj\u00edc\u00edch lid\u00ed, kte\u0159\u00ed pro v\u011bc polo\u017eili \u017eivot, nap\u0159. Fr. Jerzy Popie\u0142uszko. P\u0159ipomenu tak\u00e9 manipulace a \u00fatoky na kn\u011bze, tehdej\u0161\u00edho biskupa, Ignacyho Tokarczuka. B\u011bhem kr\u00e1tk\u00e9 doby jich obyvatel\u00e9 tehdej\u0161\u00ed p\u0159emy\u0161lsk\u00e9 diec\u00e9ze, dnes cel\u00e9ho Podkarpacie, vybrali p\u0159es 200 tis\u00edc. podpisy proti \u00fatok\u016fm na biskupa. Dnes m\u00e1me podobnou situaci - \u0159ekl Marek Kuchci\u0144ski.<\/p>\n\n\n\n<p>\u0160\u00e9f kancl\u00e9\u0159stv\u00ed premi\u00e9ra zd\u016fraznil, \u017ee \u00fatok na JPII je sou\u010d\u00e1st\u00ed \u00fatoku na evropskou civilizaci. Historie Polska byla od sam\u00e9ho po\u010d\u00e1tku spjata s d\u011bjinami c\u00edrkve. Existujeme p\u0159es 1050 let d\u00edky k\u0159tu Mieszka I., p\u0159e\u017eilo to t\u011b\u017ek\u00e1 obdob\u00ed d\u00edky postoji c\u00edrkve a dnes je Jan Pavel II., zt\u011bles\u0148uj\u00edc\u00ed nejlep\u0161\u00ed symboly k\u0159es\u0165ansk\u00e9 civilizace, pomlouv\u00e1n levicov\u00fdmi kruhy prosazuj\u00edc\u00edmi neo- Marxismus, oslabov\u00e1n\u00ed rodiny a smyslu pro n\u00e1rodn\u00ed identitu.<\/p>\n\n\n\n<p>Podle Marka Kuchci\u0144sk\u00e9ho maj\u00ed \u00fatoky na pape\u017ee volebn\u00ed kontext. Nen\u00ed n\u00e1hodou, \u017ee se toto t\u00e9ma nyn\u00ed otev\u0159elo. T\u00e1bor Pr\u00e1vo a spravedlnost s premi\u00e9rem a dvakr\u00e1t zvolen\u00fdm prezidentem zast\u00e1v\u00e1 principy nejd\u016fle\u017eit\u011bj\u0161\u00ed pro Pol\u00e1ky, kde m\u00e1 c\u00edrkev a u\u010den\u00ed Jana Pavla II. z\u00e1sadn\u00ed v\u00fdznam. Z\u00e1kladem programu PiS je p\u0159esv\u011bd\u010den\u00ed, \u017ee hierarchie hodnot vypl\u00fdvaj\u00edc\u00ed z katolick\u00e9ho soci\u00e1ln\u00edho u\u010den\u00ed mus\u00ed souviset i s na\u0161imi sou\u010dasn\u00fdmi aktivitami, pota\u017emo udr\u017eiteln\u00fdm rozvojem, podporou d\u0159\u00edve nepodporovan\u00fdch oblast\u00ed \u010di profesn\u00edch a soci\u00e1ln\u00edch skupin.<\/p>\n\n\n\n<p>Mar\u0161\u00e1l zd\u016fraznil, \u017ee jde ze sv\u00e9 podstaty o propojen\u00ed PiS s u\u010den\u00edm C\u00edrkve, a\u010dkoliv jde o politickou stranu, kter\u00e1 je odpov\u011bdn\u00e1 za ve\u0161ker\u00e9 ve\u0159ejn\u00e9 z\u00e1le\u017eitosti ve st\u00e1t\u011b vypl\u00fdvaj\u00edc\u00ed z \u00fastavy, a C\u00edrkev je univerz\u00e1ln\u00ed c\u00edrkv\u00ed.<\/p>\n\n\n\n<p><\/p>","protected":false},"excerpt":{"rendered":"<p>Na antenie TV Republika szef kancelarii premiera pytany o ataki na Jana Paw\u0142a II przypomnia\u0142 o istniej\u0105cym w czasach PRL IV Departamencie w S\u0142u\u017cbie Bezpiecze\u0144stwa, kt\u00f3ry zajmowa\u0142 si\u0119 walk\u0105 z Ko\u015bcio\u0142em. \u2013 Pami\u0119tamy wielu wybitnych ludzi, kt\u00f3rzy oddali \u017cycie za spraw\u0119, cho\u0107by ks. Jerzy Popie\u0142uszko. Przypomn\u0119 r\u00f3wnie\u017c manipulacje i ataki na ks., w\u00f3wczas biskupa, Ignacego [&hellip;]<\/p>","protected":false},"author":21,"featured_media":28172,"comment_status":"closed","ping_status":"open","sticky":false,"template":"","format":"standard","meta":{"ngg_post_thumbnail":0,"footnotes":""},"categories":[3],"tags":[],"class_list":["post-28171","post","type-post","status-publish","format-standard","has-post-thumbnail","hentry","category-wydarzenia"],"yoast_head":"<!-- This site is optimized with the Yoast SEO plugin v24.7 - https:\/\/yoast.com\/wordpress\/plugins\/seo\/ -->\n<title>Marek Kuchci\u0144ski: Dzi\u015b mamy analogiczn\u0105 sytuacj\u0119 do czas\u00f3w dzia\u0142ania IV Departamentu SB przeciw Ko\u015bcio\u0142owi &#8211; Marek Kuchci\u0144ski<\/title>\n<meta name=\"robots\" content=\"index, follow, max-snippet:-1, max-image-preview:large, max-video-preview:-1\" \/>\n<link rel=\"canonical\" href=\"https:\/\/marekkuchcinski.pl\/cs\/wydarzenia\/marek-kuchcinski-dla-tv-republika-dzis-mamy-analogiczna-sytuacje-do-czasow-dzialania-iv-departamentu-sb-przeciw-kosciolowi\/\" \/>\n<meta property=\"og:locale\" content=\"cs_CZ\" \/>\n<meta property=\"og:type\" content=\"article\" \/>\n<meta property=\"og:title\" content=\"Marek Kuchci\u0144ski: Dzi\u015b mamy analogiczn\u0105 sytuacj\u0119 do czas\u00f3w dzia\u0142ania IV Departamentu SB przeciw Ko\u015bcio\u0142owi &#8211; Marek Kuchci\u0144ski\" \/>\n<meta property=\"og:description\" content=\"Na antenie TV Republika szef kancelarii premiera pytany o ataki na Jana Paw\u0142a II przypomnia\u0142 o istniej\u0105cym w czasach PRL IV Departamencie w S\u0142u\u017cbie Bezpiecze\u0144stwa, kt\u00f3ry zajmowa\u0142 si\u0119 walk\u0105 z Ko\u015bcio\u0142em. \u2013 Pami\u0119tamy wielu wybitnych ludzi, kt\u00f3rzy oddali \u017cycie za spraw\u0119, cho\u0107by ks. Jerzy Popie\u0142uszko. Przypomn\u0119 r\u00f3wnie\u017c manipulacje i ataki na ks., w\u00f3wczas biskupa, Ignacego [&hellip;]\" \/>\n<meta property=\"og:url\" content=\"https:\/\/marekkuchcinski.pl\/cs\/wydarzenia\/marek-kuchcinski-dla-tv-republika-dzis-mamy-analogiczna-sytuacje-do-czasow-dzialania-iv-departamentu-sb-przeciw-kosciolowi\/\" \/>\n<meta property=\"og:site_name\" content=\"Marek Kuchci\u0144ski\" \/>\n<meta property=\"article:published_time\" content=\"2023-03-14T14:04:26+00:00\" \/>\n<meta property=\"article:modified_time\" content=\"2023-03-15T08:05:14+00:00\" \/>\n<meta property=\"og:image\" content=\"https:\/\/marekkuchcinski.pl\/wp-content\/uploads\/2023\/03\/Republika.jpg\" \/>\n\t<meta property=\"og:image:width\" content=\"1578\" \/>\n\t<meta property=\"og:image:height\" content=\"904\" \/>\n\t<meta property=\"og:image:type\" content=\"image\/jpeg\" \/>\n<meta name=\"author\" content=\"Marta Olejnik\" \/>\n<meta name=\"twitter:card\" content=\"summary_large_image\" \/>\n<meta name=\"twitter:label1\" content=\"Napsal(a)\" \/>\n\t<meta name=\"twitter:data1\" content=\"Marta Olejnik\" \/>\n\t<meta name=\"twitter:label2\" content=\"Odhadovan\u00e1 doba \u010dten\u00ed\" \/>\n\t<meta name=\"twitter:data2\" content=\"2 minuty\" \/>\n<script type=\"application\/ld+json\" class=\"yoast-schema-graph\">{\"@context\":\"https:\/\/schema.org\",\"@graph\":[{\"@type\":\"Article\",\"@id\":\"https:\/\/marekkuchcinski.pl\/wydarzenia\/marek-kuchcinski-dla-tv-republika-dzis-mamy-analogiczna-sytuacje-do-czasow-dzialania-iv-departamentu-sb-przeciw-kosciolowi\/#article\",\"isPartOf\":{\"@id\":\"https:\/\/marekkuchcinski.pl\/wydarzenia\/marek-kuchcinski-dla-tv-republika-dzis-mamy-analogiczna-sytuacje-do-czasow-dzialania-iv-departamentu-sb-przeciw-kosciolowi\/\"},\"author\":{\"name\":\"Marta Olejnik\",\"@id\":\"https:\/\/marekkuchcinski.pl\/#\/schema\/person\/51d5d4ee3b5317b8e4dd2b48af359229\"},\"headline\":\"Marek Kuchci\u0144ski: Dzi\u015b mamy analogiczn\u0105 sytuacj\u0119 do czas\u00f3w dzia\u0142ania IV Departamentu SB przeciw Ko\u015bcio\u0142owi\",\"datePublished\":\"2023-03-14T14:04:26+00:00\",\"dateModified\":\"2023-03-15T08:05:14+00:00\",\"mainEntityOfPage\":{\"@id\":\"https:\/\/marekkuchcinski.pl\/wydarzenia\/marek-kuchcinski-dla-tv-republika-dzis-mamy-analogiczna-sytuacje-do-czasow-dzialania-iv-departamentu-sb-przeciw-kosciolowi\/\"},\"wordCount\":348,\"publisher\":{\"@id\":\"https:\/\/marekkuchcinski.pl\/#organization\"},\"image\":{\"@id\":\"https:\/\/marekkuchcinski.pl\/wydarzenia\/marek-kuchcinski-dla-tv-republika-dzis-mamy-analogiczna-sytuacje-do-czasow-dzialania-iv-departamentu-sb-przeciw-kosciolowi\/#primaryimage\"},\"thumbnailUrl\":\"https:\/\/marekkuchcinski.pl\/wp-content\/uploads\/2023\/03\/Republika.jpg\",\"articleSection\":[\"Wydarzenia\"],\"inLanguage\":\"cs\"},{\"@type\":\"WebPage\",\"@id\":\"https:\/\/marekkuchcinski.pl\/wydarzenia\/marek-kuchcinski-dla-tv-republika-dzis-mamy-analogiczna-sytuacje-do-czasow-dzialania-iv-departamentu-sb-przeciw-kosciolowi\/\",\"url\":\"https:\/\/marekkuchcinski.pl\/wydarzenia\/marek-kuchcinski-dla-tv-republika-dzis-mamy-analogiczna-sytuacje-do-czasow-dzialania-iv-departamentu-sb-przeciw-kosciolowi\/\",\"name\":\"Marek Kuchci\u0144ski: Dzi\u015b mamy analogiczn\u0105 sytuacj\u0119 do czas\u00f3w dzia\u0142ania IV Departamentu SB przeciw Ko\u015bcio\u0142owi &#8211; Marek Kuchci\u0144ski\",\"isPartOf\":{\"@id\":\"https:\/\/marekkuchcinski.pl\/#website\"},\"primaryImageOfPage\":{\"@id\":\"https:\/\/marekkuchcinski.pl\/wydarzenia\/marek-kuchcinski-dla-tv-republika-dzis-mamy-analogiczna-sytuacje-do-czasow-dzialania-iv-departamentu-sb-przeciw-kosciolowi\/#primaryimage\"},\"image\":{\"@id\":\"https:\/\/marekkuchcinski.pl\/wydarzenia\/marek-kuchcinski-dla-tv-republika-dzis-mamy-analogiczna-sytuacje-do-czasow-dzialania-iv-departamentu-sb-przeciw-kosciolowi\/#primaryimage\"},\"thumbnailUrl\":\"https:\/\/marekkuchcinski.pl\/wp-content\/uploads\/2023\/03\/Republika.jpg\",\"datePublished\":\"2023-03-14T14:04:26+00:00\",\"dateModified\":\"2023-03-15T08:05:14+00:00\",\"breadcrumb\":{\"@id\":\"https:\/\/marekkuchcinski.pl\/wydarzenia\/marek-kuchcinski-dla-tv-republika-dzis-mamy-analogiczna-sytuacje-do-czasow-dzialania-iv-departamentu-sb-przeciw-kosciolowi\/#breadcrumb\"},\"inLanguage\":\"cs\",\"potentialAction\":[{\"@type\":\"ReadAction\",\"target\":[\"https:\/\/marekkuchcinski.pl\/wydarzenia\/marek-kuchcinski-dla-tv-republika-dzis-mamy-analogiczna-sytuacje-do-czasow-dzialania-iv-departamentu-sb-przeciw-kosciolowi\/\"]}]},{\"@type\":\"ImageObject\",\"inLanguage\":\"cs\",\"@id\":\"https:\/\/marekkuchcinski.pl\/wydarzenia\/marek-kuchcinski-dla-tv-republika-dzis-mamy-analogiczna-sytuacje-do-czasow-dzialania-iv-departamentu-sb-przeciw-kosciolowi\/#primaryimage\",\"url\":\"https:\/\/marekkuchcinski.pl\/wp-content\/uploads\/2023\/03\/Republika.jpg\",\"contentUrl\":\"https:\/\/marekkuchcinski.pl\/wp-content\/uploads\/2023\/03\/Republika.jpg\",\"width\":1578,\"height\":904},{\"@type\":\"BreadcrumbList\",\"@id\":\"https:\/\/marekkuchcinski.pl\/wydarzenia\/marek-kuchcinski-dla-tv-republika-dzis-mamy-analogiczna-sytuacje-do-czasow-dzialania-iv-departamentu-sb-przeciw-kosciolowi\/#breadcrumb\",\"itemListElement\":[{\"@type\":\"ListItem\",\"position\":1,\"name\":\"Strona g\u0142\u00f3wna\",\"item\":\"https:\/\/marekkuchcinski.pl\/\"},{\"@type\":\"ListItem\",\"position\":2,\"name\":\"Marek Kuchci\u0144ski: Dzi\u015b mamy analogiczn\u0105 sytuacj\u0119 do czas\u00f3w dzia\u0142ania IV Departamentu SB przeciw Ko\u015bcio\u0142owi\"}]},{\"@type\":\"WebSite\",\"@id\":\"https:\/\/marekkuchcinski.pl\/#website\",\"url\":\"https:\/\/marekkuchcinski.pl\/\",\"name\":\"Marek Kuchci\u0144ski\",\"description\":\"Pose\u0142 na sejm RP &ndash; okr\u0119g nr 22\",\"publisher\":{\"@id\":\"https:\/\/marekkuchcinski.pl\/#organization\"},\"potentialAction\":[{\"@type\":\"SearchAction\",\"target\":{\"@type\":\"EntryPoint\",\"urlTemplate\":\"https:\/\/marekkuchcinski.pl\/?s={search_term_string}\"},\"query-input\":{\"@type\":\"PropertyValueSpecification\",\"valueRequired\":true,\"valueName\":\"search_term_string\"}}],\"inLanguage\":\"cs\"},{\"@type\":\"Organization\",\"@id\":\"https:\/\/marekkuchcinski.pl\/#organization\",\"name\":\"Marek Kuchci\u0144ski\",\"url\":\"https:\/\/marekkuchcinski.pl\/\",\"logo\":{\"@type\":\"ImageObject\",\"inLanguage\":\"cs\",\"@id\":\"https:\/\/marekkuchcinski.pl\/#\/schema\/logo\/image\/\",\"url\":\"https:\/\/marekkuchcinski.pl\/wp-content\/uploads\/2022\/09\/Marek.jpg\",\"contentUrl\":\"https:\/\/marekkuchcinski.pl\/wp-content\/uploads\/2022\/09\/Marek.jpg\",\"width\":1600,\"height\":971,\"caption\":\"Marek Kuchci\u0144ski\"},\"image\":{\"@id\":\"https:\/\/marekkuchcinski.pl\/#\/schema\/logo\/image\/\"}},{\"@type\":\"Person\",\"@id\":\"https:\/\/marekkuchcinski.pl\/#\/schema\/person\/51d5d4ee3b5317b8e4dd2b48af359229\",\"name\":\"Marta Olejnik\",\"image\":{\"@type\":\"ImageObject\",\"inLanguage\":\"cs\",\"@id\":\"https:\/\/marekkuchcinski.pl\/#\/schema\/person\/image\/\",\"url\":\"https:\/\/secure.gravatar.com\/avatar\/e39914b2aa6a48959e24d475b5dc9793?s=96&d=mm&r=g\",\"contentUrl\":\"https:\/\/secure.gravatar.com\/avatar\/e39914b2aa6a48959e24d475b5dc9793?s=96&d=mm&r=g\",\"caption\":\"Marta Olejnik\"},\"url\":\"https:\/\/marekkuchcinski.pl\/cs\/author\/marta\/\"}]}<\/script>\n<!-- \/ Yoast SEO plugin. -->","yoast_head_json":{"title":"Marek Kuchci\u0144ski: Dzi\u015b mamy analogiczn\u0105 sytuacj\u0119 do czas\u00f3w dzia\u0142ania IV Departamentu SB przeciw Ko\u015bcio\u0142owi &#8211; Marek Kuchci\u0144ski","robots":{"index":"index","follow":"follow","max-snippet":"max-snippet:-1","max-image-preview":"max-image-preview:large","max-video-preview":"max-video-preview:-1"},"canonical":"https:\/\/marekkuchcinski.pl\/cs\/wydarzenia\/marek-kuchcinski-dla-tv-republika-dzis-mamy-analogiczna-sytuacje-do-czasow-dzialania-iv-departamentu-sb-przeciw-kosciolowi\/","og_locale":"cs_CZ","og_type":"article","og_title":"Marek Kuchci\u0144ski: Dzi\u015b mamy analogiczn\u0105 sytuacj\u0119 do czas\u00f3w dzia\u0142ania IV Departamentu SB przeciw Ko\u015bcio\u0142owi &#8211; Marek Kuchci\u0144ski","og_description":"Na antenie TV Republika szef kancelarii premiera pytany o ataki na Jana Paw\u0142a II przypomnia\u0142 o istniej\u0105cym w czasach PRL IV Departamencie w S\u0142u\u017cbie Bezpiecze\u0144stwa, kt\u00f3ry zajmowa\u0142 si\u0119 walk\u0105 z Ko\u015bcio\u0142em. \u2013 Pami\u0119tamy wielu wybitnych ludzi, kt\u00f3rzy oddali \u017cycie za spraw\u0119, cho\u0107by ks. Jerzy Popie\u0142uszko. Przypomn\u0119 r\u00f3wnie\u017c manipulacje i ataki na ks., w\u00f3wczas biskupa, Ignacego [&hellip;]","og_url":"https:\/\/marekkuchcinski.pl\/cs\/wydarzenia\/marek-kuchcinski-dla-tv-republika-dzis-mamy-analogiczna-sytuacje-do-czasow-dzialania-iv-departamentu-sb-przeciw-kosciolowi\/","og_site_name":"Marek Kuchci\u0144ski","article_published_time":"2023-03-14T14:04:26+00:00","article_modified_time":"2023-03-15T08:05:14+00:00","og_image":[{"width":1578,"height":904,"url":"https:\/\/marekkuchcinski.pl\/wp-content\/uploads\/2023\/03\/Republika.jpg","type":"image\/jpeg"}],"author":"Marta Olejnik","twitter_card":"summary_large_image","twitter_misc":{"Napsal(a)":"Marta Olejnik","Odhadovan\u00e1 doba \u010dten\u00ed":"2 minuty"},"schema":{"@context":"https:\/\/schema.org","@graph":[{"@type":"Article","@id":"https:\/\/marekkuchcinski.pl\/wydarzenia\/marek-kuchcinski-dla-tv-republika-dzis-mamy-analogiczna-sytuacje-do-czasow-dzialania-iv-departamentu-sb-przeciw-kosciolowi\/#article","isPartOf":{"@id":"https:\/\/marekkuchcinski.pl\/wydarzenia\/marek-kuchcinski-dla-tv-republika-dzis-mamy-analogiczna-sytuacje-do-czasow-dzialania-iv-departamentu-sb-przeciw-kosciolowi\/"},"author":{"name":"Marta Olejnik","@id":"https:\/\/marekkuchcinski.pl\/#\/schema\/person\/51d5d4ee3b5317b8e4dd2b48af359229"},"headline":"Marek Kuchci\u0144ski: Dzi\u015b mamy analogiczn\u0105 sytuacj\u0119 do czas\u00f3w dzia\u0142ania IV Departamentu SB przeciw Ko\u015bcio\u0142owi","datePublished":"2023-03-14T14:04:26+00:00","dateModified":"2023-03-15T08:05:14+00:00","mainEntityOfPage":{"@id":"https:\/\/marekkuchcinski.pl\/wydarzenia\/marek-kuchcinski-dla-tv-republika-dzis-mamy-analogiczna-sytuacje-do-czasow-dzialania-iv-departamentu-sb-przeciw-kosciolowi\/"},"wordCount":348,"publisher":{"@id":"https:\/\/marekkuchcinski.pl\/#organization"},"image":{"@id":"https:\/\/marekkuchcinski.pl\/wydarzenia\/marek-kuchcinski-dla-tv-republika-dzis-mamy-analogiczna-sytuacje-do-czasow-dzialania-iv-departamentu-sb-przeciw-kosciolowi\/#primaryimage"},"thumbnailUrl":"https:\/\/marekkuchcinski.pl\/wp-content\/uploads\/2023\/03\/Republika.jpg","articleSection":["Wydarzenia"],"inLanguage":"cs"},{"@type":"WebPage","@id":"https:\/\/marekkuchcinski.pl\/wydarzenia\/marek-kuchcinski-dla-tv-republika-dzis-mamy-analogiczna-sytuacje-do-czasow-dzialania-iv-departamentu-sb-przeciw-kosciolowi\/","url":"https:\/\/marekkuchcinski.pl\/wydarzenia\/marek-kuchcinski-dla-tv-republika-dzis-mamy-analogiczna-sytuacje-do-czasow-dzialania-iv-departamentu-sb-przeciw-kosciolowi\/","name":"Marek Kuchci\u0144ski: Dzi\u015b mamy analogiczn\u0105 sytuacj\u0119 do czas\u00f3w dzia\u0142ania IV Departamentu SB przeciw Ko\u015bcio\u0142owi &#8211; Marek Kuchci\u0144ski","isPartOf":{"@id":"https:\/\/marekkuchcinski.pl\/#website"},"primaryImageOfPage":{"@id":"https:\/\/marekkuchcinski.pl\/wydarzenia\/marek-kuchcinski-dla-tv-republika-dzis-mamy-analogiczna-sytuacje-do-czasow-dzialania-iv-departamentu-sb-przeciw-kosciolowi\/#primaryimage"},"image":{"@id":"https:\/\/marekkuchcinski.pl\/wydarzenia\/marek-kuchcinski-dla-tv-republika-dzis-mamy-analogiczna-sytuacje-do-czasow-dzialania-iv-departamentu-sb-przeciw-kosciolowi\/#primaryimage"},"thumbnailUrl":"https:\/\/marekkuchcinski.pl\/wp-content\/uploads\/2023\/03\/Republika.jpg","datePublished":"2023-03-14T14:04:26+00:00","dateModified":"2023-03-15T08:05:14+00:00","breadcrumb":{"@id":"https:\/\/marekkuchcinski.pl\/wydarzenia\/marek-kuchcinski-dla-tv-republika-dzis-mamy-analogiczna-sytuacje-do-czasow-dzialania-iv-departamentu-sb-przeciw-kosciolowi\/#breadcrumb"},"inLanguage":"cs","potentialAction":[{"@type":"ReadAction","target":["https:\/\/marekkuchcinski.pl\/wydarzenia\/marek-kuchcinski-dla-tv-republika-dzis-mamy-analogiczna-sytuacje-do-czasow-dzialania-iv-departamentu-sb-przeciw-kosciolowi\/"]}]},{"@type":"ImageObject","inLanguage":"cs","@id":"https:\/\/marekkuchcinski.pl\/wydarzenia\/marek-kuchcinski-dla-tv-republika-dzis-mamy-analogiczna-sytuacje-do-czasow-dzialania-iv-departamentu-sb-przeciw-kosciolowi\/#primaryimage","url":"https:\/\/marekkuchcinski.pl\/wp-content\/uploads\/2023\/03\/Republika.jpg","contentUrl":"https:\/\/marekkuchcinski.pl\/wp-content\/uploads\/2023\/03\/Republika.jpg","width":1578,"height":904},{"@type":"BreadcrumbList","@id":"https:\/\/marekkuchcinski.pl\/wydarzenia\/marek-kuchcinski-dla-tv-republika-dzis-mamy-analogiczna-sytuacje-do-czasow-dzialania-iv-departamentu-sb-przeciw-kosciolowi\/#breadcrumb","itemListElement":[{"@type":"ListItem","position":1,"name":"Strona g\u0142\u00f3wna","item":"https:\/\/marekkuchcinski.pl\/"},{"@type":"ListItem","position":2,"name":"Marek Kuchci\u0144ski: Dzi\u015b mamy analogiczn\u0105 sytuacj\u0119 do czas\u00f3w dzia\u0142ania IV Departamentu SB przeciw Ko\u015bcio\u0142owi"}]},{"@type":"WebSite","@id":"https:\/\/marekkuchcinski.pl\/#website","url":"https:\/\/marekkuchcinski.pl\/","name":"Marek Kuchci\u0144ski","description":"Pose\u0142 na sejm RP &ndash; okr\u0119g nr 22","publisher":{"@id":"https:\/\/marekkuchcinski.pl\/#organization"},"potentialAction":[{"@type":"SearchAction","target":{"@type":"EntryPoint","urlTemplate":"https:\/\/marekkuchcinski.pl\/?s={search_term_string}"},"query-input":{"@type":"PropertyValueSpecification","valueRequired":true,"valueName":"search_term_string"}}],"inLanguage":"cs"},{"@type":"Organization","@id":"https:\/\/marekkuchcinski.pl\/#organization","name":"Marek Kuchci\u0144ski","url":"https:\/\/marekkuchcinski.pl\/","logo":{"@type":"ImageObject","inLanguage":"cs","@id":"https:\/\/marekkuchcinski.pl\/#\/schema\/logo\/image\/","url":"https:\/\/marekkuchcinski.pl\/wp-content\/uploads\/2022\/09\/Marek.jpg","contentUrl":"https:\/\/marekkuchcinski.pl\/wp-content\/uploads\/2022\/09\/Marek.jpg","width":1600,"height":971,"caption":"Marek Kuchci\u0144ski"},"image":{"@id":"https:\/\/marekkuchcinski.pl\/#\/schema\/logo\/image\/"}},{"@type":"Person","@id":"https:\/\/marekkuchcinski.pl\/#\/schema\/person\/51d5d4ee3b5317b8e4dd2b48af359229","name":"Marta Olejnik","image":{"@type":"ImageObject","inLanguage":"cs","@id":"https:\/\/marekkuchcinski.pl\/#\/schema\/person\/image\/","url":"https:\/\/secure.gravatar.com\/avatar\/e39914b2aa6a48959e24d475b5dc9793?s=96&d=mm&r=g","contentUrl":"https:\/\/secure.gravatar.com\/avatar\/e39914b2aa6a48959e24d475b5dc9793?s=96&d=mm&r=g","caption":"Marta Olejnik"},"url":"https:\/\/marekkuchcinski.pl\/cs\/author\/marta\/"}]}},"_links":{"self":[{"href":"https:\/\/marekkuchcinski.pl\/cs\/wp-json\/wp\/v2\/posts\/28171","targetHints":{"allow":["GET"]}}],"collection":[{"href":"https:\/\/marekkuchcinski.pl\/cs\/wp-json\/wp\/v2\/posts"}],"about":[{"href":"https:\/\/marekkuchcinski.pl\/cs\/wp-json\/wp\/v2\/types\/post"}],"author":[{"embeddable":true,"href":"https:\/\/marekkuchcinski.pl\/cs\/wp-json\/wp\/v2\/users\/21"}],"replies":[{"embeddable":true,"href":"https:\/\/marekkuchcinski.pl\/cs\/wp-json\/wp\/v2\/comments?post=28171"}],"version-history":[{"count":5,"href":"https:\/\/marekkuchcinski.pl\/cs\/wp-json\/wp\/v2\/posts\/28171\/revisions"}],"predecessor-version":[{"id":28179,"href":"https:\/\/marekkuchcinski.pl\/cs\/wp-json\/wp\/v2\/posts\/28171\/revisions\/28179"}],"wp:featuredmedia":[{"embeddable":true,"href":"https:\/\/marekkuchcinski.pl\/cs\/wp-json\/wp\/v2\/media\/28172"}],"wp:attachment":[{"href":"https:\/\/marekkuchcinski.pl\/cs\/wp-json\/wp\/v2\/media?parent=28171"}],"wp:term":[{"taxonomy":"category","embeddable":true,"href":"https:\/\/marekkuchcinski.pl\/cs\/wp-json\/wp\/v2\/categories?post=28171"},{"taxonomy":"post_tag","embeddable":true,"href":"https:\/\/marekkuchcinski.pl\/cs\/wp-json\/wp\/v2\/tags?post=28171"}],"curies":[{"name":"wp","href":"https:\/\/api.w.org\/{rel}","templated":true}]}}