{"id":28082,"date":"2023-03-05T12:33:59","date_gmt":"2023-03-05T11:33:59","guid":{"rendered":"https:\/\/marekkuchcinski.pl\/?p=28082"},"modified":"2023-03-06T12:31:03","modified_gmt":"2023-03-06T11:31:03","slug":"w-przemyslu-zainaugurowano-ogolnopolska-trase-multimedialnego-projektu-iskry-niepodleglej","status":"publish","type":"post","link":"https:\/\/marekkuchcinski.pl\/cs\/wydarzenia\/w-przemyslu-zainaugurowano-ogolnopolska-trase-multimedialnego-projektu-iskry-niepodleglej\/","title":{"rendered":"V Przemy\u015blu byla slavnostn\u011b otev\u0159ena celost\u00e1tn\u00ed trasa multimedi\u00e1ln\u00edho projektu \u201eIskra Niepodlegej\u201c"},"content":{"rendered":"<p>Na trhu P\u0159emy\u0161l byl zah\u00e1jen celost\u00e1tn\u00ed projekt \u201eIskra Niepodlegej\u201c, kter\u00fd vyu\u017e\u00edv\u00e1 modern\u00ed technologie ke vzd\u011bl\u00e1v\u00e1n\u00ed a prezentaci polsk\u00fdch d\u011bjin. <\/p>\n\n\n\n<p><strong>\u2013 Digit\u00e1ln\u00ed p\u0159\u00edb\u011bh o vynikaj\u00edc\u00edch Pol\u00e1c\u00edch prost\u0159ednictv\u00edm mobiln\u00edho po\u0159adu \u201eIskra Niepodleg\u0142a\u201c. Je to pozn\u00e1v\u00e1n\u00ed historie mimo\u0159\u00e1dn\u011b zaj\u00edmavou formou, posilov\u00e1n\u00ed identity, hrdosti a inspirace pro kreativn\u00ed a pro zemi d\u016fle\u017eit\u00e9 aktivity. Dnes za\u010d\u00edn\u00e1me na Podkarpat\u00ed, kde se narodilo nebo pro\u017eilo \u017eivot mnoho vynikaj\u00edc\u00edch lid\u00ed \u2013 od politik\u016f, voj\u00e1k\u016f, p\u0159es v\u011bdce, vyn\u00e1lezce a\u017e po um\u011blce. Mezi stovkou p\u0159edstaven\u00fdch postav je Jan Szczepanik \u2013 vyn\u00e1lezce zvan\u00fd Polsk\u00fd Edison nebo \u201eLeonardo da Vinci z Hali\u010de\u201c. Autor mnoha vyn\u00e1lez\u016f v oblasti barevn\u00e9ho tkan\u00ed, filmov\u00fdch a fotografick\u00fdch technik, ale jedn\u00edm z jeho nejv\u00fdznamn\u011bj\u0161\u00edch po\u010din\u016f bylo vytvo\u0159en\u00ed snadno vyrobiteln\u00e9 nepr\u016fst\u0159eln\u00e9 vesty<\/strong> \u2013 \u0159ekl vedouc\u00ed kancel\u00e1\u0159e p\u0159edsedy vl\u00e1dy Marek Kuchci\u0144ski.<\/p>\n\n\n\n<p>\u2013 O polsk\u00e9 historii mluv\u00edme prost\u0159ednictv\u00edm postav, kter\u00e9 je vytvo\u0159ily a kter\u00e9 jsou p\u0159\u00edkladem pr\u00e1ce pro Polskou republiku. Jsou to lid\u00e9 zastupuj\u00edc\u00ed obory jako v\u011bda, sport nebo kultura. Mezi p\u0159edstaven\u00fdmi postavami jsou nejv\u00fdrazn\u011bj\u0161\u00ed: Irena Sendler a Wanda Rutkiewicz. Tato prezentace m\u00e1 mimo\u0159\u00e1dn\u011b modern\u00ed charakter, proto\u017ee chceme, aby projekt povzbudil mlad\u00e9 lidi k pozn\u00e1n\u00ed na\u0161\u00ed historie, argumentoval ministr kultury Piotr Gli\u0144ski.<\/p>\n\n\n\n<p>Do projektu \u201eIskra Niepodleg\u0142a\u201c se ji\u017e p\u0159ihl\u00e1silo v\u00edce ne\u017e 100 obc\u00ed a m\u011bst z r\u016fzn\u00fdch \u010d\u00e1st\u00ed zem\u011b. Registrace st\u00e1le prob\u00edhaj\u00ed. V Podkarpat\u00ed zav\u00edt\u00e1 krom\u011b Przemy\u015blu p\u0159ehl\u00eddka tak\u00e9 do \u0141a\u0144cutu, Rzesz\u00f3wa a Miejsce Piastowe.<\/p>\n\n\n\n<p>V ten den byly tak\u00e9 uspo\u0159\u00e1d\u00e1ny konzultace s m\u00edstop\u0159edsedou vl\u00e1dy Gli\u0144skim k ot\u00e1zk\u00e1m pam\u00e1tkov\u00e9 ochrany. Kulturn\u00ed spole\u010dnost Przemy\u015bl p\u0159edstavila projekt Agentury pro revitalizaci d\u011bdictv\u00ed, vytvo\u0159en\u00fd po vzoru N\u00e1rodn\u00edho fondu ochrany \u017eivotn\u00edho prost\u0159ed\u00ed nebo jin\u00fdch vl\u00e1dn\u00edch agentur, jako je Agentura vojensk\u00e9ho majetku. Provede konzerva\u010dn\u00ed pr\u00e1ce v ch\u00e1traj\u00edc\u00edch pam\u00e1tk\u00e1ch a d\u00e1 jim utilit\u00e1rn\u00ed funkci.<\/p>\n\n\n\n<p><strong>\u2013 Pro\u010d jsme se potkali na PTK? Toto m\u00edsto m\u00e1 svou historii a snad dne\u0161n\u00ed rozhovory p\u0159inesou stejn\u011b pozitivn\u00ed efekt jako p\u0159ed 30 lety. Tady byl b\u00fdval\u00fd kni\u017en\u00ed a tiskov\u00fd klub Empik, kter\u00fd v roce 1989 po v\u00edt\u011bzstv\u00ed ve volb\u00e1ch p\u0159evzal Ob\u010dansk\u00fd v\u00fdbor Solidarity, na jeho\u017e z\u00e1klad\u011b jsme zorganizovali P\u0159emy\u0161lskou kulturn\u00ed spole\u010dnost - vzpomn\u011bl Marek Kuchci\u0144ski.<\/strong><\/p>\n\n\n\n<p><\/p>\n\n\n\n<p><strong><mark style=\"background-color:rgba(0, 0, 0, 0)\" class=\"has-inline-color has-vivid-cyan-blue-color\">Na Podkarpat\u00ed je:<\/mark><\/strong><\/p>\n\n\n\n<ul class=\"wp-block-list\">\n<li><strong>Do registru nemovit\u00fdch pam\u00e1tek je zaps\u00e1no asi 6000 pam\u00e1tek<\/strong><\/li>\n\n\n\n<li><strong>6 pam\u00e1tek na Seznamu sv\u011btov\u00e9ho kulturn\u00edho d\u011bdictv\u00ed UNESCO a tento seznam zahrnuje i p\u016fvodn\u00ed Karpatsk\u00e9 bukov\u00e9 pralesy v N\u00e1rodn\u00edm parku Bieszczady<\/strong><\/li>\n\n\n\n<li><strong>7 na\u0159\u00edzen\u00ed zapisuj\u00edc\u00edch pam\u00e1tky do Seznamu pam\u00e1tek d\u011bjin Polsk\u00e9 republiky, mezi n\u011b\u017e pat\u0159\u00ed z\u00e1mek v \u0141a\u0144cut, are\u00e1l bernard\u00fdn\u016f v Le\u017cajsku, z\u00e1mek v Krasiczynu, muzeum a naftov\u00fd d\u016fl v B\u00f3brce, are\u00e1l Star\u00e9ho m\u011bsta v Przemy\u015blu, komplex b\u00fdval\u00e9 pevnosti P\u0159emy\u0161l, pravoslavn\u00fd kostel v Radru\u017c<\/strong>.<\/li>\n<\/ul>\n\n\n\n<p><strong>Do 30. listopadu 2022 bylo pod\u00e1no celkem 354 \u017e\u00e1dost\u00ed o spolufinancov\u00e1n\u00ed rekonstruk\u010dn\u00edch a konzerva\u010dn\u00edch prac\u00ed proveden\u00fdch v roce 2023 v celkov\u00e9 v\u00fd\u0161i 66 832 851,13 PLN.<\/strong> <strong>PLN.<\/strong><\/p>\n\n\n\n<p><strong>Navrhovan\u00e9 dotace pro Przemy\u015bl \u010din\u00ed 1 281 000 PLN<\/strong>,<strong> Jaros\u0142aw 680 000 PLN.<\/strong><\/p>\n\n\n\n<p><strong>V sout\u011b\u017ei byla rozd\u011blena \u010d\u00e1stka 9 392 000 PLN, kterou m\u00e1 PWKZ v P\u0159emy\u0161lu k dispozici.<\/strong> <strong>Procento grant\u016f ud\u011blen\u00fdch k po\u017eadovan\u00fdm \u010d\u00e1stk\u00e1m je 14,05 %.\u00a0<\/strong><\/p>\n\n\n\n<p><strong><mark style=\"background-color:rgba(0, 0, 0, 0)\" class=\"has-inline-color has-vivid-cyan-blue-color\">V Przemy\u015blu jsou v\u0161echny formy pam\u00e1tkov\u00e9 ochrany stanoven\u00e9 ustanoven\u00edmi z\u00e1kona o pam\u00e1tkov\u00e9 ochran\u011b a pam\u00e1tkov\u00e9 p\u00e9\u010di ze dne 23. \u010dervence 2003, tj.<\/mark><\/strong><\/p>\n\n\n\n<ul class=\"wp-block-list\">\n<li><strong>Z\u00e1pis do rejst\u0159\u00edku pam\u00e1tek urbanistick\u00e9ho uspo\u0159\u00e1d\u00e1n\u00ed m\u011bsta.<\/strong><\/li>\n\n\n\n<li><strong>Z\u00e1pis na Seznam historick\u00fdch pam\u00e1tek komplexu Star\u00e9ho M\u011bsta Przemy\u015bl<\/strong><\/li>\n\n\n\n<li><strong>Z\u00e1pis do Seznamu historick\u00fdch pam\u00e1tek komplexu b\u00fdval\u00e9 tvrze P\u0159emy\u0161l spolu s v\u00e1le\u010dn\u00fdmi a m\u011bstsk\u00fdmi h\u0159bitovy.<\/strong><\/li>\n\n\n\n<li><strong>Kulturn\u00ed park komplexu Star\u00e9ho M\u011bsta Przemy\u015bl, p\u0159ijat\u00fd usnesen\u00edm m\u011bstsk\u00e9 rady v Przemy\u015blu. V t\u00e9to oblasti bylo vypracov\u00e1no 12 m\u00edstn\u00edch pl\u00e1n\u016f. Opat\u0159en\u00ed na ochranu pam\u00e1tek v \u00fazemn\u00edch pl\u00e1nech p\u0159edstavuj\u00ed formu pam\u00e1tkov\u00e9 ochrany.<\/strong><\/li>\n<\/ul>\n\n\n\n<p><\/p>\n\n\n\n<p><strong>\u00dadaje: Zemsk\u00fd \u00fa\u0159ad pro ochranu pam\u00e1tek v Przemy\u015blu<\/strong><\/p>\n\n\n\n<figure class=\"wp-block-image size-large\"><a href=\"https:\/\/marekkuchcinski.pl\/wp-content\/uploads\/2023\/03\/334745125_1522539611572843_3667816504883499112_n-1.jpg\"><img fetchpriority=\"high\" decoding=\"async\" width=\"1024\" height=\"682\" src=\"https:\/\/marekkuchcinski.pl\/wp-content\/uploads\/2023\/03\/334745125_1522539611572843_3667816504883499112_n-1-1024x682.jpg\" alt=\"\" class=\"wp-image-28087\" srcset=\"https:\/\/marekkuchcinski.pl\/wp-content\/uploads\/2023\/03\/334745125_1522539611572843_3667816504883499112_n-1-1024x682.jpg 1024w, https:\/\/marekkuchcinski.pl\/wp-content\/uploads\/2023\/03\/334745125_1522539611572843_3667816504883499112_n-1-300x200.jpg 300w, https:\/\/marekkuchcinski.pl\/wp-content\/uploads\/2023\/03\/334745125_1522539611572843_3667816504883499112_n-1-768x512.jpg 768w, https:\/\/marekkuchcinski.pl\/wp-content\/uploads\/2023\/03\/334745125_1522539611572843_3667816504883499112_n-1-1536x1023.jpg 1536w, https:\/\/marekkuchcinski.pl\/wp-content\/uploads\/2023\/03\/334745125_1522539611572843_3667816504883499112_n-1-18x12.jpg 18w, https:\/\/marekkuchcinski.pl\/wp-content\/uploads\/2023\/03\/334745125_1522539611572843_3667816504883499112_n-1.jpg 1600w\" sizes=\"(max-width: 1024px) 100vw, 1024px\" \/><\/a><\/figure>\n\n\n\n<figure class=\"wp-block-image size-large\"><a href=\"https:\/\/marekkuchcinski.pl\/wp-content\/uploads\/2023\/03\/334236749_105049942532047_9202097025890683156_n.jpg\"><img decoding=\"async\" width=\"1024\" height=\"682\" src=\"https:\/\/marekkuchcinski.pl\/wp-content\/uploads\/2023\/03\/334236749_105049942532047_9202097025890683156_n-1024x682.jpg\" alt=\"\" class=\"wp-image-28088\" srcset=\"https:\/\/marekkuchcinski.pl\/wp-content\/uploads\/2023\/03\/334236749_105049942532047_9202097025890683156_n-1024x682.jpg 1024w, https:\/\/marekkuchcinski.pl\/wp-content\/uploads\/2023\/03\/334236749_105049942532047_9202097025890683156_n-300x200.jpg 300w, https:\/\/marekkuchcinski.pl\/wp-content\/uploads\/2023\/03\/334236749_105049942532047_9202097025890683156_n-768x512.jpg 768w, https:\/\/marekkuchcinski.pl\/wp-content\/uploads\/2023\/03\/334236749_105049942532047_9202097025890683156_n-1536x1023.jpg 1536w, https:\/\/marekkuchcinski.pl\/wp-content\/uploads\/2023\/03\/334236749_105049942532047_9202097025890683156_n-18x12.jpg 18w, https:\/\/marekkuchcinski.pl\/wp-content\/uploads\/2023\/03\/334236749_105049942532047_9202097025890683156_n.jpg 1600w\" sizes=\"(max-width: 1024px) 100vw, 1024px\" \/><\/a><\/figure>\n\n\n\n<figure class=\"wp-block-image size-large\"><a href=\"https:\/\/marekkuchcinski.pl\/wp-content\/uploads\/2023\/03\/333798527_1387249105343322_8176835536365955514_n-2.jpg\"><img decoding=\"async\" width=\"1024\" height=\"682\" src=\"https:\/\/marekkuchcinski.pl\/wp-content\/uploads\/2023\/03\/333798527_1387249105343322_8176835536365955514_n-2-1024x682.jpg\" alt=\"\" class=\"wp-image-28089\" srcset=\"https:\/\/marekkuchcinski.pl\/wp-content\/uploads\/2023\/03\/333798527_1387249105343322_8176835536365955514_n-2-1024x682.jpg 1024w, https:\/\/marekkuchcinski.pl\/wp-content\/uploads\/2023\/03\/333798527_1387249105343322_8176835536365955514_n-2-300x200.jpg 300w, https:\/\/marekkuchcinski.pl\/wp-content\/uploads\/2023\/03\/333798527_1387249105343322_8176835536365955514_n-2-768x512.jpg 768w, https:\/\/marekkuchcinski.pl\/wp-content\/uploads\/2023\/03\/333798527_1387249105343322_8176835536365955514_n-2-1536x1023.jpg 1536w, https:\/\/marekkuchcinski.pl\/wp-content\/uploads\/2023\/03\/333798527_1387249105343322_8176835536365955514_n-2-18x12.jpg 18w, https:\/\/marekkuchcinski.pl\/wp-content\/uploads\/2023\/03\/333798527_1387249105343322_8176835536365955514_n-2.jpg 1600w\" sizes=\"(max-width: 1024px) 100vw, 1024px\" \/><\/a><\/figure>\n\n\n\n<figure class=\"wp-block-image size-large\"><a href=\"https:\/\/marekkuchcinski.pl\/wp-content\/uploads\/2023\/03\/334690509_722429129322709_177875450894397988_n.jpg\"><img loading=\"lazy\" decoding=\"async\" width=\"1024\" height=\"682\" src=\"https:\/\/marekkuchcinski.pl\/wp-content\/uploads\/2023\/03\/334690509_722429129322709_177875450894397988_n-1024x682.jpg\" alt=\"\" class=\"wp-image-28090\" srcset=\"https:\/\/marekkuchcinski.pl\/wp-content\/uploads\/2023\/03\/334690509_722429129322709_177875450894397988_n-1024x682.jpg 1024w, https:\/\/marekkuchcinski.pl\/wp-content\/uploads\/2023\/03\/334690509_722429129322709_177875450894397988_n-300x200.jpg 300w, https:\/\/marekkuchcinski.pl\/wp-content\/uploads\/2023\/03\/334690509_722429129322709_177875450894397988_n-768x512.jpg 768w, https:\/\/marekkuchcinski.pl\/wp-content\/uploads\/2023\/03\/334690509_722429129322709_177875450894397988_n-1536x1023.jpg 1536w, https:\/\/marekkuchcinski.pl\/wp-content\/uploads\/2023\/03\/334690509_722429129322709_177875450894397988_n-18x12.jpg 18w, https:\/\/marekkuchcinski.pl\/wp-content\/uploads\/2023\/03\/334690509_722429129322709_177875450894397988_n.jpg 1600w\" sizes=\"(max-width: 1024px) 100vw, 1024px\" \/><\/a><\/figure>\n\n\n\n<figure class=\"wp-block-image size-large\"><a href=\"https:\/\/marekkuchcinski.pl\/wp-content\/uploads\/2023\/03\/334756782_1396431071126485_8426519888789017465_n.jpg\"><img loading=\"lazy\" decoding=\"async\" width=\"1024\" height=\"682\" src=\"https:\/\/marekkuchcinski.pl\/wp-content\/uploads\/2023\/03\/334756782_1396431071126485_8426519888789017465_n-1024x682.jpg\" alt=\"\" class=\"wp-image-28091\" srcset=\"https:\/\/marekkuchcinski.pl\/wp-content\/uploads\/2023\/03\/334756782_1396431071126485_8426519888789017465_n-1024x682.jpg 1024w, https:\/\/marekkuchcinski.pl\/wp-content\/uploads\/2023\/03\/334756782_1396431071126485_8426519888789017465_n-300x200.jpg 300w, https:\/\/marekkuchcinski.pl\/wp-content\/uploads\/2023\/03\/334756782_1396431071126485_8426519888789017465_n-768x512.jpg 768w, https:\/\/marekkuchcinski.pl\/wp-content\/uploads\/2023\/03\/334756782_1396431071126485_8426519888789017465_n-1536x1023.jpg 1536w, https:\/\/marekkuchcinski.pl\/wp-content\/uploads\/2023\/03\/334756782_1396431071126485_8426519888789017465_n-18x12.jpg 18w, https:\/\/marekkuchcinski.pl\/wp-content\/uploads\/2023\/03\/334756782_1396431071126485_8426519888789017465_n.jpg 1600w\" sizes=\"(max-width: 1024px) 100vw, 1024px\" \/><\/a><\/figure>\n\n\n\n<figure class=\"wp-block-image size-large\"><a href=\"https:\/\/marekkuchcinski.pl\/wp-content\/uploads\/2023\/03\/DSC07473-1.jpg\"><img loading=\"lazy\" decoding=\"async\" width=\"1024\" height=\"684\" src=\"https:\/\/marekkuchcinski.pl\/wp-content\/uploads\/2023\/03\/DSC07473-1-1024x684.jpg\" alt=\"\" class=\"wp-image-28105\" srcset=\"https:\/\/marekkuchcinski.pl\/wp-content\/uploads\/2023\/03\/DSC07473-1-1024x684.jpg 1024w, https:\/\/marekkuchcinski.pl\/wp-content\/uploads\/2023\/03\/DSC07473-1-300x200.jpg 300w, https:\/\/marekkuchcinski.pl\/wp-content\/uploads\/2023\/03\/DSC07473-1-768x513.jpg 768w, https:\/\/marekkuchcinski.pl\/wp-content\/uploads\/2023\/03\/DSC07473-1-1536x1026.jpg 1536w, https:\/\/marekkuchcinski.pl\/wp-content\/uploads\/2023\/03\/DSC07473-1-18x12.jpg 18w, https:\/\/marekkuchcinski.pl\/wp-content\/uploads\/2023\/03\/DSC07473-1.jpg 1600w\" sizes=\"(max-width: 1024px) 100vw, 1024px\" \/><\/a><\/figure>\n\n\n\n<figure class=\"wp-block-image size-large\"><a href=\"https:\/\/marekkuchcinski.pl\/wp-content\/uploads\/2023\/03\/DSC07569-1.jpg\"><img loading=\"lazy\" decoding=\"async\" width=\"1024\" height=\"684\" src=\"https:\/\/marekkuchcinski.pl\/wp-content\/uploads\/2023\/03\/DSC07569-1-1024x684.jpg\" alt=\"\" class=\"wp-image-28112\" srcset=\"https:\/\/marekkuchcinski.pl\/wp-content\/uploads\/2023\/03\/DSC07569-1-1024x684.jpg 1024w, https:\/\/marekkuchcinski.pl\/wp-content\/uploads\/2023\/03\/DSC07569-1-300x200.jpg 300w, https:\/\/marekkuchcinski.pl\/wp-content\/uploads\/2023\/03\/DSC07569-1-768x513.jpg 768w, https:\/\/marekkuchcinski.pl\/wp-content\/uploads\/2023\/03\/DSC07569-1-1536x1026.jpg 1536w, https:\/\/marekkuchcinski.pl\/wp-content\/uploads\/2023\/03\/DSC07569-1-18x12.jpg 18w, https:\/\/marekkuchcinski.pl\/wp-content\/uploads\/2023\/03\/DSC07569-1.jpg 1600w\" sizes=\"(max-width: 1024px) 100vw, 1024px\" \/><\/a><\/figure>","protected":false},"excerpt":{"rendered":"<p>Na przemyskim rynku wystartowa\u0142 og\u00f3lnopolski projekt \u201eIskry Niepodleg\u0142ej\u201d, wykorzystuj\u0105cy nowoczesne technologie do edukacji i prezentacji polskiej historii. \u2013 Cyfrowa opowie\u015b\u0107 o wybitnych Polakach poprzez mobilne widowisko \u201eIskry Niepodleg\u0142ej\u201d. To nauka historii w niezwykle ciekawej formie, wzmacnianie to\u017csamo\u015bci, dumy i inspiracja do kreatywnych i wa\u017cnych dla kraju dzia\u0142a\u0144. Dzi\u015b start na Podkarpaciu, gdzie urodzi\u0142o si\u0119 b\u0105d\u017a [&hellip;]<\/p>","protected":false},"author":21,"featured_media":28084,"comment_status":"closed","ping_status":"open","sticky":false,"template":"","format":"standard","meta":{"ngg_post_thumbnail":0,"footnotes":""},"categories":[3],"tags":[],"class_list":["post-28082","post","type-post","status-publish","format-standard","has-post-thumbnail","hentry","category-wydarzenia"],"yoast_head":"<!-- This site is optimized with the Yoast SEO plugin v24.7 - https:\/\/yoast.com\/wordpress\/plugins\/seo\/ -->\n<title>W Przemy\u015blu zainaugurowano og\u00f3lnopolsk\u0105 tras\u0119 multimedialnego projektu \u201eIskry Niepodleg\u0142ej\u201d &#8211; Marek Kuchci\u0144ski<\/title>\n<meta name=\"robots\" content=\"index, follow, max-snippet:-1, max-image-preview:large, max-video-preview:-1\" \/>\n<link rel=\"canonical\" href=\"https:\/\/marekkuchcinski.pl\/cs\/wydarzenia\/w-przemyslu-zainaugurowano-ogolnopolska-trase-multimedialnego-projektu-iskry-niepodleglej\/\" \/>\n<meta property=\"og:locale\" content=\"cs_CZ\" \/>\n<meta property=\"og:type\" content=\"article\" \/>\n<meta property=\"og:title\" content=\"W Przemy\u015blu zainaugurowano og\u00f3lnopolsk\u0105 tras\u0119 multimedialnego projektu \u201eIskry Niepodleg\u0142ej\u201d &#8211; Marek Kuchci\u0144ski\" \/>\n<meta property=\"og:description\" content=\"Na przemyskim rynku wystartowa\u0142 og\u00f3lnopolski projekt \u201eIskry Niepodleg\u0142ej\u201d, wykorzystuj\u0105cy nowoczesne technologie do edukacji i prezentacji polskiej historii. \u2013 Cyfrowa opowie\u015b\u0107 o wybitnych Polakach poprzez mobilne widowisko \u201eIskry Niepodleg\u0142ej\u201d. To nauka historii w niezwykle ciekawej formie, wzmacnianie to\u017csamo\u015bci, dumy i inspiracja do kreatywnych i wa\u017cnych dla kraju dzia\u0142a\u0144. Dzi\u015b start na Podkarpaciu, gdzie urodzi\u0142o si\u0119 b\u0105d\u017a [&hellip;]\" \/>\n<meta property=\"og:url\" content=\"https:\/\/marekkuchcinski.pl\/cs\/wydarzenia\/w-przemyslu-zainaugurowano-ogolnopolska-trase-multimedialnego-projektu-iskry-niepodleglej\/\" \/>\n<meta property=\"og:site_name\" content=\"Marek Kuchci\u0144ski\" \/>\n<meta property=\"article:published_time\" content=\"2023-03-05T11:33:59+00:00\" \/>\n<meta property=\"article:modified_time\" content=\"2023-03-06T11:31:03+00:00\" \/>\n<meta property=\"og:image\" content=\"https:\/\/marekkuchcinski.pl\/wp-content\/uploads\/2023\/03\/333798527_1387249105343322_8176835536365955514_n.jpg\" \/>\n\t<meta property=\"og:image:width\" content=\"1600\" \/>\n\t<meta property=\"og:image:height\" content=\"1066\" \/>\n\t<meta property=\"og:image:type\" content=\"image\/jpeg\" \/>\n<meta name=\"author\" content=\"Marta Olejnik\" \/>\n<meta name=\"twitter:card\" content=\"summary_large_image\" \/>\n<meta name=\"twitter:label1\" content=\"Napsal(a)\" \/>\n\t<meta name=\"twitter:data1\" content=\"Marta Olejnik\" \/>\n\t<meta name=\"twitter:label2\" content=\"Odhadovan\u00e1 doba \u010dten\u00ed\" \/>\n\t<meta name=\"twitter:data2\" content=\"5 minut\" \/>\n<script type=\"application\/ld+json\" class=\"yoast-schema-graph\">{\"@context\":\"https:\/\/schema.org\",\"@graph\":[{\"@type\":\"Article\",\"@id\":\"https:\/\/marekkuchcinski.pl\/wydarzenia\/w-przemyslu-zainaugurowano-ogolnopolska-trase-multimedialnego-projektu-iskry-niepodleglej\/#article\",\"isPartOf\":{\"@id\":\"https:\/\/marekkuchcinski.pl\/wydarzenia\/w-przemyslu-zainaugurowano-ogolnopolska-trase-multimedialnego-projektu-iskry-niepodleglej\/\"},\"author\":{\"name\":\"Marta Olejnik\",\"@id\":\"https:\/\/marekkuchcinski.pl\/#\/schema\/person\/51d5d4ee3b5317b8e4dd2b48af359229\"},\"headline\":\"W Przemy\u015blu zainaugurowano og\u00f3lnopolsk\u0105 tras\u0119 multimedialnego projektu \u201eIskry Niepodleg\u0142ej\u201d\",\"datePublished\":\"2023-03-05T11:33:59+00:00\",\"dateModified\":\"2023-03-06T11:31:03+00:00\",\"mainEntityOfPage\":{\"@id\":\"https:\/\/marekkuchcinski.pl\/wydarzenia\/w-przemyslu-zainaugurowano-ogolnopolska-trase-multimedialnego-projektu-iskry-niepodleglej\/\"},\"wordCount\":630,\"publisher\":{\"@id\":\"https:\/\/marekkuchcinski.pl\/#organization\"},\"image\":{\"@id\":\"https:\/\/marekkuchcinski.pl\/wydarzenia\/w-przemyslu-zainaugurowano-ogolnopolska-trase-multimedialnego-projektu-iskry-niepodleglej\/#primaryimage\"},\"thumbnailUrl\":\"https:\/\/marekkuchcinski.pl\/wp-content\/uploads\/2023\/03\/333798527_1387249105343322_8176835536365955514_n.jpg\",\"articleSection\":[\"Wydarzenia\"],\"inLanguage\":\"cs\"},{\"@type\":\"WebPage\",\"@id\":\"https:\/\/marekkuchcinski.pl\/wydarzenia\/w-przemyslu-zainaugurowano-ogolnopolska-trase-multimedialnego-projektu-iskry-niepodleglej\/\",\"url\":\"https:\/\/marekkuchcinski.pl\/wydarzenia\/w-przemyslu-zainaugurowano-ogolnopolska-trase-multimedialnego-projektu-iskry-niepodleglej\/\",\"name\":\"W Przemy\u015blu zainaugurowano og\u00f3lnopolsk\u0105 tras\u0119 multimedialnego projektu \u201eIskry Niepodleg\u0142ej\u201d &#8211; Marek Kuchci\u0144ski\",\"isPartOf\":{\"@id\":\"https:\/\/marekkuchcinski.pl\/#website\"},\"primaryImageOfPage\":{\"@id\":\"https:\/\/marekkuchcinski.pl\/wydarzenia\/w-przemyslu-zainaugurowano-ogolnopolska-trase-multimedialnego-projektu-iskry-niepodleglej\/#primaryimage\"},\"image\":{\"@id\":\"https:\/\/marekkuchcinski.pl\/wydarzenia\/w-przemyslu-zainaugurowano-ogolnopolska-trase-multimedialnego-projektu-iskry-niepodleglej\/#primaryimage\"},\"thumbnailUrl\":\"https:\/\/marekkuchcinski.pl\/wp-content\/uploads\/2023\/03\/333798527_1387249105343322_8176835536365955514_n.jpg\",\"datePublished\":\"2023-03-05T11:33:59+00:00\",\"dateModified\":\"2023-03-06T11:31:03+00:00\",\"breadcrumb\":{\"@id\":\"https:\/\/marekkuchcinski.pl\/wydarzenia\/w-przemyslu-zainaugurowano-ogolnopolska-trase-multimedialnego-projektu-iskry-niepodleglej\/#breadcrumb\"},\"inLanguage\":\"cs\",\"potentialAction\":[{\"@type\":\"ReadAction\",\"target\":[\"https:\/\/marekkuchcinski.pl\/wydarzenia\/w-przemyslu-zainaugurowano-ogolnopolska-trase-multimedialnego-projektu-iskry-niepodleglej\/\"]}]},{\"@type\":\"ImageObject\",\"inLanguage\":\"cs\",\"@id\":\"https:\/\/marekkuchcinski.pl\/wydarzenia\/w-przemyslu-zainaugurowano-ogolnopolska-trase-multimedialnego-projektu-iskry-niepodleglej\/#primaryimage\",\"url\":\"https:\/\/marekkuchcinski.pl\/wp-content\/uploads\/2023\/03\/333798527_1387249105343322_8176835536365955514_n.jpg\",\"contentUrl\":\"https:\/\/marekkuchcinski.pl\/wp-content\/uploads\/2023\/03\/333798527_1387249105343322_8176835536365955514_n.jpg\",\"width\":1600,\"height\":1066},{\"@type\":\"BreadcrumbList\",\"@id\":\"https:\/\/marekkuchcinski.pl\/wydarzenia\/w-przemyslu-zainaugurowano-ogolnopolska-trase-multimedialnego-projektu-iskry-niepodleglej\/#breadcrumb\",\"itemListElement\":[{\"@type\":\"ListItem\",\"position\":1,\"name\":\"Strona g\u0142\u00f3wna\",\"item\":\"https:\/\/marekkuchcinski.pl\/\"},{\"@type\":\"ListItem\",\"position\":2,\"name\":\"W Przemy\u015blu zainaugurowano og\u00f3lnopolsk\u0105 tras\u0119 multimedialnego projektu \u201eIskry Niepodleg\u0142ej\u201d\"}]},{\"@type\":\"WebSite\",\"@id\":\"https:\/\/marekkuchcinski.pl\/#website\",\"url\":\"https:\/\/marekkuchcinski.pl\/\",\"name\":\"Marek Kuchci\u0144ski\",\"description\":\"Pose\u0142 na sejm RP &ndash; okr\u0119g nr 22\",\"publisher\":{\"@id\":\"https:\/\/marekkuchcinski.pl\/#organization\"},\"potentialAction\":[{\"@type\":\"SearchAction\",\"target\":{\"@type\":\"EntryPoint\",\"urlTemplate\":\"https:\/\/marekkuchcinski.pl\/?s={search_term_string}\"},\"query-input\":{\"@type\":\"PropertyValueSpecification\",\"valueRequired\":true,\"valueName\":\"search_term_string\"}}],\"inLanguage\":\"cs\"},{\"@type\":\"Organization\",\"@id\":\"https:\/\/marekkuchcinski.pl\/#organization\",\"name\":\"Marek Kuchci\u0144ski\",\"url\":\"https:\/\/marekkuchcinski.pl\/\",\"logo\":{\"@type\":\"ImageObject\",\"inLanguage\":\"cs\",\"@id\":\"https:\/\/marekkuchcinski.pl\/#\/schema\/logo\/image\/\",\"url\":\"https:\/\/marekkuchcinski.pl\/wp-content\/uploads\/2022\/09\/Marek.jpg\",\"contentUrl\":\"https:\/\/marekkuchcinski.pl\/wp-content\/uploads\/2022\/09\/Marek.jpg\",\"width\":1600,\"height\":971,\"caption\":\"Marek Kuchci\u0144ski\"},\"image\":{\"@id\":\"https:\/\/marekkuchcinski.pl\/#\/schema\/logo\/image\/\"}},{\"@type\":\"Person\",\"@id\":\"https:\/\/marekkuchcinski.pl\/#\/schema\/person\/51d5d4ee3b5317b8e4dd2b48af359229\",\"name\":\"Marta Olejnik\",\"image\":{\"@type\":\"ImageObject\",\"inLanguage\":\"cs\",\"@id\":\"https:\/\/marekkuchcinski.pl\/#\/schema\/person\/image\/\",\"url\":\"https:\/\/secure.gravatar.com\/avatar\/e39914b2aa6a48959e24d475b5dc9793?s=96&d=mm&r=g\",\"contentUrl\":\"https:\/\/secure.gravatar.com\/avatar\/e39914b2aa6a48959e24d475b5dc9793?s=96&d=mm&r=g\",\"caption\":\"Marta Olejnik\"},\"url\":\"https:\/\/marekkuchcinski.pl\/cs\/author\/marta\/\"}]}<\/script>\n<!-- \/ Yoast SEO plugin. -->","yoast_head_json":{"title":"W Przemy\u015blu zainaugurowano og\u00f3lnopolsk\u0105 tras\u0119 multimedialnego projektu \u201eIskry Niepodleg\u0142ej\u201d &#8211; Marek Kuchci\u0144ski","robots":{"index":"index","follow":"follow","max-snippet":"max-snippet:-1","max-image-preview":"max-image-preview:large","max-video-preview":"max-video-preview:-1"},"canonical":"https:\/\/marekkuchcinski.pl\/cs\/wydarzenia\/w-przemyslu-zainaugurowano-ogolnopolska-trase-multimedialnego-projektu-iskry-niepodleglej\/","og_locale":"cs_CZ","og_type":"article","og_title":"W Przemy\u015blu zainaugurowano og\u00f3lnopolsk\u0105 tras\u0119 multimedialnego projektu \u201eIskry Niepodleg\u0142ej\u201d &#8211; Marek Kuchci\u0144ski","og_description":"Na przemyskim rynku wystartowa\u0142 og\u00f3lnopolski projekt \u201eIskry Niepodleg\u0142ej\u201d, wykorzystuj\u0105cy nowoczesne technologie do edukacji i prezentacji polskiej historii. \u2013 Cyfrowa opowie\u015b\u0107 o wybitnych Polakach poprzez mobilne widowisko \u201eIskry Niepodleg\u0142ej\u201d. To nauka historii w niezwykle ciekawej formie, wzmacnianie to\u017csamo\u015bci, dumy i inspiracja do kreatywnych i wa\u017cnych dla kraju dzia\u0142a\u0144. Dzi\u015b start na Podkarpaciu, gdzie urodzi\u0142o si\u0119 b\u0105d\u017a [&hellip;]","og_url":"https:\/\/marekkuchcinski.pl\/cs\/wydarzenia\/w-przemyslu-zainaugurowano-ogolnopolska-trase-multimedialnego-projektu-iskry-niepodleglej\/","og_site_name":"Marek Kuchci\u0144ski","article_published_time":"2023-03-05T11:33:59+00:00","article_modified_time":"2023-03-06T11:31:03+00:00","og_image":[{"width":1600,"height":1066,"url":"https:\/\/marekkuchcinski.pl\/wp-content\/uploads\/2023\/03\/333798527_1387249105343322_8176835536365955514_n.jpg","type":"image\/jpeg"}],"author":"Marta Olejnik","twitter_card":"summary_large_image","twitter_misc":{"Napsal(a)":"Marta Olejnik","Odhadovan\u00e1 doba \u010dten\u00ed":"5 minut"},"schema":{"@context":"https:\/\/schema.org","@graph":[{"@type":"Article","@id":"https:\/\/marekkuchcinski.pl\/wydarzenia\/w-przemyslu-zainaugurowano-ogolnopolska-trase-multimedialnego-projektu-iskry-niepodleglej\/#article","isPartOf":{"@id":"https:\/\/marekkuchcinski.pl\/wydarzenia\/w-przemyslu-zainaugurowano-ogolnopolska-trase-multimedialnego-projektu-iskry-niepodleglej\/"},"author":{"name":"Marta Olejnik","@id":"https:\/\/marekkuchcinski.pl\/#\/schema\/person\/51d5d4ee3b5317b8e4dd2b48af359229"},"headline":"W Przemy\u015blu zainaugurowano og\u00f3lnopolsk\u0105 tras\u0119 multimedialnego projektu \u201eIskry Niepodleg\u0142ej\u201d","datePublished":"2023-03-05T11:33:59+00:00","dateModified":"2023-03-06T11:31:03+00:00","mainEntityOfPage":{"@id":"https:\/\/marekkuchcinski.pl\/wydarzenia\/w-przemyslu-zainaugurowano-ogolnopolska-trase-multimedialnego-projektu-iskry-niepodleglej\/"},"wordCount":630,"publisher":{"@id":"https:\/\/marekkuchcinski.pl\/#organization"},"image":{"@id":"https:\/\/marekkuchcinski.pl\/wydarzenia\/w-przemyslu-zainaugurowano-ogolnopolska-trase-multimedialnego-projektu-iskry-niepodleglej\/#primaryimage"},"thumbnailUrl":"https:\/\/marekkuchcinski.pl\/wp-content\/uploads\/2023\/03\/333798527_1387249105343322_8176835536365955514_n.jpg","articleSection":["Wydarzenia"],"inLanguage":"cs"},{"@type":"WebPage","@id":"https:\/\/marekkuchcinski.pl\/wydarzenia\/w-przemyslu-zainaugurowano-ogolnopolska-trase-multimedialnego-projektu-iskry-niepodleglej\/","url":"https:\/\/marekkuchcinski.pl\/wydarzenia\/w-przemyslu-zainaugurowano-ogolnopolska-trase-multimedialnego-projektu-iskry-niepodleglej\/","name":"W Przemy\u015blu zainaugurowano og\u00f3lnopolsk\u0105 tras\u0119 multimedialnego projektu \u201eIskry Niepodleg\u0142ej\u201d &#8211; Marek Kuchci\u0144ski","isPartOf":{"@id":"https:\/\/marekkuchcinski.pl\/#website"},"primaryImageOfPage":{"@id":"https:\/\/marekkuchcinski.pl\/wydarzenia\/w-przemyslu-zainaugurowano-ogolnopolska-trase-multimedialnego-projektu-iskry-niepodleglej\/#primaryimage"},"image":{"@id":"https:\/\/marekkuchcinski.pl\/wydarzenia\/w-przemyslu-zainaugurowano-ogolnopolska-trase-multimedialnego-projektu-iskry-niepodleglej\/#primaryimage"},"thumbnailUrl":"https:\/\/marekkuchcinski.pl\/wp-content\/uploads\/2023\/03\/333798527_1387249105343322_8176835536365955514_n.jpg","datePublished":"2023-03-05T11:33:59+00:00","dateModified":"2023-03-06T11:31:03+00:00","breadcrumb":{"@id":"https:\/\/marekkuchcinski.pl\/wydarzenia\/w-przemyslu-zainaugurowano-ogolnopolska-trase-multimedialnego-projektu-iskry-niepodleglej\/#breadcrumb"},"inLanguage":"cs","potentialAction":[{"@type":"ReadAction","target":["https:\/\/marekkuchcinski.pl\/wydarzenia\/w-przemyslu-zainaugurowano-ogolnopolska-trase-multimedialnego-projektu-iskry-niepodleglej\/"]}]},{"@type":"ImageObject","inLanguage":"cs","@id":"https:\/\/marekkuchcinski.pl\/wydarzenia\/w-przemyslu-zainaugurowano-ogolnopolska-trase-multimedialnego-projektu-iskry-niepodleglej\/#primaryimage","url":"https:\/\/marekkuchcinski.pl\/wp-content\/uploads\/2023\/03\/333798527_1387249105343322_8176835536365955514_n.jpg","contentUrl":"https:\/\/marekkuchcinski.pl\/wp-content\/uploads\/2023\/03\/333798527_1387249105343322_8176835536365955514_n.jpg","width":1600,"height":1066},{"@type":"BreadcrumbList","@id":"https:\/\/marekkuchcinski.pl\/wydarzenia\/w-przemyslu-zainaugurowano-ogolnopolska-trase-multimedialnego-projektu-iskry-niepodleglej\/#breadcrumb","itemListElement":[{"@type":"ListItem","position":1,"name":"Strona g\u0142\u00f3wna","item":"https:\/\/marekkuchcinski.pl\/"},{"@type":"ListItem","position":2,"name":"W Przemy\u015blu zainaugurowano og\u00f3lnopolsk\u0105 tras\u0119 multimedialnego projektu \u201eIskry Niepodleg\u0142ej\u201d"}]},{"@type":"WebSite","@id":"https:\/\/marekkuchcinski.pl\/#website","url":"https:\/\/marekkuchcinski.pl\/","name":"Marek Kuchci\u0144ski","description":"Pose\u0142 na sejm RP &ndash; okr\u0119g nr 22","publisher":{"@id":"https:\/\/marekkuchcinski.pl\/#organization"},"potentialAction":[{"@type":"SearchAction","target":{"@type":"EntryPoint","urlTemplate":"https:\/\/marekkuchcinski.pl\/?s={search_term_string}"},"query-input":{"@type":"PropertyValueSpecification","valueRequired":true,"valueName":"search_term_string"}}],"inLanguage":"cs"},{"@type":"Organization","@id":"https:\/\/marekkuchcinski.pl\/#organization","name":"Marek Kuchci\u0144ski","url":"https:\/\/marekkuchcinski.pl\/","logo":{"@type":"ImageObject","inLanguage":"cs","@id":"https:\/\/marekkuchcinski.pl\/#\/schema\/logo\/image\/","url":"https:\/\/marekkuchcinski.pl\/wp-content\/uploads\/2022\/09\/Marek.jpg","contentUrl":"https:\/\/marekkuchcinski.pl\/wp-content\/uploads\/2022\/09\/Marek.jpg","width":1600,"height":971,"caption":"Marek Kuchci\u0144ski"},"image":{"@id":"https:\/\/marekkuchcinski.pl\/#\/schema\/logo\/image\/"}},{"@type":"Person","@id":"https:\/\/marekkuchcinski.pl\/#\/schema\/person\/51d5d4ee3b5317b8e4dd2b48af359229","name":"Marta Olejnik","image":{"@type":"ImageObject","inLanguage":"cs","@id":"https:\/\/marekkuchcinski.pl\/#\/schema\/person\/image\/","url":"https:\/\/secure.gravatar.com\/avatar\/e39914b2aa6a48959e24d475b5dc9793?s=96&d=mm&r=g","contentUrl":"https:\/\/secure.gravatar.com\/avatar\/e39914b2aa6a48959e24d475b5dc9793?s=96&d=mm&r=g","caption":"Marta Olejnik"},"url":"https:\/\/marekkuchcinski.pl\/cs\/author\/marta\/"}]}},"_links":{"self":[{"href":"https:\/\/marekkuchcinski.pl\/cs\/wp-json\/wp\/v2\/posts\/28082","targetHints":{"allow":["GET"]}}],"collection":[{"href":"https:\/\/marekkuchcinski.pl\/cs\/wp-json\/wp\/v2\/posts"}],"about":[{"href":"https:\/\/marekkuchcinski.pl\/cs\/wp-json\/wp\/v2\/types\/post"}],"author":[{"embeddable":true,"href":"https:\/\/marekkuchcinski.pl\/cs\/wp-json\/wp\/v2\/users\/21"}],"replies":[{"embeddable":true,"href":"https:\/\/marekkuchcinski.pl\/cs\/wp-json\/wp\/v2\/comments?post=28082"}],"version-history":[{"count":16,"href":"https:\/\/marekkuchcinski.pl\/cs\/wp-json\/wp\/v2\/posts\/28082\/revisions"}],"predecessor-version":[{"id":28127,"href":"https:\/\/marekkuchcinski.pl\/cs\/wp-json\/wp\/v2\/posts\/28082\/revisions\/28127"}],"wp:featuredmedia":[{"embeddable":true,"href":"https:\/\/marekkuchcinski.pl\/cs\/wp-json\/wp\/v2\/media\/28084"}],"wp:attachment":[{"href":"https:\/\/marekkuchcinski.pl\/cs\/wp-json\/wp\/v2\/media?parent=28082"}],"wp:term":[{"taxonomy":"category","embeddable":true,"href":"https:\/\/marekkuchcinski.pl\/cs\/wp-json\/wp\/v2\/categories?post=28082"},{"taxonomy":"post_tag","embeddable":true,"href":"https:\/\/marekkuchcinski.pl\/cs\/wp-json\/wp\/v2\/tags?post=28082"}],"curies":[{"name":"wp","href":"https:\/\/api.w.org\/{rel}","templated":true}]}}