{"id":27686,"date":"2023-02-05T18:44:01","date_gmt":"2023-02-05T17:44:01","guid":{"rendered":"https:\/\/marekkuchcinski.pl\/?p=27686"},"modified":"2023-02-06T22:47:02","modified_gmt":"2023-02-06T21:47:02","slug":"v-memorial-olka-ostrowskiego","status":"publish","type":"post","link":"https:\/\/marekkuchcinski.pl\/cs\/wydarzenia\/v-memorial-olka-ostrowskiego\/","title":{"rendered":"V Memoria\u0142 Olka Ostrowskiego"},"content":{"rendered":"<p class=\"wp-block-paragraph\">W sobot\u0119 4 lutego odby\u0142 si\u0119 organizowany przez GOPR V Memoria\u0142 Olka Ostrowskiego w narciarstwie wysokog\u00f3rskim na cze\u015b\u0107 jednego z nich \u2013 ratownika z Wetliny, kt\u00f3ry na zawsze pozosta\u0142 w g\u00f3rach.<\/p>\n\n\n\n<p class=\"wp-block-paragraph\">Na starcie stan\u0119li ratownicy z niemal wszystkich grup GOPR w kraju oraz reprezentanci stra\u017cnik\u00f3w granicznych. Aleksander Ostrowski by\u0142 niezwyk\u0142ym cz\u0142owiekiem. Mi\u0142o\u015b\u0107 do g\u00f3r \u0142\u0105czy\u0142 z pasj\u0105 sportow\u0105. Zawsze jednak dba\u0142 przy tym o innych. To mi\u0119dzy innymi dlatego zosta\u0142 ratownikiem Bieszczadzkiej Grupy GOPR.<\/p>\n\n\n\n<p class=\"wp-block-paragraph\">Za zjazd na nartach z o\u015bmiotysi\u0119cznego Cho Oyu (zrobi\u0142 to jako pierwszy Polak w 2014 r.) otrzyma\u0142 presti\u017cow\u0105 nagrod\u0119 \u201eKolosa\u201d. Miesi\u0119cznik \u201eNational Geographic\u201d uzna\u0142 to za \u201eWyczyn Roku\u201d. Niestety, rok p\u00f3\u017anej, 25 lipca 2015, nie uda\u0142 si\u0119 jego atak szczytowy na Gasherbrum II (8035 m n.p.m). Podczas zjazdu zosta\u0142 najprawdopodobniej porwany przez lawin\u0119. G\u00f3ry zabra\u0142y go ze sob\u0105 na zawsze.<\/p>\n\n\n\n<p class=\"wp-block-paragraph\">20-kilometrowa trasa bieg\u0142a od Schroniska Pod Wysok\u0105 Po\u0142onin\u0105 w Wetlinie poprzez: Prze\u0142\u0119cz Or\u0142owicza \u2013 Osadzki Wierch \u2013 Schron Turystyczny\u00a0Bieszczadzkiego Parku Narodowego\u00a0\u2013 Prze\u0142\u0119cz Wy\u017cna. W zawodach wzi\u0119\u0142o udzia\u0142 56 ratownik\u00f3w.<\/p>\n\n\n\n<p class=\"wp-block-paragraph\">fot: 2, 3, 4, 5, 6 &#8211; W. Czado<\/p>\n\n\n\n<figure class=\"wp-block-image size-large\"><a href=\"https:\/\/marekkuchcinski.pl\/wp-content\/uploads\/2023\/02\/329188793_1895733950761294_6578224150832579930_n-1-2.jpg\"><img fetchpriority=\"high\" decoding=\"async\" width=\"1024\" height=\"807\" src=\"https:\/\/marekkuchcinski.pl\/wp-content\/uploads\/2023\/02\/329188793_1895733950761294_6578224150832579930_n-1-2-1024x807.jpg\" alt=\"\" class=\"wp-image-27697\" srcset=\"https:\/\/marekkuchcinski.pl\/wp-content\/uploads\/2023\/02\/329188793_1895733950761294_6578224150832579930_n-1-2-1024x807.jpg 1024w, https:\/\/marekkuchcinski.pl\/wp-content\/uploads\/2023\/02\/329188793_1895733950761294_6578224150832579930_n-1-2-300x237.jpg 300w, https:\/\/marekkuchcinski.pl\/wp-content\/uploads\/2023\/02\/329188793_1895733950761294_6578224150832579930_n-1-2-768x606.jpg 768w, https:\/\/marekkuchcinski.pl\/wp-content\/uploads\/2023\/02\/329188793_1895733950761294_6578224150832579930_n-1-2-15x12.jpg 15w, https:\/\/marekkuchcinski.pl\/wp-content\/uploads\/2023\/02\/329188793_1895733950761294_6578224150832579930_n-1-2.jpg 1248w\" sizes=\"(max-width: 1024px) 100vw, 1024px\" \/><\/a><\/figure>\n\n\n\n<figure class=\"wp-block-image size-large\"><a href=\"https:\/\/marekkuchcinski.pl\/wp-content\/uploads\/2023\/02\/Fot_W_Czado_190-2-1.jpg\"><img decoding=\"async\" width=\"1024\" height=\"682\" src=\"https:\/\/marekkuchcinski.pl\/wp-content\/uploads\/2023\/02\/Fot_W_Czado_190-2-1-1024x682.jpg\" alt=\"\" class=\"wp-image-27700\" srcset=\"https:\/\/marekkuchcinski.pl\/wp-content\/uploads\/2023\/02\/Fot_W_Czado_190-2-1-1024x682.jpg 1024w, https:\/\/marekkuchcinski.pl\/wp-content\/uploads\/2023\/02\/Fot_W_Czado_190-2-1-300x200.jpg 300w, https:\/\/marekkuchcinski.pl\/wp-content\/uploads\/2023\/02\/Fot_W_Czado_190-2-1-768x512.jpg 768w, https:\/\/marekkuchcinski.pl\/wp-content\/uploads\/2023\/02\/Fot_W_Czado_190-2-1-1536x1023.jpg 1536w, https:\/\/marekkuchcinski.pl\/wp-content\/uploads\/2023\/02\/Fot_W_Czado_190-2-1-18x12.jpg 18w, https:\/\/marekkuchcinski.pl\/wp-content\/uploads\/2023\/02\/Fot_W_Czado_190-2-1.jpg 1600w\" sizes=\"(max-width: 1024px) 100vw, 1024px\" \/><\/a><\/figure>\n\n\n\n<figure class=\"wp-block-image size-large\"><a href=\"https:\/\/marekkuchcinski.pl\/wp-content\/uploads\/2023\/02\/Fot_W_Czado_111.jpg\"><img decoding=\"async\" width=\"1024\" height=\"682\" src=\"https:\/\/marekkuchcinski.pl\/wp-content\/uploads\/2023\/02\/Fot_W_Czado_111-1024x682.jpg\" alt=\"\" class=\"wp-image-27702\" srcset=\"https:\/\/marekkuchcinski.pl\/wp-content\/uploads\/2023\/02\/Fot_W_Czado_111-1024x682.jpg 1024w, https:\/\/marekkuchcinski.pl\/wp-content\/uploads\/2023\/02\/Fot_W_Czado_111-300x200.jpg 300w, https:\/\/marekkuchcinski.pl\/wp-content\/uploads\/2023\/02\/Fot_W_Czado_111-768x512.jpg 768w, https:\/\/marekkuchcinski.pl\/wp-content\/uploads\/2023\/02\/Fot_W_Czado_111-1536x1023.jpg 1536w, https:\/\/marekkuchcinski.pl\/wp-content\/uploads\/2023\/02\/Fot_W_Czado_111-18x12.jpg 18w, https:\/\/marekkuchcinski.pl\/wp-content\/uploads\/2023\/02\/Fot_W_Czado_111.jpg 1600w\" sizes=\"(max-width: 1024px) 100vw, 1024px\" \/><\/a><\/figure>\n\n\n\n<figure class=\"wp-block-image size-large\"><a href=\"https:\/\/marekkuchcinski.pl\/wp-content\/uploads\/2023\/02\/IMG_1966.jpg\"><img loading=\"lazy\" decoding=\"async\" width=\"1024\" height=\"682\" src=\"https:\/\/marekkuchcinski.pl\/wp-content\/uploads\/2023\/02\/IMG_1966-1024x682.jpg\" alt=\"\" class=\"wp-image-27703\" srcset=\"https:\/\/marekkuchcinski.pl\/wp-content\/uploads\/2023\/02\/IMG_1966-1024x682.jpg 1024w, https:\/\/marekkuchcinski.pl\/wp-content\/uploads\/2023\/02\/IMG_1966-300x200.jpg 300w, https:\/\/marekkuchcinski.pl\/wp-content\/uploads\/2023\/02\/IMG_1966-768x512.jpg 768w, https:\/\/marekkuchcinski.pl\/wp-content\/uploads\/2023\/02\/IMG_1966-1536x1023.jpg 1536w, https:\/\/marekkuchcinski.pl\/wp-content\/uploads\/2023\/02\/IMG_1966-18x12.jpg 18w, https:\/\/marekkuchcinski.pl\/wp-content\/uploads\/2023\/02\/IMG_1966.jpg 1600w\" sizes=\"(max-width: 1024px) 100vw, 1024px\" \/><\/a><\/figure>\n\n\n\n<figure class=\"wp-block-image size-large\"><a href=\"https:\/\/marekkuchcinski.pl\/wp-content\/uploads\/2023\/02\/IMG_1939.jpg\"><img loading=\"lazy\" decoding=\"async\" width=\"1024\" height=\"682\" src=\"https:\/\/marekkuchcinski.pl\/wp-content\/uploads\/2023\/02\/IMG_1939-1024x682.jpg\" alt=\"\" class=\"wp-image-27704\" srcset=\"https:\/\/marekkuchcinski.pl\/wp-content\/uploads\/2023\/02\/IMG_1939-1024x682.jpg 1024w, https:\/\/marekkuchcinski.pl\/wp-content\/uploads\/2023\/02\/IMG_1939-300x200.jpg 300w, https:\/\/marekkuchcinski.pl\/wp-content\/uploads\/2023\/02\/IMG_1939-768x512.jpg 768w, https:\/\/marekkuchcinski.pl\/wp-content\/uploads\/2023\/02\/IMG_1939-1536x1023.jpg 1536w, https:\/\/marekkuchcinski.pl\/wp-content\/uploads\/2023\/02\/IMG_1939-18x12.jpg 18w, https:\/\/marekkuchcinski.pl\/wp-content\/uploads\/2023\/02\/IMG_1939.jpg 1600w\" sizes=\"(max-width: 1024px) 100vw, 1024px\" \/><\/a><\/figure>\n\n\n\n<figure class=\"wp-block-image size-large\"><a href=\"https:\/\/marekkuchcinski.pl\/wp-content\/uploads\/2023\/02\/IMG_1962.jpg\"><img loading=\"lazy\" decoding=\"async\" width=\"1024\" height=\"682\" src=\"https:\/\/marekkuchcinski.pl\/wp-content\/uploads\/2023\/02\/IMG_1962-1024x682.jpg\" alt=\"\" class=\"wp-image-27705\" srcset=\"https:\/\/marekkuchcinski.pl\/wp-content\/uploads\/2023\/02\/IMG_1962-1024x682.jpg 1024w, https:\/\/marekkuchcinski.pl\/wp-content\/uploads\/2023\/02\/IMG_1962-300x200.jpg 300w, https:\/\/marekkuchcinski.pl\/wp-content\/uploads\/2023\/02\/IMG_1962-768x512.jpg 768w, https:\/\/marekkuchcinski.pl\/wp-content\/uploads\/2023\/02\/IMG_1962-1536x1023.jpg 1536w, https:\/\/marekkuchcinski.pl\/wp-content\/uploads\/2023\/02\/IMG_1962-18x12.jpg 18w, https:\/\/marekkuchcinski.pl\/wp-content\/uploads\/2023\/02\/IMG_1962.jpg 1600w\" sizes=\"(max-width: 1024px) 100vw, 1024px\" \/><\/a><\/figure>\n\n\n\n<figure class=\"wp-block-image size-large\"><a href=\"https:\/\/marekkuchcinski.pl\/wp-content\/uploads\/2023\/02\/329317834_880060759779502_1457253616104713435_n.jpg\"><img loading=\"lazy\" decoding=\"async\" width=\"1024\" height=\"664\" src=\"https:\/\/marekkuchcinski.pl\/wp-content\/uploads\/2023\/02\/329317834_880060759779502_1457253616104713435_n-1024x664.jpg\" alt=\"\" class=\"wp-image-27693\" srcset=\"https:\/\/marekkuchcinski.pl\/wp-content\/uploads\/2023\/02\/329317834_880060759779502_1457253616104713435_n-1024x664.jpg 1024w, https:\/\/marekkuchcinski.pl\/wp-content\/uploads\/2023\/02\/329317834_880060759779502_1457253616104713435_n-300x194.jpg 300w, https:\/\/marekkuchcinski.pl\/wp-content\/uploads\/2023\/02\/329317834_880060759779502_1457253616104713435_n-768x498.jpg 768w, https:\/\/marekkuchcinski.pl\/wp-content\/uploads\/2023\/02\/329317834_880060759779502_1457253616104713435_n-18x12.jpg 18w, https:\/\/marekkuchcinski.pl\/wp-content\/uploads\/2023\/02\/329317834_880060759779502_1457253616104713435_n.jpg 1472w\" sizes=\"(max-width: 1024px) 100vw, 1024px\" \/><\/a><\/figure>\n\n\n\n<figure class=\"wp-block-image size-large\"><a href=\"https:\/\/marekkuchcinski.pl\/wp-content\/uploads\/2023\/02\/329345138_1856699051371199_8273625829779817941_n.jpg\"><img loading=\"lazy\" decoding=\"async\" width=\"1024\" height=\"768\" src=\"https:\/\/marekkuchcinski.pl\/wp-content\/uploads\/2023\/02\/329345138_1856699051371199_8273625829779817941_n-1024x768.jpg\" alt=\"\" class=\"wp-image-27692\" srcset=\"https:\/\/marekkuchcinski.pl\/wp-content\/uploads\/2023\/02\/329345138_1856699051371199_8273625829779817941_n-1024x768.jpg 1024w, https:\/\/marekkuchcinski.pl\/wp-content\/uploads\/2023\/02\/329345138_1856699051371199_8273625829779817941_n-300x225.jpg 300w, https:\/\/marekkuchcinski.pl\/wp-content\/uploads\/2023\/02\/329345138_1856699051371199_8273625829779817941_n-768x576.jpg 768w, https:\/\/marekkuchcinski.pl\/wp-content\/uploads\/2023\/02\/329345138_1856699051371199_8273625829779817941_n-1536x1152.jpg 1536w, https:\/\/marekkuchcinski.pl\/wp-content\/uploads\/2023\/02\/329345138_1856699051371199_8273625829779817941_n-16x12.jpg 16w, https:\/\/marekkuchcinski.pl\/wp-content\/uploads\/2023\/02\/329345138_1856699051371199_8273625829779817941_n.jpg 1600w\" sizes=\"(max-width: 1024px) 100vw, 1024px\" \/><\/a><\/figure>","protected":false},"excerpt":{"rendered":"<p>W sobot\u0119 4 lutego odby\u0142 si\u0119 organizowany przez GOPR V Memoria\u0142 Olka Ostrowskiego w narciarstwie wysokog\u00f3rskim na cze\u015b\u0107 jednego z nich \u2013 ratownika z Wetliny, kt\u00f3ry na zawsze pozosta\u0142 w g\u00f3rach. Na starcie stan\u0119li ratownicy z niemal wszystkich grup GOPR w kraju oraz reprezentanci stra\u017cnik\u00f3w granicznych. Aleksander Ostrowski by\u0142 niezwyk\u0142ym cz\u0142owiekiem. Mi\u0142o\u015b\u0107 do g\u00f3r \u0142\u0105czy\u0142 [&hellip;]<\/p>\n","protected":false},"author":3,"featured_media":27699,"comment_status":"closed","ping_status":"open","sticky":false,"template":"","format":"standard","meta":{"ngg_post_thumbnail":0,"footnotes":""},"categories":[3],"tags":[],"class_list":["post-27686","post","type-post","status-publish","format-standard","has-post-thumbnail","hentry","category-wydarzenia"],"yoast_head":"<!-- This site is optimized with the Yoast SEO plugin v28.4 - https:\/\/yoast.com\/product\/yoast-seo-wordpress\/ -->\n<title>V Memoria\u0142 Olka Ostrowskiego &#8211; Marek Kuchci\u0144ski<\/title>\n<meta name=\"robots\" content=\"index, follow, max-snippet:-1, max-image-preview:large, max-video-preview:-1\" \/>\n<link rel=\"canonical\" href=\"https:\/\/marekkuchcinski.pl\/cs\/wydarzenia\/v-memorial-olka-ostrowskiego\/\" \/>\n<meta property=\"og:locale\" content=\"cs_CZ\" \/>\n<meta property=\"og:type\" content=\"article\" \/>\n<meta property=\"og:title\" content=\"V Memoria\u0142 Olka Ostrowskiego &#8211; Marek Kuchci\u0144ski\" \/>\n<meta property=\"og:description\" content=\"W sobot\u0119 4 lutego odby\u0142 si\u0119 organizowany przez GOPR V Memoria\u0142 Olka Ostrowskiego w narciarstwie wysokog\u00f3rskim na cze\u015b\u0107 jednego z nich \u2013 ratownika z Wetliny, kt\u00f3ry na zawsze pozosta\u0142 w g\u00f3rach. Na starcie stan\u0119li ratownicy z niemal wszystkich grup GOPR w kraju oraz reprezentanci stra\u017cnik\u00f3w granicznych. Aleksander Ostrowski by\u0142 niezwyk\u0142ym cz\u0142owiekiem. Mi\u0142o\u015b\u0107 do g\u00f3r \u0142\u0105czy\u0142 [&hellip;]\" \/>\n<meta property=\"og:url\" content=\"https:\/\/marekkuchcinski.pl\/cs\/wydarzenia\/v-memorial-olka-ostrowskiego\/\" \/>\n<meta property=\"og:site_name\" content=\"Marek Kuchci\u0144ski\" \/>\n<meta property=\"article:published_time\" content=\"2023-02-05T17:44:01+00:00\" \/>\n<meta property=\"article:modified_time\" content=\"2023-02-06T21:47:02+00:00\" \/>\n<meta property=\"og:image\" content=\"https:\/\/marekkuchcinski.pl\/wp-content\/uploads\/2023\/02\/Fot_W_Czado_190-2.jpg\" \/>\n\t<meta property=\"og:image:width\" content=\"1600\" \/>\n\t<meta property=\"og:image:height\" content=\"1066\" \/>\n\t<meta property=\"og:image:type\" content=\"image\/jpeg\" \/>\n<meta name=\"author\" content=\"Marta Olejnik\" \/>\n<meta name=\"twitter:card\" content=\"summary_large_image\" \/>\n<meta name=\"twitter:label1\" content=\"Written by\" \/>\n\t<meta name=\"twitter:data1\" content=\"Marta Olejnik\" \/>\n\t<meta name=\"twitter:label2\" content=\"Est. reading time\" \/>\n\t<meta name=\"twitter:data2\" content=\"3 minutes\" \/>\n<script type=\"application\/ld+json\" class=\"yoast-schema-graph\">{\"@context\":\"https:\\\/\\\/schema.org\",\"@graph\":[{\"@type\":\"Article\",\"@id\":\"https:\\\/\\\/marekkuchcinski.pl\\\/wydarzenia\\\/v-memorial-olka-ostrowskiego\\\/#article\",\"isPartOf\":{\"@id\":\"https:\\\/\\\/marekkuchcinski.pl\\\/wydarzenia\\\/v-memorial-olka-ostrowskiego\\\/\"},\"author\":{\"name\":\"Marta Olejnik\",\"@id\":\"https:\\\/\\\/marekkuchcinski.pl\\\/#\\\/schema\\\/person\\\/bd3f15dee67fee76e83c8350d0154101\"},\"headline\":\"V Memoria\u0142 Olka Ostrowskiego\",\"datePublished\":\"2023-02-05T17:44:01+00:00\",\"dateModified\":\"2023-02-06T21:47:02+00:00\",\"mainEntityOfPage\":{\"@id\":\"https:\\\/\\\/marekkuchcinski.pl\\\/wydarzenia\\\/v-memorial-olka-ostrowskiego\\\/\"},\"wordCount\":191,\"publisher\":{\"@id\":\"https:\\\/\\\/marekkuchcinski.pl\\\/#organization\"},\"image\":{\"@id\":\"https:\\\/\\\/marekkuchcinski.pl\\\/wydarzenia\\\/v-memorial-olka-ostrowskiego\\\/#primaryimage\"},\"thumbnailUrl\":\"https:\\\/\\\/marekkuchcinski.pl\\\/wp-content\\\/uploads\\\/2023\\\/02\\\/Fot_W_Czado_190-2.jpg\",\"articleSection\":[\"Wydarzenia\"],\"inLanguage\":\"cs-CZ\"},{\"@type\":\"WebPage\",\"@id\":\"https:\\\/\\\/marekkuchcinski.pl\\\/wydarzenia\\\/v-memorial-olka-ostrowskiego\\\/\",\"url\":\"https:\\\/\\\/marekkuchcinski.pl\\\/wydarzenia\\\/v-memorial-olka-ostrowskiego\\\/\",\"name\":\"V Memoria\u0142 Olka Ostrowskiego &#8211; Marek Kuchci\u0144ski\",\"isPartOf\":{\"@id\":\"https:\\\/\\\/marekkuchcinski.pl\\\/#website\"},\"primaryImageOfPage\":{\"@id\":\"https:\\\/\\\/marekkuchcinski.pl\\\/wydarzenia\\\/v-memorial-olka-ostrowskiego\\\/#primaryimage\"},\"image\":{\"@id\":\"https:\\\/\\\/marekkuchcinski.pl\\\/wydarzenia\\\/v-memorial-olka-ostrowskiego\\\/#primaryimage\"},\"thumbnailUrl\":\"https:\\\/\\\/marekkuchcinski.pl\\\/wp-content\\\/uploads\\\/2023\\\/02\\\/Fot_W_Czado_190-2.jpg\",\"datePublished\":\"2023-02-05T17:44:01+00:00\",\"dateModified\":\"2023-02-06T21:47:02+00:00\",\"breadcrumb\":{\"@id\":\"https:\\\/\\\/marekkuchcinski.pl\\\/wydarzenia\\\/v-memorial-olka-ostrowskiego\\\/#breadcrumb\"},\"inLanguage\":\"cs-CZ\",\"potentialAction\":[{\"@type\":\"ReadAction\",\"target\":[\"https:\\\/\\\/marekkuchcinski.pl\\\/wydarzenia\\\/v-memorial-olka-ostrowskiego\\\/\"]}]},{\"@type\":\"ImageObject\",\"inLanguage\":\"cs-CZ\",\"@id\":\"https:\\\/\\\/marekkuchcinski.pl\\\/wydarzenia\\\/v-memorial-olka-ostrowskiego\\\/#primaryimage\",\"url\":\"https:\\\/\\\/marekkuchcinski.pl\\\/wp-content\\\/uploads\\\/2023\\\/02\\\/Fot_W_Czado_190-2.jpg\",\"contentUrl\":\"https:\\\/\\\/marekkuchcinski.pl\\\/wp-content\\\/uploads\\\/2023\\\/02\\\/Fot_W_Czado_190-2.jpg\",\"width\":1600,\"height\":1066},{\"@type\":\"BreadcrumbList\",\"@id\":\"https:\\\/\\\/marekkuchcinski.pl\\\/wydarzenia\\\/v-memorial-olka-ostrowskiego\\\/#breadcrumb\",\"itemListElement\":[{\"@type\":\"ListItem\",\"position\":1,\"name\":\"Strona g\u0142\u00f3wna\",\"item\":\"https:\\\/\\\/marekkuchcinski.pl\\\/\"},{\"@type\":\"ListItem\",\"position\":2,\"name\":\"V Memoria\u0142 Olka Ostrowskiego\"}]},{\"@type\":\"WebSite\",\"@id\":\"https:\\\/\\\/marekkuchcinski.pl\\\/#website\",\"url\":\"https:\\\/\\\/marekkuchcinski.pl\\\/\",\"name\":\"Marek Kuchci\u0144ski\",\"description\":\"Marek Kuchci\u0144ski \",\"publisher\":{\"@id\":\"https:\\\/\\\/marekkuchcinski.pl\\\/#organization\"},\"potentialAction\":[{\"@type\":\"SearchAction\",\"target\":{\"@type\":\"EntryPoint\",\"urlTemplate\":\"https:\\\/\\\/marekkuchcinski.pl\\\/?s={search_term_string}\"},\"query-input\":{\"@type\":\"PropertyValueSpecification\",\"valueRequired\":true,\"valueName\":\"search_term_string\"}}],\"inLanguage\":\"cs-CZ\"},{\"@type\":\"Organization\",\"@id\":\"https:\\\/\\\/marekkuchcinski.pl\\\/#organization\",\"name\":\"Marek Kuchci\u0144ski\",\"url\":\"https:\\\/\\\/marekkuchcinski.pl\\\/\",\"logo\":{\"@type\":\"ImageObject\",\"inLanguage\":\"cs-CZ\",\"@id\":\"https:\\\/\\\/marekkuchcinski.pl\\\/#\\\/schema\\\/logo\\\/image\\\/\",\"url\":\"https:\\\/\\\/marekkuchcinski.pl\\\/wp-content\\\/uploads\\\/2022\\\/09\\\/Marek.jpg\",\"contentUrl\":\"https:\\\/\\\/marekkuchcinski.pl\\\/wp-content\\\/uploads\\\/2022\\\/09\\\/Marek.jpg\",\"width\":1600,\"height\":971,\"caption\":\"Marek Kuchci\u0144ski\"},\"image\":{\"@id\":\"https:\\\/\\\/marekkuchcinski.pl\\\/#\\\/schema\\\/logo\\\/image\\\/\"}},{\"@type\":\"Person\",\"@id\":\"https:\\\/\\\/marekkuchcinski.pl\\\/#\\\/schema\\\/person\\\/bd3f15dee67fee76e83c8350d0154101\",\"name\":\"Marta Olejnik\",\"image\":{\"@type\":\"ImageObject\",\"inLanguage\":\"cs-CZ\",\"@id\":\"https:\\\/\\\/secure.gravatar.com\\\/avatar\\\/24754edd6080383402e292374b406b553027d572e97d60e7aa89a6940e88659a?s=96&d=mm&r=g\",\"url\":\"https:\\\/\\\/secure.gravatar.com\\\/avatar\\\/24754edd6080383402e292374b406b553027d572e97d60e7aa89a6940e88659a?s=96&d=mm&r=g\",\"contentUrl\":\"https:\\\/\\\/secure.gravatar.com\\\/avatar\\\/24754edd6080383402e292374b406b553027d572e97d60e7aa89a6940e88659a?s=96&d=mm&r=g\",\"caption\":\"Marta Olejnik\"},\"url\":\"https:\\\/\\\/marekkuchcinski.pl\\\/cs\\\/author\\\/marta\\\/\"}]}<\/script>\n<!-- \/ Yoast SEO plugin. -->","yoast_head_json":{"title":"V Memoria\u0142 Olka Ostrowskiego &#8211; Marek Kuchci\u0144ski","robots":{"index":"index","follow":"follow","max-snippet":"max-snippet:-1","max-image-preview":"max-image-preview:large","max-video-preview":"max-video-preview:-1"},"canonical":"https:\/\/marekkuchcinski.pl\/cs\/wydarzenia\/v-memorial-olka-ostrowskiego\/","og_locale":"cs_CZ","og_type":"article","og_title":"V Memoria\u0142 Olka Ostrowskiego &#8211; Marek Kuchci\u0144ski","og_description":"W sobot\u0119 4 lutego odby\u0142 si\u0119 organizowany przez GOPR V Memoria\u0142 Olka Ostrowskiego w narciarstwie wysokog\u00f3rskim na cze\u015b\u0107 jednego z nich \u2013 ratownika z Wetliny, kt\u00f3ry na zawsze pozosta\u0142 w g\u00f3rach. Na starcie stan\u0119li ratownicy z niemal wszystkich grup GOPR w kraju oraz reprezentanci stra\u017cnik\u00f3w granicznych. Aleksander Ostrowski by\u0142 niezwyk\u0142ym cz\u0142owiekiem. Mi\u0142o\u015b\u0107 do g\u00f3r \u0142\u0105czy\u0142 [&hellip;]","og_url":"https:\/\/marekkuchcinski.pl\/cs\/wydarzenia\/v-memorial-olka-ostrowskiego\/","og_site_name":"Marek Kuchci\u0144ski","article_published_time":"2023-02-05T17:44:01+00:00","article_modified_time":"2023-02-06T21:47:02+00:00","og_image":[{"width":1600,"height":1066,"url":"https:\/\/marekkuchcinski.pl\/wp-content\/uploads\/2023\/02\/Fot_W_Czado_190-2.jpg","type":"image\/jpeg"}],"author":"Marta Olejnik","twitter_card":"summary_large_image","twitter_misc":{"Written by":"Marta Olejnik","Est. reading time":"3 minutes"},"schema":{"@context":"https:\/\/schema.org","@graph":[{"@type":"Article","@id":"https:\/\/marekkuchcinski.pl\/wydarzenia\/v-memorial-olka-ostrowskiego\/#article","isPartOf":{"@id":"https:\/\/marekkuchcinski.pl\/wydarzenia\/v-memorial-olka-ostrowskiego\/"},"author":{"name":"Marta Olejnik","@id":"https:\/\/marekkuchcinski.pl\/#\/schema\/person\/bd3f15dee67fee76e83c8350d0154101"},"headline":"V Memoria\u0142 Olka Ostrowskiego","datePublished":"2023-02-05T17:44:01+00:00","dateModified":"2023-02-06T21:47:02+00:00","mainEntityOfPage":{"@id":"https:\/\/marekkuchcinski.pl\/wydarzenia\/v-memorial-olka-ostrowskiego\/"},"wordCount":191,"publisher":{"@id":"https:\/\/marekkuchcinski.pl\/#organization"},"image":{"@id":"https:\/\/marekkuchcinski.pl\/wydarzenia\/v-memorial-olka-ostrowskiego\/#primaryimage"},"thumbnailUrl":"https:\/\/marekkuchcinski.pl\/wp-content\/uploads\/2023\/02\/Fot_W_Czado_190-2.jpg","articleSection":["Wydarzenia"],"inLanguage":"cs-CZ"},{"@type":"WebPage","@id":"https:\/\/marekkuchcinski.pl\/wydarzenia\/v-memorial-olka-ostrowskiego\/","url":"https:\/\/marekkuchcinski.pl\/wydarzenia\/v-memorial-olka-ostrowskiego\/","name":"V Memoria\u0142 Olka Ostrowskiego &#8211; Marek Kuchci\u0144ski","isPartOf":{"@id":"https:\/\/marekkuchcinski.pl\/#website"},"primaryImageOfPage":{"@id":"https:\/\/marekkuchcinski.pl\/wydarzenia\/v-memorial-olka-ostrowskiego\/#primaryimage"},"image":{"@id":"https:\/\/marekkuchcinski.pl\/wydarzenia\/v-memorial-olka-ostrowskiego\/#primaryimage"},"thumbnailUrl":"https:\/\/marekkuchcinski.pl\/wp-content\/uploads\/2023\/02\/Fot_W_Czado_190-2.jpg","datePublished":"2023-02-05T17:44:01+00:00","dateModified":"2023-02-06T21:47:02+00:00","breadcrumb":{"@id":"https:\/\/marekkuchcinski.pl\/wydarzenia\/v-memorial-olka-ostrowskiego\/#breadcrumb"},"inLanguage":"cs-CZ","potentialAction":[{"@type":"ReadAction","target":["https:\/\/marekkuchcinski.pl\/wydarzenia\/v-memorial-olka-ostrowskiego\/"]}]},{"@type":"ImageObject","inLanguage":"cs-CZ","@id":"https:\/\/marekkuchcinski.pl\/wydarzenia\/v-memorial-olka-ostrowskiego\/#primaryimage","url":"https:\/\/marekkuchcinski.pl\/wp-content\/uploads\/2023\/02\/Fot_W_Czado_190-2.jpg","contentUrl":"https:\/\/marekkuchcinski.pl\/wp-content\/uploads\/2023\/02\/Fot_W_Czado_190-2.jpg","width":1600,"height":1066},{"@type":"BreadcrumbList","@id":"https:\/\/marekkuchcinski.pl\/wydarzenia\/v-memorial-olka-ostrowskiego\/#breadcrumb","itemListElement":[{"@type":"ListItem","position":1,"name":"Strona g\u0142\u00f3wna","item":"https:\/\/marekkuchcinski.pl\/"},{"@type":"ListItem","position":2,"name":"V Memoria\u0142 Olka Ostrowskiego"}]},{"@type":"WebSite","@id":"https:\/\/marekkuchcinski.pl\/#website","url":"https:\/\/marekkuchcinski.pl\/","name":"Marek Kuchci\u0144ski","description":"Marek Kuchci\u0144ski","publisher":{"@id":"https:\/\/marekkuchcinski.pl\/#organization"},"potentialAction":[{"@type":"SearchAction","target":{"@type":"EntryPoint","urlTemplate":"https:\/\/marekkuchcinski.pl\/?s={search_term_string}"},"query-input":{"@type":"PropertyValueSpecification","valueRequired":true,"valueName":"search_term_string"}}],"inLanguage":"cs-CZ"},{"@type":"Organization","@id":"https:\/\/marekkuchcinski.pl\/#organization","name":"Marek Kuchci\u0144ski","url":"https:\/\/marekkuchcinski.pl\/","logo":{"@type":"ImageObject","inLanguage":"cs-CZ","@id":"https:\/\/marekkuchcinski.pl\/#\/schema\/logo\/image\/","url":"https:\/\/marekkuchcinski.pl\/wp-content\/uploads\/2022\/09\/Marek.jpg","contentUrl":"https:\/\/marekkuchcinski.pl\/wp-content\/uploads\/2022\/09\/Marek.jpg","width":1600,"height":971,"caption":"Marek Kuchci\u0144ski"},"image":{"@id":"https:\/\/marekkuchcinski.pl\/#\/schema\/logo\/image\/"}},{"@type":"Person","@id":"https:\/\/marekkuchcinski.pl\/#\/schema\/person\/bd3f15dee67fee76e83c8350d0154101","name":"Marta Olejnik","image":{"@type":"ImageObject","inLanguage":"cs-CZ","@id":"https:\/\/secure.gravatar.com\/avatar\/24754edd6080383402e292374b406b553027d572e97d60e7aa89a6940e88659a?s=96&d=mm&r=g","url":"https:\/\/secure.gravatar.com\/avatar\/24754edd6080383402e292374b406b553027d572e97d60e7aa89a6940e88659a?s=96&d=mm&r=g","contentUrl":"https:\/\/secure.gravatar.com\/avatar\/24754edd6080383402e292374b406b553027d572e97d60e7aa89a6940e88659a?s=96&d=mm&r=g","caption":"Marta Olejnik"},"url":"https:\/\/marekkuchcinski.pl\/cs\/author\/marta\/"}]}},"_links":{"self":[{"href":"https:\/\/marekkuchcinski.pl\/cs\/wp-json\/wp\/v2\/posts\/27686","targetHints":{"allow":["GET"]}}],"collection":[{"href":"https:\/\/marekkuchcinski.pl\/cs\/wp-json\/wp\/v2\/posts"}],"about":[{"href":"https:\/\/marekkuchcinski.pl\/cs\/wp-json\/wp\/v2\/types\/post"}],"author":[{"embeddable":true,"href":"https:\/\/marekkuchcinski.pl\/cs\/wp-json\/wp\/v2\/users\/3"}],"replies":[{"embeddable":true,"href":"https:\/\/marekkuchcinski.pl\/cs\/wp-json\/wp\/v2\/comments?post=27686"}],"version-history":[{"count":6,"href":"https:\/\/marekkuchcinski.pl\/cs\/wp-json\/wp\/v2\/posts\/27686\/revisions"}],"predecessor-version":[{"id":27724,"href":"https:\/\/marekkuchcinski.pl\/cs\/wp-json\/wp\/v2\/posts\/27686\/revisions\/27724"}],"wp:featuredmedia":[{"embeddable":true,"href":"https:\/\/marekkuchcinski.pl\/cs\/wp-json\/wp\/v2\/media\/27699"}],"wp:attachment":[{"href":"https:\/\/marekkuchcinski.pl\/cs\/wp-json\/wp\/v2\/media?parent=27686"}],"wp:term":[{"taxonomy":"category","embeddable":true,"href":"https:\/\/marekkuchcinski.pl\/cs\/wp-json\/wp\/v2\/categories?post=27686"},{"taxonomy":"post_tag","embeddable":true,"href":"https:\/\/marekkuchcinski.pl\/cs\/wp-json\/wp\/v2\/tags?post=27686"}],"curies":[{"name":"wp","href":"https:\/\/api.w.org\/{rel}","templated":true}]}}